{"id":300696,"date":"2026-04-30T09:11:19","date_gmt":"2026-04-30T08:11:19","guid":{"rendered":"https:\/\/www.letemsvetemapplem.eu\/bazar\/?p=300696"},"modified":"2026-04-30T09:11:19","modified_gmt":"2026-04-30T08:11:19","slug":"originalni-apple-iphone-17-pro-max-3","status":"publish","type":"post","link":"https:\/\/www.letemsvetemapplem.eu\/bazar\/originalni-apple-iphone-17-pro-max-3\/","title":{"rendered":"Origin\u00e1ln\u00ed Apple iPhone 17 Pro Max"},"content":{"rendered":"<p>Origin\u00e1ln\u00ed Apple iPhone 17 Pro Max<\/p>\n<p>Face ID, akcelerometr, gyroskop, senzor p\u0159ibl\u00ed\u017een\u00ed, kompas, barometr<br \/>\nPodpora ultra\u0161irokop\u00e1smov\u00e9ho p\u0159ipojen\u00ed (UWB) (\u010dip 2. generace)<br \/>\nNouzov\u00e9 vol\u00e1n\u00ed SOS, zpr\u00e1vy a funkce Naj\u00edt iPhone p\u0159es satelit<\/p>\n<p>Pro rychlej\u0161\u00ed komunikaci napi\u0161te n\u00ed\u017ee uvedenou zpr\u00e1vu<br \/>\nWasap: +17793869237<br \/>\nViber: +447425547786<\/p>\n","protected":false},"excerpt":{"rendered":"<p>Origin\u00e1ln\u00ed Apple iPhone 17 Pro Max Face ID, akcelerometr, gyroskop, senzor p\u0159ibl\u00ed\u017een\u00ed, kompas, barometr Podpora ultra\u0161irokop\u00e1smov\u00e9ho p\u0159ipojen\u00ed (UWB) (\u010dip 2. generace) Nouzov\u00e9 vol\u00e1n\u00ed SOS, zpr\u00e1vy a funkce Naj\u00edt iPhone p\u0159es satelit Pro rychlej\u0161\u00ed komunikaci napi\u0161te n\u00ed\u017ee uvedenou zpr\u00e1vu Wasap: +17793869237 Viber: +447425547786<\/p>\n","protected":false},"author":0,"featured_media":300697,"comment_status":"closed","ping_status":"closed","sticky":false,"template":"","format":"standard","meta":{"footnotes":""},"categories":[146],"tags":[],"class_list":["post-300696","post","type-post","status-publish","format-standard","has-post-thumbnail","hentry","category-iphone-17-pro"],"yoast_head":"<!-- This site is optimized with the Yoast SEO plugin v27.5 - https:\/\/yoast.com\/product\/yoast-seo-wordpress\/ -->\n<title>Origin\u00e1ln\u00ed Apple iPhone 17 Pro Max - Apple bazar<\/title>\n<meta name=\"robots\" content=\"index, follow, max-snippet:-1, max-image-preview:large, max-video-preview:-1\" \/>\n<link rel=\"canonical\" href=\"https:\/\/www.letemsvetemapplem.eu\/bazar\/originalni-apple-iphone-17-pro-max-3\/\" \/>\n<meta property=\"og:locale\" content=\"cs_CZ\" \/>\n<meta property=\"og:type\" content=\"article\" \/>\n<meta property=\"og:title\" content=\"Origin\u00e1ln\u00ed Apple iPhone 17 Pro Max - Apple bazar\" \/>\n<meta property=\"og:description\" content=\"Origin\u00e1ln\u00ed Apple iPhone 17 Pro Max Face ID, akcelerometr, gyroskop, senzor p\u0159ibl\u00ed\u017een\u00ed, kompas, barometr Podpora ultra\u0161irokop\u00e1smov\u00e9ho p\u0159ipojen\u00ed (UWB) (\u010dip 2. generace) Nouzov\u00e9 vol\u00e1n\u00ed SOS, zpr\u00e1vy a funkce Naj\u00edt iPhone p\u0159es satelit Pro rychlej\u0161\u00ed komunikaci napi\u0161te n\u00ed\u017ee uvedenou zpr\u00e1vu Wasap: +17793869237 Viber: +447425547786\" \/>\n<meta property=\"og:url\" content=\"https:\/\/www.letemsvetemapplem.eu\/bazar\/originalni-apple-iphone-17-pro-max-3\/\" \/>\n<meta property=\"og:site_name\" content=\"Apple bazar\" \/>\n<meta property=\"article:published_time\" content=\"2026-04-30T08:11:19+00:00\" \/>\n<meta property=\"og:image\" content=\"https:\/\/www.letemsvetemapplem.eu\/bazar\/wp-content\/uploads\/2026\/04\/17-p.jpeg\" \/>\n\t<meta property=\"og:image:width\" content=\"715\" \/>\n\t<meta property=\"og:image:height\" content=\"429\" \/>\n\t<meta property=\"og:image:type\" content=\"image\/jpeg\" \/>\n<meta name=\"twitter:card\" content=\"summary_large_image\" \/>\n<script type=\"application\/ld+json\" class=\"yoast-schema-graph\">{\"@context\":\"https:\\\/\\\/schema.org\",\"@graph\":[{\"@type\":\"Article\",\"@id\":\"https:\\\/\\\/www.letemsvetemapplem.eu\\\/bazar\\\/originalni-apple-iphone-17-pro-max-3\\\/#article\",\"isPartOf\":{\"@id\":\"https:\\\/\\\/www.letemsvetemapplem.eu\\\/bazar\\\/originalni-apple-iphone-17-pro-max-3\\\/\"},\"author\":{\"name\":\"\",\"@id\":\"\"},\"headline\":\"Origin\u00e1ln\u00ed Apple iPhone 17 Pro Max\",\"datePublished\":\"2026-04-30T08:11:19+00:00\",\"mainEntityOfPage\":{\"@id\":\"https:\\\/\\\/www.letemsvetemapplem.eu\\\/bazar\\\/originalni-apple-iphone-17-pro-max-3\\\/\"},\"wordCount\":58,\"image\":{\"@id\":\"https:\\\/\\\/www.letemsvetemapplem.eu\\\/bazar\\\/originalni-apple-iphone-17-pro-max-3\\\/#primaryimage\"},\"thumbnailUrl\":\"https:\\\/\\\/www.letemsvetemapplem.eu\\\/bazar\\\/wp-content\\\/uploads\\\/2026\\\/04\\\/17-p.jpeg\",\"articleSection\":[\"iPhone 17 Pro\"],\"inLanguage\":\"cs\"},{\"@type\":\"WebPage\",\"@id\":\"https:\\\/\\\/www.letemsvetemapplem.eu\\\/bazar\\\/originalni-apple-iphone-17-pro-max-3\\\/\",\"url\":\"https:\\\/\\\/www.letemsvetemapplem.eu\\\/bazar\\\/originalni-apple-iphone-17-pro-max-3\\\/\",\"name\":\"Origin\u00e1ln\u00ed Apple iPhone 17 Pro Max - Apple bazar\",\"isPartOf\":{\"@id\":\"https:\\\/\\\/www.letemsvetemapplem.eu\\\/bazar\\\/#website\"},\"primaryImageOfPage\":{\"@id\":\"https:\\\/\\\/www.letemsvetemapplem.eu\\\/bazar\\\/originalni-apple-iphone-17-pro-max-3\\\/#primaryimage\"},\"image\":{\"@id\":\"https:\\\/\\\/www.letemsvetemapplem.eu\\\/bazar\\\/originalni-apple-iphone-17-pro-max-3\\\/#primaryimage\"},\"thumbnailUrl\":\"https:\\\/\\\/www.letemsvetemapplem.eu\\\/bazar\\\/wp-content\\\/uploads\\\/2026\\\/04\\\/17-p.jpeg\",\"datePublished\":\"2026-04-30T08:11:19+00:00\",\"author\":{\"@id\":\"\"},\"breadcrumb\":{\"@id\":\"https:\\\/\\\/www.letemsvetemapplem.eu\\\/bazar\\\/originalni-apple-iphone-17-pro-max-3\\\/#breadcrumb\"},\"inLanguage\":\"cs\",\"potentialAction\":[{\"@type\":\"ReadAction\",\"target\":[\"https:\\\/\\\/www.letemsvetemapplem.eu\\\/bazar\\\/originalni-apple-iphone-17-pro-max-3\\\/\"]}]},{\"@type\":\"ImageObject\",\"inLanguage\":\"cs\",\"@id\":\"https:\\\/\\\/www.letemsvetemapplem.eu\\\/bazar\\\/originalni-apple-iphone-17-pro-max-3\\\/#primaryimage\",\"url\":\"https:\\\/\\\/www.letemsvetemapplem.eu\\\/bazar\\\/wp-content\\\/uploads\\\/2026\\\/04\\\/17-p.jpeg\",\"contentUrl\":\"https:\\\/\\\/www.letemsvetemapplem.eu\\\/bazar\\\/wp-content\\\/uploads\\\/2026\\\/04\\\/17-p.jpeg\",\"width\":715,\"height\":429},{\"@type\":\"BreadcrumbList\",\"@id\":\"https:\\\/\\\/www.letemsvetemapplem.eu\\\/bazar\\\/originalni-apple-iphone-17-pro-max-3\\\/#breadcrumb\",\"itemListElement\":[{\"@type\":\"ListItem\",\"position\":1,\"name\":\"Apple Bazar\",\"item\":\"https:\\\/\\\/www.letemsvetemapplem.eu\\\/bazar\\\/\"},{\"@type\":\"ListItem\",\"position\":2,\"name\":\"Origin\u00e1ln\u00ed Apple iPhone 17 Pro Max\"}]},{\"@type\":\"WebSite\",\"@id\":\"https:\\\/\\\/www.letemsvetemapplem.eu\\\/bazar\\\/#website\",\"url\":\"https:\\\/\\\/www.letemsvetemapplem.eu\\\/bazar\\\/\",\"name\":\"Apple bazar\",\"description\":\"Oou\u017eit\u00e9 Apple produkty za skv\u011bl\u00e9 ceny\",\"potentialAction\":[{\"@type\":\"SearchAction\",\"target\":{\"@type\":\"EntryPoint\",\"urlTemplate\":\"https:\\\/\\\/www.letemsvetemapplem.eu\\\/bazar\\\/?s={search_term_string}\"},\"query-input\":{\"@type\":\"PropertyValueSpecification\",\"valueRequired\":true,\"valueName\":\"search_term_string\"}}],\"inLanguage\":\"cs\"}]}<\/script>\n<!-- \/ Yoast SEO plugin. -->","yoast_head_json":{"title":"Origin\u00e1ln\u00ed Apple iPhone 17 Pro Max - Apple bazar","robots":{"index":"index","follow":"follow","max-snippet":"max-snippet:-1","max-image-preview":"max-image-preview:large","max-video-preview":"max-video-preview:-1"},"canonical":"https:\/\/www.letemsvetemapplem.eu\/bazar\/originalni-apple-iphone-17-pro-max-3\/","og_locale":"cs_CZ","og_type":"article","og_title":"Origin\u00e1ln\u00ed Apple iPhone 17 Pro Max - Apple bazar","og_description":"Origin\u00e1ln\u00ed Apple iPhone 17 Pro Max Face ID, akcelerometr, gyroskop, senzor p\u0159ibl\u00ed\u017een\u00ed, kompas, barometr Podpora ultra\u0161irokop\u00e1smov\u00e9ho p\u0159ipojen\u00ed (UWB) (\u010dip 2. generace) Nouzov\u00e9 vol\u00e1n\u00ed SOS, zpr\u00e1vy a funkce Naj\u00edt iPhone p\u0159es satelit Pro rychlej\u0161\u00ed komunikaci napi\u0161te n\u00ed\u017ee uvedenou zpr\u00e1vu Wasap: +17793869237 Viber: +447425547786","og_url":"https:\/\/www.letemsvetemapplem.eu\/bazar\/originalni-apple-iphone-17-pro-max-3\/","og_site_name":"Apple bazar","article_published_time":"2026-04-30T08:11:19+00:00","og_image":[{"width":715,"height":429,"url":"https:\/\/www.letemsvetemapplem.eu\/bazar\/wp-content\/uploads\/2026\/04\/17-p.jpeg","type":"image\/jpeg"}],"twitter_card":"summary_large_image","schema":{"@context":"https:\/\/schema.org","@graph":[{"@type":"Article","@id":"https:\/\/www.letemsvetemapplem.eu\/bazar\/originalni-apple-iphone-17-pro-max-3\/#article","isPartOf":{"@id":"https:\/\/www.letemsvetemapplem.eu\/bazar\/originalni-apple-iphone-17-pro-max-3\/"},"author":{"name":"","@id":""},"headline":"Origin\u00e1ln\u00ed Apple iPhone 17 Pro Max","datePublished":"2026-04-30T08:11:19+00:00","mainEntityOfPage":{"@id":"https:\/\/www.letemsvetemapplem.eu\/bazar\/originalni-apple-iphone-17-pro-max-3\/"},"wordCount":58,"image":{"@id":"https:\/\/www.letemsvetemapplem.eu\/bazar\/originalni-apple-iphone-17-pro-max-3\/#primaryimage"},"thumbnailUrl":"https:\/\/www.letemsvetemapplem.eu\/bazar\/wp-content\/uploads\/2026\/04\/17-p.jpeg","articleSection":["iPhone 17 Pro"],"inLanguage":"cs"},{"@type":"WebPage","@id":"https:\/\/www.letemsvetemapplem.eu\/bazar\/originalni-apple-iphone-17-pro-max-3\/","url":"https:\/\/www.letemsvetemapplem.eu\/bazar\/originalni-apple-iphone-17-pro-max-3\/","name":"Origin\u00e1ln\u00ed Apple iPhone 17 Pro Max - Apple bazar","isPartOf":{"@id":"https:\/\/www.letemsvetemapplem.eu\/bazar\/#website"},"primaryImageOfPage":{"@id":"https:\/\/www.letemsvetemapplem.eu\/bazar\/originalni-apple-iphone-17-pro-max-3\/#primaryimage"},"image":{"@id":"https:\/\/www.letemsvetemapplem.eu\/bazar\/originalni-apple-iphone-17-pro-max-3\/#primaryimage"},"thumbnailUrl":"https:\/\/www.letemsvetemapplem.eu\/bazar\/wp-content\/uploads\/2026\/04\/17-p.jpeg","datePublished":"2026-04-30T08:11:19+00:00","author":{"@id":""},"breadcrumb":{"@id":"https:\/\/www.letemsvetemapplem.eu\/bazar\/originalni-apple-iphone-17-pro-max-3\/#breadcrumb"},"inLanguage":"cs","potentialAction":[{"@type":"ReadAction","target":["https:\/\/www.letemsvetemapplem.eu\/bazar\/originalni-apple-iphone-17-pro-max-3\/"]}]},{"@type":"ImageObject","inLanguage":"cs","@id":"https:\/\/www.letemsvetemapplem.eu\/bazar\/originalni-apple-iphone-17-pro-max-3\/#primaryimage","url":"https:\/\/www.letemsvetemapplem.eu\/bazar\/wp-content\/uploads\/2026\/04\/17-p.jpeg","contentUrl":"https:\/\/www.letemsvetemapplem.eu\/bazar\/wp-content\/uploads\/2026\/04\/17-p.jpeg","width":715,"height":429},{"@type":"BreadcrumbList","@id":"https:\/\/www.letemsvetemapplem.eu\/bazar\/originalni-apple-iphone-17-pro-max-3\/#breadcrumb","itemListElement":[{"@type":"ListItem","position":1,"name":"Apple Bazar","item":"https:\/\/www.letemsvetemapplem.eu\/bazar\/"},{"@type":"ListItem","position":2,"name":"Origin\u00e1ln\u00ed Apple iPhone 17 Pro Max"}]},{"@type":"WebSite","@id":"https:\/\/www.letemsvetemapplem.eu\/bazar\/#website","url":"https:\/\/www.letemsvetemapplem.eu\/bazar\/","name":"Apple bazar","description":"Oou\u017eit\u00e9 Apple produkty za skv\u011bl\u00e9 ceny","potentialAction":[{"@type":"SearchAction","target":{"@type":"EntryPoint","urlTemplate":"https:\/\/www.letemsvetemapplem.eu\/bazar\/?s={search_term_string}"},"query-input":{"@type":"PropertyValueSpecification","valueRequired":true,"valueName":"search_term_string"}}],"inLanguage":"cs"}]}},"_links":{"self":[{"href":"https:\/\/www.letemsvetemapplem.eu\/bazar\/wp-json\/wp\/v2\/posts\/300696","targetHints":{"allow":["GET"]}}],"collection":[{"href":"https:\/\/www.letemsvetemapplem.eu\/bazar\/wp-json\/wp\/v2\/posts"}],"about":[{"href":"https:\/\/www.letemsvetemapplem.eu\/bazar\/wp-json\/wp\/v2\/types\/post"}],"replies":[{"embeddable":true,"href":"https:\/\/www.letemsvetemapplem.eu\/bazar\/wp-json\/wp\/v2\/comments?post=300696"}],"version-history":[{"count":1,"href":"https:\/\/www.letemsvetemapplem.eu\/bazar\/wp-json\/wp\/v2\/posts\/300696\/revisions"}],"predecessor-version":[{"id":300700,"href":"https:\/\/www.letemsvetemapplem.eu\/bazar\/wp-json\/wp\/v2\/posts\/300696\/revisions\/300700"}],"wp:featuredmedia":[{"embeddable":true,"href":"https:\/\/www.letemsvetemapplem.eu\/bazar\/wp-json\/wp\/v2\/media\/300697"}],"wp:attachment":[{"href":"https:\/\/www.letemsvetemapplem.eu\/bazar\/wp-json\/wp\/v2\/media?parent=300696"}],"wp:term":[{"taxonomy":"category","embeddable":true,"href":"https:\/\/www.letemsvetemapplem.eu\/bazar\/wp-json\/wp\/v2\/categories?post=300696"},{"taxonomy":"post_tag","embeddable":true,"href":"https:\/\/www.letemsvetemapplem.eu\/bazar\/wp-json\/wp\/v2\/tags?post=300696"}],"curies":[{"name":"wp","href":"https:\/\/api.w.org\/{rel}","templated":true}]}}