{"id":300632,"date":"2026-04-26T07:57:16","date_gmt":"2026-04-26T06:57:16","guid":{"rendered":"https:\/\/www.letemsvetemapplem.eu\/bazar\/?p=300632"},"modified":"2026-04-26T07:57:16","modified_gmt":"2026-04-26T06:57:16","slug":"apple-iphone-11-pro-256gb-space-gray","status":"publish","type":"post","link":"https:\/\/www.letemsvetemapplem.eu\/bazar\/apple-iphone-11-pro-256gb-space-gray\/","title":{"rendered":"Apple iPhone 11 Pro 256Gb Space Gray"},"content":{"rendered":"<p>Prod\u00e1m telefon Apple iPhone 11 Pro 256Gb Space Gray (vesm\u00edrn\u011b \u0161ed\u00e1) s origin\u00e1ln\u00edm balen\u00edm i p\u0159\u00edslu\u0161enstv\u00ed.<\/p>\n<p>Telefonu je ve perfektn\u00edm stavu, jako nov\u00fd, bez jedin\u00e9ho \u0161kr\u00e1bance.<br \/>\nOd prvn\u00edho dne zakoupen\u00ed nalepen\u00e9 ochrann\u00e9 sklo a no\u0161en pouze v obalu.<br \/>\n100% funk\u010dnost.<br \/>\nOdhl\u00e1\u0161eno AppleID i Find My.<br \/>\nStav baterie 78%, viz sn\u00edmek.<\/p>\n<p>Obsahem balen\u00ed:<br \/>\n-iPhone 11 Pro 256Gb Space Gray<br \/>\n-origin\u00e1ln\u00ed 20W Apple nab\u00edjec\u00ed adapt\u00e9r<br \/>\n-origin\u00e1ln\u00ed Apple USB-C &#8211; Lightning kabel 1,0m<br \/>\n-origin\u00e1ln\u00ed Apple sluch\u00e1tka Earpods Lightning konektor<br \/>\n-klip pro v\u00fdsuv nanoSIM slotu<\/p>\n<p>Mo\u017enost po domluv\u011b p\u0159edat osobn\u011b v Brn\u011b.<br \/>\nMo\u017enost po domluv\u011b zaslat prost\u0159ednictv\u00edm Z\u00e1silkovny, v takov\u00e9m p\u0159\u00edpad\u011b bude k cen\u011b p\u0159ipo\u010dtena \u010d\u00e1stka za dopravu a dob\u00edrku (89+26K\u010d).<\/p>\n","protected":false},"excerpt":{"rendered":"<p>Prod\u00e1m telefon Apple iPhone 11 Pro 256Gb Space Gray (vesm\u00edrn\u011b \u0161ed\u00e1) s origin\u00e1ln\u00edm balen\u00edm i p\u0159\u00edslu\u0161enstv\u00ed. Telefonu je ve perfektn\u00edm stavu, jako nov\u00fd, bez jedin\u00e9ho \u0161kr\u00e1bance. Od prvn\u00edho dne zakoupen\u00ed nalepen\u00e9 ochrann\u00e9 sklo a no\u0161en pouze v obalu. 100% funk\u010dnost. Odhl\u00e1\u0161eno AppleID i Find My. Stav baterie 78%, viz sn\u00edmek. Obsahem balen\u00ed: -iPhone 11 Pro&#8230;<\/p>\n","protected":false},"author":0,"featured_media":300633,"comment_status":"closed","ping_status":"closed","sticky":false,"template":"","format":"standard","meta":{"footnotes":""},"categories":[107],"tags":[],"class_list":["post-300632","post","type-post","status-publish","format-standard","has-post-thumbnail","hentry","category-iphone-11-pro"],"yoast_head":"<!-- This site is optimized with the Yoast SEO plugin v27.2 - https:\/\/yoast.com\/product\/yoast-seo-wordpress\/ -->\n<title>Apple iPhone 11 Pro 256Gb Space Gray - Apple bazar<\/title>\n<meta name=\"robots\" content=\"index, follow, max-snippet:-1, max-image-preview:large, max-video-preview:-1\" \/>\n<link rel=\"canonical\" href=\"https:\/\/www.letemsvetemapplem.eu\/bazar\/apple-iphone-11-pro-256gb-space-gray\/\" \/>\n<meta property=\"og:locale\" content=\"cs_CZ\" \/>\n<meta property=\"og:type\" content=\"article\" \/>\n<meta property=\"og:title\" content=\"Apple iPhone 11 Pro 256Gb Space Gray - Apple bazar\" \/>\n<meta property=\"og:description\" content=\"Prod\u00e1m telefon Apple iPhone 11 Pro 256Gb Space Gray (vesm\u00edrn\u011b \u0161ed\u00e1) s origin\u00e1ln\u00edm balen\u00edm i p\u0159\u00edslu\u0161enstv\u00ed. Telefonu je ve perfektn\u00edm stavu, jako nov\u00fd, bez jedin\u00e9ho \u0161kr\u00e1bance. Od prvn\u00edho dne zakoupen\u00ed nalepen\u00e9 ochrann\u00e9 sklo a no\u0161en pouze v obalu. 100% funk\u010dnost. Odhl\u00e1\u0161eno AppleID i Find My. Stav baterie 78%, viz sn\u00edmek. Obsahem balen\u00ed: -iPhone 11 Pro...\" \/>\n<meta property=\"og:url\" content=\"https:\/\/www.letemsvetemapplem.eu\/bazar\/apple-iphone-11-pro-256gb-space-gray\/\" \/>\n<meta property=\"og:site_name\" content=\"Apple bazar\" \/>\n<meta property=\"article:published_time\" content=\"2026-04-26T06:57:16+00:00\" \/>\n<meta property=\"og:image\" content=\"https:\/\/www.letemsvetemapplem.eu\/bazar\/wp-content\/uploads\/2026\/04\/IMG_0950-scaled.jpeg\" \/>\n\t<meta property=\"og:image:width\" content=\"1920\" \/>\n\t<meta property=\"og:image:height\" content=\"2560\" \/>\n\t<meta property=\"og:image:type\" content=\"image\/jpeg\" \/>\n<meta name=\"twitter:card\" content=\"summary_large_image\" \/>\n<script type=\"application\/ld+json\" class=\"yoast-schema-graph\">{\"@context\":\"https:\/\/schema.org\",\"@graph\":[{\"@type\":\"Article\",\"@id\":\"https:\/\/www.letemsvetemapplem.eu\/bazar\/apple-iphone-11-pro-256gb-space-gray\/#article\",\"isPartOf\":{\"@id\":\"https:\/\/www.letemsvetemapplem.eu\/bazar\/apple-iphone-11-pro-256gb-space-gray\/\"},\"author\":{\"name\":\"\",\"@id\":\"\"},\"headline\":\"Apple iPhone 11 Pro 256Gb Space Gray\",\"datePublished\":\"2026-04-26T06:57:16+00:00\",\"mainEntityOfPage\":{\"@id\":\"https:\/\/www.letemsvetemapplem.eu\/bazar\/apple-iphone-11-pro-256gb-space-gray\/\"},\"wordCount\":142,\"image\":{\"@id\":\"https:\/\/www.letemsvetemapplem.eu\/bazar\/apple-iphone-11-pro-256gb-space-gray\/#primaryimage\"},\"thumbnailUrl\":\"https:\/\/www.letemsvetemapplem.eu\/bazar\/wp-content\/uploads\/2026\/04\/IMG_0950-scaled.jpeg\",\"articleSection\":[\"iPhone 11 Pro\"],\"inLanguage\":\"cs\"},{\"@type\":\"WebPage\",\"@id\":\"https:\/\/www.letemsvetemapplem.eu\/bazar\/apple-iphone-11-pro-256gb-space-gray\/\",\"url\":\"https:\/\/www.letemsvetemapplem.eu\/bazar\/apple-iphone-11-pro-256gb-space-gray\/\",\"name\":\"Apple iPhone 11 Pro 256Gb Space Gray - Apple bazar\",\"isPartOf\":{\"@id\":\"https:\/\/www.letemsvetemapplem.eu\/bazar\/#website\"},\"primaryImageOfPage\":{\"@id\":\"https:\/\/www.letemsvetemapplem.eu\/bazar\/apple-iphone-11-pro-256gb-space-gray\/#primaryimage\"},\"image\":{\"@id\":\"https:\/\/www.letemsvetemapplem.eu\/bazar\/apple-iphone-11-pro-256gb-space-gray\/#primaryimage\"},\"thumbnailUrl\":\"https:\/\/www.letemsvetemapplem.eu\/bazar\/wp-content\/uploads\/2026\/04\/IMG_0950-scaled.jpeg\",\"datePublished\":\"2026-04-26T06:57:16+00:00\",\"author\":{\"@id\":\"\"},\"breadcrumb\":{\"@id\":\"https:\/\/www.letemsvetemapplem.eu\/bazar\/apple-iphone-11-pro-256gb-space-gray\/#breadcrumb\"},\"inLanguage\":\"cs\",\"potentialAction\":[{\"@type\":\"ReadAction\",\"target\":[\"https:\/\/www.letemsvetemapplem.eu\/bazar\/apple-iphone-11-pro-256gb-space-gray\/\"]}]},{\"@type\":\"ImageObject\",\"inLanguage\":\"cs\",\"@id\":\"https:\/\/www.letemsvetemapplem.eu\/bazar\/apple-iphone-11-pro-256gb-space-gray\/#primaryimage\",\"url\":\"https:\/\/www.letemsvetemapplem.eu\/bazar\/wp-content\/uploads\/2026\/04\/IMG_0950-scaled.jpeg\",\"contentUrl\":\"https:\/\/www.letemsvetemapplem.eu\/bazar\/wp-content\/uploads\/2026\/04\/IMG_0950-scaled.jpeg\",\"width\":1920,\"height\":2560},{\"@type\":\"BreadcrumbList\",\"@id\":\"https:\/\/www.letemsvetemapplem.eu\/bazar\/apple-iphone-11-pro-256gb-space-gray\/#breadcrumb\",\"itemListElement\":[{\"@type\":\"ListItem\",\"position\":1,\"name\":\"Apple Bazar\",\"item\":\"https:\/\/www.letemsvetemapplem.eu\/bazar\/\"},{\"@type\":\"ListItem\",\"position\":2,\"name\":\"Apple iPhone 11 Pro 256Gb Space Gray\"}]},{\"@type\":\"WebSite\",\"@id\":\"https:\/\/www.letemsvetemapplem.eu\/bazar\/#website\",\"url\":\"https:\/\/www.letemsvetemapplem.eu\/bazar\/\",\"name\":\"Apple bazar\",\"description\":\"Oou\u017eit\u00e9 Apple produkty za skv\u011bl\u00e9 ceny\",\"potentialAction\":[{\"@type\":\"SearchAction\",\"target\":{\"@type\":\"EntryPoint\",\"urlTemplate\":\"https:\/\/www.letemsvetemapplem.eu\/bazar\/?s={search_term_string}\"},\"query-input\":{\"@type\":\"PropertyValueSpecification\",\"valueRequired\":true,\"valueName\":\"search_term_string\"}}],\"inLanguage\":\"cs\"}]}<\/script>\n<!-- \/ Yoast SEO plugin. -->","yoast_head_json":{"title":"Apple iPhone 11 Pro 256Gb Space Gray - Apple bazar","robots":{"index":"index","follow":"follow","max-snippet":"max-snippet:-1","max-image-preview":"max-image-preview:large","max-video-preview":"max-video-preview:-1"},"canonical":"https:\/\/www.letemsvetemapplem.eu\/bazar\/apple-iphone-11-pro-256gb-space-gray\/","og_locale":"cs_CZ","og_type":"article","og_title":"Apple iPhone 11 Pro 256Gb Space Gray - Apple bazar","og_description":"Prod\u00e1m telefon Apple iPhone 11 Pro 256Gb Space Gray (vesm\u00edrn\u011b \u0161ed\u00e1) s origin\u00e1ln\u00edm balen\u00edm i p\u0159\u00edslu\u0161enstv\u00ed. Telefonu je ve perfektn\u00edm stavu, jako nov\u00fd, bez jedin\u00e9ho \u0161kr\u00e1bance. Od prvn\u00edho dne zakoupen\u00ed nalepen\u00e9 ochrann\u00e9 sklo a no\u0161en pouze v obalu. 100% funk\u010dnost. Odhl\u00e1\u0161eno AppleID i Find My. Stav baterie 78%, viz sn\u00edmek. Obsahem balen\u00ed: -iPhone 11 Pro...","og_url":"https:\/\/www.letemsvetemapplem.eu\/bazar\/apple-iphone-11-pro-256gb-space-gray\/","og_site_name":"Apple bazar","article_published_time":"2026-04-26T06:57:16+00:00","og_image":[{"width":1920,"height":2560,"url":"https:\/\/www.letemsvetemapplem.eu\/bazar\/wp-content\/uploads\/2026\/04\/IMG_0950-scaled.jpeg","type":"image\/jpeg"}],"twitter_card":"summary_large_image","schema":{"@context":"https:\/\/schema.org","@graph":[{"@type":"Article","@id":"https:\/\/www.letemsvetemapplem.eu\/bazar\/apple-iphone-11-pro-256gb-space-gray\/#article","isPartOf":{"@id":"https:\/\/www.letemsvetemapplem.eu\/bazar\/apple-iphone-11-pro-256gb-space-gray\/"},"author":{"name":"","@id":""},"headline":"Apple iPhone 11 Pro 256Gb Space Gray","datePublished":"2026-04-26T06:57:16+00:00","mainEntityOfPage":{"@id":"https:\/\/www.letemsvetemapplem.eu\/bazar\/apple-iphone-11-pro-256gb-space-gray\/"},"wordCount":142,"image":{"@id":"https:\/\/www.letemsvetemapplem.eu\/bazar\/apple-iphone-11-pro-256gb-space-gray\/#primaryimage"},"thumbnailUrl":"https:\/\/www.letemsvetemapplem.eu\/bazar\/wp-content\/uploads\/2026\/04\/IMG_0950-scaled.jpeg","articleSection":["iPhone 11 Pro"],"inLanguage":"cs"},{"@type":"WebPage","@id":"https:\/\/www.letemsvetemapplem.eu\/bazar\/apple-iphone-11-pro-256gb-space-gray\/","url":"https:\/\/www.letemsvetemapplem.eu\/bazar\/apple-iphone-11-pro-256gb-space-gray\/","name":"Apple iPhone 11 Pro 256Gb Space Gray - Apple bazar","isPartOf":{"@id":"https:\/\/www.letemsvetemapplem.eu\/bazar\/#website"},"primaryImageOfPage":{"@id":"https:\/\/www.letemsvetemapplem.eu\/bazar\/apple-iphone-11-pro-256gb-space-gray\/#primaryimage"},"image":{"@id":"https:\/\/www.letemsvetemapplem.eu\/bazar\/apple-iphone-11-pro-256gb-space-gray\/#primaryimage"},"thumbnailUrl":"https:\/\/www.letemsvetemapplem.eu\/bazar\/wp-content\/uploads\/2026\/04\/IMG_0950-scaled.jpeg","datePublished":"2026-04-26T06:57:16+00:00","author":{"@id":""},"breadcrumb":{"@id":"https:\/\/www.letemsvetemapplem.eu\/bazar\/apple-iphone-11-pro-256gb-space-gray\/#breadcrumb"},"inLanguage":"cs","potentialAction":[{"@type":"ReadAction","target":["https:\/\/www.letemsvetemapplem.eu\/bazar\/apple-iphone-11-pro-256gb-space-gray\/"]}]},{"@type":"ImageObject","inLanguage":"cs","@id":"https:\/\/www.letemsvetemapplem.eu\/bazar\/apple-iphone-11-pro-256gb-space-gray\/#primaryimage","url":"https:\/\/www.letemsvetemapplem.eu\/bazar\/wp-content\/uploads\/2026\/04\/IMG_0950-scaled.jpeg","contentUrl":"https:\/\/www.letemsvetemapplem.eu\/bazar\/wp-content\/uploads\/2026\/04\/IMG_0950-scaled.jpeg","width":1920,"height":2560},{"@type":"BreadcrumbList","@id":"https:\/\/www.letemsvetemapplem.eu\/bazar\/apple-iphone-11-pro-256gb-space-gray\/#breadcrumb","itemListElement":[{"@type":"ListItem","position":1,"name":"Apple Bazar","item":"https:\/\/www.letemsvetemapplem.eu\/bazar\/"},{"@type":"ListItem","position":2,"name":"Apple iPhone 11 Pro 256Gb Space Gray"}]},{"@type":"WebSite","@id":"https:\/\/www.letemsvetemapplem.eu\/bazar\/#website","url":"https:\/\/www.letemsvetemapplem.eu\/bazar\/","name":"Apple bazar","description":"Oou\u017eit\u00e9 Apple produkty za skv\u011bl\u00e9 ceny","potentialAction":[{"@type":"SearchAction","target":{"@type":"EntryPoint","urlTemplate":"https:\/\/www.letemsvetemapplem.eu\/bazar\/?s={search_term_string}"},"query-input":{"@type":"PropertyValueSpecification","valueRequired":true,"valueName":"search_term_string"}}],"inLanguage":"cs"}]}},"_links":{"self":[{"href":"https:\/\/www.letemsvetemapplem.eu\/bazar\/wp-json\/wp\/v2\/posts\/300632","targetHints":{"allow":["GET"]}}],"collection":[{"href":"https:\/\/www.letemsvetemapplem.eu\/bazar\/wp-json\/wp\/v2\/posts"}],"about":[{"href":"https:\/\/www.letemsvetemapplem.eu\/bazar\/wp-json\/wp\/v2\/types\/post"}],"replies":[{"embeddable":true,"href":"https:\/\/www.letemsvetemapplem.eu\/bazar\/wp-json\/wp\/v2\/comments?post=300632"}],"version-history":[{"count":1,"href":"https:\/\/www.letemsvetemapplem.eu\/bazar\/wp-json\/wp\/v2\/posts\/300632\/revisions"}],"predecessor-version":[{"id":300639,"href":"https:\/\/www.letemsvetemapplem.eu\/bazar\/wp-json\/wp\/v2\/posts\/300632\/revisions\/300639"}],"wp:featuredmedia":[{"embeddable":true,"href":"https:\/\/www.letemsvetemapplem.eu\/bazar\/wp-json\/wp\/v2\/media\/300633"}],"wp:attachment":[{"href":"https:\/\/www.letemsvetemapplem.eu\/bazar\/wp-json\/wp\/v2\/media?parent=300632"}],"wp:term":[{"taxonomy":"category","embeddable":true,"href":"https:\/\/www.letemsvetemapplem.eu\/bazar\/wp-json\/wp\/v2\/categories?post=300632"},{"taxonomy":"post_tag","embeddable":true,"href":"https:\/\/www.letemsvetemapplem.eu\/bazar\/wp-json\/wp\/v2\/tags?post=300632"}],"curies":[{"name":"wp","href":"https:\/\/api.w.org\/{rel}","templated":true}]}}