{"id":300260,"date":"2026-03-15T14:02:28","date_gmt":"2026-03-15T13:02:28","guid":{"rendered":"https:\/\/www.letemsvetemapplem.eu\/bazar\/?p=300260"},"modified":"2026-03-15T14:02:28","modified_gmt":"2026-03-15T13:02:28","slug":"macbook-air-13-m4-2025-256-sky-blue","status":"publish","type":"post","link":"https:\/\/www.letemsvetemapplem.eu\/bazar\/macbook-air-13-m4-2025-256-sky-blue\/","title":{"rendered":"MacBook Air 13 M4 2025 256 Sky Blue"},"content":{"rendered":"<p>Dobr\u00fd den.<\/p>\n<p>Prod\u00e1m nov\u00fd Apple MacBook Air 13,6\u201d s \u010dipem Apple M4 a \u00falo\u017ei\u0161t\u011bm 256 GB.<\/p>\n<p>Notebook je origin\u00e1ln\u011b zabalen\u00fd a nikdy nebyl aktivov\u00e1n.<\/p>\n<p>\ud83d\udce6 Specifikace<\/p>\n<p>\u2022 displej 13,6\u201d Liquid Retina<br \/>\n\u2022 \u010dip Apple M4<br \/>\n\u2022 pam\u011b\u0165 16 GB RAM<br \/>\n\u2022 \u00falo\u017ei\u0161t\u011b 256 GB SSD<br \/>\n\u2022 barva Sky Blue<br \/>\n\u2022 US verze<\/p>\n<p>\u2014<\/p>\n<p>\u2705 Stav<\/p>\n<p>\u2022 nov\u00e9 za\u0159\u00edzen\u00ed<br \/>\n\u2022 origin\u00e1ln\u00ed balen\u00ed<br \/>\n\u2022 nikdy neaktivovan\u00e9<br \/>\n\u2022 Apple z\u00e1ruka za\u010dne b\u011b\u017eet po aktivaci<\/p>\n<p>Mo\u017enost ov\u011b\u0159en\u00ed s\u00e9riov\u00e9ho \u010d\u00edsla p\u0159i p\u0159ed\u00e1n\u00ed.<\/p>\n<p>\u2014<\/p>\n<p>\ud83d\udccd P\u0159ed\u00e1n\u00ed<\/p>\n<p>\ud83d\udccd Praha \/ Brno<br \/>\n\ud83d\udce6 mo\u017enost zasl\u00e1n\u00ed po domluv\u011b<\/p>\n<p>\u2014<\/p>\n<p>\ud83d\udcb0 Cena: 20 900 K\u010d<\/p>\n","protected":false},"excerpt":{"rendered":"<p>Dobr\u00fd den. Prod\u00e1m nov\u00fd Apple MacBook Air 13,6\u201d s \u010dipem Apple M4 a \u00falo\u017ei\u0161t\u011bm 256 GB. Notebook je origin\u00e1ln\u011b zabalen\u00fd a nikdy nebyl aktivov\u00e1n. \ud83d\udce6 Specifikace \u2022 displej 13,6\u201d Liquid Retina \u2022 \u010dip Apple M4 \u2022 pam\u011b\u0165 16 GB RAM \u2022 \u00falo\u017ei\u0161t\u011b 256 GB SSD \u2022 barva Sky Blue \u2022 US verze \u2014 \u2705 Stav&#8230;<\/p>\n","protected":false},"author":0,"featured_media":300261,"comment_status":"closed","ping_status":"closed","sticky":false,"template":"","format":"standard","meta":{"footnotes":""},"categories":[42],"tags":[],"class_list":["post-300260","post","type-post","status-publish","format-standard","has-post-thumbnail","hentry","category-macbook-air"],"yoast_head":"<!-- This site is optimized with the Yoast SEO plugin v27.5 - https:\/\/yoast.com\/product\/yoast-seo-wordpress\/ -->\n<title>MacBook Air 13 M4 2025 256 Sky Blue - Apple bazar<\/title>\n<meta name=\"robots\" content=\"index, follow, max-snippet:-1, max-image-preview:large, max-video-preview:-1\" \/>\n<link rel=\"canonical\" href=\"https:\/\/www.letemsvetemapplem.eu\/bazar\/macbook-air-13-m4-2025-256-sky-blue\/\" \/>\n<meta property=\"og:locale\" content=\"cs_CZ\" \/>\n<meta property=\"og:type\" content=\"article\" \/>\n<meta property=\"og:title\" content=\"MacBook Air 13 M4 2025 256 Sky Blue - Apple bazar\" \/>\n<meta property=\"og:description\" content=\"Dobr\u00fd den. Prod\u00e1m nov\u00fd Apple MacBook Air 13,6\u201d s \u010dipem Apple M4 a \u00falo\u017ei\u0161t\u011bm 256 GB. Notebook je origin\u00e1ln\u011b zabalen\u00fd a nikdy nebyl aktivov\u00e1n. \ud83d\udce6 Specifikace \u2022 displej 13,6\u201d Liquid Retina \u2022 \u010dip Apple M4 \u2022 pam\u011b\u0165 16 GB RAM \u2022 \u00falo\u017ei\u0161t\u011b 256 GB SSD \u2022 barva Sky Blue \u2022 US verze \u2014 \u2705 Stav...\" \/>\n<meta property=\"og:url\" content=\"https:\/\/www.letemsvetemapplem.eu\/bazar\/macbook-air-13-m4-2025-256-sky-blue\/\" \/>\n<meta property=\"og:site_name\" content=\"Apple bazar\" \/>\n<meta property=\"article:published_time\" content=\"2026-03-15T13:02:28+00:00\" \/>\n<meta property=\"og:image\" content=\"https:\/\/www.letemsvetemapplem.eu\/bazar\/wp-content\/uploads\/2026\/03\/IMG_7534-scaled.jpeg\" \/>\n\t<meta property=\"og:image:width\" content=\"1920\" \/>\n\t<meta property=\"og:image:height\" content=\"2560\" \/>\n\t<meta property=\"og:image:type\" content=\"image\/jpeg\" \/>\n<meta name=\"twitter:card\" content=\"summary_large_image\" \/>\n<script type=\"application\/ld+json\" class=\"yoast-schema-graph\">{\"@context\":\"https:\\\/\\\/schema.org\",\"@graph\":[{\"@type\":\"Article\",\"@id\":\"https:\\\/\\\/www.letemsvetemapplem.eu\\\/bazar\\\/macbook-air-13-m4-2025-256-sky-blue\\\/#article\",\"isPartOf\":{\"@id\":\"https:\\\/\\\/www.letemsvetemapplem.eu\\\/bazar\\\/macbook-air-13-m4-2025-256-sky-blue\\\/\"},\"author\":{\"name\":\"\",\"@id\":\"\"},\"headline\":\"MacBook Air 13 M4 2025 256 Sky Blue\",\"datePublished\":\"2026-03-15T13:02:28+00:00\",\"mainEntityOfPage\":{\"@id\":\"https:\\\/\\\/www.letemsvetemapplem.eu\\\/bazar\\\/macbook-air-13-m4-2025-256-sky-blue\\\/\"},\"wordCount\":97,\"image\":{\"@id\":\"https:\\\/\\\/www.letemsvetemapplem.eu\\\/bazar\\\/macbook-air-13-m4-2025-256-sky-blue\\\/#primaryimage\"},\"thumbnailUrl\":\"https:\\\/\\\/www.letemsvetemapplem.eu\\\/bazar\\\/wp-content\\\/uploads\\\/2026\\\/03\\\/IMG_7534-scaled.jpeg\",\"articleSection\":[\"MacBook Air\"],\"inLanguage\":\"cs\"},{\"@type\":\"WebPage\",\"@id\":\"https:\\\/\\\/www.letemsvetemapplem.eu\\\/bazar\\\/macbook-air-13-m4-2025-256-sky-blue\\\/\",\"url\":\"https:\\\/\\\/www.letemsvetemapplem.eu\\\/bazar\\\/macbook-air-13-m4-2025-256-sky-blue\\\/\",\"name\":\"MacBook Air 13 M4 2025 256 Sky Blue - Apple bazar\",\"isPartOf\":{\"@id\":\"https:\\\/\\\/www.letemsvetemapplem.eu\\\/bazar\\\/#website\"},\"primaryImageOfPage\":{\"@id\":\"https:\\\/\\\/www.letemsvetemapplem.eu\\\/bazar\\\/macbook-air-13-m4-2025-256-sky-blue\\\/#primaryimage\"},\"image\":{\"@id\":\"https:\\\/\\\/www.letemsvetemapplem.eu\\\/bazar\\\/macbook-air-13-m4-2025-256-sky-blue\\\/#primaryimage\"},\"thumbnailUrl\":\"https:\\\/\\\/www.letemsvetemapplem.eu\\\/bazar\\\/wp-content\\\/uploads\\\/2026\\\/03\\\/IMG_7534-scaled.jpeg\",\"datePublished\":\"2026-03-15T13:02:28+00:00\",\"author\":{\"@id\":\"\"},\"breadcrumb\":{\"@id\":\"https:\\\/\\\/www.letemsvetemapplem.eu\\\/bazar\\\/macbook-air-13-m4-2025-256-sky-blue\\\/#breadcrumb\"},\"inLanguage\":\"cs\",\"potentialAction\":[{\"@type\":\"ReadAction\",\"target\":[\"https:\\\/\\\/www.letemsvetemapplem.eu\\\/bazar\\\/macbook-air-13-m4-2025-256-sky-blue\\\/\"]}]},{\"@type\":\"ImageObject\",\"inLanguage\":\"cs\",\"@id\":\"https:\\\/\\\/www.letemsvetemapplem.eu\\\/bazar\\\/macbook-air-13-m4-2025-256-sky-blue\\\/#primaryimage\",\"url\":\"https:\\\/\\\/www.letemsvetemapplem.eu\\\/bazar\\\/wp-content\\\/uploads\\\/2026\\\/03\\\/IMG_7534-scaled.jpeg\",\"contentUrl\":\"https:\\\/\\\/www.letemsvetemapplem.eu\\\/bazar\\\/wp-content\\\/uploads\\\/2026\\\/03\\\/IMG_7534-scaled.jpeg\",\"width\":1920,\"height\":2560},{\"@type\":\"BreadcrumbList\",\"@id\":\"https:\\\/\\\/www.letemsvetemapplem.eu\\\/bazar\\\/macbook-air-13-m4-2025-256-sky-blue\\\/#breadcrumb\",\"itemListElement\":[{\"@type\":\"ListItem\",\"position\":1,\"name\":\"Apple Bazar\",\"item\":\"https:\\\/\\\/www.letemsvetemapplem.eu\\\/bazar\\\/\"},{\"@type\":\"ListItem\",\"position\":2,\"name\":\"MacBook Air 13 M4 2025 256 Sky Blue\"}]},{\"@type\":\"WebSite\",\"@id\":\"https:\\\/\\\/www.letemsvetemapplem.eu\\\/bazar\\\/#website\",\"url\":\"https:\\\/\\\/www.letemsvetemapplem.eu\\\/bazar\\\/\",\"name\":\"Apple bazar\",\"description\":\"Oou\u017eit\u00e9 Apple produkty za skv\u011bl\u00e9 ceny\",\"potentialAction\":[{\"@type\":\"SearchAction\",\"target\":{\"@type\":\"EntryPoint\",\"urlTemplate\":\"https:\\\/\\\/www.letemsvetemapplem.eu\\\/bazar\\\/?s={search_term_string}\"},\"query-input\":{\"@type\":\"PropertyValueSpecification\",\"valueRequired\":true,\"valueName\":\"search_term_string\"}}],\"inLanguage\":\"cs\"}]}<\/script>\n<!-- \/ Yoast SEO plugin. -->","yoast_head_json":{"title":"MacBook Air 13 M4 2025 256 Sky Blue - Apple bazar","robots":{"index":"index","follow":"follow","max-snippet":"max-snippet:-1","max-image-preview":"max-image-preview:large","max-video-preview":"max-video-preview:-1"},"canonical":"https:\/\/www.letemsvetemapplem.eu\/bazar\/macbook-air-13-m4-2025-256-sky-blue\/","og_locale":"cs_CZ","og_type":"article","og_title":"MacBook Air 13 M4 2025 256 Sky Blue - Apple bazar","og_description":"Dobr\u00fd den. Prod\u00e1m nov\u00fd Apple MacBook Air 13,6\u201d s \u010dipem Apple M4 a \u00falo\u017ei\u0161t\u011bm 256 GB. Notebook je origin\u00e1ln\u011b zabalen\u00fd a nikdy nebyl aktivov\u00e1n. \ud83d\udce6 Specifikace \u2022 displej 13,6\u201d Liquid Retina \u2022 \u010dip Apple M4 \u2022 pam\u011b\u0165 16 GB RAM \u2022 \u00falo\u017ei\u0161t\u011b 256 GB SSD \u2022 barva Sky Blue \u2022 US verze \u2014 \u2705 Stav...","og_url":"https:\/\/www.letemsvetemapplem.eu\/bazar\/macbook-air-13-m4-2025-256-sky-blue\/","og_site_name":"Apple bazar","article_published_time":"2026-03-15T13:02:28+00:00","og_image":[{"width":1920,"height":2560,"url":"https:\/\/www.letemsvetemapplem.eu\/bazar\/wp-content\/uploads\/2026\/03\/IMG_7534-scaled.jpeg","type":"image\/jpeg"}],"twitter_card":"summary_large_image","schema":{"@context":"https:\/\/schema.org","@graph":[{"@type":"Article","@id":"https:\/\/www.letemsvetemapplem.eu\/bazar\/macbook-air-13-m4-2025-256-sky-blue\/#article","isPartOf":{"@id":"https:\/\/www.letemsvetemapplem.eu\/bazar\/macbook-air-13-m4-2025-256-sky-blue\/"},"author":{"name":"","@id":""},"headline":"MacBook Air 13 M4 2025 256 Sky Blue","datePublished":"2026-03-15T13:02:28+00:00","mainEntityOfPage":{"@id":"https:\/\/www.letemsvetemapplem.eu\/bazar\/macbook-air-13-m4-2025-256-sky-blue\/"},"wordCount":97,"image":{"@id":"https:\/\/www.letemsvetemapplem.eu\/bazar\/macbook-air-13-m4-2025-256-sky-blue\/#primaryimage"},"thumbnailUrl":"https:\/\/www.letemsvetemapplem.eu\/bazar\/wp-content\/uploads\/2026\/03\/IMG_7534-scaled.jpeg","articleSection":["MacBook Air"],"inLanguage":"cs"},{"@type":"WebPage","@id":"https:\/\/www.letemsvetemapplem.eu\/bazar\/macbook-air-13-m4-2025-256-sky-blue\/","url":"https:\/\/www.letemsvetemapplem.eu\/bazar\/macbook-air-13-m4-2025-256-sky-blue\/","name":"MacBook Air 13 M4 2025 256 Sky Blue - Apple bazar","isPartOf":{"@id":"https:\/\/www.letemsvetemapplem.eu\/bazar\/#website"},"primaryImageOfPage":{"@id":"https:\/\/www.letemsvetemapplem.eu\/bazar\/macbook-air-13-m4-2025-256-sky-blue\/#primaryimage"},"image":{"@id":"https:\/\/www.letemsvetemapplem.eu\/bazar\/macbook-air-13-m4-2025-256-sky-blue\/#primaryimage"},"thumbnailUrl":"https:\/\/www.letemsvetemapplem.eu\/bazar\/wp-content\/uploads\/2026\/03\/IMG_7534-scaled.jpeg","datePublished":"2026-03-15T13:02:28+00:00","author":{"@id":""},"breadcrumb":{"@id":"https:\/\/www.letemsvetemapplem.eu\/bazar\/macbook-air-13-m4-2025-256-sky-blue\/#breadcrumb"},"inLanguage":"cs","potentialAction":[{"@type":"ReadAction","target":["https:\/\/www.letemsvetemapplem.eu\/bazar\/macbook-air-13-m4-2025-256-sky-blue\/"]}]},{"@type":"ImageObject","inLanguage":"cs","@id":"https:\/\/www.letemsvetemapplem.eu\/bazar\/macbook-air-13-m4-2025-256-sky-blue\/#primaryimage","url":"https:\/\/www.letemsvetemapplem.eu\/bazar\/wp-content\/uploads\/2026\/03\/IMG_7534-scaled.jpeg","contentUrl":"https:\/\/www.letemsvetemapplem.eu\/bazar\/wp-content\/uploads\/2026\/03\/IMG_7534-scaled.jpeg","width":1920,"height":2560},{"@type":"BreadcrumbList","@id":"https:\/\/www.letemsvetemapplem.eu\/bazar\/macbook-air-13-m4-2025-256-sky-blue\/#breadcrumb","itemListElement":[{"@type":"ListItem","position":1,"name":"Apple Bazar","item":"https:\/\/www.letemsvetemapplem.eu\/bazar\/"},{"@type":"ListItem","position":2,"name":"MacBook Air 13 M4 2025 256 Sky Blue"}]},{"@type":"WebSite","@id":"https:\/\/www.letemsvetemapplem.eu\/bazar\/#website","url":"https:\/\/www.letemsvetemapplem.eu\/bazar\/","name":"Apple bazar","description":"Oou\u017eit\u00e9 Apple produkty za skv\u011bl\u00e9 ceny","potentialAction":[{"@type":"SearchAction","target":{"@type":"EntryPoint","urlTemplate":"https:\/\/www.letemsvetemapplem.eu\/bazar\/?s={search_term_string}"},"query-input":{"@type":"PropertyValueSpecification","valueRequired":true,"valueName":"search_term_string"}}],"inLanguage":"cs"}]}},"_links":{"self":[{"href":"https:\/\/www.letemsvetemapplem.eu\/bazar\/wp-json\/wp\/v2\/posts\/300260","targetHints":{"allow":["GET"]}}],"collection":[{"href":"https:\/\/www.letemsvetemapplem.eu\/bazar\/wp-json\/wp\/v2\/posts"}],"about":[{"href":"https:\/\/www.letemsvetemapplem.eu\/bazar\/wp-json\/wp\/v2\/types\/post"}],"replies":[{"embeddable":true,"href":"https:\/\/www.letemsvetemapplem.eu\/bazar\/wp-json\/wp\/v2\/comments?post=300260"}],"version-history":[{"count":1,"href":"https:\/\/www.letemsvetemapplem.eu\/bazar\/wp-json\/wp\/v2\/posts\/300260\/revisions"}],"predecessor-version":[{"id":300264,"href":"https:\/\/www.letemsvetemapplem.eu\/bazar\/wp-json\/wp\/v2\/posts\/300260\/revisions\/300264"}],"wp:featuredmedia":[{"embeddable":true,"href":"https:\/\/www.letemsvetemapplem.eu\/bazar\/wp-json\/wp\/v2\/media\/300261"}],"wp:attachment":[{"href":"https:\/\/www.letemsvetemapplem.eu\/bazar\/wp-json\/wp\/v2\/media?parent=300260"}],"wp:term":[{"taxonomy":"category","embeddable":true,"href":"https:\/\/www.letemsvetemapplem.eu\/bazar\/wp-json\/wp\/v2\/categories?post=300260"},{"taxonomy":"post_tag","embeddable":true,"href":"https:\/\/www.letemsvetemapplem.eu\/bazar\/wp-json\/wp\/v2\/tags?post=300260"}],"curies":[{"name":"wp","href":"https:\/\/api.w.org\/{rel}","templated":true}]}}