{"id":298796,"date":"2025-11-23T19:38:53","date_gmt":"2025-11-23T18:38:53","guid":{"rendered":"https:\/\/www.letemsvetemapplem.eu\/bazar\/?p=298796"},"modified":"2025-11-23T19:38:53","modified_gmt":"2025-11-23T18:38:53","slug":"imac-21-52014-i5-2-9-16ram-1tbfusion","status":"publish","type":"post","link":"https:\/\/www.letemsvetemapplem.eu\/bazar\/imac-21-52014-i5-2-9-16ram-1tbfusion\/","title":{"rendered":"iMac 21.5&quot;(2014)\u2013i5 2.9\/16Ram\/1TBFusion"},"content":{"rendered":"<p>Prod\u00e1v\u00e1m sv\u016fj spolehliv\u00fd a pln\u011b funk\u010dn\u00ed iMac 21.5 palce. Jedn\u00e1 se o nadstandardn\u011b vybavenou verzi, kter\u00e1 je d\u00edky v\u011bt\u0161\u00ed opera\u010dn\u00ed pam\u011bti a rychl\u00e9mu disku ide\u00e1ln\u00ed pro kancel\u00e1\u0159skou pr\u00e1ci, studium, \u00fapravu fotografi\u00ed, st\u0159ih videa, tvorbu hudby, nebo jin\u00e9 b\u011b\u017en\u00e9 dom\u00e1c\u00ed pou\u017eit\u00ed.<\/p>\n<p>Tento po\u010d\u00edta\u010d m\u00e1 oproti standardu vy\u0161\u0161\u00ed 16 GB RAM a 1 TB Fusion Drive (rychl\u00fd start syst\u00e9mu kv\u016fli SSD \u010d\u00e1sti, co\u017e je ide\u00e1ln\u00ed kombinace rychlosti a kapacity!<\/p>\n<p>Procesor: \u010cty\u0159j\u00e1drov\u00fd Intel Core i5 2,9 GHz<\/p>\n<p>Grafick\u00e1 karta: NVIDIA GeForce GT 750M 1GB<\/p>\n<p>BEZ KOSMETICK\u00ddCH VAD<\/p>\n<p>K po\u010d\u00edta\u010di dod\u00e1v\u00e1m kompletn\u00ed sadu p\u0159ipravenou k okam\u017eit\u00e9mu pou\u017eit\u00ed:<br \/>\n\u2022 iMac 21.5&quot;<br \/>\n\u2022 Origin\u00e1ln\u00ed Apple nap\u00e1jec\u00ed kabel<br \/>\n\u2022 Origin\u00e1ln\u00ed Apple kl\u00e1vesnice (bezdr\u00e1tov\u00fd Magic Keyboard)<br \/>\n\u2022 Origin\u00e1ln\u00ed Apple my\u0161 (Magic Mouse)<\/p>\n<p>P\u016eVODN\u00cd CENA: 55.000,- K\u010d<\/p>\n<p>Po\u010d\u00edta\u010d je kompletn\u011b vymaz\u00e1n do tov\u00e1rn\u00edho nastaven\u00ed (disk smaz\u00e1n a syst\u00e9m p\u0159einstalov\u00e1n)<br \/>\nOdhl\u00e1\u0161eno z iCloudu a Apple ID.<br \/>\nNainstalov\u00e1n \u010dist\u00fd opera\u010dn\u00ed syst\u00e9m (Posledn\u00ed verze macOS kompatibiln\u00ed s t\u00edmto modelem CATALINA 10.15.7)<\/p>\n<p>Po zapnut\u00ed se spust\u00ed pr\u016fvodce nastaven\u00edm (jako po vybalen\u00ed z krabice).<\/p>\n<p>Sta\u010d\u00ed zapnout a nastavit si vlastn\u00ed \u00fa\u010det.<\/p>\n<p>P\u0159ed\u00e1n\u00ed pouze z ruky do ruky, nezas\u00edl\u00e1m !!!<\/p>\n","protected":false},"excerpt":{"rendered":"<p>Prod\u00e1v\u00e1m sv\u016fj spolehliv\u00fd a pln\u011b funk\u010dn\u00ed iMac 21.5 palce. Jedn\u00e1 se o nadstandardn\u011b vybavenou verzi, kter\u00e1 je d\u00edky v\u011bt\u0161\u00ed opera\u010dn\u00ed pam\u011bti a rychl\u00e9mu disku ide\u00e1ln\u00ed pro kancel\u00e1\u0159skou pr\u00e1ci, studium, \u00fapravu fotografi\u00ed, st\u0159ih videa, tvorbu hudby, nebo jin\u00e9 b\u011b\u017en\u00e9 dom\u00e1c\u00ed pou\u017eit\u00ed. Tento po\u010d\u00edta\u010d m\u00e1 oproti standardu vy\u0161\u0161\u00ed 16 GB RAM a 1 TB Fusion Drive (rychl\u00fd&#8230;<\/p>\n","protected":false},"author":0,"featured_media":298797,"comment_status":"closed","ping_status":"closed","sticky":false,"template":"","format":"standard","meta":{"footnotes":""},"categories":[41],"tags":[],"class_list":["post-298796","post","type-post","status-publish","format-standard","has-post-thumbnail","hentry","category-imac"],"yoast_head":"<!-- This site is optimized with the Yoast SEO plugin v27.2 - https:\/\/yoast.com\/product\/yoast-seo-wordpress\/ -->\n<title>iMac 21.5&quot;(2014)\u2013i5 2.9\/16Ram\/1TBFusion - Apple bazar<\/title>\n<meta name=\"robots\" content=\"index, follow, max-snippet:-1, max-image-preview:large, max-video-preview:-1\" \/>\n<link rel=\"canonical\" href=\"https:\/\/www.letemsvetemapplem.eu\/bazar\/imac-21-52014-i5-2-9-16ram-1tbfusion\/\" \/>\n<meta property=\"og:locale\" content=\"cs_CZ\" \/>\n<meta property=\"og:type\" content=\"article\" \/>\n<meta property=\"og:title\" content=\"iMac 21.5&quot;(2014)\u2013i5 2.9\/16Ram\/1TBFusion - Apple bazar\" \/>\n<meta property=\"og:description\" content=\"Prod\u00e1v\u00e1m sv\u016fj spolehliv\u00fd a pln\u011b funk\u010dn\u00ed iMac 21.5 palce. Jedn\u00e1 se o nadstandardn\u011b vybavenou verzi, kter\u00e1 je d\u00edky v\u011bt\u0161\u00ed opera\u010dn\u00ed pam\u011bti a rychl\u00e9mu disku ide\u00e1ln\u00ed pro kancel\u00e1\u0159skou pr\u00e1ci, studium, \u00fapravu fotografi\u00ed, st\u0159ih videa, tvorbu hudby, nebo jin\u00e9 b\u011b\u017en\u00e9 dom\u00e1c\u00ed pou\u017eit\u00ed. Tento po\u010d\u00edta\u010d m\u00e1 oproti standardu vy\u0161\u0161\u00ed 16 GB RAM a 1 TB Fusion Drive (rychl\u00fd...\" \/>\n<meta property=\"og:url\" content=\"https:\/\/www.letemsvetemapplem.eu\/bazar\/imac-21-52014-i5-2-9-16ram-1tbfusion\/\" \/>\n<meta property=\"og:site_name\" content=\"Apple bazar\" \/>\n<meta property=\"article:published_time\" content=\"2025-11-23T18:38:53+00:00\" \/>\n<meta property=\"og:image\" content=\"https:\/\/www.letemsvetemapplem.eu\/bazar\/wp-content\/uploads\/2025\/11\/IMG_6103-scaled.jpg\" \/>\n\t<meta property=\"og:image:width\" content=\"2560\" \/>\n\t<meta property=\"og:image:height\" content=\"1920\" \/>\n\t<meta property=\"og:image:type\" content=\"image\/jpeg\" \/>\n<meta name=\"twitter:card\" content=\"summary_large_image\" \/>\n<script type=\"application\/ld+json\" class=\"yoast-schema-graph\">{\"@context\":\"https:\/\/schema.org\",\"@graph\":[{\"@type\":\"Article\",\"@id\":\"https:\/\/www.letemsvetemapplem.eu\/bazar\/imac-21-52014-i5-2-9-16ram-1tbfusion\/#article\",\"isPartOf\":{\"@id\":\"https:\/\/www.letemsvetemapplem.eu\/bazar\/imac-21-52014-i5-2-9-16ram-1tbfusion\/\"},\"author\":{\"name\":\"\",\"@id\":\"\"},\"headline\":\"iMac 21.5&quot;(2014)\u2013i5 2.9\/16Ram\/1TBFusion\",\"datePublished\":\"2025-11-23T18:38:53+00:00\",\"mainEntityOfPage\":{\"@id\":\"https:\/\/www.letemsvetemapplem.eu\/bazar\/imac-21-52014-i5-2-9-16ram-1tbfusion\/\"},\"wordCount\":227,\"image\":{\"@id\":\"https:\/\/www.letemsvetemapplem.eu\/bazar\/imac-21-52014-i5-2-9-16ram-1tbfusion\/#primaryimage\"},\"thumbnailUrl\":\"https:\/\/www.letemsvetemapplem.eu\/bazar\/wp-content\/uploads\/2025\/11\/IMG_6103-scaled.jpg\",\"articleSection\":[\"iMac\"],\"inLanguage\":\"cs\"},{\"@type\":\"WebPage\",\"@id\":\"https:\/\/www.letemsvetemapplem.eu\/bazar\/imac-21-52014-i5-2-9-16ram-1tbfusion\/\",\"url\":\"https:\/\/www.letemsvetemapplem.eu\/bazar\/imac-21-52014-i5-2-9-16ram-1tbfusion\/\",\"name\":\"iMac 21.5&quot;(2014)\u2013i5 2.9\/16Ram\/1TBFusion - Apple bazar\",\"isPartOf\":{\"@id\":\"https:\/\/www.letemsvetemapplem.eu\/bazar\/#website\"},\"primaryImageOfPage\":{\"@id\":\"https:\/\/www.letemsvetemapplem.eu\/bazar\/imac-21-52014-i5-2-9-16ram-1tbfusion\/#primaryimage\"},\"image\":{\"@id\":\"https:\/\/www.letemsvetemapplem.eu\/bazar\/imac-21-52014-i5-2-9-16ram-1tbfusion\/#primaryimage\"},\"thumbnailUrl\":\"https:\/\/www.letemsvetemapplem.eu\/bazar\/wp-content\/uploads\/2025\/11\/IMG_6103-scaled.jpg\",\"datePublished\":\"2025-11-23T18:38:53+00:00\",\"author\":{\"@id\":\"\"},\"breadcrumb\":{\"@id\":\"https:\/\/www.letemsvetemapplem.eu\/bazar\/imac-21-52014-i5-2-9-16ram-1tbfusion\/#breadcrumb\"},\"inLanguage\":\"cs\",\"potentialAction\":[{\"@type\":\"ReadAction\",\"target\":[\"https:\/\/www.letemsvetemapplem.eu\/bazar\/imac-21-52014-i5-2-9-16ram-1tbfusion\/\"]}]},{\"@type\":\"ImageObject\",\"inLanguage\":\"cs\",\"@id\":\"https:\/\/www.letemsvetemapplem.eu\/bazar\/imac-21-52014-i5-2-9-16ram-1tbfusion\/#primaryimage\",\"url\":\"https:\/\/www.letemsvetemapplem.eu\/bazar\/wp-content\/uploads\/2025\/11\/IMG_6103-scaled.jpg\",\"contentUrl\":\"https:\/\/www.letemsvetemapplem.eu\/bazar\/wp-content\/uploads\/2025\/11\/IMG_6103-scaled.jpg\",\"width\":2560,\"height\":1920},{\"@type\":\"BreadcrumbList\",\"@id\":\"https:\/\/www.letemsvetemapplem.eu\/bazar\/imac-21-52014-i5-2-9-16ram-1tbfusion\/#breadcrumb\",\"itemListElement\":[{\"@type\":\"ListItem\",\"position\":1,\"name\":\"Apple Bazar\",\"item\":\"https:\/\/www.letemsvetemapplem.eu\/bazar\/\"},{\"@type\":\"ListItem\",\"position\":2,\"name\":\"iMac 21.5&quot;(2014)\u2013i5 2.9\/16Ram\/1TBFusion\"}]},{\"@type\":\"WebSite\",\"@id\":\"https:\/\/www.letemsvetemapplem.eu\/bazar\/#website\",\"url\":\"https:\/\/www.letemsvetemapplem.eu\/bazar\/\",\"name\":\"Apple bazar\",\"description\":\"Oou\u017eit\u00e9 Apple produkty za skv\u011bl\u00e9 ceny\",\"potentialAction\":[{\"@type\":\"SearchAction\",\"target\":{\"@type\":\"EntryPoint\",\"urlTemplate\":\"https:\/\/www.letemsvetemapplem.eu\/bazar\/?s={search_term_string}\"},\"query-input\":{\"@type\":\"PropertyValueSpecification\",\"valueRequired\":true,\"valueName\":\"search_term_string\"}}],\"inLanguage\":\"cs\"}]}<\/script>\n<!-- \/ Yoast SEO plugin. -->","yoast_head_json":{"title":"iMac 21.5&quot;(2014)\u2013i5 2.9\/16Ram\/1TBFusion - Apple bazar","robots":{"index":"index","follow":"follow","max-snippet":"max-snippet:-1","max-image-preview":"max-image-preview:large","max-video-preview":"max-video-preview:-1"},"canonical":"https:\/\/www.letemsvetemapplem.eu\/bazar\/imac-21-52014-i5-2-9-16ram-1tbfusion\/","og_locale":"cs_CZ","og_type":"article","og_title":"iMac 21.5&quot;(2014)\u2013i5 2.9\/16Ram\/1TBFusion - Apple bazar","og_description":"Prod\u00e1v\u00e1m sv\u016fj spolehliv\u00fd a pln\u011b funk\u010dn\u00ed iMac 21.5 palce. Jedn\u00e1 se o nadstandardn\u011b vybavenou verzi, kter\u00e1 je d\u00edky v\u011bt\u0161\u00ed opera\u010dn\u00ed pam\u011bti a rychl\u00e9mu disku ide\u00e1ln\u00ed pro kancel\u00e1\u0159skou pr\u00e1ci, studium, \u00fapravu fotografi\u00ed, st\u0159ih videa, tvorbu hudby, nebo jin\u00e9 b\u011b\u017en\u00e9 dom\u00e1c\u00ed pou\u017eit\u00ed. Tento po\u010d\u00edta\u010d m\u00e1 oproti standardu vy\u0161\u0161\u00ed 16 GB RAM a 1 TB Fusion Drive (rychl\u00fd...","og_url":"https:\/\/www.letemsvetemapplem.eu\/bazar\/imac-21-52014-i5-2-9-16ram-1tbfusion\/","og_site_name":"Apple bazar","article_published_time":"2025-11-23T18:38:53+00:00","og_image":[{"width":2560,"height":1920,"url":"https:\/\/www.letemsvetemapplem.eu\/bazar\/wp-content\/uploads\/2025\/11\/IMG_6103-scaled.jpg","type":"image\/jpeg"}],"twitter_card":"summary_large_image","schema":{"@context":"https:\/\/schema.org","@graph":[{"@type":"Article","@id":"https:\/\/www.letemsvetemapplem.eu\/bazar\/imac-21-52014-i5-2-9-16ram-1tbfusion\/#article","isPartOf":{"@id":"https:\/\/www.letemsvetemapplem.eu\/bazar\/imac-21-52014-i5-2-9-16ram-1tbfusion\/"},"author":{"name":"","@id":""},"headline":"iMac 21.5&quot;(2014)\u2013i5 2.9\/16Ram\/1TBFusion","datePublished":"2025-11-23T18:38:53+00:00","mainEntityOfPage":{"@id":"https:\/\/www.letemsvetemapplem.eu\/bazar\/imac-21-52014-i5-2-9-16ram-1tbfusion\/"},"wordCount":227,"image":{"@id":"https:\/\/www.letemsvetemapplem.eu\/bazar\/imac-21-52014-i5-2-9-16ram-1tbfusion\/#primaryimage"},"thumbnailUrl":"https:\/\/www.letemsvetemapplem.eu\/bazar\/wp-content\/uploads\/2025\/11\/IMG_6103-scaled.jpg","articleSection":["iMac"],"inLanguage":"cs"},{"@type":"WebPage","@id":"https:\/\/www.letemsvetemapplem.eu\/bazar\/imac-21-52014-i5-2-9-16ram-1tbfusion\/","url":"https:\/\/www.letemsvetemapplem.eu\/bazar\/imac-21-52014-i5-2-9-16ram-1tbfusion\/","name":"iMac 21.5&quot;(2014)\u2013i5 2.9\/16Ram\/1TBFusion - Apple bazar","isPartOf":{"@id":"https:\/\/www.letemsvetemapplem.eu\/bazar\/#website"},"primaryImageOfPage":{"@id":"https:\/\/www.letemsvetemapplem.eu\/bazar\/imac-21-52014-i5-2-9-16ram-1tbfusion\/#primaryimage"},"image":{"@id":"https:\/\/www.letemsvetemapplem.eu\/bazar\/imac-21-52014-i5-2-9-16ram-1tbfusion\/#primaryimage"},"thumbnailUrl":"https:\/\/www.letemsvetemapplem.eu\/bazar\/wp-content\/uploads\/2025\/11\/IMG_6103-scaled.jpg","datePublished":"2025-11-23T18:38:53+00:00","author":{"@id":""},"breadcrumb":{"@id":"https:\/\/www.letemsvetemapplem.eu\/bazar\/imac-21-52014-i5-2-9-16ram-1tbfusion\/#breadcrumb"},"inLanguage":"cs","potentialAction":[{"@type":"ReadAction","target":["https:\/\/www.letemsvetemapplem.eu\/bazar\/imac-21-52014-i5-2-9-16ram-1tbfusion\/"]}]},{"@type":"ImageObject","inLanguage":"cs","@id":"https:\/\/www.letemsvetemapplem.eu\/bazar\/imac-21-52014-i5-2-9-16ram-1tbfusion\/#primaryimage","url":"https:\/\/www.letemsvetemapplem.eu\/bazar\/wp-content\/uploads\/2025\/11\/IMG_6103-scaled.jpg","contentUrl":"https:\/\/www.letemsvetemapplem.eu\/bazar\/wp-content\/uploads\/2025\/11\/IMG_6103-scaled.jpg","width":2560,"height":1920},{"@type":"BreadcrumbList","@id":"https:\/\/www.letemsvetemapplem.eu\/bazar\/imac-21-52014-i5-2-9-16ram-1tbfusion\/#breadcrumb","itemListElement":[{"@type":"ListItem","position":1,"name":"Apple Bazar","item":"https:\/\/www.letemsvetemapplem.eu\/bazar\/"},{"@type":"ListItem","position":2,"name":"iMac 21.5&quot;(2014)\u2013i5 2.9\/16Ram\/1TBFusion"}]},{"@type":"WebSite","@id":"https:\/\/www.letemsvetemapplem.eu\/bazar\/#website","url":"https:\/\/www.letemsvetemapplem.eu\/bazar\/","name":"Apple bazar","description":"Oou\u017eit\u00e9 Apple produkty za skv\u011bl\u00e9 ceny","potentialAction":[{"@type":"SearchAction","target":{"@type":"EntryPoint","urlTemplate":"https:\/\/www.letemsvetemapplem.eu\/bazar\/?s={search_term_string}"},"query-input":{"@type":"PropertyValueSpecification","valueRequired":true,"valueName":"search_term_string"}}],"inLanguage":"cs"}]}},"_links":{"self":[{"href":"https:\/\/www.letemsvetemapplem.eu\/bazar\/wp-json\/wp\/v2\/posts\/298796","targetHints":{"allow":["GET"]}}],"collection":[{"href":"https:\/\/www.letemsvetemapplem.eu\/bazar\/wp-json\/wp\/v2\/posts"}],"about":[{"href":"https:\/\/www.letemsvetemapplem.eu\/bazar\/wp-json\/wp\/v2\/types\/post"}],"replies":[{"embeddable":true,"href":"https:\/\/www.letemsvetemapplem.eu\/bazar\/wp-json\/wp\/v2\/comments?post=298796"}],"version-history":[{"count":1,"href":"https:\/\/www.letemsvetemapplem.eu\/bazar\/wp-json\/wp\/v2\/posts\/298796\/revisions"}],"predecessor-version":[{"id":298802,"href":"https:\/\/www.letemsvetemapplem.eu\/bazar\/wp-json\/wp\/v2\/posts\/298796\/revisions\/298802"}],"wp:featuredmedia":[{"embeddable":true,"href":"https:\/\/www.letemsvetemapplem.eu\/bazar\/wp-json\/wp\/v2\/media\/298797"}],"wp:attachment":[{"href":"https:\/\/www.letemsvetemapplem.eu\/bazar\/wp-json\/wp\/v2\/media?parent=298796"}],"wp:term":[{"taxonomy":"category","embeddable":true,"href":"https:\/\/www.letemsvetemapplem.eu\/bazar\/wp-json\/wp\/v2\/categories?post=298796"},{"taxonomy":"post_tag","embeddable":true,"href":"https:\/\/www.letemsvetemapplem.eu\/bazar\/wp-json\/wp\/v2\/tags?post=298796"}],"curies":[{"name":"wp","href":"https:\/\/api.w.org\/{rel}","templated":true}]}}