{"id":298245,"date":"2025-10-19T23:18:10","date_gmt":"2025-10-19T22:18:10","guid":{"rendered":"https:\/\/www.letemsvetemapplem.eu\/bazar\/?p=298245"},"modified":"2025-10-19T23:18:10","modified_gmt":"2025-10-19T22:18:10","slug":"apple-imac-24%e2%80%b3-m1-2021-cto","status":"publish","type":"post","link":"https:\/\/www.letemsvetemapplem.eu\/bazar\/apple-imac-24%e2%80%b3-m1-2021-cto\/","title":{"rendered":"Apple iMac 24\u2033 M1 (2021) &#8211; CTO"},"content":{"rendered":"<p>Prod\u00e1m sv\u016fj iMac 24\u2033 s \u010dipem Apple M1 (8-core CPU + 8-core GPU), roz\u0161\u00ed\u0159enou pam\u011bt\u00ed 16 GB RAM a rychl\u00fdm 512 GB SSD.<br \/>\nJedn\u00e1 se o CTO konfiguraci (Custom to Order) \u2013 v\u00fdkonn\u011bj\u0161\u00ed varianta oproti b\u011b\u017en\u00fdm 8 GB model\u016fm.<br \/>\nZakoupen v srpnu 2021, pou\u017e\u00edv\u00e1n pouze doma, v perfektn\u00edm stavu \u2013 bez \u0161kr\u00e1banc\u016f, funguje jako nov\u00fd.<\/p>\n<p>Sou\u010d\u00e1st\u00ed balen\u00ed:<br \/>\n&#8211; Origin\u00e1ln\u00ed Magic Keyboard s Touch ID<br \/>\nMagic Mouse 2 + nap\u00e1jec\u00ed kabel<br \/>\n&#8211; iMac je \u010dist\u011b reinstalovan\u00fd, p\u0159ipraven\u00fd k okam\u017eit\u00e9mu pou\u017eit\u00ed.<br \/>\nPerfektn\u00ed pro pr\u00e1ci, grafiku i b\u011b\u017en\u00e9 pou\u017e\u00edv\u00e1n\u00ed \u2013 tich\u00fd a rychl\u00fd stroj s \u00fa\u017easn\u00fdm 4.5K Retina displejem.<\/p>\n<p>\ud83d\udccd Pouze osobn\u00ed p\u0159ed\u00e1n\u00ed (Praha \/ okol\u00ed) \u2013 mo\u017enost vyzkou\u0161en\u00ed na m\u00edst\u011b (Py\u0161ely)<\/p>\n<p>\u2714\ufe0f Seri\u00f3zn\u00ed jedn\u00e1n\u00ed, \u017e\u00e1dn\u00e9 zas\u00edl\u00e1n\u00ed p\u0159es kur\u00fdra nebo fale\u0161n\u00e9 platby \u2013 jen re\u00e1ln\u00ed z\u00e1jemci. <\/p>\n","protected":false},"excerpt":{"rendered":"<p>Prod\u00e1m sv\u016fj iMac 24\u2033 s \u010dipem Apple M1 (8-core CPU + 8-core GPU), roz\u0161\u00ed\u0159enou pam\u011bt\u00ed 16 GB RAM a rychl\u00fdm 512 GB SSD. Jedn\u00e1 se o CTO konfiguraci (Custom to Order) \u2013 v\u00fdkonn\u011bj\u0161\u00ed varianta oproti b\u011b\u017en\u00fdm 8 GB model\u016fm. Zakoupen v srpnu 2021, pou\u017e\u00edv\u00e1n pouze doma, v perfektn\u00edm stavu \u2013 bez \u0161kr\u00e1banc\u016f, funguje jako nov\u00fd&#8230;.<\/p>\n","protected":false},"author":0,"featured_media":298246,"comment_status":"closed","ping_status":"closed","sticky":false,"template":"","format":"standard","meta":{"footnotes":""},"categories":[41],"tags":[],"class_list":["post-298245","post","type-post","status-publish","format-standard","has-post-thumbnail","hentry","category-imac"],"yoast_head":"<!-- This site is optimized with the Yoast SEO plugin v27.2 - https:\/\/yoast.com\/product\/yoast-seo-wordpress\/ -->\n<title>Apple iMac 24\u2033 M1 (2021) - CTO - Apple bazar<\/title>\n<meta name=\"robots\" content=\"index, follow, max-snippet:-1, max-image-preview:large, max-video-preview:-1\" \/>\n<link rel=\"canonical\" href=\"https:\/\/www.letemsvetemapplem.eu\/bazar\/apple-imac-24\u2033-m1-2021-cto\/\" \/>\n<meta property=\"og:locale\" content=\"cs_CZ\" \/>\n<meta property=\"og:type\" content=\"article\" \/>\n<meta property=\"og:title\" content=\"Apple iMac 24\u2033 M1 (2021) - CTO - Apple bazar\" \/>\n<meta property=\"og:description\" content=\"Prod\u00e1m sv\u016fj iMac 24\u2033 s \u010dipem Apple M1 (8-core CPU + 8-core GPU), roz\u0161\u00ed\u0159enou pam\u011bt\u00ed 16 GB RAM a rychl\u00fdm 512 GB SSD. Jedn\u00e1 se o CTO konfiguraci (Custom to Order) \u2013 v\u00fdkonn\u011bj\u0161\u00ed varianta oproti b\u011b\u017en\u00fdm 8 GB model\u016fm. Zakoupen v srpnu 2021, pou\u017e\u00edv\u00e1n pouze doma, v perfektn\u00edm stavu \u2013 bez \u0161kr\u00e1banc\u016f, funguje jako nov\u00fd....\" \/>\n<meta property=\"og:url\" content=\"https:\/\/www.letemsvetemapplem.eu\/bazar\/apple-imac-24\u2033-m1-2021-cto\/\" \/>\n<meta property=\"og:site_name\" content=\"Apple bazar\" \/>\n<meta property=\"article:published_time\" content=\"2025-10-19T22:18:10+00:00\" \/>\n<meta property=\"og:image\" content=\"https:\/\/www.letemsvetemapplem.eu\/bazar\/wp-content\/uploads\/2025\/10\/imac2.jpeg\" \/>\n\t<meta property=\"og:image:width\" content=\"640\" \/>\n\t<meta property=\"og:image:height\" content=\"480\" \/>\n\t<meta property=\"og:image:type\" content=\"image\/jpeg\" \/>\n<meta name=\"twitter:card\" content=\"summary_large_image\" \/>\n<script type=\"application\/ld+json\" class=\"yoast-schema-graph\">{\"@context\":\"https:\/\/schema.org\",\"@graph\":[{\"@type\":\"Article\",\"@id\":\"https:\/\/www.letemsvetemapplem.eu\/bazar\/apple-imac-24%e2%80%b3-m1-2021-cto\/#article\",\"isPartOf\":{\"@id\":\"https:\/\/www.letemsvetemapplem.eu\/bazar\/apple-imac-24%e2%80%b3-m1-2021-cto\/\"},\"author\":{\"name\":\"\",\"@id\":\"\"},\"headline\":\"Apple iMac 24\u2033 M1 (2021) &#8211; CTO\",\"datePublished\":\"2025-10-19T22:18:10+00:00\",\"mainEntityOfPage\":{\"@id\":\"https:\/\/www.letemsvetemapplem.eu\/bazar\/apple-imac-24%e2%80%b3-m1-2021-cto\/\"},\"wordCount\":153,\"image\":{\"@id\":\"https:\/\/www.letemsvetemapplem.eu\/bazar\/apple-imac-24%e2%80%b3-m1-2021-cto\/#primaryimage\"},\"thumbnailUrl\":\"https:\/\/www.letemsvetemapplem.eu\/bazar\/wp-content\/uploads\/2025\/10\/imac2.jpeg\",\"articleSection\":[\"iMac\"],\"inLanguage\":\"cs\"},{\"@type\":\"WebPage\",\"@id\":\"https:\/\/www.letemsvetemapplem.eu\/bazar\/apple-imac-24%e2%80%b3-m1-2021-cto\/\",\"url\":\"https:\/\/www.letemsvetemapplem.eu\/bazar\/apple-imac-24%e2%80%b3-m1-2021-cto\/\",\"name\":\"Apple iMac 24\u2033 M1 (2021) - CTO - Apple bazar\",\"isPartOf\":{\"@id\":\"https:\/\/www.letemsvetemapplem.eu\/bazar\/#website\"},\"primaryImageOfPage\":{\"@id\":\"https:\/\/www.letemsvetemapplem.eu\/bazar\/apple-imac-24%e2%80%b3-m1-2021-cto\/#primaryimage\"},\"image\":{\"@id\":\"https:\/\/www.letemsvetemapplem.eu\/bazar\/apple-imac-24%e2%80%b3-m1-2021-cto\/#primaryimage\"},\"thumbnailUrl\":\"https:\/\/www.letemsvetemapplem.eu\/bazar\/wp-content\/uploads\/2025\/10\/imac2.jpeg\",\"datePublished\":\"2025-10-19T22:18:10+00:00\",\"author\":{\"@id\":\"\"},\"breadcrumb\":{\"@id\":\"https:\/\/www.letemsvetemapplem.eu\/bazar\/apple-imac-24%e2%80%b3-m1-2021-cto\/#breadcrumb\"},\"inLanguage\":\"cs\",\"potentialAction\":[{\"@type\":\"ReadAction\",\"target\":[\"https:\/\/www.letemsvetemapplem.eu\/bazar\/apple-imac-24%e2%80%b3-m1-2021-cto\/\"]}]},{\"@type\":\"ImageObject\",\"inLanguage\":\"cs\",\"@id\":\"https:\/\/www.letemsvetemapplem.eu\/bazar\/apple-imac-24%e2%80%b3-m1-2021-cto\/#primaryimage\",\"url\":\"https:\/\/www.letemsvetemapplem.eu\/bazar\/wp-content\/uploads\/2025\/10\/imac2.jpeg\",\"contentUrl\":\"https:\/\/www.letemsvetemapplem.eu\/bazar\/wp-content\/uploads\/2025\/10\/imac2.jpeg\",\"width\":640,\"height\":480},{\"@type\":\"BreadcrumbList\",\"@id\":\"https:\/\/www.letemsvetemapplem.eu\/bazar\/apple-imac-24%e2%80%b3-m1-2021-cto\/#breadcrumb\",\"itemListElement\":[{\"@type\":\"ListItem\",\"position\":1,\"name\":\"Apple Bazar\",\"item\":\"https:\/\/www.letemsvetemapplem.eu\/bazar\/\"},{\"@type\":\"ListItem\",\"position\":2,\"name\":\"Apple iMac 24\u2033 M1 (2021) &#8211; CTO\"}]},{\"@type\":\"WebSite\",\"@id\":\"https:\/\/www.letemsvetemapplem.eu\/bazar\/#website\",\"url\":\"https:\/\/www.letemsvetemapplem.eu\/bazar\/\",\"name\":\"Apple bazar\",\"description\":\"Oou\u017eit\u00e9 Apple produkty za skv\u011bl\u00e9 ceny\",\"potentialAction\":[{\"@type\":\"SearchAction\",\"target\":{\"@type\":\"EntryPoint\",\"urlTemplate\":\"https:\/\/www.letemsvetemapplem.eu\/bazar\/?s={search_term_string}\"},\"query-input\":{\"@type\":\"PropertyValueSpecification\",\"valueRequired\":true,\"valueName\":\"search_term_string\"}}],\"inLanguage\":\"cs\"}]}<\/script>\n<!-- \/ Yoast SEO plugin. -->","yoast_head_json":{"title":"Apple iMac 24\u2033 M1 (2021) - CTO - Apple bazar","robots":{"index":"index","follow":"follow","max-snippet":"max-snippet:-1","max-image-preview":"max-image-preview:large","max-video-preview":"max-video-preview:-1"},"canonical":"https:\/\/www.letemsvetemapplem.eu\/bazar\/apple-imac-24\u2033-m1-2021-cto\/","og_locale":"cs_CZ","og_type":"article","og_title":"Apple iMac 24\u2033 M1 (2021) - CTO - Apple bazar","og_description":"Prod\u00e1m sv\u016fj iMac 24\u2033 s \u010dipem Apple M1 (8-core CPU + 8-core GPU), roz\u0161\u00ed\u0159enou pam\u011bt\u00ed 16 GB RAM a rychl\u00fdm 512 GB SSD. Jedn\u00e1 se o CTO konfiguraci (Custom to Order) \u2013 v\u00fdkonn\u011bj\u0161\u00ed varianta oproti b\u011b\u017en\u00fdm 8 GB model\u016fm. Zakoupen v srpnu 2021, pou\u017e\u00edv\u00e1n pouze doma, v perfektn\u00edm stavu \u2013 bez \u0161kr\u00e1banc\u016f, funguje jako nov\u00fd....","og_url":"https:\/\/www.letemsvetemapplem.eu\/bazar\/apple-imac-24\u2033-m1-2021-cto\/","og_site_name":"Apple bazar","article_published_time":"2025-10-19T22:18:10+00:00","og_image":[{"width":640,"height":480,"url":"https:\/\/www.letemsvetemapplem.eu\/bazar\/wp-content\/uploads\/2025\/10\/imac2.jpeg","type":"image\/jpeg"}],"twitter_card":"summary_large_image","schema":{"@context":"https:\/\/schema.org","@graph":[{"@type":"Article","@id":"https:\/\/www.letemsvetemapplem.eu\/bazar\/apple-imac-24%e2%80%b3-m1-2021-cto\/#article","isPartOf":{"@id":"https:\/\/www.letemsvetemapplem.eu\/bazar\/apple-imac-24%e2%80%b3-m1-2021-cto\/"},"author":{"name":"","@id":""},"headline":"Apple iMac 24\u2033 M1 (2021) &#8211; CTO","datePublished":"2025-10-19T22:18:10+00:00","mainEntityOfPage":{"@id":"https:\/\/www.letemsvetemapplem.eu\/bazar\/apple-imac-24%e2%80%b3-m1-2021-cto\/"},"wordCount":153,"image":{"@id":"https:\/\/www.letemsvetemapplem.eu\/bazar\/apple-imac-24%e2%80%b3-m1-2021-cto\/#primaryimage"},"thumbnailUrl":"https:\/\/www.letemsvetemapplem.eu\/bazar\/wp-content\/uploads\/2025\/10\/imac2.jpeg","articleSection":["iMac"],"inLanguage":"cs"},{"@type":"WebPage","@id":"https:\/\/www.letemsvetemapplem.eu\/bazar\/apple-imac-24%e2%80%b3-m1-2021-cto\/","url":"https:\/\/www.letemsvetemapplem.eu\/bazar\/apple-imac-24%e2%80%b3-m1-2021-cto\/","name":"Apple iMac 24\u2033 M1 (2021) - CTO - Apple bazar","isPartOf":{"@id":"https:\/\/www.letemsvetemapplem.eu\/bazar\/#website"},"primaryImageOfPage":{"@id":"https:\/\/www.letemsvetemapplem.eu\/bazar\/apple-imac-24%e2%80%b3-m1-2021-cto\/#primaryimage"},"image":{"@id":"https:\/\/www.letemsvetemapplem.eu\/bazar\/apple-imac-24%e2%80%b3-m1-2021-cto\/#primaryimage"},"thumbnailUrl":"https:\/\/www.letemsvetemapplem.eu\/bazar\/wp-content\/uploads\/2025\/10\/imac2.jpeg","datePublished":"2025-10-19T22:18:10+00:00","author":{"@id":""},"breadcrumb":{"@id":"https:\/\/www.letemsvetemapplem.eu\/bazar\/apple-imac-24%e2%80%b3-m1-2021-cto\/#breadcrumb"},"inLanguage":"cs","potentialAction":[{"@type":"ReadAction","target":["https:\/\/www.letemsvetemapplem.eu\/bazar\/apple-imac-24%e2%80%b3-m1-2021-cto\/"]}]},{"@type":"ImageObject","inLanguage":"cs","@id":"https:\/\/www.letemsvetemapplem.eu\/bazar\/apple-imac-24%e2%80%b3-m1-2021-cto\/#primaryimage","url":"https:\/\/www.letemsvetemapplem.eu\/bazar\/wp-content\/uploads\/2025\/10\/imac2.jpeg","contentUrl":"https:\/\/www.letemsvetemapplem.eu\/bazar\/wp-content\/uploads\/2025\/10\/imac2.jpeg","width":640,"height":480},{"@type":"BreadcrumbList","@id":"https:\/\/www.letemsvetemapplem.eu\/bazar\/apple-imac-24%e2%80%b3-m1-2021-cto\/#breadcrumb","itemListElement":[{"@type":"ListItem","position":1,"name":"Apple Bazar","item":"https:\/\/www.letemsvetemapplem.eu\/bazar\/"},{"@type":"ListItem","position":2,"name":"Apple iMac 24\u2033 M1 (2021) &#8211; CTO"}]},{"@type":"WebSite","@id":"https:\/\/www.letemsvetemapplem.eu\/bazar\/#website","url":"https:\/\/www.letemsvetemapplem.eu\/bazar\/","name":"Apple bazar","description":"Oou\u017eit\u00e9 Apple produkty za skv\u011bl\u00e9 ceny","potentialAction":[{"@type":"SearchAction","target":{"@type":"EntryPoint","urlTemplate":"https:\/\/www.letemsvetemapplem.eu\/bazar\/?s={search_term_string}"},"query-input":{"@type":"PropertyValueSpecification","valueRequired":true,"valueName":"search_term_string"}}],"inLanguage":"cs"}]}},"_links":{"self":[{"href":"https:\/\/www.letemsvetemapplem.eu\/bazar\/wp-json\/wp\/v2\/posts\/298245","targetHints":{"allow":["GET"]}}],"collection":[{"href":"https:\/\/www.letemsvetemapplem.eu\/bazar\/wp-json\/wp\/v2\/posts"}],"about":[{"href":"https:\/\/www.letemsvetemapplem.eu\/bazar\/wp-json\/wp\/v2\/types\/post"}],"replies":[{"embeddable":true,"href":"https:\/\/www.letemsvetemapplem.eu\/bazar\/wp-json\/wp\/v2\/comments?post=298245"}],"version-history":[{"count":1,"href":"https:\/\/www.letemsvetemapplem.eu\/bazar\/wp-json\/wp\/v2\/posts\/298245\/revisions"}],"predecessor-version":[{"id":298251,"href":"https:\/\/www.letemsvetemapplem.eu\/bazar\/wp-json\/wp\/v2\/posts\/298245\/revisions\/298251"}],"wp:featuredmedia":[{"embeddable":true,"href":"https:\/\/www.letemsvetemapplem.eu\/bazar\/wp-json\/wp\/v2\/media\/298246"}],"wp:attachment":[{"href":"https:\/\/www.letemsvetemapplem.eu\/bazar\/wp-json\/wp\/v2\/media?parent=298245"}],"wp:term":[{"taxonomy":"category","embeddable":true,"href":"https:\/\/www.letemsvetemapplem.eu\/bazar\/wp-json\/wp\/v2\/categories?post=298245"},{"taxonomy":"post_tag","embeddable":true,"href":"https:\/\/www.letemsvetemapplem.eu\/bazar\/wp-json\/wp\/v2\/tags?post=298245"}],"curies":[{"name":"wp","href":"https:\/\/api.w.org\/{rel}","templated":true}]}}