{"id":297640,"date":"2025-09-09T21:07:04","date_gmt":"2025-09-09T20:07:04","guid":{"rendered":"https:\/\/www.letemsvetemapplem.eu\/bazar\/?p=297640"},"modified":"2025-09-09T21:07:04","modified_gmt":"2025-09-09T20:07:04","slug":"iphone-16-pro-max-top-stav-zaruka","status":"publish","type":"post","link":"https:\/\/www.letemsvetemapplem.eu\/bazar\/iphone-16-pro-max-top-stav-zaruka\/","title":{"rendered":"iPhone 16 Pro Max &#8211; TOP stav &#8211; Z\u00e1ruka"},"content":{"rendered":"<p>Hezk\u00fd den, nab\u00edz\u00edm k prodeji iPhone 16 Pro Max v TOP stavu a v z\u00e1ruce do 31.10.2025 u autoriz. prodejce Smarty. Jedn\u00e1 se o barevnou variantu: POU\u0160TN\u00cd TITAN. Pam\u011b\u0165 je 256 gb. D\u016fvod prodeje je p\u0159echod na nov\u011bj\u0161\u00ed model. Telefon byl kupov\u00e1n u autoriz. prodejce Smarty &#8211; dolo\u017e\u00edm fakturou, kter\u00e1 slou\u017e\u00ed i pro z\u00e1ruku. Osobn\u00ed setk\u00e1n\u00ed je mo\u017en\u00e9 v: Brno \/ Svitavy \/ Hradec Kr\u00e1lov\u00e9. Nen\u00ed probl\u00e9m si zavolat a doposlat v\u00edce fotografi\u00ed, vide\u00ed, informac\u00ed\u2026 Jsem otev\u0159en debat\u011b o cen\u011b. D\u00edky.<\/p>\n","protected":false},"excerpt":{"rendered":"<p>Hezk\u00fd den, nab\u00edz\u00edm k prodeji iPhone 16 Pro Max v TOP stavu a v z\u00e1ruce do 31.10.2025 u autoriz. prodejce Smarty. Jedn\u00e1 se o barevnou variantu: POU\u0160TN\u00cd TITAN. Pam\u011b\u0165 je 256 gb. D\u016fvod prodeje je p\u0159echod na nov\u011bj\u0161\u00ed model. Telefon byl kupov\u00e1n u autoriz. prodejce Smarty &#8211; dolo\u017e\u00edm fakturou, kter\u00e1 slou\u017e\u00ed i pro z\u00e1ruku. Osobn\u00ed&#8230;<\/p>\n","protected":false},"author":0,"featured_media":297641,"comment_status":"closed","ping_status":"closed","sticky":false,"template":"","format":"standard","meta":{"footnotes":""},"categories":[143],"tags":[],"class_list":["post-297640","post","type-post","status-publish","format-standard","has-post-thumbnail","hentry","category-bazar-iphone-16-pro"],"yoast_head":"<!-- This site is optimized with the Yoast SEO plugin v27.5 - https:\/\/yoast.com\/product\/yoast-seo-wordpress\/ -->\n<title>iPhone 16 Pro Max - TOP stav - Z\u00e1ruka - Apple bazar<\/title>\n<meta name=\"robots\" content=\"index, follow, max-snippet:-1, max-image-preview:large, max-video-preview:-1\" \/>\n<link rel=\"canonical\" href=\"https:\/\/www.letemsvetemapplem.eu\/bazar\/iphone-16-pro-max-top-stav-zaruka\/\" \/>\n<meta property=\"og:locale\" content=\"cs_CZ\" \/>\n<meta property=\"og:type\" content=\"article\" \/>\n<meta property=\"og:title\" content=\"iPhone 16 Pro Max - TOP stav - Z\u00e1ruka - Apple bazar\" \/>\n<meta property=\"og:description\" content=\"Hezk\u00fd den, nab\u00edz\u00edm k prodeji iPhone 16 Pro Max v TOP stavu a v z\u00e1ruce do 31.10.2025 u autoriz. prodejce Smarty. Jedn\u00e1 se o barevnou variantu: POU\u0160TN\u00cd TITAN. Pam\u011b\u0165 je 256 gb. D\u016fvod prodeje je p\u0159echod na nov\u011bj\u0161\u00ed model. Telefon byl kupov\u00e1n u autoriz. prodejce Smarty &#8211; dolo\u017e\u00edm fakturou, kter\u00e1 slou\u017e\u00ed i pro z\u00e1ruku. Osobn\u00ed...\" \/>\n<meta property=\"og:url\" content=\"https:\/\/www.letemsvetemapplem.eu\/bazar\/iphone-16-pro-max-top-stav-zaruka\/\" \/>\n<meta property=\"og:site_name\" content=\"Apple bazar\" \/>\n<meta property=\"article:published_time\" content=\"2025-09-09T20:07:04+00:00\" \/>\n<meta name=\"twitter:card\" content=\"summary_large_image\" \/>\n<script type=\"application\/ld+json\" class=\"yoast-schema-graph\">{\"@context\":\"https:\\\/\\\/schema.org\",\"@graph\":[{\"@type\":\"Article\",\"@id\":\"https:\\\/\\\/www.letemsvetemapplem.eu\\\/bazar\\\/iphone-16-pro-max-top-stav-zaruka\\\/#article\",\"isPartOf\":{\"@id\":\"https:\\\/\\\/www.letemsvetemapplem.eu\\\/bazar\\\/iphone-16-pro-max-top-stav-zaruka\\\/\"},\"author\":{\"name\":\"\",\"@id\":\"\"},\"headline\":\"iPhone 16 Pro Max &#8211; TOP stav &#8211; Z\u00e1ruka\",\"datePublished\":\"2025-09-09T20:07:04+00:00\",\"mainEntityOfPage\":{\"@id\":\"https:\\\/\\\/www.letemsvetemapplem.eu\\\/bazar\\\/iphone-16-pro-max-top-stav-zaruka\\\/\"},\"wordCount\":102,\"image\":{\"@id\":\"https:\\\/\\\/www.letemsvetemapplem.eu\\\/bazar\\\/iphone-16-pro-max-top-stav-zaruka\\\/#primaryimage\"},\"thumbnailUrl\":\"https:\\\/\\\/www.letemsvetemapplem.eu\\\/bazar\\\/wp-content\\\/uploads\\\/2025\\\/09\\\/1-scaled.jpg\",\"articleSection\":[\"iPhone 16 Pro\"],\"inLanguage\":\"cs\"},{\"@type\":\"WebPage\",\"@id\":\"https:\\\/\\\/www.letemsvetemapplem.eu\\\/bazar\\\/iphone-16-pro-max-top-stav-zaruka\\\/\",\"url\":\"https:\\\/\\\/www.letemsvetemapplem.eu\\\/bazar\\\/iphone-16-pro-max-top-stav-zaruka\\\/\",\"name\":\"iPhone 16 Pro Max - TOP stav - Z\u00e1ruka - Apple bazar\",\"isPartOf\":{\"@id\":\"https:\\\/\\\/www.letemsvetemapplem.eu\\\/bazar\\\/#website\"},\"primaryImageOfPage\":{\"@id\":\"https:\\\/\\\/www.letemsvetemapplem.eu\\\/bazar\\\/iphone-16-pro-max-top-stav-zaruka\\\/#primaryimage\"},\"image\":{\"@id\":\"https:\\\/\\\/www.letemsvetemapplem.eu\\\/bazar\\\/iphone-16-pro-max-top-stav-zaruka\\\/#primaryimage\"},\"thumbnailUrl\":\"https:\\\/\\\/www.letemsvetemapplem.eu\\\/bazar\\\/wp-content\\\/uploads\\\/2025\\\/09\\\/1-scaled.jpg\",\"datePublished\":\"2025-09-09T20:07:04+00:00\",\"author\":{\"@id\":\"\"},\"breadcrumb\":{\"@id\":\"https:\\\/\\\/www.letemsvetemapplem.eu\\\/bazar\\\/iphone-16-pro-max-top-stav-zaruka\\\/#breadcrumb\"},\"inLanguage\":\"cs\",\"potentialAction\":[{\"@type\":\"ReadAction\",\"target\":[\"https:\\\/\\\/www.letemsvetemapplem.eu\\\/bazar\\\/iphone-16-pro-max-top-stav-zaruka\\\/\"]}]},{\"@type\":\"ImageObject\",\"inLanguage\":\"cs\",\"@id\":\"https:\\\/\\\/www.letemsvetemapplem.eu\\\/bazar\\\/iphone-16-pro-max-top-stav-zaruka\\\/#primaryimage\",\"url\":\"https:\\\/\\\/www.letemsvetemapplem.eu\\\/bazar\\\/wp-content\\\/uploads\\\/2025\\\/09\\\/1-scaled.jpg\",\"contentUrl\":\"https:\\\/\\\/www.letemsvetemapplem.eu\\\/bazar\\\/wp-content\\\/uploads\\\/2025\\\/09\\\/1-scaled.jpg\",\"width\":1920,\"height\":2560},{\"@type\":\"BreadcrumbList\",\"@id\":\"https:\\\/\\\/www.letemsvetemapplem.eu\\\/bazar\\\/iphone-16-pro-max-top-stav-zaruka\\\/#breadcrumb\",\"itemListElement\":[{\"@type\":\"ListItem\",\"position\":1,\"name\":\"Apple Bazar\",\"item\":\"https:\\\/\\\/www.letemsvetemapplem.eu\\\/bazar\\\/\"},{\"@type\":\"ListItem\",\"position\":2,\"name\":\"iPhone 16 Pro Max &#8211; TOP stav &#8211; Z\u00e1ruka\"}]},{\"@type\":\"WebSite\",\"@id\":\"https:\\\/\\\/www.letemsvetemapplem.eu\\\/bazar\\\/#website\",\"url\":\"https:\\\/\\\/www.letemsvetemapplem.eu\\\/bazar\\\/\",\"name\":\"Apple bazar\",\"description\":\"Oou\u017eit\u00e9 Apple produkty za skv\u011bl\u00e9 ceny\",\"potentialAction\":[{\"@type\":\"SearchAction\",\"target\":{\"@type\":\"EntryPoint\",\"urlTemplate\":\"https:\\\/\\\/www.letemsvetemapplem.eu\\\/bazar\\\/?s={search_term_string}\"},\"query-input\":{\"@type\":\"PropertyValueSpecification\",\"valueRequired\":true,\"valueName\":\"search_term_string\"}}],\"inLanguage\":\"cs\"}]}<\/script>\n<!-- \/ Yoast SEO plugin. -->","yoast_head_json":{"title":"iPhone 16 Pro Max - TOP stav - Z\u00e1ruka - Apple bazar","robots":{"index":"index","follow":"follow","max-snippet":"max-snippet:-1","max-image-preview":"max-image-preview:large","max-video-preview":"max-video-preview:-1"},"canonical":"https:\/\/www.letemsvetemapplem.eu\/bazar\/iphone-16-pro-max-top-stav-zaruka\/","og_locale":"cs_CZ","og_type":"article","og_title":"iPhone 16 Pro Max - TOP stav - Z\u00e1ruka - Apple bazar","og_description":"Hezk\u00fd den, nab\u00edz\u00edm k prodeji iPhone 16 Pro Max v TOP stavu a v z\u00e1ruce do 31.10.2025 u autoriz. prodejce Smarty. Jedn\u00e1 se o barevnou variantu: POU\u0160TN\u00cd TITAN. Pam\u011b\u0165 je 256 gb. D\u016fvod prodeje je p\u0159echod na nov\u011bj\u0161\u00ed model. Telefon byl kupov\u00e1n u autoriz. prodejce Smarty &#8211; dolo\u017e\u00edm fakturou, kter\u00e1 slou\u017e\u00ed i pro z\u00e1ruku. Osobn\u00ed...","og_url":"https:\/\/www.letemsvetemapplem.eu\/bazar\/iphone-16-pro-max-top-stav-zaruka\/","og_site_name":"Apple bazar","article_published_time":"2025-09-09T20:07:04+00:00","twitter_card":"summary_large_image","schema":{"@context":"https:\/\/schema.org","@graph":[{"@type":"Article","@id":"https:\/\/www.letemsvetemapplem.eu\/bazar\/iphone-16-pro-max-top-stav-zaruka\/#article","isPartOf":{"@id":"https:\/\/www.letemsvetemapplem.eu\/bazar\/iphone-16-pro-max-top-stav-zaruka\/"},"author":{"name":"","@id":""},"headline":"iPhone 16 Pro Max &#8211; TOP stav &#8211; Z\u00e1ruka","datePublished":"2025-09-09T20:07:04+00:00","mainEntityOfPage":{"@id":"https:\/\/www.letemsvetemapplem.eu\/bazar\/iphone-16-pro-max-top-stav-zaruka\/"},"wordCount":102,"image":{"@id":"https:\/\/www.letemsvetemapplem.eu\/bazar\/iphone-16-pro-max-top-stav-zaruka\/#primaryimage"},"thumbnailUrl":"https:\/\/www.letemsvetemapplem.eu\/bazar\/wp-content\/uploads\/2025\/09\/1-scaled.jpg","articleSection":["iPhone 16 Pro"],"inLanguage":"cs"},{"@type":"WebPage","@id":"https:\/\/www.letemsvetemapplem.eu\/bazar\/iphone-16-pro-max-top-stav-zaruka\/","url":"https:\/\/www.letemsvetemapplem.eu\/bazar\/iphone-16-pro-max-top-stav-zaruka\/","name":"iPhone 16 Pro Max - TOP stav - Z\u00e1ruka - Apple bazar","isPartOf":{"@id":"https:\/\/www.letemsvetemapplem.eu\/bazar\/#website"},"primaryImageOfPage":{"@id":"https:\/\/www.letemsvetemapplem.eu\/bazar\/iphone-16-pro-max-top-stav-zaruka\/#primaryimage"},"image":{"@id":"https:\/\/www.letemsvetemapplem.eu\/bazar\/iphone-16-pro-max-top-stav-zaruka\/#primaryimage"},"thumbnailUrl":"https:\/\/www.letemsvetemapplem.eu\/bazar\/wp-content\/uploads\/2025\/09\/1-scaled.jpg","datePublished":"2025-09-09T20:07:04+00:00","author":{"@id":""},"breadcrumb":{"@id":"https:\/\/www.letemsvetemapplem.eu\/bazar\/iphone-16-pro-max-top-stav-zaruka\/#breadcrumb"},"inLanguage":"cs","potentialAction":[{"@type":"ReadAction","target":["https:\/\/www.letemsvetemapplem.eu\/bazar\/iphone-16-pro-max-top-stav-zaruka\/"]}]},{"@type":"ImageObject","inLanguage":"cs","@id":"https:\/\/www.letemsvetemapplem.eu\/bazar\/iphone-16-pro-max-top-stav-zaruka\/#primaryimage","url":"https:\/\/www.letemsvetemapplem.eu\/bazar\/wp-content\/uploads\/2025\/09\/1-scaled.jpg","contentUrl":"https:\/\/www.letemsvetemapplem.eu\/bazar\/wp-content\/uploads\/2025\/09\/1-scaled.jpg","width":1920,"height":2560},{"@type":"BreadcrumbList","@id":"https:\/\/www.letemsvetemapplem.eu\/bazar\/iphone-16-pro-max-top-stav-zaruka\/#breadcrumb","itemListElement":[{"@type":"ListItem","position":1,"name":"Apple Bazar","item":"https:\/\/www.letemsvetemapplem.eu\/bazar\/"},{"@type":"ListItem","position":2,"name":"iPhone 16 Pro Max &#8211; TOP stav &#8211; Z\u00e1ruka"}]},{"@type":"WebSite","@id":"https:\/\/www.letemsvetemapplem.eu\/bazar\/#website","url":"https:\/\/www.letemsvetemapplem.eu\/bazar\/","name":"Apple bazar","description":"Oou\u017eit\u00e9 Apple produkty za skv\u011bl\u00e9 ceny","potentialAction":[{"@type":"SearchAction","target":{"@type":"EntryPoint","urlTemplate":"https:\/\/www.letemsvetemapplem.eu\/bazar\/?s={search_term_string}"},"query-input":{"@type":"PropertyValueSpecification","valueRequired":true,"valueName":"search_term_string"}}],"inLanguage":"cs"}]}},"_links":{"self":[{"href":"https:\/\/www.letemsvetemapplem.eu\/bazar\/wp-json\/wp\/v2\/posts\/297640","targetHints":{"allow":["GET"]}}],"collection":[{"href":"https:\/\/www.letemsvetemapplem.eu\/bazar\/wp-json\/wp\/v2\/posts"}],"about":[{"href":"https:\/\/www.letemsvetemapplem.eu\/bazar\/wp-json\/wp\/v2\/types\/post"}],"replies":[{"embeddable":true,"href":"https:\/\/www.letemsvetemapplem.eu\/bazar\/wp-json\/wp\/v2\/comments?post=297640"}],"version-history":[{"count":1,"href":"https:\/\/www.letemsvetemapplem.eu\/bazar\/wp-json\/wp\/v2\/posts\/297640\/revisions"}],"predecessor-version":[{"id":297648,"href":"https:\/\/www.letemsvetemapplem.eu\/bazar\/wp-json\/wp\/v2\/posts\/297640\/revisions\/297648"}],"wp:featuredmedia":[{"embeddable":true,"href":"https:\/\/www.letemsvetemapplem.eu\/bazar\/wp-json\/wp\/v2\/media\/297641"}],"wp:attachment":[{"href":"https:\/\/www.letemsvetemapplem.eu\/bazar\/wp-json\/wp\/v2\/media?parent=297640"}],"wp:term":[{"taxonomy":"category","embeddable":true,"href":"https:\/\/www.letemsvetemapplem.eu\/bazar\/wp-json\/wp\/v2\/categories?post=297640"},{"taxonomy":"post_tag","embeddable":true,"href":"https:\/\/www.letemsvetemapplem.eu\/bazar\/wp-json\/wp\/v2\/tags?post=297640"}],"curies":[{"name":"wp","href":"https:\/\/api.w.org\/{rel}","templated":true}]}}