{"id":296575,"date":"2025-05-28T21:08:23","date_gmt":"2025-05-28T20:08:23","guid":{"rendered":"https:\/\/www.letemsvetemapplem.eu\/bazar\/?p=296575"},"modified":"2025-05-28T21:08:23","modified_gmt":"2025-05-28T20:08:23","slug":"imac-27-retina-5k-late-2015-i7-32","status":"publish","type":"post","link":"https:\/\/www.letemsvetemapplem.eu\/bazar\/imac-27-retina-5k-late-2015-i7-32\/","title":{"rendered":"iMac 27\u201d Retina 5K (Late 2015) \u2013 i7, 32"},"content":{"rendered":"<p>\ud83d\udcbb iMac 27\u201d Retina 5K (Late 2015) \u2013 i7 \/ 32 GB RAM \/ 1TB SSD<br \/>\nProd\u00e1m kr\u00e1sn\u00fd a v\u00fdkonn\u00fd Apple iMac ve 100% funk\u010dn\u00edm stavu \ud83d\udc8e<\/p>\n<p> \u2705 \u010cty\u0159j\u00e1drov\u00fd Intel Core i7 4.0 GHz<br \/>\n \u2705 32 GB RAM<br \/>\n \u2705 Rychl\u00fd 1 TB SSD disk<br \/>\n \u2705 27&quot; Retina 5K displej<br \/>\n \u2705 macOS Monterey<br \/>\n \u2705 V\u010detn\u011b kl\u00e1vesnice s numerick\u00fdm blokem, Magic Mouse a Magic Trackpadu<\/p>\n<p>\ud83e\uddfc Vy\u010di\u0161t\u011bno, p\u0159einstalov\u00e1no \u2013 sta\u010d\u00ed zapnout a pou\u017e\u00edvat.\u00a8<\/p>\n<p>\ud83d\udcb8 Cena: 10 490 K\u010d <\/p>\n<p> \ud83d\udd0c Ide\u00e1ln\u00ed pro grafiky, st\u0159ih videa, studio nebo i dom\u00e1c\u00ed pou\u017eit\u00ed.<br \/>\n\ud83d\udccd Osobn\u00ed p\u0159ed\u00e1n\u00ed Muka\u0159ov\u2013\u017dernovka<br \/>\n \ud83d\ude97 Po domluv\u011b mohu dov\u00e9zt v okol\u00ed<br \/>\n \ud83d\udce6 Po\u0161lu p\u0159es Z\u00e1silkovnu (kupuj\u00edc\u00ed hrad\u00ed po\u0161tovn\u00e9 + baln\u00e9)<br \/>\n\u26a1\ufe0f Rychl\u00e9 jedn\u00e1n\u00ed v\u00edt\u00e1no \u2013 kdo d\u0159\u00edv p\u0159ijde, ten bere! \ud83d\ude09<\/p>\n<p> \ud83d\udfe2 \u2705 P\u0159ipraven\u00fd k okam\u017eit\u00e9mu pou\u017eit\u00ed<br \/>\n \ud83d\udfe2 \u2705 V\u00fdborn\u00fd stav i v\u00fdkon<br \/>\n \ud83d\udfe2 \u2705 Kompletn\u00ed p\u0159\u00edslu\u0161enstv\u00ed<\/p>\n","protected":false},"excerpt":{"rendered":"<p>\ud83d\udcbb iMac 27\u201d Retina 5K (Late 2015) \u2013 i7 \/ 32 GB RAM \/ 1TB SSD Prod\u00e1m kr\u00e1sn\u00fd a v\u00fdkonn\u00fd Apple iMac ve 100% funk\u010dn\u00edm stavu \ud83d\udc8e \u2705 \u010cty\u0159j\u00e1drov\u00fd Intel Core i7 4.0 GHz \u2705 32 GB RAM \u2705 Rychl\u00fd 1 TB SSD disk \u2705 27&quot; Retina 5K displej \u2705 macOS Monterey \u2705 V\u010detn\u011b kl\u00e1vesnice&#8230;<\/p>\n","protected":false},"author":0,"featured_media":296576,"comment_status":"closed","ping_status":"closed","sticky":false,"template":"","format":"standard","meta":{"footnotes":""},"categories":[41],"tags":[],"class_list":["post-296575","post","type-post","status-publish","format-standard","has-post-thumbnail","hentry","category-imac"],"yoast_head":"<!-- This site is optimized with the Yoast SEO plugin v27.2 - https:\/\/yoast.com\/product\/yoast-seo-wordpress\/ -->\n<title>iMac 27\u201d Retina 5K (Late 2015) \u2013 i7, 32 - Apple bazar<\/title>\n<meta name=\"robots\" content=\"index, follow, max-snippet:-1, max-image-preview:large, max-video-preview:-1\" \/>\n<link rel=\"canonical\" href=\"https:\/\/www.letemsvetemapplem.eu\/bazar\/imac-27-retina-5k-late-2015-i7-32\/\" \/>\n<meta property=\"og:locale\" content=\"cs_CZ\" \/>\n<meta property=\"og:type\" content=\"article\" \/>\n<meta property=\"og:title\" content=\"iMac 27\u201d Retina 5K (Late 2015) \u2013 i7, 32 - Apple bazar\" \/>\n<meta property=\"og:description\" content=\"\ud83d\udcbb iMac 27\u201d Retina 5K (Late 2015) \u2013 i7 \/ 32 GB RAM \/ 1TB SSD Prod\u00e1m kr\u00e1sn\u00fd a v\u00fdkonn\u00fd Apple iMac ve 100% funk\u010dn\u00edm stavu \ud83d\udc8e \u2705 \u010cty\u0159j\u00e1drov\u00fd Intel Core i7 4.0 GHz \u2705 32 GB RAM \u2705 Rychl\u00fd 1 TB SSD disk \u2705 27&quot; Retina 5K displej \u2705 macOS Monterey \u2705 V\u010detn\u011b kl\u00e1vesnice...\" \/>\n<meta property=\"og:url\" content=\"https:\/\/www.letemsvetemapplem.eu\/bazar\/imac-27-retina-5k-late-2015-i7-32\/\" \/>\n<meta property=\"og:site_name\" content=\"Apple bazar\" \/>\n<meta property=\"article:published_time\" content=\"2025-05-28T20:08:23+00:00\" \/>\n<meta property=\"og:image\" content=\"https:\/\/www.letemsvetemapplem.eu\/bazar\/wp-content\/uploads\/2025\/05\/IMAC_PRODEJ_IMG_7536-scaled.jpg\" \/>\n\t<meta property=\"og:image:width\" content=\"1920\" \/>\n\t<meta property=\"og:image:height\" content=\"2560\" \/>\n\t<meta property=\"og:image:type\" content=\"image\/jpeg\" \/>\n<meta name=\"twitter:card\" content=\"summary_large_image\" \/>\n<script type=\"application\/ld+json\" class=\"yoast-schema-graph\">{\"@context\":\"https:\/\/schema.org\",\"@graph\":[{\"@type\":\"Article\",\"@id\":\"https:\/\/www.letemsvetemapplem.eu\/bazar\/imac-27-retina-5k-late-2015-i7-32\/#article\",\"isPartOf\":{\"@id\":\"https:\/\/www.letemsvetemapplem.eu\/bazar\/imac-27-retina-5k-late-2015-i7-32\/\"},\"author\":{\"name\":\"\",\"@id\":\"\"},\"headline\":\"iMac 27\u201d Retina 5K (Late 2015) \u2013 i7, 32\",\"datePublished\":\"2025-05-28T20:08:23+00:00\",\"mainEntityOfPage\":{\"@id\":\"https:\/\/www.letemsvetemapplem.eu\/bazar\/imac-27-retina-5k-late-2015-i7-32\/\"},\"wordCount\":145,\"image\":{\"@id\":\"https:\/\/www.letemsvetemapplem.eu\/bazar\/imac-27-retina-5k-late-2015-i7-32\/#primaryimage\"},\"thumbnailUrl\":\"https:\/\/www.letemsvetemapplem.eu\/bazar\/wp-content\/uploads\/2025\/05\/IMAC_PRODEJ_IMG_7536-scaled.jpg\",\"articleSection\":[\"iMac\"],\"inLanguage\":\"cs\"},{\"@type\":\"WebPage\",\"@id\":\"https:\/\/www.letemsvetemapplem.eu\/bazar\/imac-27-retina-5k-late-2015-i7-32\/\",\"url\":\"https:\/\/www.letemsvetemapplem.eu\/bazar\/imac-27-retina-5k-late-2015-i7-32\/\",\"name\":\"iMac 27\u201d Retina 5K (Late 2015) \u2013 i7, 32 - Apple bazar\",\"isPartOf\":{\"@id\":\"https:\/\/www.letemsvetemapplem.eu\/bazar\/#website\"},\"primaryImageOfPage\":{\"@id\":\"https:\/\/www.letemsvetemapplem.eu\/bazar\/imac-27-retina-5k-late-2015-i7-32\/#primaryimage\"},\"image\":{\"@id\":\"https:\/\/www.letemsvetemapplem.eu\/bazar\/imac-27-retina-5k-late-2015-i7-32\/#primaryimage\"},\"thumbnailUrl\":\"https:\/\/www.letemsvetemapplem.eu\/bazar\/wp-content\/uploads\/2025\/05\/IMAC_PRODEJ_IMG_7536-scaled.jpg\",\"datePublished\":\"2025-05-28T20:08:23+00:00\",\"author\":{\"@id\":\"\"},\"breadcrumb\":{\"@id\":\"https:\/\/www.letemsvetemapplem.eu\/bazar\/imac-27-retina-5k-late-2015-i7-32\/#breadcrumb\"},\"inLanguage\":\"cs\",\"potentialAction\":[{\"@type\":\"ReadAction\",\"target\":[\"https:\/\/www.letemsvetemapplem.eu\/bazar\/imac-27-retina-5k-late-2015-i7-32\/\"]}]},{\"@type\":\"ImageObject\",\"inLanguage\":\"cs\",\"@id\":\"https:\/\/www.letemsvetemapplem.eu\/bazar\/imac-27-retina-5k-late-2015-i7-32\/#primaryimage\",\"url\":\"https:\/\/www.letemsvetemapplem.eu\/bazar\/wp-content\/uploads\/2025\/05\/IMAC_PRODEJ_IMG_7536-scaled.jpg\",\"contentUrl\":\"https:\/\/www.letemsvetemapplem.eu\/bazar\/wp-content\/uploads\/2025\/05\/IMAC_PRODEJ_IMG_7536-scaled.jpg\",\"width\":1920,\"height\":2560},{\"@type\":\"BreadcrumbList\",\"@id\":\"https:\/\/www.letemsvetemapplem.eu\/bazar\/imac-27-retina-5k-late-2015-i7-32\/#breadcrumb\",\"itemListElement\":[{\"@type\":\"ListItem\",\"position\":1,\"name\":\"Apple Bazar\",\"item\":\"https:\/\/www.letemsvetemapplem.eu\/bazar\/\"},{\"@type\":\"ListItem\",\"position\":2,\"name\":\"iMac 27\u201d Retina 5K (Late 2015) \u2013 i7, 32\"}]},{\"@type\":\"WebSite\",\"@id\":\"https:\/\/www.letemsvetemapplem.eu\/bazar\/#website\",\"url\":\"https:\/\/www.letemsvetemapplem.eu\/bazar\/\",\"name\":\"Apple bazar\",\"description\":\"Oou\u017eit\u00e9 Apple produkty za skv\u011bl\u00e9 ceny\",\"potentialAction\":[{\"@type\":\"SearchAction\",\"target\":{\"@type\":\"EntryPoint\",\"urlTemplate\":\"https:\/\/www.letemsvetemapplem.eu\/bazar\/?s={search_term_string}\"},\"query-input\":{\"@type\":\"PropertyValueSpecification\",\"valueRequired\":true,\"valueName\":\"search_term_string\"}}],\"inLanguage\":\"cs\"}]}<\/script>\n<!-- \/ Yoast SEO plugin. -->","yoast_head_json":{"title":"iMac 27\u201d Retina 5K (Late 2015) \u2013 i7, 32 - Apple bazar","robots":{"index":"index","follow":"follow","max-snippet":"max-snippet:-1","max-image-preview":"max-image-preview:large","max-video-preview":"max-video-preview:-1"},"canonical":"https:\/\/www.letemsvetemapplem.eu\/bazar\/imac-27-retina-5k-late-2015-i7-32\/","og_locale":"cs_CZ","og_type":"article","og_title":"iMac 27\u201d Retina 5K (Late 2015) \u2013 i7, 32 - Apple bazar","og_description":"\ud83d\udcbb iMac 27\u201d Retina 5K (Late 2015) \u2013 i7 \/ 32 GB RAM \/ 1TB SSD Prod\u00e1m kr\u00e1sn\u00fd a v\u00fdkonn\u00fd Apple iMac ve 100% funk\u010dn\u00edm stavu \ud83d\udc8e \u2705 \u010cty\u0159j\u00e1drov\u00fd Intel Core i7 4.0 GHz \u2705 32 GB RAM \u2705 Rychl\u00fd 1 TB SSD disk \u2705 27&quot; Retina 5K displej \u2705 macOS Monterey \u2705 V\u010detn\u011b kl\u00e1vesnice...","og_url":"https:\/\/www.letemsvetemapplem.eu\/bazar\/imac-27-retina-5k-late-2015-i7-32\/","og_site_name":"Apple bazar","article_published_time":"2025-05-28T20:08:23+00:00","og_image":[{"width":1920,"height":2560,"url":"https:\/\/www.letemsvetemapplem.eu\/bazar\/wp-content\/uploads\/2025\/05\/IMAC_PRODEJ_IMG_7536-scaled.jpg","type":"image\/jpeg"}],"twitter_card":"summary_large_image","schema":{"@context":"https:\/\/schema.org","@graph":[{"@type":"Article","@id":"https:\/\/www.letemsvetemapplem.eu\/bazar\/imac-27-retina-5k-late-2015-i7-32\/#article","isPartOf":{"@id":"https:\/\/www.letemsvetemapplem.eu\/bazar\/imac-27-retina-5k-late-2015-i7-32\/"},"author":{"name":"","@id":""},"headline":"iMac 27\u201d Retina 5K (Late 2015) \u2013 i7, 32","datePublished":"2025-05-28T20:08:23+00:00","mainEntityOfPage":{"@id":"https:\/\/www.letemsvetemapplem.eu\/bazar\/imac-27-retina-5k-late-2015-i7-32\/"},"wordCount":145,"image":{"@id":"https:\/\/www.letemsvetemapplem.eu\/bazar\/imac-27-retina-5k-late-2015-i7-32\/#primaryimage"},"thumbnailUrl":"https:\/\/www.letemsvetemapplem.eu\/bazar\/wp-content\/uploads\/2025\/05\/IMAC_PRODEJ_IMG_7536-scaled.jpg","articleSection":["iMac"],"inLanguage":"cs"},{"@type":"WebPage","@id":"https:\/\/www.letemsvetemapplem.eu\/bazar\/imac-27-retina-5k-late-2015-i7-32\/","url":"https:\/\/www.letemsvetemapplem.eu\/bazar\/imac-27-retina-5k-late-2015-i7-32\/","name":"iMac 27\u201d Retina 5K (Late 2015) \u2013 i7, 32 - Apple bazar","isPartOf":{"@id":"https:\/\/www.letemsvetemapplem.eu\/bazar\/#website"},"primaryImageOfPage":{"@id":"https:\/\/www.letemsvetemapplem.eu\/bazar\/imac-27-retina-5k-late-2015-i7-32\/#primaryimage"},"image":{"@id":"https:\/\/www.letemsvetemapplem.eu\/bazar\/imac-27-retina-5k-late-2015-i7-32\/#primaryimage"},"thumbnailUrl":"https:\/\/www.letemsvetemapplem.eu\/bazar\/wp-content\/uploads\/2025\/05\/IMAC_PRODEJ_IMG_7536-scaled.jpg","datePublished":"2025-05-28T20:08:23+00:00","author":{"@id":""},"breadcrumb":{"@id":"https:\/\/www.letemsvetemapplem.eu\/bazar\/imac-27-retina-5k-late-2015-i7-32\/#breadcrumb"},"inLanguage":"cs","potentialAction":[{"@type":"ReadAction","target":["https:\/\/www.letemsvetemapplem.eu\/bazar\/imac-27-retina-5k-late-2015-i7-32\/"]}]},{"@type":"ImageObject","inLanguage":"cs","@id":"https:\/\/www.letemsvetemapplem.eu\/bazar\/imac-27-retina-5k-late-2015-i7-32\/#primaryimage","url":"https:\/\/www.letemsvetemapplem.eu\/bazar\/wp-content\/uploads\/2025\/05\/IMAC_PRODEJ_IMG_7536-scaled.jpg","contentUrl":"https:\/\/www.letemsvetemapplem.eu\/bazar\/wp-content\/uploads\/2025\/05\/IMAC_PRODEJ_IMG_7536-scaled.jpg","width":1920,"height":2560},{"@type":"BreadcrumbList","@id":"https:\/\/www.letemsvetemapplem.eu\/bazar\/imac-27-retina-5k-late-2015-i7-32\/#breadcrumb","itemListElement":[{"@type":"ListItem","position":1,"name":"Apple Bazar","item":"https:\/\/www.letemsvetemapplem.eu\/bazar\/"},{"@type":"ListItem","position":2,"name":"iMac 27\u201d Retina 5K (Late 2015) \u2013 i7, 32"}]},{"@type":"WebSite","@id":"https:\/\/www.letemsvetemapplem.eu\/bazar\/#website","url":"https:\/\/www.letemsvetemapplem.eu\/bazar\/","name":"Apple bazar","description":"Oou\u017eit\u00e9 Apple produkty za skv\u011bl\u00e9 ceny","potentialAction":[{"@type":"SearchAction","target":{"@type":"EntryPoint","urlTemplate":"https:\/\/www.letemsvetemapplem.eu\/bazar\/?s={search_term_string}"},"query-input":{"@type":"PropertyValueSpecification","valueRequired":true,"valueName":"search_term_string"}}],"inLanguage":"cs"}]}},"_links":{"self":[{"href":"https:\/\/www.letemsvetemapplem.eu\/bazar\/wp-json\/wp\/v2\/posts\/296575","targetHints":{"allow":["GET"]}}],"collection":[{"href":"https:\/\/www.letemsvetemapplem.eu\/bazar\/wp-json\/wp\/v2\/posts"}],"about":[{"href":"https:\/\/www.letemsvetemapplem.eu\/bazar\/wp-json\/wp\/v2\/types\/post"}],"replies":[{"embeddable":true,"href":"https:\/\/www.letemsvetemapplem.eu\/bazar\/wp-json\/wp\/v2\/comments?post=296575"}],"version-history":[{"count":1,"href":"https:\/\/www.letemsvetemapplem.eu\/bazar\/wp-json\/wp\/v2\/posts\/296575\/revisions"}],"predecessor-version":[{"id":296583,"href":"https:\/\/www.letemsvetemapplem.eu\/bazar\/wp-json\/wp\/v2\/posts\/296575\/revisions\/296583"}],"wp:featuredmedia":[{"embeddable":true,"href":"https:\/\/www.letemsvetemapplem.eu\/bazar\/wp-json\/wp\/v2\/media\/296576"}],"wp:attachment":[{"href":"https:\/\/www.letemsvetemapplem.eu\/bazar\/wp-json\/wp\/v2\/media?parent=296575"}],"wp:term":[{"taxonomy":"category","embeddable":true,"href":"https:\/\/www.letemsvetemapplem.eu\/bazar\/wp-json\/wp\/v2\/categories?post=296575"},{"taxonomy":"post_tag","embeddable":true,"href":"https:\/\/www.letemsvetemapplem.eu\/bazar\/wp-json\/wp\/v2\/tags?post=296575"}],"curies":[{"name":"wp","href":"https:\/\/api.w.org\/{rel}","templated":true}]}}