{"id":295880,"date":"2025-03-30T19:59:03","date_gmt":"2025-03-30T18:59:03","guid":{"rendered":"https:\/\/www.letemsvetemapplem.eu\/bazar\/?p=295880"},"modified":"2025-03-30T19:59:03","modified_gmt":"2025-03-30T18:59:03","slug":"iphone-16-pro-max-1tb-black-2r-zaruka","status":"publish","type":"post","link":"https:\/\/www.letemsvetemapplem.eu\/bazar\/iphone-16-pro-max-1tb-black-2r-zaruka\/","title":{"rendered":"iPhone 16 Pro Max 1TB black. 2r zaruka"},"content":{"rendered":"<p>Dobry den,<\/p>\n<p>prodam nerozbaleny Apple iPhone 16 Pro Max 1TB cerne barvy, ktery byl zakoupen u spolecnosti Vodafone s dvouletou zarukou. Zarucni list je soucasti prodeje. Cena pevna, vymena mozna za Vas iPhone ci Samsung dle vykupni ceny. Nesmlouvam. Prosim jen o seriozni zajemce. Dekuji.<\/p>\n<p>Preferuji osobni predani v Otrokovicich, po dohode mohu zaslat postou.<\/p>\n<p>S pozdravem<\/p>\n<p>Josef<\/p>\n","protected":false},"excerpt":{"rendered":"<p>Dobry den, prodam nerozbaleny Apple iPhone 16 Pro Max 1TB cerne barvy, ktery byl zakoupen u spolecnosti Vodafone s dvouletou zarukou. Zarucni list je soucasti prodeje. Cena pevna, vymena mozna za Vas iPhone ci Samsung dle vykupni ceny. Nesmlouvam. Prosim jen o seriozni zajemce. Dekuji. Preferuji osobni predani v Otrokovicich, po dohode mohu zaslat postou&#8230;.<\/p>\n","protected":false},"author":0,"featured_media":295881,"comment_status":"closed","ping_status":"closed","sticky":false,"template":"","format":"standard","meta":{"footnotes":""},"categories":[143],"tags":[],"class_list":["post-295880","post","type-post","status-publish","format-standard","has-post-thumbnail","hentry","category-bazar-iphone-16-pro"],"yoast_head":"<!-- This site is optimized with the Yoast SEO plugin v27.5 - https:\/\/yoast.com\/product\/yoast-seo-wordpress\/ -->\n<title>iPhone 16 Pro Max 1TB black. 2r zaruka - Apple bazar<\/title>\n<meta name=\"robots\" content=\"index, follow, max-snippet:-1, max-image-preview:large, max-video-preview:-1\" \/>\n<link rel=\"canonical\" href=\"https:\/\/www.letemsvetemapplem.eu\/bazar\/iphone-16-pro-max-1tb-black-2r-zaruka\/\" \/>\n<meta property=\"og:locale\" content=\"cs_CZ\" \/>\n<meta property=\"og:type\" content=\"article\" \/>\n<meta property=\"og:title\" content=\"iPhone 16 Pro Max 1TB black. 2r zaruka - Apple bazar\" \/>\n<meta property=\"og:description\" content=\"Dobry den, prodam nerozbaleny Apple iPhone 16 Pro Max 1TB cerne barvy, ktery byl zakoupen u spolecnosti Vodafone s dvouletou zarukou. Zarucni list je soucasti prodeje. Cena pevna, vymena mozna za Vas iPhone ci Samsung dle vykupni ceny. Nesmlouvam. Prosim jen o seriozni zajemce. Dekuji. Preferuji osobni predani v Otrokovicich, po dohode mohu zaslat postou....\" \/>\n<meta property=\"og:url\" content=\"https:\/\/www.letemsvetemapplem.eu\/bazar\/iphone-16-pro-max-1tb-black-2r-zaruka\/\" \/>\n<meta property=\"og:site_name\" content=\"Apple bazar\" \/>\n<meta property=\"article:published_time\" content=\"2025-03-30T18:59:03+00:00\" \/>\n<meta property=\"og:image\" content=\"https:\/\/www.letemsvetemapplem.eu\/bazar\/wp-content\/uploads\/2025\/03\/IMG_9717-scaled.jpeg\" \/>\n\t<meta property=\"og:image:width\" content=\"1920\" \/>\n\t<meta property=\"og:image:height\" content=\"2560\" \/>\n\t<meta property=\"og:image:type\" content=\"image\/jpeg\" \/>\n<meta name=\"twitter:card\" content=\"summary_large_image\" \/>\n<script type=\"application\/ld+json\" class=\"yoast-schema-graph\">{\"@context\":\"https:\\\/\\\/schema.org\",\"@graph\":[{\"@type\":\"Article\",\"@id\":\"https:\\\/\\\/www.letemsvetemapplem.eu\\\/bazar\\\/iphone-16-pro-max-1tb-black-2r-zaruka\\\/#article\",\"isPartOf\":{\"@id\":\"https:\\\/\\\/www.letemsvetemapplem.eu\\\/bazar\\\/iphone-16-pro-max-1tb-black-2r-zaruka\\\/\"},\"author\":{\"name\":\"\",\"@id\":\"\"},\"headline\":\"iPhone 16 Pro Max 1TB black. 2r zaruka\",\"datePublished\":\"2025-03-30T18:59:03+00:00\",\"mainEntityOfPage\":{\"@id\":\"https:\\\/\\\/www.letemsvetemapplem.eu\\\/bazar\\\/iphone-16-pro-max-1tb-black-2r-zaruka\\\/\"},\"wordCount\":64,\"image\":{\"@id\":\"https:\\\/\\\/www.letemsvetemapplem.eu\\\/bazar\\\/iphone-16-pro-max-1tb-black-2r-zaruka\\\/#primaryimage\"},\"thumbnailUrl\":\"https:\\\/\\\/www.letemsvetemapplem.eu\\\/bazar\\\/wp-content\\\/uploads\\\/2025\\\/03\\\/IMG_9717-scaled.jpeg\",\"articleSection\":[\"iPhone 16 Pro\"],\"inLanguage\":\"cs\"},{\"@type\":\"WebPage\",\"@id\":\"https:\\\/\\\/www.letemsvetemapplem.eu\\\/bazar\\\/iphone-16-pro-max-1tb-black-2r-zaruka\\\/\",\"url\":\"https:\\\/\\\/www.letemsvetemapplem.eu\\\/bazar\\\/iphone-16-pro-max-1tb-black-2r-zaruka\\\/\",\"name\":\"iPhone 16 Pro Max 1TB black. 2r zaruka - Apple bazar\",\"isPartOf\":{\"@id\":\"https:\\\/\\\/www.letemsvetemapplem.eu\\\/bazar\\\/#website\"},\"primaryImageOfPage\":{\"@id\":\"https:\\\/\\\/www.letemsvetemapplem.eu\\\/bazar\\\/iphone-16-pro-max-1tb-black-2r-zaruka\\\/#primaryimage\"},\"image\":{\"@id\":\"https:\\\/\\\/www.letemsvetemapplem.eu\\\/bazar\\\/iphone-16-pro-max-1tb-black-2r-zaruka\\\/#primaryimage\"},\"thumbnailUrl\":\"https:\\\/\\\/www.letemsvetemapplem.eu\\\/bazar\\\/wp-content\\\/uploads\\\/2025\\\/03\\\/IMG_9717-scaled.jpeg\",\"datePublished\":\"2025-03-30T18:59:03+00:00\",\"author\":{\"@id\":\"\"},\"breadcrumb\":{\"@id\":\"https:\\\/\\\/www.letemsvetemapplem.eu\\\/bazar\\\/iphone-16-pro-max-1tb-black-2r-zaruka\\\/#breadcrumb\"},\"inLanguage\":\"cs\",\"potentialAction\":[{\"@type\":\"ReadAction\",\"target\":[\"https:\\\/\\\/www.letemsvetemapplem.eu\\\/bazar\\\/iphone-16-pro-max-1tb-black-2r-zaruka\\\/\"]}]},{\"@type\":\"ImageObject\",\"inLanguage\":\"cs\",\"@id\":\"https:\\\/\\\/www.letemsvetemapplem.eu\\\/bazar\\\/iphone-16-pro-max-1tb-black-2r-zaruka\\\/#primaryimage\",\"url\":\"https:\\\/\\\/www.letemsvetemapplem.eu\\\/bazar\\\/wp-content\\\/uploads\\\/2025\\\/03\\\/IMG_9717-scaled.jpeg\",\"contentUrl\":\"https:\\\/\\\/www.letemsvetemapplem.eu\\\/bazar\\\/wp-content\\\/uploads\\\/2025\\\/03\\\/IMG_9717-scaled.jpeg\",\"width\":1920,\"height\":2560},{\"@type\":\"BreadcrumbList\",\"@id\":\"https:\\\/\\\/www.letemsvetemapplem.eu\\\/bazar\\\/iphone-16-pro-max-1tb-black-2r-zaruka\\\/#breadcrumb\",\"itemListElement\":[{\"@type\":\"ListItem\",\"position\":1,\"name\":\"Apple Bazar\",\"item\":\"https:\\\/\\\/www.letemsvetemapplem.eu\\\/bazar\\\/\"},{\"@type\":\"ListItem\",\"position\":2,\"name\":\"iPhone 16 Pro Max 1TB black. 2r zaruka\"}]},{\"@type\":\"WebSite\",\"@id\":\"https:\\\/\\\/www.letemsvetemapplem.eu\\\/bazar\\\/#website\",\"url\":\"https:\\\/\\\/www.letemsvetemapplem.eu\\\/bazar\\\/\",\"name\":\"Apple bazar\",\"description\":\"Oou\u017eit\u00e9 Apple produkty za skv\u011bl\u00e9 ceny\",\"potentialAction\":[{\"@type\":\"SearchAction\",\"target\":{\"@type\":\"EntryPoint\",\"urlTemplate\":\"https:\\\/\\\/www.letemsvetemapplem.eu\\\/bazar\\\/?s={search_term_string}\"},\"query-input\":{\"@type\":\"PropertyValueSpecification\",\"valueRequired\":true,\"valueName\":\"search_term_string\"}}],\"inLanguage\":\"cs\"}]}<\/script>\n<!-- \/ Yoast SEO plugin. -->","yoast_head_json":{"title":"iPhone 16 Pro Max 1TB black. 2r zaruka - Apple bazar","robots":{"index":"index","follow":"follow","max-snippet":"max-snippet:-1","max-image-preview":"max-image-preview:large","max-video-preview":"max-video-preview:-1"},"canonical":"https:\/\/www.letemsvetemapplem.eu\/bazar\/iphone-16-pro-max-1tb-black-2r-zaruka\/","og_locale":"cs_CZ","og_type":"article","og_title":"iPhone 16 Pro Max 1TB black. 2r zaruka - Apple bazar","og_description":"Dobry den, prodam nerozbaleny Apple iPhone 16 Pro Max 1TB cerne barvy, ktery byl zakoupen u spolecnosti Vodafone s dvouletou zarukou. Zarucni list je soucasti prodeje. Cena pevna, vymena mozna za Vas iPhone ci Samsung dle vykupni ceny. Nesmlouvam. Prosim jen o seriozni zajemce. Dekuji. Preferuji osobni predani v Otrokovicich, po dohode mohu zaslat postou....","og_url":"https:\/\/www.letemsvetemapplem.eu\/bazar\/iphone-16-pro-max-1tb-black-2r-zaruka\/","og_site_name":"Apple bazar","article_published_time":"2025-03-30T18:59:03+00:00","og_image":[{"width":1920,"height":2560,"url":"https:\/\/www.letemsvetemapplem.eu\/bazar\/wp-content\/uploads\/2025\/03\/IMG_9717-scaled.jpeg","type":"image\/jpeg"}],"twitter_card":"summary_large_image","schema":{"@context":"https:\/\/schema.org","@graph":[{"@type":"Article","@id":"https:\/\/www.letemsvetemapplem.eu\/bazar\/iphone-16-pro-max-1tb-black-2r-zaruka\/#article","isPartOf":{"@id":"https:\/\/www.letemsvetemapplem.eu\/bazar\/iphone-16-pro-max-1tb-black-2r-zaruka\/"},"author":{"name":"","@id":""},"headline":"iPhone 16 Pro Max 1TB black. 2r zaruka","datePublished":"2025-03-30T18:59:03+00:00","mainEntityOfPage":{"@id":"https:\/\/www.letemsvetemapplem.eu\/bazar\/iphone-16-pro-max-1tb-black-2r-zaruka\/"},"wordCount":64,"image":{"@id":"https:\/\/www.letemsvetemapplem.eu\/bazar\/iphone-16-pro-max-1tb-black-2r-zaruka\/#primaryimage"},"thumbnailUrl":"https:\/\/www.letemsvetemapplem.eu\/bazar\/wp-content\/uploads\/2025\/03\/IMG_9717-scaled.jpeg","articleSection":["iPhone 16 Pro"],"inLanguage":"cs"},{"@type":"WebPage","@id":"https:\/\/www.letemsvetemapplem.eu\/bazar\/iphone-16-pro-max-1tb-black-2r-zaruka\/","url":"https:\/\/www.letemsvetemapplem.eu\/bazar\/iphone-16-pro-max-1tb-black-2r-zaruka\/","name":"iPhone 16 Pro Max 1TB black. 2r zaruka - Apple bazar","isPartOf":{"@id":"https:\/\/www.letemsvetemapplem.eu\/bazar\/#website"},"primaryImageOfPage":{"@id":"https:\/\/www.letemsvetemapplem.eu\/bazar\/iphone-16-pro-max-1tb-black-2r-zaruka\/#primaryimage"},"image":{"@id":"https:\/\/www.letemsvetemapplem.eu\/bazar\/iphone-16-pro-max-1tb-black-2r-zaruka\/#primaryimage"},"thumbnailUrl":"https:\/\/www.letemsvetemapplem.eu\/bazar\/wp-content\/uploads\/2025\/03\/IMG_9717-scaled.jpeg","datePublished":"2025-03-30T18:59:03+00:00","author":{"@id":""},"breadcrumb":{"@id":"https:\/\/www.letemsvetemapplem.eu\/bazar\/iphone-16-pro-max-1tb-black-2r-zaruka\/#breadcrumb"},"inLanguage":"cs","potentialAction":[{"@type":"ReadAction","target":["https:\/\/www.letemsvetemapplem.eu\/bazar\/iphone-16-pro-max-1tb-black-2r-zaruka\/"]}]},{"@type":"ImageObject","inLanguage":"cs","@id":"https:\/\/www.letemsvetemapplem.eu\/bazar\/iphone-16-pro-max-1tb-black-2r-zaruka\/#primaryimage","url":"https:\/\/www.letemsvetemapplem.eu\/bazar\/wp-content\/uploads\/2025\/03\/IMG_9717-scaled.jpeg","contentUrl":"https:\/\/www.letemsvetemapplem.eu\/bazar\/wp-content\/uploads\/2025\/03\/IMG_9717-scaled.jpeg","width":1920,"height":2560},{"@type":"BreadcrumbList","@id":"https:\/\/www.letemsvetemapplem.eu\/bazar\/iphone-16-pro-max-1tb-black-2r-zaruka\/#breadcrumb","itemListElement":[{"@type":"ListItem","position":1,"name":"Apple Bazar","item":"https:\/\/www.letemsvetemapplem.eu\/bazar\/"},{"@type":"ListItem","position":2,"name":"iPhone 16 Pro Max 1TB black. 2r zaruka"}]},{"@type":"WebSite","@id":"https:\/\/www.letemsvetemapplem.eu\/bazar\/#website","url":"https:\/\/www.letemsvetemapplem.eu\/bazar\/","name":"Apple bazar","description":"Oou\u017eit\u00e9 Apple produkty za skv\u011bl\u00e9 ceny","potentialAction":[{"@type":"SearchAction","target":{"@type":"EntryPoint","urlTemplate":"https:\/\/www.letemsvetemapplem.eu\/bazar\/?s={search_term_string}"},"query-input":{"@type":"PropertyValueSpecification","valueRequired":true,"valueName":"search_term_string"}}],"inLanguage":"cs"}]}},"_links":{"self":[{"href":"https:\/\/www.letemsvetemapplem.eu\/bazar\/wp-json\/wp\/v2\/posts\/295880","targetHints":{"allow":["GET"]}}],"collection":[{"href":"https:\/\/www.letemsvetemapplem.eu\/bazar\/wp-json\/wp\/v2\/posts"}],"about":[{"href":"https:\/\/www.letemsvetemapplem.eu\/bazar\/wp-json\/wp\/v2\/types\/post"}],"replies":[{"embeddable":true,"href":"https:\/\/www.letemsvetemapplem.eu\/bazar\/wp-json\/wp\/v2\/comments?post=295880"}],"version-history":[{"count":1,"href":"https:\/\/www.letemsvetemapplem.eu\/bazar\/wp-json\/wp\/v2\/posts\/295880\/revisions"}],"predecessor-version":[{"id":295884,"href":"https:\/\/www.letemsvetemapplem.eu\/bazar\/wp-json\/wp\/v2\/posts\/295880\/revisions\/295884"}],"wp:featuredmedia":[{"embeddable":true,"href":"https:\/\/www.letemsvetemapplem.eu\/bazar\/wp-json\/wp\/v2\/media\/295881"}],"wp:attachment":[{"href":"https:\/\/www.letemsvetemapplem.eu\/bazar\/wp-json\/wp\/v2\/media?parent=295880"}],"wp:term":[{"taxonomy":"category","embeddable":true,"href":"https:\/\/www.letemsvetemapplem.eu\/bazar\/wp-json\/wp\/v2\/categories?post=295880"},{"taxonomy":"post_tag","embeddable":true,"href":"https:\/\/www.letemsvetemapplem.eu\/bazar\/wp-json\/wp\/v2\/tags?post=295880"}],"curies":[{"name":"wp","href":"https:\/\/api.w.org\/{rel}","templated":true}]}}