{"id":294419,"date":"2025-01-05T11:37:31","date_gmt":"2025-01-05T10:37:31","guid":{"rendered":"https:\/\/www.letemsvetemapplem.eu\/bazar\/?p=294419"},"modified":"2025-01-05T11:37:31","modified_gmt":"2025-01-05T10:37:31","slug":"apple-watch-3-38-mm-space-gray","status":"publish","type":"post","link":"https:\/\/www.letemsvetemapplem.eu\/bazar\/apple-watch-3-38-mm-space-gray\/","title":{"rendered":"Apple Watch 3 &#8211; 38 mm (Space Gray)"},"content":{"rendered":"<p>Nab\u00edz\u00edm k prodeji \uf8ff Apple Watch Series 3 &#8211; 38 mm. Jedn\u00e1 se o Apple Watch v hlin\u00edkov\u00e9m proveden\u00ed Space Gray se sportovn\u00edm \u0159em\u00ednkem Nike Flat Silver\/Volt vel. S\/M, M\/L. Hodinky jsou pou\u017e\u00edvan\u00e9 a nesou zn\u00e1mky pou\u017e\u00edv\u00e1n\u00ed, ale jsou v p\u011bkn\u00e9m vizu\u00e1ln\u00edm stavu na sv\u016fj v\u011bk (viz fotografie). Hodinky jsou funk\u010dn\u00ed 100% funk\u010dn\u00ed, baterie je ve velmi dobr\u00e9m stavu (96% p\u016fvodn\u00ed kapacity). Baterie vydr\u017e\u00ed celodenn\u00ed pou\u017e\u00edv\u00e1n\u00ed. Apple Watch jsou resetov\u00e1ny do tov\u00e1rn\u00edho nastaven\u00ed. Ide\u00e1ln\u00ed pro nen\u00e1ro\u010dn\u00e9ho u\u017eivatele sportovn\u00edch aktivit. D\u016fvod prodeje je p\u0159echod na nov\u011bj\u0161\u00ed model..<\/p>\n<p>Sou\u010d\u00e1st\u00ed prodeje:<br \/>\n&#8211; Apple Watch 3 &#8211; 38 mm<br \/>\n&#8211; \u0158em\u00ednek S\/M + M\/L<br \/>\n&#8211; Nab\u00edjec\u00ed kabel<br \/>\n&#8211; Origin\u00e1ln\u00ed krabi\u010dka<\/p>\n<p>Osobn\u00ed p\u0159ed\u00e1n\u00ed v Praze nebo z\u00e1silkovnou.<br \/>\nPlat\u00ed do smaz\u00e1n\u00ed..<br \/>\nCena 2 390 K\u010d<\/p>\n","protected":false},"excerpt":{"rendered":"<p>Nab\u00edz\u00edm k prodeji \uf8ff Apple Watch Series 3 &#8211; 38 mm. Jedn\u00e1 se o Apple Watch v hlin\u00edkov\u00e9m proveden\u00ed Space Gray se sportovn\u00edm \u0159em\u00ednkem Nike Flat Silver\/Volt vel. S\/M, M\/L. Hodinky jsou pou\u017e\u00edvan\u00e9 a nesou zn\u00e1mky pou\u017e\u00edv\u00e1n\u00ed, ale jsou v p\u011bkn\u00e9m vizu\u00e1ln\u00edm stavu na sv\u016fj v\u011bk (viz fotografie). Hodinky jsou funk\u010dn\u00ed 100% funk\u010dn\u00ed, baterie je&#8230;<\/p>\n","protected":false},"author":0,"featured_media":294420,"comment_status":"closed","ping_status":"closed","sticky":false,"template":"","format":"standard","meta":{"footnotes":""},"categories":[59],"tags":[],"class_list":["post-294419","post","type-post","status-publish","format-standard","has-post-thumbnail","hentry","category-apple-watch-series-3"],"yoast_head":"<!-- This site is optimized with the Yoast SEO plugin v27.5 - https:\/\/yoast.com\/product\/yoast-seo-wordpress\/ -->\n<title>Apple Watch 3 - 38 mm (Space Gray) - Apple bazar<\/title>\n<meta name=\"robots\" content=\"index, follow, max-snippet:-1, max-image-preview:large, max-video-preview:-1\" \/>\n<link rel=\"canonical\" href=\"https:\/\/www.letemsvetemapplem.eu\/bazar\/apple-watch-3-38-mm-space-gray\/\" \/>\n<meta property=\"og:locale\" content=\"cs_CZ\" \/>\n<meta property=\"og:type\" content=\"article\" \/>\n<meta property=\"og:title\" content=\"Apple Watch 3 - 38 mm (Space Gray) - Apple bazar\" \/>\n<meta property=\"og:description\" content=\"Nab\u00edz\u00edm k prodeji \uf8ff Apple Watch Series 3 &#8211; 38 mm. Jedn\u00e1 se o Apple Watch v hlin\u00edkov\u00e9m proveden\u00ed Space Gray se sportovn\u00edm \u0159em\u00ednkem Nike Flat Silver\/Volt vel. S\/M, M\/L. Hodinky jsou pou\u017e\u00edvan\u00e9 a nesou zn\u00e1mky pou\u017e\u00edv\u00e1n\u00ed, ale jsou v p\u011bkn\u00e9m vizu\u00e1ln\u00edm stavu na sv\u016fj v\u011bk (viz fotografie). Hodinky jsou funk\u010dn\u00ed 100% funk\u010dn\u00ed, baterie je...\" \/>\n<meta property=\"og:url\" content=\"https:\/\/www.letemsvetemapplem.eu\/bazar\/apple-watch-3-38-mm-space-gray\/\" \/>\n<meta property=\"og:site_name\" content=\"Apple bazar\" \/>\n<meta property=\"article:published_time\" content=\"2025-01-05T10:37:31+00:00\" \/>\n<meta property=\"og:image\" content=\"https:\/\/www.letemsvetemapplem.eu\/bazar\/wp-content\/uploads\/2025\/01\/IMG_8006.jpeg\" \/>\n\t<meta property=\"og:image:width\" content=\"1682\" \/>\n\t<meta property=\"og:image:height\" content=\"1262\" \/>\n\t<meta property=\"og:image:type\" content=\"image\/jpeg\" \/>\n<meta name=\"twitter:card\" content=\"summary_large_image\" \/>\n<script type=\"application\/ld+json\" class=\"yoast-schema-graph\">{\"@context\":\"https:\\\/\\\/schema.org\",\"@graph\":[{\"@type\":\"Article\",\"@id\":\"https:\\\/\\\/www.letemsvetemapplem.eu\\\/bazar\\\/apple-watch-3-38-mm-space-gray\\\/#article\",\"isPartOf\":{\"@id\":\"https:\\\/\\\/www.letemsvetemapplem.eu\\\/bazar\\\/apple-watch-3-38-mm-space-gray\\\/\"},\"author\":{\"name\":\"\",\"@id\":\"\"},\"headline\":\"Apple Watch 3 &#8211; 38 mm (Space Gray)\",\"datePublished\":\"2025-01-05T10:37:31+00:00\",\"mainEntityOfPage\":{\"@id\":\"https:\\\/\\\/www.letemsvetemapplem.eu\\\/bazar\\\/apple-watch-3-38-mm-space-gray\\\/\"},\"wordCount\":163,\"image\":{\"@id\":\"https:\\\/\\\/www.letemsvetemapplem.eu\\\/bazar\\\/apple-watch-3-38-mm-space-gray\\\/#primaryimage\"},\"thumbnailUrl\":\"https:\\\/\\\/www.letemsvetemapplem.eu\\\/bazar\\\/wp-content\\\/uploads\\\/2025\\\/01\\\/IMG_8006.jpeg\",\"articleSection\":[\"Apple Watch Series 3\"],\"inLanguage\":\"cs\"},{\"@type\":\"WebPage\",\"@id\":\"https:\\\/\\\/www.letemsvetemapplem.eu\\\/bazar\\\/apple-watch-3-38-mm-space-gray\\\/\",\"url\":\"https:\\\/\\\/www.letemsvetemapplem.eu\\\/bazar\\\/apple-watch-3-38-mm-space-gray\\\/\",\"name\":\"Apple Watch 3 - 38 mm (Space Gray) - Apple bazar\",\"isPartOf\":{\"@id\":\"https:\\\/\\\/www.letemsvetemapplem.eu\\\/bazar\\\/#website\"},\"primaryImageOfPage\":{\"@id\":\"https:\\\/\\\/www.letemsvetemapplem.eu\\\/bazar\\\/apple-watch-3-38-mm-space-gray\\\/#primaryimage\"},\"image\":{\"@id\":\"https:\\\/\\\/www.letemsvetemapplem.eu\\\/bazar\\\/apple-watch-3-38-mm-space-gray\\\/#primaryimage\"},\"thumbnailUrl\":\"https:\\\/\\\/www.letemsvetemapplem.eu\\\/bazar\\\/wp-content\\\/uploads\\\/2025\\\/01\\\/IMG_8006.jpeg\",\"datePublished\":\"2025-01-05T10:37:31+00:00\",\"author\":{\"@id\":\"\"},\"breadcrumb\":{\"@id\":\"https:\\\/\\\/www.letemsvetemapplem.eu\\\/bazar\\\/apple-watch-3-38-mm-space-gray\\\/#breadcrumb\"},\"inLanguage\":\"cs\",\"potentialAction\":[{\"@type\":\"ReadAction\",\"target\":[\"https:\\\/\\\/www.letemsvetemapplem.eu\\\/bazar\\\/apple-watch-3-38-mm-space-gray\\\/\"]}]},{\"@type\":\"ImageObject\",\"inLanguage\":\"cs\",\"@id\":\"https:\\\/\\\/www.letemsvetemapplem.eu\\\/bazar\\\/apple-watch-3-38-mm-space-gray\\\/#primaryimage\",\"url\":\"https:\\\/\\\/www.letemsvetemapplem.eu\\\/bazar\\\/wp-content\\\/uploads\\\/2025\\\/01\\\/IMG_8006.jpeg\",\"contentUrl\":\"https:\\\/\\\/www.letemsvetemapplem.eu\\\/bazar\\\/wp-content\\\/uploads\\\/2025\\\/01\\\/IMG_8006.jpeg\",\"width\":1682,\"height\":1262,\"caption\":\"OLYMPUS DIGITAL CAMERA\"},{\"@type\":\"BreadcrumbList\",\"@id\":\"https:\\\/\\\/www.letemsvetemapplem.eu\\\/bazar\\\/apple-watch-3-38-mm-space-gray\\\/#breadcrumb\",\"itemListElement\":[{\"@type\":\"ListItem\",\"position\":1,\"name\":\"Apple Bazar\",\"item\":\"https:\\\/\\\/www.letemsvetemapplem.eu\\\/bazar\\\/\"},{\"@type\":\"ListItem\",\"position\":2,\"name\":\"Apple Watch 3 &#8211; 38 mm (Space Gray)\"}]},{\"@type\":\"WebSite\",\"@id\":\"https:\\\/\\\/www.letemsvetemapplem.eu\\\/bazar\\\/#website\",\"url\":\"https:\\\/\\\/www.letemsvetemapplem.eu\\\/bazar\\\/\",\"name\":\"Apple bazar\",\"description\":\"Oou\u017eit\u00e9 Apple produkty za skv\u011bl\u00e9 ceny\",\"potentialAction\":[{\"@type\":\"SearchAction\",\"target\":{\"@type\":\"EntryPoint\",\"urlTemplate\":\"https:\\\/\\\/www.letemsvetemapplem.eu\\\/bazar\\\/?s={search_term_string}\"},\"query-input\":{\"@type\":\"PropertyValueSpecification\",\"valueRequired\":true,\"valueName\":\"search_term_string\"}}],\"inLanguage\":\"cs\"}]}<\/script>\n<!-- \/ Yoast SEO plugin. -->","yoast_head_json":{"title":"Apple Watch 3 - 38 mm (Space Gray) - Apple bazar","robots":{"index":"index","follow":"follow","max-snippet":"max-snippet:-1","max-image-preview":"max-image-preview:large","max-video-preview":"max-video-preview:-1"},"canonical":"https:\/\/www.letemsvetemapplem.eu\/bazar\/apple-watch-3-38-mm-space-gray\/","og_locale":"cs_CZ","og_type":"article","og_title":"Apple Watch 3 - 38 mm (Space Gray) - Apple bazar","og_description":"Nab\u00edz\u00edm k prodeji \uf8ff Apple Watch Series 3 &#8211; 38 mm. Jedn\u00e1 se o Apple Watch v hlin\u00edkov\u00e9m proveden\u00ed Space Gray se sportovn\u00edm \u0159em\u00ednkem Nike Flat Silver\/Volt vel. S\/M, M\/L. Hodinky jsou pou\u017e\u00edvan\u00e9 a nesou zn\u00e1mky pou\u017e\u00edv\u00e1n\u00ed, ale jsou v p\u011bkn\u00e9m vizu\u00e1ln\u00edm stavu na sv\u016fj v\u011bk (viz fotografie). Hodinky jsou funk\u010dn\u00ed 100% funk\u010dn\u00ed, baterie je...","og_url":"https:\/\/www.letemsvetemapplem.eu\/bazar\/apple-watch-3-38-mm-space-gray\/","og_site_name":"Apple bazar","article_published_time":"2025-01-05T10:37:31+00:00","og_image":[{"width":1682,"height":1262,"url":"https:\/\/www.letemsvetemapplem.eu\/bazar\/wp-content\/uploads\/2025\/01\/IMG_8006.jpeg","type":"image\/jpeg"}],"twitter_card":"summary_large_image","schema":{"@context":"https:\/\/schema.org","@graph":[{"@type":"Article","@id":"https:\/\/www.letemsvetemapplem.eu\/bazar\/apple-watch-3-38-mm-space-gray\/#article","isPartOf":{"@id":"https:\/\/www.letemsvetemapplem.eu\/bazar\/apple-watch-3-38-mm-space-gray\/"},"author":{"name":"","@id":""},"headline":"Apple Watch 3 &#8211; 38 mm (Space Gray)","datePublished":"2025-01-05T10:37:31+00:00","mainEntityOfPage":{"@id":"https:\/\/www.letemsvetemapplem.eu\/bazar\/apple-watch-3-38-mm-space-gray\/"},"wordCount":163,"image":{"@id":"https:\/\/www.letemsvetemapplem.eu\/bazar\/apple-watch-3-38-mm-space-gray\/#primaryimage"},"thumbnailUrl":"https:\/\/www.letemsvetemapplem.eu\/bazar\/wp-content\/uploads\/2025\/01\/IMG_8006.jpeg","articleSection":["Apple Watch Series 3"],"inLanguage":"cs"},{"@type":"WebPage","@id":"https:\/\/www.letemsvetemapplem.eu\/bazar\/apple-watch-3-38-mm-space-gray\/","url":"https:\/\/www.letemsvetemapplem.eu\/bazar\/apple-watch-3-38-mm-space-gray\/","name":"Apple Watch 3 - 38 mm (Space Gray) - Apple bazar","isPartOf":{"@id":"https:\/\/www.letemsvetemapplem.eu\/bazar\/#website"},"primaryImageOfPage":{"@id":"https:\/\/www.letemsvetemapplem.eu\/bazar\/apple-watch-3-38-mm-space-gray\/#primaryimage"},"image":{"@id":"https:\/\/www.letemsvetemapplem.eu\/bazar\/apple-watch-3-38-mm-space-gray\/#primaryimage"},"thumbnailUrl":"https:\/\/www.letemsvetemapplem.eu\/bazar\/wp-content\/uploads\/2025\/01\/IMG_8006.jpeg","datePublished":"2025-01-05T10:37:31+00:00","author":{"@id":""},"breadcrumb":{"@id":"https:\/\/www.letemsvetemapplem.eu\/bazar\/apple-watch-3-38-mm-space-gray\/#breadcrumb"},"inLanguage":"cs","potentialAction":[{"@type":"ReadAction","target":["https:\/\/www.letemsvetemapplem.eu\/bazar\/apple-watch-3-38-mm-space-gray\/"]}]},{"@type":"ImageObject","inLanguage":"cs","@id":"https:\/\/www.letemsvetemapplem.eu\/bazar\/apple-watch-3-38-mm-space-gray\/#primaryimage","url":"https:\/\/www.letemsvetemapplem.eu\/bazar\/wp-content\/uploads\/2025\/01\/IMG_8006.jpeg","contentUrl":"https:\/\/www.letemsvetemapplem.eu\/bazar\/wp-content\/uploads\/2025\/01\/IMG_8006.jpeg","width":1682,"height":1262,"caption":"OLYMPUS DIGITAL CAMERA"},{"@type":"BreadcrumbList","@id":"https:\/\/www.letemsvetemapplem.eu\/bazar\/apple-watch-3-38-mm-space-gray\/#breadcrumb","itemListElement":[{"@type":"ListItem","position":1,"name":"Apple Bazar","item":"https:\/\/www.letemsvetemapplem.eu\/bazar\/"},{"@type":"ListItem","position":2,"name":"Apple Watch 3 &#8211; 38 mm (Space Gray)"}]},{"@type":"WebSite","@id":"https:\/\/www.letemsvetemapplem.eu\/bazar\/#website","url":"https:\/\/www.letemsvetemapplem.eu\/bazar\/","name":"Apple bazar","description":"Oou\u017eit\u00e9 Apple produkty za skv\u011bl\u00e9 ceny","potentialAction":[{"@type":"SearchAction","target":{"@type":"EntryPoint","urlTemplate":"https:\/\/www.letemsvetemapplem.eu\/bazar\/?s={search_term_string}"},"query-input":{"@type":"PropertyValueSpecification","valueRequired":true,"valueName":"search_term_string"}}],"inLanguage":"cs"}]}},"_links":{"self":[{"href":"https:\/\/www.letemsvetemapplem.eu\/bazar\/wp-json\/wp\/v2\/posts\/294419","targetHints":{"allow":["GET"]}}],"collection":[{"href":"https:\/\/www.letemsvetemapplem.eu\/bazar\/wp-json\/wp\/v2\/posts"}],"about":[{"href":"https:\/\/www.letemsvetemapplem.eu\/bazar\/wp-json\/wp\/v2\/types\/post"}],"replies":[{"embeddable":true,"href":"https:\/\/www.letemsvetemapplem.eu\/bazar\/wp-json\/wp\/v2\/comments?post=294419"}],"version-history":[{"count":1,"href":"https:\/\/www.letemsvetemapplem.eu\/bazar\/wp-json\/wp\/v2\/posts\/294419\/revisions"}],"predecessor-version":[{"id":294427,"href":"https:\/\/www.letemsvetemapplem.eu\/bazar\/wp-json\/wp\/v2\/posts\/294419\/revisions\/294427"}],"wp:featuredmedia":[{"embeddable":true,"href":"https:\/\/www.letemsvetemapplem.eu\/bazar\/wp-json\/wp\/v2\/media\/294420"}],"wp:attachment":[{"href":"https:\/\/www.letemsvetemapplem.eu\/bazar\/wp-json\/wp\/v2\/media?parent=294419"}],"wp:term":[{"taxonomy":"category","embeddable":true,"href":"https:\/\/www.letemsvetemapplem.eu\/bazar\/wp-json\/wp\/v2\/categories?post=294419"},{"taxonomy":"post_tag","embeddable":true,"href":"https:\/\/www.letemsvetemapplem.eu\/bazar\/wp-json\/wp\/v2\/tags?post=294419"}],"curies":[{"name":"wp","href":"https:\/\/api.w.org\/{rel}","templated":true}]}}