{"id":294310,"date":"2025-01-01T20:36:58","date_gmt":"2025-01-01T19:36:58","guid":{"rendered":"https:\/\/www.letemsvetemapplem.eu\/bazar\/?p=294310"},"modified":"2025-01-15T17:08:59","modified_gmt":"2025-01-15T16:08:59","slug":"imac-24-2023-m3-8gb-ram-256gb-ssd","status":"publish","type":"post","link":"https:\/\/www.letemsvetemapplem.eu\/bazar\/imac-24-2023-m3-8gb-ram-256gb-ssd\/","title":{"rendered":"iMac 24&quot; 2023 M3, 8GB RAM, 256GB SSD"},"content":{"rendered":"<p>Dobr\u00fd den,&lt;br \/&gt;&lt;br \/&gt;&lt;br \/&gt;<br \/>\nProd\u00e1v\u00e1m Apple iMac 24&quot; 2023 v perfektn\u00edm stavu nov\u00e9ho po\u010d\u00edta\u010de s v\u00fdkonn\u00fdm procesorem a grafikou Apple M3 a 8GB RAM. SSD ulo\u017ei\u0161t\u011b m\u00e1 kapacitu 256GB a dod\u00e1v\u00e1m se zcela \u010dist\u00fdm, nejnov\u011bj\u0161\u00edm macOS 15 Sequoia. Jsem prvn\u00ed majitel po\u010d\u00edta\u010de, s jistotou V\u00e1m tedy mohu zaru\u010dit 100% funk\u010dnost stroje a \u017ee o n\u011bj bylo v\u017edy dob\u0159e star\u00e1no. Jedn\u00e1 se o velice elegantn\u00ed a jednoduch\u00fd po\u010d\u00edta\u010d vhodn\u00fd na ka\u017ed\u00fd st\u016fl, se z\u00e1rukou dlouh\u00e9 \u017eivotnosti a \u00fa\u017easnou 4,5K Retina obrazovkou dopln\u011bnou o v\u00fdkonn\u00fd procesor a grafiku Apple M3, d\u00edky kter\u00e9 V\u00e1m po\u010d\u00edta\u010d p\u0159inese spoustu v\u00fdkonu nejen do st\u0159ihu videa nebo n\u00e1ro\u010dn\u00e9 3D grafiky, ale i her a jak\u00e9koli jin\u00e9 n\u00e1ro\u010dn\u00e9 pr\u00e1ce na pc. iMac dod\u00e1v\u00e1m se v\u0161\u00edm origin\u00e1ln\u00edm p\u0159\u00edslu\u0161enstv\u00edm (Apple Magic Mouse 2 + Apple Magic Keyboard) v origin\u00e1ln\u00ed krabici Apple. iMac jsem kupoval nov\u00fd za p\u016fvodn\u00ed cenu 45000K\u010d, nyn\u00ed nab\u00edz\u00edm po pouh\u00fdch 2m\u011bs\u00edc\u00edch provozu za 29900K\u010d. Stroj prod\u00e1v\u00e1m z d\u016fvodu nutn\u00e9ho p\u0159echodu na Windows.&lt;br \/&gt;&lt;br \/&gt;<br \/>\nTechnick\u00e9 specifikace:&lt;br \/&gt;&lt;br \/&gt;<br \/>\nStav: Nov\u00fd, 10\/10&lt;br \/&gt;&lt;br \/&gt;<br \/>\nDisplej \u2013 24&quot; Retina 4,5K&lt;br \/&gt;&lt;br \/&gt;&lt;br \/&gt;<br \/>\n4480 \u00d7 2520&lt;br \/&gt;&lt;br \/&gt;&lt;br \/&gt;<br \/>\n500 nit\u016f&lt;br \/&gt;&lt;br \/&gt;<br \/>\nProcesor\/\u010cip \u2013 Apple M3&lt;br \/&gt;&lt;br \/&gt;&lt;br \/&gt;<br \/>\n8 CPU jader&lt;br \/&gt;&lt;br \/&gt;&lt;br \/&gt;<br \/>\n16-j\u00e1drov\u00fd Neural Engine&lt;br \/&gt;&lt;br \/&gt;<br \/>\nPam\u011b\u0165 \u2013 8GB RAM&lt;br \/&gt;&lt;br \/&gt;<br \/>\nUlo\u017ei\u0161t\u011b \u2013 256GB extr\u00e9mn\u011b rychl\u00e9 SSD&lt;br \/&gt;&lt;br \/&gt;<br \/>\nGrafika \u2013 Apple M3&lt;br \/&gt;&lt;br \/&gt;&lt;br \/&gt;<br \/>\n8 GPU jader&lt;br \/&gt;&lt;br \/&gt;<br \/>\nVstupy \u2013 3,5mm AudioJack&lt;br \/&gt;&lt;br \/&gt;&lt;br \/&gt;<br \/>\n2x USB-C Thunderbolt&lt;br \/&gt;&lt;br \/&gt;<br \/>\niMac je st\u00e1le v z\u00e1ruce, kupov\u00e1n byl v \u0159\u00edjnu 2024&lt;br \/&gt;&lt;br \/&gt;<br \/>\nV p\u0159\u00edpad\u011b jak\u00e9hokoli dotazu mne nev\u00e1hejte kontaktovat:&lt;br \/&gt;&lt;br \/&gt;<br \/>\nemail: oulehla.frantisek@email.cz&lt;br \/&gt;&lt;br \/&gt;&lt;br \/&gt;<br \/>\ntel.: +420 792 750 184<\/p>\n","protected":false},"excerpt":{"rendered":"<p>Dobr\u00fd den,&lt;br \/&gt;&lt;br \/&gt;&lt;br \/&gt; Prod\u00e1v\u00e1m Apple iMac 24&quot; 2023 v perfektn\u00edm stavu nov\u00e9ho po\u010d\u00edta\u010de s v\u00fdkonn\u00fdm procesorem a grafikou Apple M3 a 8GB RAM. SSD ulo\u017ei\u0161t\u011b m\u00e1 kapacitu 256GB a dod\u00e1v\u00e1m se zcela \u010dist\u00fdm, nejnov\u011bj\u0161\u00edm macOS 15 Sequoia. Jsem prvn\u00ed majitel po\u010d\u00edta\u010de, s jistotou V\u00e1m tedy mohu zaru\u010dit 100% funk\u010dnost stroje a \u017ee o&#8230;<\/p>\n","protected":false},"author":0,"featured_media":294311,"comment_status":"closed","ping_status":"closed","sticky":false,"template":"","format":"standard","meta":{"footnotes":""},"categories":[41],"tags":[],"class_list":["post-294310","post","type-post","status-publish","format-standard","has-post-thumbnail","hentry","category-imac"],"yoast_head":"<!-- This site is optimized with the Yoast SEO plugin v27.2 - https:\/\/yoast.com\/product\/yoast-seo-wordpress\/ -->\n<title>iMac 24&quot; 2023 M3, 8GB RAM, 256GB SSD - Apple bazar<\/title>\n<meta name=\"robots\" content=\"index, follow, max-snippet:-1, max-image-preview:large, max-video-preview:-1\" \/>\n<link rel=\"canonical\" href=\"https:\/\/www.letemsvetemapplem.eu\/bazar\/imac-24-2023-m3-8gb-ram-256gb-ssd\/\" \/>\n<meta property=\"og:locale\" content=\"cs_CZ\" \/>\n<meta property=\"og:type\" content=\"article\" \/>\n<meta property=\"og:title\" content=\"iMac 24&quot; 2023 M3, 8GB RAM, 256GB SSD - Apple bazar\" \/>\n<meta property=\"og:description\" content=\"Dobr\u00fd den,&lt;br \/&gt;&lt;br \/&gt;&lt;br \/&gt; Prod\u00e1v\u00e1m Apple iMac 24&quot; 2023 v perfektn\u00edm stavu nov\u00e9ho po\u010d\u00edta\u010de s v\u00fdkonn\u00fdm procesorem a grafikou Apple M3 a 8GB RAM. SSD ulo\u017ei\u0161t\u011b m\u00e1 kapacitu 256GB a dod\u00e1v\u00e1m se zcela \u010dist\u00fdm, nejnov\u011bj\u0161\u00edm macOS 15 Sequoia. Jsem prvn\u00ed majitel po\u010d\u00edta\u010de, s jistotou V\u00e1m tedy mohu zaru\u010dit 100% funk\u010dnost stroje a \u017ee o...\" \/>\n<meta property=\"og:url\" content=\"https:\/\/www.letemsvetemapplem.eu\/bazar\/imac-24-2023-m3-8gb-ram-256gb-ssd\/\" \/>\n<meta property=\"og:site_name\" content=\"Apple bazar\" \/>\n<meta property=\"article:published_time\" content=\"2025-01-01T19:36:58+00:00\" \/>\n<meta property=\"article:modified_time\" content=\"2025-01-15T16:08:59+00:00\" \/>\n<meta property=\"og:image\" content=\"https:\/\/www.letemsvetemapplem.eu\/bazar\/wp-content\/uploads\/2025\/01\/IMG_5473-scaled.jpg\" \/>\n\t<meta property=\"og:image:width\" content=\"2560\" \/>\n\t<meta property=\"og:image:height\" content=\"1883\" \/>\n\t<meta property=\"og:image:type\" content=\"image\/jpeg\" \/>\n<meta name=\"twitter:card\" content=\"summary_large_image\" \/>\n<script type=\"application\/ld+json\" class=\"yoast-schema-graph\">{\"@context\":\"https:\/\/schema.org\",\"@graph\":[{\"@type\":\"Article\",\"@id\":\"https:\/\/www.letemsvetemapplem.eu\/bazar\/imac-24-2023-m3-8gb-ram-256gb-ssd\/#article\",\"isPartOf\":{\"@id\":\"https:\/\/www.letemsvetemapplem.eu\/bazar\/imac-24-2023-m3-8gb-ram-256gb-ssd\/\"},\"author\":{\"name\":\"\",\"@id\":\"\"},\"headline\":\"iMac 24&quot; 2023 M3, 8GB RAM, 256GB SSD\",\"datePublished\":\"2025-01-01T19:36:58+00:00\",\"dateModified\":\"2025-01-15T16:08:59+00:00\",\"mainEntityOfPage\":{\"@id\":\"https:\/\/www.letemsvetemapplem.eu\/bazar\/imac-24-2023-m3-8gb-ram-256gb-ssd\/\"},\"wordCount\":425,\"image\":{\"@id\":\"https:\/\/www.letemsvetemapplem.eu\/bazar\/imac-24-2023-m3-8gb-ram-256gb-ssd\/#primaryimage\"},\"thumbnailUrl\":\"https:\/\/www.letemsvetemapplem.eu\/bazar\/wp-content\/uploads\/2025\/01\/IMG_5473-scaled.jpg\",\"articleSection\":[\"iMac\"],\"inLanguage\":\"cs\"},{\"@type\":\"WebPage\",\"@id\":\"https:\/\/www.letemsvetemapplem.eu\/bazar\/imac-24-2023-m3-8gb-ram-256gb-ssd\/\",\"url\":\"https:\/\/www.letemsvetemapplem.eu\/bazar\/imac-24-2023-m3-8gb-ram-256gb-ssd\/\",\"name\":\"iMac 24&quot; 2023 M3, 8GB RAM, 256GB SSD - Apple bazar\",\"isPartOf\":{\"@id\":\"https:\/\/www.letemsvetemapplem.eu\/bazar\/#website\"},\"primaryImageOfPage\":{\"@id\":\"https:\/\/www.letemsvetemapplem.eu\/bazar\/imac-24-2023-m3-8gb-ram-256gb-ssd\/#primaryimage\"},\"image\":{\"@id\":\"https:\/\/www.letemsvetemapplem.eu\/bazar\/imac-24-2023-m3-8gb-ram-256gb-ssd\/#primaryimage\"},\"thumbnailUrl\":\"https:\/\/www.letemsvetemapplem.eu\/bazar\/wp-content\/uploads\/2025\/01\/IMG_5473-scaled.jpg\",\"datePublished\":\"2025-01-01T19:36:58+00:00\",\"dateModified\":\"2025-01-15T16:08:59+00:00\",\"author\":{\"@id\":\"\"},\"breadcrumb\":{\"@id\":\"https:\/\/www.letemsvetemapplem.eu\/bazar\/imac-24-2023-m3-8gb-ram-256gb-ssd\/#breadcrumb\"},\"inLanguage\":\"cs\",\"potentialAction\":[{\"@type\":\"ReadAction\",\"target\":[\"https:\/\/www.letemsvetemapplem.eu\/bazar\/imac-24-2023-m3-8gb-ram-256gb-ssd\/\"]}]},{\"@type\":\"ImageObject\",\"inLanguage\":\"cs\",\"@id\":\"https:\/\/www.letemsvetemapplem.eu\/bazar\/imac-24-2023-m3-8gb-ram-256gb-ssd\/#primaryimage\",\"url\":\"https:\/\/www.letemsvetemapplem.eu\/bazar\/wp-content\/uploads\/2025\/01\/IMG_5473-scaled.jpg\",\"contentUrl\":\"https:\/\/www.letemsvetemapplem.eu\/bazar\/wp-content\/uploads\/2025\/01\/IMG_5473-scaled.jpg\",\"width\":2560,\"height\":1883},{\"@type\":\"BreadcrumbList\",\"@id\":\"https:\/\/www.letemsvetemapplem.eu\/bazar\/imac-24-2023-m3-8gb-ram-256gb-ssd\/#breadcrumb\",\"itemListElement\":[{\"@type\":\"ListItem\",\"position\":1,\"name\":\"Apple Bazar\",\"item\":\"https:\/\/www.letemsvetemapplem.eu\/bazar\/\"},{\"@type\":\"ListItem\",\"position\":2,\"name\":\"iMac 24&quot; 2023 M3, 8GB RAM, 256GB SSD\"}]},{\"@type\":\"WebSite\",\"@id\":\"https:\/\/www.letemsvetemapplem.eu\/bazar\/#website\",\"url\":\"https:\/\/www.letemsvetemapplem.eu\/bazar\/\",\"name\":\"Apple bazar\",\"description\":\"Oou\u017eit\u00e9 Apple produkty za skv\u011bl\u00e9 ceny\",\"potentialAction\":[{\"@type\":\"SearchAction\",\"target\":{\"@type\":\"EntryPoint\",\"urlTemplate\":\"https:\/\/www.letemsvetemapplem.eu\/bazar\/?s={search_term_string}\"},\"query-input\":{\"@type\":\"PropertyValueSpecification\",\"valueRequired\":true,\"valueName\":\"search_term_string\"}}],\"inLanguage\":\"cs\"}]}<\/script>\n<!-- \/ Yoast SEO plugin. -->","yoast_head_json":{"title":"iMac 24&quot; 2023 M3, 8GB RAM, 256GB SSD - Apple bazar","robots":{"index":"index","follow":"follow","max-snippet":"max-snippet:-1","max-image-preview":"max-image-preview:large","max-video-preview":"max-video-preview:-1"},"canonical":"https:\/\/www.letemsvetemapplem.eu\/bazar\/imac-24-2023-m3-8gb-ram-256gb-ssd\/","og_locale":"cs_CZ","og_type":"article","og_title":"iMac 24&quot; 2023 M3, 8GB RAM, 256GB SSD - Apple bazar","og_description":"Dobr\u00fd den,&lt;br \/&gt;&lt;br \/&gt;&lt;br \/&gt; Prod\u00e1v\u00e1m Apple iMac 24&quot; 2023 v perfektn\u00edm stavu nov\u00e9ho po\u010d\u00edta\u010de s v\u00fdkonn\u00fdm procesorem a grafikou Apple M3 a 8GB RAM. SSD ulo\u017ei\u0161t\u011b m\u00e1 kapacitu 256GB a dod\u00e1v\u00e1m se zcela \u010dist\u00fdm, nejnov\u011bj\u0161\u00edm macOS 15 Sequoia. Jsem prvn\u00ed majitel po\u010d\u00edta\u010de, s jistotou V\u00e1m tedy mohu zaru\u010dit 100% funk\u010dnost stroje a \u017ee o...","og_url":"https:\/\/www.letemsvetemapplem.eu\/bazar\/imac-24-2023-m3-8gb-ram-256gb-ssd\/","og_site_name":"Apple bazar","article_published_time":"2025-01-01T19:36:58+00:00","article_modified_time":"2025-01-15T16:08:59+00:00","og_image":[{"width":2560,"height":1883,"url":"https:\/\/www.letemsvetemapplem.eu\/bazar\/wp-content\/uploads\/2025\/01\/IMG_5473-scaled.jpg","type":"image\/jpeg"}],"twitter_card":"summary_large_image","schema":{"@context":"https:\/\/schema.org","@graph":[{"@type":"Article","@id":"https:\/\/www.letemsvetemapplem.eu\/bazar\/imac-24-2023-m3-8gb-ram-256gb-ssd\/#article","isPartOf":{"@id":"https:\/\/www.letemsvetemapplem.eu\/bazar\/imac-24-2023-m3-8gb-ram-256gb-ssd\/"},"author":{"name":"","@id":""},"headline":"iMac 24&quot; 2023 M3, 8GB RAM, 256GB SSD","datePublished":"2025-01-01T19:36:58+00:00","dateModified":"2025-01-15T16:08:59+00:00","mainEntityOfPage":{"@id":"https:\/\/www.letemsvetemapplem.eu\/bazar\/imac-24-2023-m3-8gb-ram-256gb-ssd\/"},"wordCount":425,"image":{"@id":"https:\/\/www.letemsvetemapplem.eu\/bazar\/imac-24-2023-m3-8gb-ram-256gb-ssd\/#primaryimage"},"thumbnailUrl":"https:\/\/www.letemsvetemapplem.eu\/bazar\/wp-content\/uploads\/2025\/01\/IMG_5473-scaled.jpg","articleSection":["iMac"],"inLanguage":"cs"},{"@type":"WebPage","@id":"https:\/\/www.letemsvetemapplem.eu\/bazar\/imac-24-2023-m3-8gb-ram-256gb-ssd\/","url":"https:\/\/www.letemsvetemapplem.eu\/bazar\/imac-24-2023-m3-8gb-ram-256gb-ssd\/","name":"iMac 24&quot; 2023 M3, 8GB RAM, 256GB SSD - Apple bazar","isPartOf":{"@id":"https:\/\/www.letemsvetemapplem.eu\/bazar\/#website"},"primaryImageOfPage":{"@id":"https:\/\/www.letemsvetemapplem.eu\/bazar\/imac-24-2023-m3-8gb-ram-256gb-ssd\/#primaryimage"},"image":{"@id":"https:\/\/www.letemsvetemapplem.eu\/bazar\/imac-24-2023-m3-8gb-ram-256gb-ssd\/#primaryimage"},"thumbnailUrl":"https:\/\/www.letemsvetemapplem.eu\/bazar\/wp-content\/uploads\/2025\/01\/IMG_5473-scaled.jpg","datePublished":"2025-01-01T19:36:58+00:00","dateModified":"2025-01-15T16:08:59+00:00","author":{"@id":""},"breadcrumb":{"@id":"https:\/\/www.letemsvetemapplem.eu\/bazar\/imac-24-2023-m3-8gb-ram-256gb-ssd\/#breadcrumb"},"inLanguage":"cs","potentialAction":[{"@type":"ReadAction","target":["https:\/\/www.letemsvetemapplem.eu\/bazar\/imac-24-2023-m3-8gb-ram-256gb-ssd\/"]}]},{"@type":"ImageObject","inLanguage":"cs","@id":"https:\/\/www.letemsvetemapplem.eu\/bazar\/imac-24-2023-m3-8gb-ram-256gb-ssd\/#primaryimage","url":"https:\/\/www.letemsvetemapplem.eu\/bazar\/wp-content\/uploads\/2025\/01\/IMG_5473-scaled.jpg","contentUrl":"https:\/\/www.letemsvetemapplem.eu\/bazar\/wp-content\/uploads\/2025\/01\/IMG_5473-scaled.jpg","width":2560,"height":1883},{"@type":"BreadcrumbList","@id":"https:\/\/www.letemsvetemapplem.eu\/bazar\/imac-24-2023-m3-8gb-ram-256gb-ssd\/#breadcrumb","itemListElement":[{"@type":"ListItem","position":1,"name":"Apple Bazar","item":"https:\/\/www.letemsvetemapplem.eu\/bazar\/"},{"@type":"ListItem","position":2,"name":"iMac 24&quot; 2023 M3, 8GB RAM, 256GB SSD"}]},{"@type":"WebSite","@id":"https:\/\/www.letemsvetemapplem.eu\/bazar\/#website","url":"https:\/\/www.letemsvetemapplem.eu\/bazar\/","name":"Apple bazar","description":"Oou\u017eit\u00e9 Apple produkty za skv\u011bl\u00e9 ceny","potentialAction":[{"@type":"SearchAction","target":{"@type":"EntryPoint","urlTemplate":"https:\/\/www.letemsvetemapplem.eu\/bazar\/?s={search_term_string}"},"query-input":{"@type":"PropertyValueSpecification","valueRequired":true,"valueName":"search_term_string"}}],"inLanguage":"cs"}]}},"_links":{"self":[{"href":"https:\/\/www.letemsvetemapplem.eu\/bazar\/wp-json\/wp\/v2\/posts\/294310","targetHints":{"allow":["GET"]}}],"collection":[{"href":"https:\/\/www.letemsvetemapplem.eu\/bazar\/wp-json\/wp\/v2\/posts"}],"about":[{"href":"https:\/\/www.letemsvetemapplem.eu\/bazar\/wp-json\/wp\/v2\/types\/post"}],"replies":[{"embeddable":true,"href":"https:\/\/www.letemsvetemapplem.eu\/bazar\/wp-json\/wp\/v2\/comments?post=294310"}],"version-history":[{"count":4,"href":"https:\/\/www.letemsvetemapplem.eu\/bazar\/wp-json\/wp\/v2\/posts\/294310\/revisions"}],"predecessor-version":[{"id":294605,"href":"https:\/\/www.letemsvetemapplem.eu\/bazar\/wp-json\/wp\/v2\/posts\/294310\/revisions\/294605"}],"wp:featuredmedia":[{"embeddable":true,"href":"https:\/\/www.letemsvetemapplem.eu\/bazar\/wp-json\/wp\/v2\/media\/294311"}],"wp:attachment":[{"href":"https:\/\/www.letemsvetemapplem.eu\/bazar\/wp-json\/wp\/v2\/media?parent=294310"}],"wp:term":[{"taxonomy":"category","embeddable":true,"href":"https:\/\/www.letemsvetemapplem.eu\/bazar\/wp-json\/wp\/v2\/categories?post=294310"},{"taxonomy":"post_tag","embeddable":true,"href":"https:\/\/www.letemsvetemapplem.eu\/bazar\/wp-json\/wp\/v2\/tags?post=294310"}],"curies":[{"name":"wp","href":"https:\/\/api.w.org\/{rel}","templated":true}]}}