{"id":293173,"date":"2024-11-21T10:14:21","date_gmt":"2024-11-21T09:14:21","guid":{"rendered":"https:\/\/www.letemsvetemapplem.eu\/bazar\/?p=293173"},"modified":"2024-12-08T11:58:05","modified_gmt":"2024-12-08T10:58:05","slug":"imac-m1-16gb-ram-256gb-ssd-dva-porty","status":"publish","type":"post","link":"https:\/\/www.letemsvetemapplem.eu\/bazar\/imac-m1-16gb-ram-256gb-ssd-dva-porty\/","title":{"rendered":"iMac M1 16GB RAM 256GB SSD dva porty"},"content":{"rendered":"<p>Lehce vyu\u017e\u00edvan\u00fd iMac s roz\u0161\u00ed\u0159enou RAM na 16 GB.&lt;br \/&gt;<br \/>\nOrigin\u00e1l my\u0161 a kl\u00e1vesnice, v origin\u00e1ln\u00ed krabici.<br \/>\n\u2013 Barva: st\u0159\u00edbrn\u00e1&lt;br \/&gt;<br \/>\n\u2013 \u010cip: Apple M1 (8j\u00e1drov\u00e9 CPU se 4 v\u00fdkonnostn\u00edmi j\u00e1dry a 4 \u00fasporn\u00fdmi j\u00e1dry, 7j\u00e1drov\u00e9 GPU, 16j\u00e1drov\u00fd Neural Engine)&lt;br \/&gt;<br \/>\n\u2013 \u00dalo\u017ei\u0161t\u011b: 256GB SSD&lt;br \/&gt;<br \/>\n\u2013 Pam\u011b\u0165: 16 GB jednotn\u00e9 pam\u011bti&lt;br \/&gt;<br \/>\n\u2013 Displej: 24palcov\u00fd Retina 4,5K displej (s podporou 1 miliardy barev, jas 500 nit\u016f, \u0161irok\u00fd barevn\u00fd rozsah P3, technologie True Tone)&lt;br \/&gt;<br \/>\n\u2013 Kamera: FaceTime HD kamera s rozli\u0161en\u00edm 1080p a obrazov\u00fdm sign\u00e1lov\u00fdm procesorem \u010dipu M1&lt;br \/&gt;<br \/>\n\u2013 Digit\u00e1ln\u00ed v\u00fdstup videa p\u0159es Thunderbolt 3, nativn\u00ed v\u00fdstup DisplayPortu p\u0159es USB\u2011C&lt;br \/&gt;<br \/>\n\u2013 Reproduktory: Hi\u2011fi soustava \u0161esti reproduktor\u016f s woofery v antirezonan\u010dn\u00edm uspo\u0159\u00e1d\u00e1n\u00ed&lt;br \/&gt;<br \/>\n\u2013 Mikrofony: Soustava t\u0159\u00ed mikrofon\u016f studiov\u00e9 kvality s vysok\u00fdm odstupem sign\u00e1lu od \u0161umu a sm\u011brov\u00fdm formov\u00e1n\u00edm paprsku&lt;br \/&gt;<br \/>\n\u2013 3,5mm sluch\u00e1tkov\u00fd v\u00fdstup&lt;br \/&gt;<br \/>\n\u2013 Bezdr\u00e1tov\u00e1 rozhran\u00ed: Wi\u2011Fi 6 IEEE 802.11a\/b\/g\/n\/ac, Bluetooth 5.0<\/p>\n","protected":false},"excerpt":{"rendered":"<p>Lehce vyu\u017e\u00edvan\u00fd iMac s roz\u0161\u00ed\u0159enou RAM na 16 GB.&lt;br \/&gt; Origin\u00e1l my\u0161 a kl\u00e1vesnice, v origin\u00e1ln\u00ed krabici. \u2013 Barva: st\u0159\u00edbrn\u00e1&lt;br \/&gt; \u2013 \u010cip: Apple M1 (8j\u00e1drov\u00e9 CPU se 4 v\u00fdkonnostn\u00edmi j\u00e1dry a 4 \u00fasporn\u00fdmi j\u00e1dry, 7j\u00e1drov\u00e9 GPU, 16j\u00e1drov\u00fd Neural Engine)&lt;br \/&gt; \u2013 \u00dalo\u017ei\u0161t\u011b: 256GB SSD&lt;br \/&gt; \u2013 Pam\u011b\u0165: 16 GB jednotn\u00e9 pam\u011bti&lt;br \/&gt; \u2013 Displej:&#8230;<\/p>\n","protected":false},"author":0,"featured_media":293174,"comment_status":"closed","ping_status":"closed","sticky":false,"template":"","format":"standard","meta":{"footnotes":""},"categories":[41],"tags":[],"class_list":["post-293173","post","type-post","status-publish","format-standard","has-post-thumbnail","hentry","category-imac"],"yoast_head":"<!-- This site is optimized with the Yoast SEO plugin v27.2 - https:\/\/yoast.com\/product\/yoast-seo-wordpress\/ -->\n<title>iMac M1 16GB RAM 256GB SSD dva porty - Apple bazar<\/title>\n<meta name=\"robots\" content=\"index, follow, max-snippet:-1, max-image-preview:large, max-video-preview:-1\" \/>\n<link rel=\"canonical\" href=\"https:\/\/www.letemsvetemapplem.eu\/bazar\/imac-m1-16gb-ram-256gb-ssd-dva-porty\/\" \/>\n<meta property=\"og:locale\" content=\"cs_CZ\" \/>\n<meta property=\"og:type\" content=\"article\" \/>\n<meta property=\"og:title\" content=\"iMac M1 16GB RAM 256GB SSD dva porty - Apple bazar\" \/>\n<meta property=\"og:description\" content=\"Lehce vyu\u017e\u00edvan\u00fd iMac s roz\u0161\u00ed\u0159enou RAM na 16 GB.&lt;br \/&gt; Origin\u00e1l my\u0161 a kl\u00e1vesnice, v origin\u00e1ln\u00ed krabici. \u2013 Barva: st\u0159\u00edbrn\u00e1&lt;br \/&gt; \u2013 \u010cip: Apple M1 (8j\u00e1drov\u00e9 CPU se 4 v\u00fdkonnostn\u00edmi j\u00e1dry a 4 \u00fasporn\u00fdmi j\u00e1dry, 7j\u00e1drov\u00e9 GPU, 16j\u00e1drov\u00fd Neural Engine)&lt;br \/&gt; \u2013 \u00dalo\u017ei\u0161t\u011b: 256GB SSD&lt;br \/&gt; \u2013 Pam\u011b\u0165: 16 GB jednotn\u00e9 pam\u011bti&lt;br \/&gt; \u2013 Displej:...\" \/>\n<meta property=\"og:url\" content=\"https:\/\/www.letemsvetemapplem.eu\/bazar\/imac-m1-16gb-ram-256gb-ssd-dva-porty\/\" \/>\n<meta property=\"og:site_name\" content=\"Apple bazar\" \/>\n<meta property=\"article:published_time\" content=\"2024-11-21T09:14:21+00:00\" \/>\n<meta property=\"article:modified_time\" content=\"2024-12-08T10:58:05+00:00\" \/>\n<meta property=\"og:image\" content=\"https:\/\/www.letemsvetemapplem.eu\/bazar\/wp-content\/uploads\/2024\/11\/s-l1600.jpg\" \/>\n\t<meta property=\"og:image:width\" content=\"982\" \/>\n\t<meta property=\"og:image:height\" content=\"1033\" \/>\n\t<meta property=\"og:image:type\" content=\"image\/jpeg\" \/>\n<meta name=\"twitter:card\" content=\"summary_large_image\" \/>\n<script type=\"application\/ld+json\" class=\"yoast-schema-graph\">{\"@context\":\"https:\/\/schema.org\",\"@graph\":[{\"@type\":\"Article\",\"@id\":\"https:\/\/www.letemsvetemapplem.eu\/bazar\/imac-m1-16gb-ram-256gb-ssd-dva-porty\/#article\",\"isPartOf\":{\"@id\":\"https:\/\/www.letemsvetemapplem.eu\/bazar\/imac-m1-16gb-ram-256gb-ssd-dva-porty\/\"},\"author\":{\"name\":\"\",\"@id\":\"\"},\"headline\":\"iMac M1 16GB RAM 256GB SSD dva porty\",\"datePublished\":\"2024-11-21T09:14:21+00:00\",\"dateModified\":\"2024-12-08T10:58:05+00:00\",\"mainEntityOfPage\":{\"@id\":\"https:\/\/www.letemsvetemapplem.eu\/bazar\/imac-m1-16gb-ram-256gb-ssd-dva-porty\/\"},\"wordCount\":204,\"image\":{\"@id\":\"https:\/\/www.letemsvetemapplem.eu\/bazar\/imac-m1-16gb-ram-256gb-ssd-dva-porty\/#primaryimage\"},\"thumbnailUrl\":\"https:\/\/www.letemsvetemapplem.eu\/bazar\/wp-content\/uploads\/2024\/11\/s-l1600.jpg\",\"articleSection\":[\"iMac\"],\"inLanguage\":\"cs\"},{\"@type\":\"WebPage\",\"@id\":\"https:\/\/www.letemsvetemapplem.eu\/bazar\/imac-m1-16gb-ram-256gb-ssd-dva-porty\/\",\"url\":\"https:\/\/www.letemsvetemapplem.eu\/bazar\/imac-m1-16gb-ram-256gb-ssd-dva-porty\/\",\"name\":\"iMac M1 16GB RAM 256GB SSD dva porty - Apple bazar\",\"isPartOf\":{\"@id\":\"https:\/\/www.letemsvetemapplem.eu\/bazar\/#website\"},\"primaryImageOfPage\":{\"@id\":\"https:\/\/www.letemsvetemapplem.eu\/bazar\/imac-m1-16gb-ram-256gb-ssd-dva-porty\/#primaryimage\"},\"image\":{\"@id\":\"https:\/\/www.letemsvetemapplem.eu\/bazar\/imac-m1-16gb-ram-256gb-ssd-dva-porty\/#primaryimage\"},\"thumbnailUrl\":\"https:\/\/www.letemsvetemapplem.eu\/bazar\/wp-content\/uploads\/2024\/11\/s-l1600.jpg\",\"datePublished\":\"2024-11-21T09:14:21+00:00\",\"dateModified\":\"2024-12-08T10:58:05+00:00\",\"author\":{\"@id\":\"\"},\"breadcrumb\":{\"@id\":\"https:\/\/www.letemsvetemapplem.eu\/bazar\/imac-m1-16gb-ram-256gb-ssd-dva-porty\/#breadcrumb\"},\"inLanguage\":\"cs\",\"potentialAction\":[{\"@type\":\"ReadAction\",\"target\":[\"https:\/\/www.letemsvetemapplem.eu\/bazar\/imac-m1-16gb-ram-256gb-ssd-dva-porty\/\"]}]},{\"@type\":\"ImageObject\",\"inLanguage\":\"cs\",\"@id\":\"https:\/\/www.letemsvetemapplem.eu\/bazar\/imac-m1-16gb-ram-256gb-ssd-dva-porty\/#primaryimage\",\"url\":\"https:\/\/www.letemsvetemapplem.eu\/bazar\/wp-content\/uploads\/2024\/11\/s-l1600.jpg\",\"contentUrl\":\"https:\/\/www.letemsvetemapplem.eu\/bazar\/wp-content\/uploads\/2024\/11\/s-l1600.jpg\",\"width\":982,\"height\":1033},{\"@type\":\"BreadcrumbList\",\"@id\":\"https:\/\/www.letemsvetemapplem.eu\/bazar\/imac-m1-16gb-ram-256gb-ssd-dva-porty\/#breadcrumb\",\"itemListElement\":[{\"@type\":\"ListItem\",\"position\":1,\"name\":\"Apple Bazar\",\"item\":\"https:\/\/www.letemsvetemapplem.eu\/bazar\/\"},{\"@type\":\"ListItem\",\"position\":2,\"name\":\"iMac M1 16GB RAM 256GB SSD dva porty\"}]},{\"@type\":\"WebSite\",\"@id\":\"https:\/\/www.letemsvetemapplem.eu\/bazar\/#website\",\"url\":\"https:\/\/www.letemsvetemapplem.eu\/bazar\/\",\"name\":\"Apple bazar\",\"description\":\"Oou\u017eit\u00e9 Apple produkty za skv\u011bl\u00e9 ceny\",\"potentialAction\":[{\"@type\":\"SearchAction\",\"target\":{\"@type\":\"EntryPoint\",\"urlTemplate\":\"https:\/\/www.letemsvetemapplem.eu\/bazar\/?s={search_term_string}\"},\"query-input\":{\"@type\":\"PropertyValueSpecification\",\"valueRequired\":true,\"valueName\":\"search_term_string\"}}],\"inLanguage\":\"cs\"}]}<\/script>\n<!-- \/ Yoast SEO plugin. -->","yoast_head_json":{"title":"iMac M1 16GB RAM 256GB SSD dva porty - Apple bazar","robots":{"index":"index","follow":"follow","max-snippet":"max-snippet:-1","max-image-preview":"max-image-preview:large","max-video-preview":"max-video-preview:-1"},"canonical":"https:\/\/www.letemsvetemapplem.eu\/bazar\/imac-m1-16gb-ram-256gb-ssd-dva-porty\/","og_locale":"cs_CZ","og_type":"article","og_title":"iMac M1 16GB RAM 256GB SSD dva porty - Apple bazar","og_description":"Lehce vyu\u017e\u00edvan\u00fd iMac s roz\u0161\u00ed\u0159enou RAM na 16 GB.&lt;br \/&gt; Origin\u00e1l my\u0161 a kl\u00e1vesnice, v origin\u00e1ln\u00ed krabici. \u2013 Barva: st\u0159\u00edbrn\u00e1&lt;br \/&gt; \u2013 \u010cip: Apple M1 (8j\u00e1drov\u00e9 CPU se 4 v\u00fdkonnostn\u00edmi j\u00e1dry a 4 \u00fasporn\u00fdmi j\u00e1dry, 7j\u00e1drov\u00e9 GPU, 16j\u00e1drov\u00fd Neural Engine)&lt;br \/&gt; \u2013 \u00dalo\u017ei\u0161t\u011b: 256GB SSD&lt;br \/&gt; \u2013 Pam\u011b\u0165: 16 GB jednotn\u00e9 pam\u011bti&lt;br \/&gt; \u2013 Displej:...","og_url":"https:\/\/www.letemsvetemapplem.eu\/bazar\/imac-m1-16gb-ram-256gb-ssd-dva-porty\/","og_site_name":"Apple bazar","article_published_time":"2024-11-21T09:14:21+00:00","article_modified_time":"2024-12-08T10:58:05+00:00","og_image":[{"width":982,"height":1033,"url":"https:\/\/www.letemsvetemapplem.eu\/bazar\/wp-content\/uploads\/2024\/11\/s-l1600.jpg","type":"image\/jpeg"}],"twitter_card":"summary_large_image","schema":{"@context":"https:\/\/schema.org","@graph":[{"@type":"Article","@id":"https:\/\/www.letemsvetemapplem.eu\/bazar\/imac-m1-16gb-ram-256gb-ssd-dva-porty\/#article","isPartOf":{"@id":"https:\/\/www.letemsvetemapplem.eu\/bazar\/imac-m1-16gb-ram-256gb-ssd-dva-porty\/"},"author":{"name":"","@id":""},"headline":"iMac M1 16GB RAM 256GB SSD dva porty","datePublished":"2024-11-21T09:14:21+00:00","dateModified":"2024-12-08T10:58:05+00:00","mainEntityOfPage":{"@id":"https:\/\/www.letemsvetemapplem.eu\/bazar\/imac-m1-16gb-ram-256gb-ssd-dva-porty\/"},"wordCount":204,"image":{"@id":"https:\/\/www.letemsvetemapplem.eu\/bazar\/imac-m1-16gb-ram-256gb-ssd-dva-porty\/#primaryimage"},"thumbnailUrl":"https:\/\/www.letemsvetemapplem.eu\/bazar\/wp-content\/uploads\/2024\/11\/s-l1600.jpg","articleSection":["iMac"],"inLanguage":"cs"},{"@type":"WebPage","@id":"https:\/\/www.letemsvetemapplem.eu\/bazar\/imac-m1-16gb-ram-256gb-ssd-dva-porty\/","url":"https:\/\/www.letemsvetemapplem.eu\/bazar\/imac-m1-16gb-ram-256gb-ssd-dva-porty\/","name":"iMac M1 16GB RAM 256GB SSD dva porty - Apple bazar","isPartOf":{"@id":"https:\/\/www.letemsvetemapplem.eu\/bazar\/#website"},"primaryImageOfPage":{"@id":"https:\/\/www.letemsvetemapplem.eu\/bazar\/imac-m1-16gb-ram-256gb-ssd-dva-porty\/#primaryimage"},"image":{"@id":"https:\/\/www.letemsvetemapplem.eu\/bazar\/imac-m1-16gb-ram-256gb-ssd-dva-porty\/#primaryimage"},"thumbnailUrl":"https:\/\/www.letemsvetemapplem.eu\/bazar\/wp-content\/uploads\/2024\/11\/s-l1600.jpg","datePublished":"2024-11-21T09:14:21+00:00","dateModified":"2024-12-08T10:58:05+00:00","author":{"@id":""},"breadcrumb":{"@id":"https:\/\/www.letemsvetemapplem.eu\/bazar\/imac-m1-16gb-ram-256gb-ssd-dva-porty\/#breadcrumb"},"inLanguage":"cs","potentialAction":[{"@type":"ReadAction","target":["https:\/\/www.letemsvetemapplem.eu\/bazar\/imac-m1-16gb-ram-256gb-ssd-dva-porty\/"]}]},{"@type":"ImageObject","inLanguage":"cs","@id":"https:\/\/www.letemsvetemapplem.eu\/bazar\/imac-m1-16gb-ram-256gb-ssd-dva-porty\/#primaryimage","url":"https:\/\/www.letemsvetemapplem.eu\/bazar\/wp-content\/uploads\/2024\/11\/s-l1600.jpg","contentUrl":"https:\/\/www.letemsvetemapplem.eu\/bazar\/wp-content\/uploads\/2024\/11\/s-l1600.jpg","width":982,"height":1033},{"@type":"BreadcrumbList","@id":"https:\/\/www.letemsvetemapplem.eu\/bazar\/imac-m1-16gb-ram-256gb-ssd-dva-porty\/#breadcrumb","itemListElement":[{"@type":"ListItem","position":1,"name":"Apple Bazar","item":"https:\/\/www.letemsvetemapplem.eu\/bazar\/"},{"@type":"ListItem","position":2,"name":"iMac M1 16GB RAM 256GB SSD dva porty"}]},{"@type":"WebSite","@id":"https:\/\/www.letemsvetemapplem.eu\/bazar\/#website","url":"https:\/\/www.letemsvetemapplem.eu\/bazar\/","name":"Apple bazar","description":"Oou\u017eit\u00e9 Apple produkty za skv\u011bl\u00e9 ceny","potentialAction":[{"@type":"SearchAction","target":{"@type":"EntryPoint","urlTemplate":"https:\/\/www.letemsvetemapplem.eu\/bazar\/?s={search_term_string}"},"query-input":{"@type":"PropertyValueSpecification","valueRequired":true,"valueName":"search_term_string"}}],"inLanguage":"cs"}]}},"_links":{"self":[{"href":"https:\/\/www.letemsvetemapplem.eu\/bazar\/wp-json\/wp\/v2\/posts\/293173","targetHints":{"allow":["GET"]}}],"collection":[{"href":"https:\/\/www.letemsvetemapplem.eu\/bazar\/wp-json\/wp\/v2\/posts"}],"about":[{"href":"https:\/\/www.letemsvetemapplem.eu\/bazar\/wp-json\/wp\/v2\/types\/post"}],"replies":[{"embeddable":true,"href":"https:\/\/www.letemsvetemapplem.eu\/bazar\/wp-json\/wp\/v2\/comments?post=293173"}],"version-history":[{"count":2,"href":"https:\/\/www.letemsvetemapplem.eu\/bazar\/wp-json\/wp\/v2\/posts\/293173\/revisions"}],"predecessor-version":[{"id":293893,"href":"https:\/\/www.letemsvetemapplem.eu\/bazar\/wp-json\/wp\/v2\/posts\/293173\/revisions\/293893"}],"wp:featuredmedia":[{"embeddable":true,"href":"https:\/\/www.letemsvetemapplem.eu\/bazar\/wp-json\/wp\/v2\/media\/293174"}],"wp:attachment":[{"href":"https:\/\/www.letemsvetemapplem.eu\/bazar\/wp-json\/wp\/v2\/media?parent=293173"}],"wp:term":[{"taxonomy":"category","embeddable":true,"href":"https:\/\/www.letemsvetemapplem.eu\/bazar\/wp-json\/wp\/v2\/categories?post=293173"},{"taxonomy":"post_tag","embeddable":true,"href":"https:\/\/www.letemsvetemapplem.eu\/bazar\/wp-json\/wp\/v2\/tags?post=293173"}],"curies":[{"name":"wp","href":"https:\/\/api.w.org\/{rel}","templated":true}]}}