{"id":291313,"date":"2024-09-11T11:00:43","date_gmt":"2024-09-11T10:00:43","guid":{"rendered":"https:\/\/www.letemsvetemapplem.eu\/bazar\/?p=291313"},"modified":"2024-09-11T11:01:39","modified_gmt":"2024-09-11T10:01:39","slug":"apple-watch-3-38-mm-4","status":"publish","type":"post","link":"https:\/\/www.letemsvetemapplem.eu\/bazar\/apple-watch-3-38-mm-4\/","title":{"rendered":"Apple Watch 3 [38 mm]"},"content":{"rendered":"<p>Dobr\u00fd den,<br \/>\nr\u00e1d bych nab\u00eddl m\u00e9 star\u0161\u00ed a pou\u017eit\u00e9 Apple Watch 3 [38 mm]. D\u016fvod prodeje je p\u0159echod na vy\u0161\u0161\u00ed \u0159adu. Hodinky maj\u00ed men\u0161\u00ed od\u011brky z ka\u017edodenn\u00edho no\u0161en\u00ed, ale nic hrozn\u00e9ho. Kondice baterie je na 90%.<br \/>\nBohu\u017eel k hodink\u00e1m u\u017e nem\u00e1m origin\u00e1ln\u00ed krabi\u010dku a nab\u00edje\u010dku si nech\u00e1v\u00e1m k aktu\u00e1ln\u00edm hodink\u00e1m (oboj\u00ed zohled\u0148uji v cen\u011b).<br \/>\nV hodink\u00e1m p\u0159ilo\u017e\u00edm i sadu \u0159em\u00ednku, kter\u00e9 u\u017e nepot\u0159ebuji.<br \/>\nIde\u00e1ln\u00ed pro d\u011bti, a nebo pro n\u011bkoho, zda mu Apple Watch budou vyhovovat.<br \/>\nPos\u00edl\u00e1m pouze na dob\u00edrku, a nebo osobn\u00ed p\u0159ed\u00e1n\u00ed.<\/p>\n","protected":false},"excerpt":{"rendered":"<p>Dobr\u00fd den, r\u00e1d bych nab\u00eddl m\u00e9 star\u0161\u00ed a pou\u017eit\u00e9 Apple Watch 3 [38 mm]. D\u016fvod prodeje je p\u0159echod na vy\u0161\u0161\u00ed \u0159adu. Hodinky maj\u00ed men\u0161\u00ed od\u011brky z ka\u017edodenn\u00edho no\u0161en\u00ed, ale nic hrozn\u00e9ho. Kondice baterie je na 90%. Bohu\u017eel k hodink\u00e1m u\u017e nem\u00e1m origin\u00e1ln\u00ed krabi\u010dku a nab\u00edje\u010dku si nech\u00e1v\u00e1m k aktu\u00e1ln\u00edm hodink\u00e1m (oboj\u00ed zohled\u0148uji v cen\u011b). V&#8230;<\/p>\n","protected":false},"author":0,"featured_media":291314,"comment_status":"closed","ping_status":"closed","sticky":false,"template":"","format":"standard","meta":{"footnotes":""},"categories":[59],"tags":[],"class_list":["post-291313","post","type-post","status-publish","format-standard","has-post-thumbnail","hentry","category-apple-watch-series-3"],"yoast_head":"<!-- This site is optimized with the Yoast SEO plugin v27.5 - https:\/\/yoast.com\/product\/yoast-seo-wordpress\/ -->\n<title>Apple Watch 3 [38 mm] - Apple bazar<\/title>\n<meta name=\"robots\" content=\"index, follow, max-snippet:-1, max-image-preview:large, max-video-preview:-1\" \/>\n<link rel=\"canonical\" href=\"https:\/\/www.letemsvetemapplem.eu\/bazar\/apple-watch-3-38-mm-4\/\" \/>\n<meta property=\"og:locale\" content=\"cs_CZ\" \/>\n<meta property=\"og:type\" content=\"article\" \/>\n<meta property=\"og:title\" content=\"Apple Watch 3 [38 mm] - Apple bazar\" \/>\n<meta property=\"og:description\" content=\"Dobr\u00fd den, r\u00e1d bych nab\u00eddl m\u00e9 star\u0161\u00ed a pou\u017eit\u00e9 Apple Watch 3 [38 mm]. D\u016fvod prodeje je p\u0159echod na vy\u0161\u0161\u00ed \u0159adu. Hodinky maj\u00ed men\u0161\u00ed od\u011brky z ka\u017edodenn\u00edho no\u0161en\u00ed, ale nic hrozn\u00e9ho. Kondice baterie je na 90%. Bohu\u017eel k hodink\u00e1m u\u017e nem\u00e1m origin\u00e1ln\u00ed krabi\u010dku a nab\u00edje\u010dku si nech\u00e1v\u00e1m k aktu\u00e1ln\u00edm hodink\u00e1m (oboj\u00ed zohled\u0148uji v cen\u011b). V...\" \/>\n<meta property=\"og:url\" content=\"https:\/\/www.letemsvetemapplem.eu\/bazar\/apple-watch-3-38-mm-4\/\" \/>\n<meta property=\"og:site_name\" content=\"Apple bazar\" \/>\n<meta property=\"article:published_time\" content=\"2024-09-11T10:00:43+00:00\" \/>\n<meta property=\"article:modified_time\" content=\"2024-09-11T10:01:39+00:00\" \/>\n<meta property=\"og:image\" content=\"https:\/\/www.letemsvetemapplem.eu\/bazar\/wp-content\/uploads\/2024\/09\/IMG_4145-scaled.jpg\" \/>\n\t<meta property=\"og:image:width\" content=\"1920\" \/>\n\t<meta property=\"og:image:height\" content=\"2560\" \/>\n\t<meta property=\"og:image:type\" content=\"image\/jpeg\" \/>\n<meta name=\"twitter:card\" content=\"summary_large_image\" \/>\n<script type=\"application\/ld+json\" class=\"yoast-schema-graph\">{\"@context\":\"https:\\\/\\\/schema.org\",\"@graph\":[{\"@type\":\"Article\",\"@id\":\"https:\\\/\\\/www.letemsvetemapplem.eu\\\/bazar\\\/apple-watch-3-38-mm-4\\\/#article\",\"isPartOf\":{\"@id\":\"https:\\\/\\\/www.letemsvetemapplem.eu\\\/bazar\\\/apple-watch-3-38-mm-4\\\/\"},\"author\":{\"name\":\"\",\"@id\":\"\"},\"headline\":\"Apple Watch 3 [38 mm]\",\"datePublished\":\"2024-09-11T10:00:43+00:00\",\"dateModified\":\"2024-09-11T10:01:39+00:00\",\"mainEntityOfPage\":{\"@id\":\"https:\\\/\\\/www.letemsvetemapplem.eu\\\/bazar\\\/apple-watch-3-38-mm-4\\\/\"},\"wordCount\":120,\"image\":{\"@id\":\"https:\\\/\\\/www.letemsvetemapplem.eu\\\/bazar\\\/apple-watch-3-38-mm-4\\\/#primaryimage\"},\"thumbnailUrl\":\"https:\\\/\\\/www.letemsvetemapplem.eu\\\/bazar\\\/wp-content\\\/uploads\\\/2024\\\/09\\\/IMG_4145-scaled.jpg\",\"articleSection\":[\"Apple Watch Series 3\"],\"inLanguage\":\"cs\"},{\"@type\":\"WebPage\",\"@id\":\"https:\\\/\\\/www.letemsvetemapplem.eu\\\/bazar\\\/apple-watch-3-38-mm-4\\\/\",\"url\":\"https:\\\/\\\/www.letemsvetemapplem.eu\\\/bazar\\\/apple-watch-3-38-mm-4\\\/\",\"name\":\"Apple Watch 3 [38 mm] - Apple bazar\",\"isPartOf\":{\"@id\":\"https:\\\/\\\/www.letemsvetemapplem.eu\\\/bazar\\\/#website\"},\"primaryImageOfPage\":{\"@id\":\"https:\\\/\\\/www.letemsvetemapplem.eu\\\/bazar\\\/apple-watch-3-38-mm-4\\\/#primaryimage\"},\"image\":{\"@id\":\"https:\\\/\\\/www.letemsvetemapplem.eu\\\/bazar\\\/apple-watch-3-38-mm-4\\\/#primaryimage\"},\"thumbnailUrl\":\"https:\\\/\\\/www.letemsvetemapplem.eu\\\/bazar\\\/wp-content\\\/uploads\\\/2024\\\/09\\\/IMG_4145-scaled.jpg\",\"datePublished\":\"2024-09-11T10:00:43+00:00\",\"dateModified\":\"2024-09-11T10:01:39+00:00\",\"author\":{\"@id\":\"\"},\"breadcrumb\":{\"@id\":\"https:\\\/\\\/www.letemsvetemapplem.eu\\\/bazar\\\/apple-watch-3-38-mm-4\\\/#breadcrumb\"},\"inLanguage\":\"cs\",\"potentialAction\":[{\"@type\":\"ReadAction\",\"target\":[\"https:\\\/\\\/www.letemsvetemapplem.eu\\\/bazar\\\/apple-watch-3-38-mm-4\\\/\"]}]},{\"@type\":\"ImageObject\",\"inLanguage\":\"cs\",\"@id\":\"https:\\\/\\\/www.letemsvetemapplem.eu\\\/bazar\\\/apple-watch-3-38-mm-4\\\/#primaryimage\",\"url\":\"https:\\\/\\\/www.letemsvetemapplem.eu\\\/bazar\\\/wp-content\\\/uploads\\\/2024\\\/09\\\/IMG_4145-scaled.jpg\",\"contentUrl\":\"https:\\\/\\\/www.letemsvetemapplem.eu\\\/bazar\\\/wp-content\\\/uploads\\\/2024\\\/09\\\/IMG_4145-scaled.jpg\",\"width\":1920,\"height\":2560},{\"@type\":\"BreadcrumbList\",\"@id\":\"https:\\\/\\\/www.letemsvetemapplem.eu\\\/bazar\\\/apple-watch-3-38-mm-4\\\/#breadcrumb\",\"itemListElement\":[{\"@type\":\"ListItem\",\"position\":1,\"name\":\"Apple Bazar\",\"item\":\"https:\\\/\\\/www.letemsvetemapplem.eu\\\/bazar\\\/\"},{\"@type\":\"ListItem\",\"position\":2,\"name\":\"Apple Watch 3 [38 mm]\"}]},{\"@type\":\"WebSite\",\"@id\":\"https:\\\/\\\/www.letemsvetemapplem.eu\\\/bazar\\\/#website\",\"url\":\"https:\\\/\\\/www.letemsvetemapplem.eu\\\/bazar\\\/\",\"name\":\"Apple bazar\",\"description\":\"Oou\u017eit\u00e9 Apple produkty za skv\u011bl\u00e9 ceny\",\"potentialAction\":[{\"@type\":\"SearchAction\",\"target\":{\"@type\":\"EntryPoint\",\"urlTemplate\":\"https:\\\/\\\/www.letemsvetemapplem.eu\\\/bazar\\\/?s={search_term_string}\"},\"query-input\":{\"@type\":\"PropertyValueSpecification\",\"valueRequired\":true,\"valueName\":\"search_term_string\"}}],\"inLanguage\":\"cs\"}]}<\/script>\n<!-- \/ Yoast SEO plugin. -->","yoast_head_json":{"title":"Apple Watch 3 [38 mm] - Apple bazar","robots":{"index":"index","follow":"follow","max-snippet":"max-snippet:-1","max-image-preview":"max-image-preview:large","max-video-preview":"max-video-preview:-1"},"canonical":"https:\/\/www.letemsvetemapplem.eu\/bazar\/apple-watch-3-38-mm-4\/","og_locale":"cs_CZ","og_type":"article","og_title":"Apple Watch 3 [38 mm] - Apple bazar","og_description":"Dobr\u00fd den, r\u00e1d bych nab\u00eddl m\u00e9 star\u0161\u00ed a pou\u017eit\u00e9 Apple Watch 3 [38 mm]. D\u016fvod prodeje je p\u0159echod na vy\u0161\u0161\u00ed \u0159adu. Hodinky maj\u00ed men\u0161\u00ed od\u011brky z ka\u017edodenn\u00edho no\u0161en\u00ed, ale nic hrozn\u00e9ho. Kondice baterie je na 90%. Bohu\u017eel k hodink\u00e1m u\u017e nem\u00e1m origin\u00e1ln\u00ed krabi\u010dku a nab\u00edje\u010dku si nech\u00e1v\u00e1m k aktu\u00e1ln\u00edm hodink\u00e1m (oboj\u00ed zohled\u0148uji v cen\u011b). V...","og_url":"https:\/\/www.letemsvetemapplem.eu\/bazar\/apple-watch-3-38-mm-4\/","og_site_name":"Apple bazar","article_published_time":"2024-09-11T10:00:43+00:00","article_modified_time":"2024-09-11T10:01:39+00:00","og_image":[{"width":1920,"height":2560,"url":"https:\/\/www.letemsvetemapplem.eu\/bazar\/wp-content\/uploads\/2024\/09\/IMG_4145-scaled.jpg","type":"image\/jpeg"}],"twitter_card":"summary_large_image","schema":{"@context":"https:\/\/schema.org","@graph":[{"@type":"Article","@id":"https:\/\/www.letemsvetemapplem.eu\/bazar\/apple-watch-3-38-mm-4\/#article","isPartOf":{"@id":"https:\/\/www.letemsvetemapplem.eu\/bazar\/apple-watch-3-38-mm-4\/"},"author":{"name":"","@id":""},"headline":"Apple Watch 3 [38 mm]","datePublished":"2024-09-11T10:00:43+00:00","dateModified":"2024-09-11T10:01:39+00:00","mainEntityOfPage":{"@id":"https:\/\/www.letemsvetemapplem.eu\/bazar\/apple-watch-3-38-mm-4\/"},"wordCount":120,"image":{"@id":"https:\/\/www.letemsvetemapplem.eu\/bazar\/apple-watch-3-38-mm-4\/#primaryimage"},"thumbnailUrl":"https:\/\/www.letemsvetemapplem.eu\/bazar\/wp-content\/uploads\/2024\/09\/IMG_4145-scaled.jpg","articleSection":["Apple Watch Series 3"],"inLanguage":"cs"},{"@type":"WebPage","@id":"https:\/\/www.letemsvetemapplem.eu\/bazar\/apple-watch-3-38-mm-4\/","url":"https:\/\/www.letemsvetemapplem.eu\/bazar\/apple-watch-3-38-mm-4\/","name":"Apple Watch 3 [38 mm] - Apple bazar","isPartOf":{"@id":"https:\/\/www.letemsvetemapplem.eu\/bazar\/#website"},"primaryImageOfPage":{"@id":"https:\/\/www.letemsvetemapplem.eu\/bazar\/apple-watch-3-38-mm-4\/#primaryimage"},"image":{"@id":"https:\/\/www.letemsvetemapplem.eu\/bazar\/apple-watch-3-38-mm-4\/#primaryimage"},"thumbnailUrl":"https:\/\/www.letemsvetemapplem.eu\/bazar\/wp-content\/uploads\/2024\/09\/IMG_4145-scaled.jpg","datePublished":"2024-09-11T10:00:43+00:00","dateModified":"2024-09-11T10:01:39+00:00","author":{"@id":""},"breadcrumb":{"@id":"https:\/\/www.letemsvetemapplem.eu\/bazar\/apple-watch-3-38-mm-4\/#breadcrumb"},"inLanguage":"cs","potentialAction":[{"@type":"ReadAction","target":["https:\/\/www.letemsvetemapplem.eu\/bazar\/apple-watch-3-38-mm-4\/"]}]},{"@type":"ImageObject","inLanguage":"cs","@id":"https:\/\/www.letemsvetemapplem.eu\/bazar\/apple-watch-3-38-mm-4\/#primaryimage","url":"https:\/\/www.letemsvetemapplem.eu\/bazar\/wp-content\/uploads\/2024\/09\/IMG_4145-scaled.jpg","contentUrl":"https:\/\/www.letemsvetemapplem.eu\/bazar\/wp-content\/uploads\/2024\/09\/IMG_4145-scaled.jpg","width":1920,"height":2560},{"@type":"BreadcrumbList","@id":"https:\/\/www.letemsvetemapplem.eu\/bazar\/apple-watch-3-38-mm-4\/#breadcrumb","itemListElement":[{"@type":"ListItem","position":1,"name":"Apple Bazar","item":"https:\/\/www.letemsvetemapplem.eu\/bazar\/"},{"@type":"ListItem","position":2,"name":"Apple Watch 3 [38 mm]"}]},{"@type":"WebSite","@id":"https:\/\/www.letemsvetemapplem.eu\/bazar\/#website","url":"https:\/\/www.letemsvetemapplem.eu\/bazar\/","name":"Apple bazar","description":"Oou\u017eit\u00e9 Apple produkty za skv\u011bl\u00e9 ceny","potentialAction":[{"@type":"SearchAction","target":{"@type":"EntryPoint","urlTemplate":"https:\/\/www.letemsvetemapplem.eu\/bazar\/?s={search_term_string}"},"query-input":{"@type":"PropertyValueSpecification","valueRequired":true,"valueName":"search_term_string"}}],"inLanguage":"cs"}]}},"_links":{"self":[{"href":"https:\/\/www.letemsvetemapplem.eu\/bazar\/wp-json\/wp\/v2\/posts\/291313","targetHints":{"allow":["GET"]}}],"collection":[{"href":"https:\/\/www.letemsvetemapplem.eu\/bazar\/wp-json\/wp\/v2\/posts"}],"about":[{"href":"https:\/\/www.letemsvetemapplem.eu\/bazar\/wp-json\/wp\/v2\/types\/post"}],"replies":[{"embeddable":true,"href":"https:\/\/www.letemsvetemapplem.eu\/bazar\/wp-json\/wp\/v2\/comments?post=291313"}],"version-history":[{"count":2,"href":"https:\/\/www.letemsvetemapplem.eu\/bazar\/wp-json\/wp\/v2\/posts\/291313\/revisions"}],"predecessor-version":[{"id":291319,"href":"https:\/\/www.letemsvetemapplem.eu\/bazar\/wp-json\/wp\/v2\/posts\/291313\/revisions\/291319"}],"wp:featuredmedia":[{"embeddable":true,"href":"https:\/\/www.letemsvetemapplem.eu\/bazar\/wp-json\/wp\/v2\/media\/291314"}],"wp:attachment":[{"href":"https:\/\/www.letemsvetemapplem.eu\/bazar\/wp-json\/wp\/v2\/media?parent=291313"}],"wp:term":[{"taxonomy":"category","embeddable":true,"href":"https:\/\/www.letemsvetemapplem.eu\/bazar\/wp-json\/wp\/v2\/categories?post=291313"},{"taxonomy":"post_tag","embeddable":true,"href":"https:\/\/www.letemsvetemapplem.eu\/bazar\/wp-json\/wp\/v2\/tags?post=291313"}],"curies":[{"name":"wp","href":"https:\/\/api.w.org\/{rel}","templated":true}]}}