{"id":290634,"date":"2024-08-06T20:07:38","date_gmt":"2024-08-06T19:07:38","guid":{"rendered":"https:\/\/www.letemsvetemapplem.eu\/bazar\/?p=290634"},"modified":"2024-08-06T20:07:38","modified_gmt":"2024-08-06T19:07:38","slug":"apple-imac-27-late-2015-skvely-stav","status":"publish","type":"post","link":"https:\/\/www.letemsvetemapplem.eu\/bazar\/apple-imac-27-late-2015-skvely-stav\/","title":{"rendered":"Apple iMac 27&quot; (late 2015) \/ skv\u011bl\u00fd stav"},"content":{"rendered":"<p>Slu\u0161n\u00fd v\u00fdkon za rozumnou cenu!<\/p>\n<p>Monitor: \ud83d\udda5\ufe0f 27&quot; Retina 5K displej (5120x2880px)<br \/>\n\u010cty\u0159j\u00e1drov\u00fd procesor Intel Core i5 3,2 GHz<br \/>\nRAM: \ud83d\ude80 upgradov\u00e1no z 8GB na 32GB 1867 MHz DDR3 \ud83d\ude80<br \/>\nHDD: \u26a1 upgradov\u00e1no z 1TB (7200-rpm) na 1TB SSD pro bleskovou rychlost \u26a1<br \/>\nGrafick\u00e1 karta: AMD Radeon R9 M380 2 GB<br \/>\nOS: macOS Monterey 12.6.1.<br \/>\nFaceTime HD camera<br \/>\nKonektory: 3,5mm audio jack, SDXC karty, 4x USB 3, 2x Thunderbolt, 10\/100\/1000BASE-T Gigabit Ethernet<br \/>\nKonektivita: Wi-Fi 802.11ac, Bluetooth 4.0<br \/>\nSou\u010d\u00e1st\u00ed balen\u00ed i nap\u00e1jec\u00ed kabel<\/p>\n<p>V\u00edce informac\u00ed:<br \/>\nhttps:\/\/support.apple.com\/en-us\/112035<\/p>\n<p>\u2705 Perfektn\u011b funk\u010dn\u00ed ve skv\u011bl\u00e9m stavu.<\/p>\n<p>P\u016fvodn\u00ed cena: 60 000 K\u010d + n\u00e1klady na upgrade (RAM, SSD)<br \/>\nCena pro v\u00e1s: 19 990 K\u010d<br \/>\n\ud83d\udcb8 P\u0159i rychl\u00e9m jedn\u00e1n\u00ed mo\u017en\u00e1 sleva! \ud83d\udcb8<\/p>\n<p>Osobn\u00ed odb\u011br: Praha; dle domluvy mo\u017en\u00e9 zaslat kamkoliv po \u010cR<\/p>\n<p>Neprop\u00e1sn\u011bte nab\u00eddku a ozv\u011bte se je\u0161t\u011b dnes!<\/p>\n","protected":false},"excerpt":{"rendered":"<p>Slu\u0161n\u00fd v\u00fdkon za rozumnou cenu! Monitor: \ud83d\udda5\ufe0f 27&quot; Retina 5K displej (5120x2880px) \u010cty\u0159j\u00e1drov\u00fd procesor Intel Core i5 3,2 GHz RAM: \ud83d\ude80 upgradov\u00e1no z 8GB na 32GB 1867 MHz DDR3 \ud83d\ude80 HDD: \u26a1 upgradov\u00e1no z 1TB (7200-rpm) na 1TB SSD pro bleskovou rychlost \u26a1 Grafick\u00e1 karta: AMD Radeon R9 M380 2 GB OS: macOS Monterey 12.6.1&#8230;.<\/p>\n","protected":false},"author":0,"featured_media":290635,"comment_status":"closed","ping_status":"closed","sticky":false,"template":"","format":"standard","meta":{"footnotes":""},"categories":[41],"tags":[],"class_list":["post-290634","post","type-post","status-publish","format-standard","has-post-thumbnail","hentry","category-imac"],"yoast_head":"<!-- This site is optimized with the Yoast SEO plugin v27.2 - https:\/\/yoast.com\/product\/yoast-seo-wordpress\/ -->\n<title>Apple iMac 27&quot; (late 2015) \/ skv\u011bl\u00fd stav - Apple bazar<\/title>\n<meta name=\"robots\" content=\"index, follow, max-snippet:-1, max-image-preview:large, max-video-preview:-1\" \/>\n<link rel=\"canonical\" href=\"https:\/\/www.letemsvetemapplem.eu\/bazar\/apple-imac-27-late-2015-skvely-stav\/\" \/>\n<meta property=\"og:locale\" content=\"cs_CZ\" \/>\n<meta property=\"og:type\" content=\"article\" \/>\n<meta property=\"og:title\" content=\"Apple iMac 27&quot; (late 2015) \/ skv\u011bl\u00fd stav - Apple bazar\" \/>\n<meta property=\"og:description\" content=\"Slu\u0161n\u00fd v\u00fdkon za rozumnou cenu! Monitor: \ud83d\udda5\ufe0f 27&quot; Retina 5K displej (5120x2880px) \u010cty\u0159j\u00e1drov\u00fd procesor Intel Core i5 3,2 GHz RAM: \ud83d\ude80 upgradov\u00e1no z 8GB na 32GB 1867 MHz DDR3 \ud83d\ude80 HDD: \u26a1 upgradov\u00e1no z 1TB (7200-rpm) na 1TB SSD pro bleskovou rychlost \u26a1 Grafick\u00e1 karta: AMD Radeon R9 M380 2 GB OS: macOS Monterey 12.6.1....\" \/>\n<meta property=\"og:url\" content=\"https:\/\/www.letemsvetemapplem.eu\/bazar\/apple-imac-27-late-2015-skvely-stav\/\" \/>\n<meta property=\"og:site_name\" content=\"Apple bazar\" \/>\n<meta property=\"article:published_time\" content=\"2024-08-06T19:07:38+00:00\" \/>\n<meta property=\"og:image\" content=\"https:\/\/www.letemsvetemapplem.eu\/bazar\/wp-content\/uploads\/2024\/08\/IMG_6676.jpg\" \/>\n\t<meta property=\"og:image:width\" content=\"2000\" \/>\n\t<meta property=\"og:image:height\" content=\"1500\" \/>\n\t<meta property=\"og:image:type\" content=\"image\/jpeg\" \/>\n<meta name=\"twitter:card\" content=\"summary_large_image\" \/>\n<script type=\"application\/ld+json\" class=\"yoast-schema-graph\">{\"@context\":\"https:\/\/schema.org\",\"@graph\":[{\"@type\":\"Article\",\"@id\":\"https:\/\/www.letemsvetemapplem.eu\/bazar\/apple-imac-27-late-2015-skvely-stav\/#article\",\"isPartOf\":{\"@id\":\"https:\/\/www.letemsvetemapplem.eu\/bazar\/apple-imac-27-late-2015-skvely-stav\/\"},\"author\":{\"name\":\"\",\"@id\":\"\"},\"headline\":\"Apple iMac 27&quot; (late 2015) \/ skv\u011bl\u00fd stav\",\"datePublished\":\"2024-08-06T19:07:38+00:00\",\"mainEntityOfPage\":{\"@id\":\"https:\/\/www.letemsvetemapplem.eu\/bazar\/apple-imac-27-late-2015-skvely-stav\/\"},\"wordCount\":151,\"image\":{\"@id\":\"https:\/\/www.letemsvetemapplem.eu\/bazar\/apple-imac-27-late-2015-skvely-stav\/#primaryimage\"},\"thumbnailUrl\":\"https:\/\/www.letemsvetemapplem.eu\/bazar\/wp-content\/uploads\/2024\/08\/IMG_6676.jpg\",\"articleSection\":[\"iMac\"],\"inLanguage\":\"cs\"},{\"@type\":\"WebPage\",\"@id\":\"https:\/\/www.letemsvetemapplem.eu\/bazar\/apple-imac-27-late-2015-skvely-stav\/\",\"url\":\"https:\/\/www.letemsvetemapplem.eu\/bazar\/apple-imac-27-late-2015-skvely-stav\/\",\"name\":\"Apple iMac 27&quot; (late 2015) \/ skv\u011bl\u00fd stav - Apple bazar\",\"isPartOf\":{\"@id\":\"https:\/\/www.letemsvetemapplem.eu\/bazar\/#website\"},\"primaryImageOfPage\":{\"@id\":\"https:\/\/www.letemsvetemapplem.eu\/bazar\/apple-imac-27-late-2015-skvely-stav\/#primaryimage\"},\"image\":{\"@id\":\"https:\/\/www.letemsvetemapplem.eu\/bazar\/apple-imac-27-late-2015-skvely-stav\/#primaryimage\"},\"thumbnailUrl\":\"https:\/\/www.letemsvetemapplem.eu\/bazar\/wp-content\/uploads\/2024\/08\/IMG_6676.jpg\",\"datePublished\":\"2024-08-06T19:07:38+00:00\",\"author\":{\"@id\":\"\"},\"breadcrumb\":{\"@id\":\"https:\/\/www.letemsvetemapplem.eu\/bazar\/apple-imac-27-late-2015-skvely-stav\/#breadcrumb\"},\"inLanguage\":\"cs\",\"potentialAction\":[{\"@type\":\"ReadAction\",\"target\":[\"https:\/\/www.letemsvetemapplem.eu\/bazar\/apple-imac-27-late-2015-skvely-stav\/\"]}]},{\"@type\":\"ImageObject\",\"inLanguage\":\"cs\",\"@id\":\"https:\/\/www.letemsvetemapplem.eu\/bazar\/apple-imac-27-late-2015-skvely-stav\/#primaryimage\",\"url\":\"https:\/\/www.letemsvetemapplem.eu\/bazar\/wp-content\/uploads\/2024\/08\/IMG_6676.jpg\",\"contentUrl\":\"https:\/\/www.letemsvetemapplem.eu\/bazar\/wp-content\/uploads\/2024\/08\/IMG_6676.jpg\",\"width\":2000,\"height\":1500},{\"@type\":\"BreadcrumbList\",\"@id\":\"https:\/\/www.letemsvetemapplem.eu\/bazar\/apple-imac-27-late-2015-skvely-stav\/#breadcrumb\",\"itemListElement\":[{\"@type\":\"ListItem\",\"position\":1,\"name\":\"Apple Bazar\",\"item\":\"https:\/\/www.letemsvetemapplem.eu\/bazar\/\"},{\"@type\":\"ListItem\",\"position\":2,\"name\":\"Apple iMac 27&quot; (late 2015) \/ skv\u011bl\u00fd stav\"}]},{\"@type\":\"WebSite\",\"@id\":\"https:\/\/www.letemsvetemapplem.eu\/bazar\/#website\",\"url\":\"https:\/\/www.letemsvetemapplem.eu\/bazar\/\",\"name\":\"Apple bazar\",\"description\":\"Oou\u017eit\u00e9 Apple produkty za skv\u011bl\u00e9 ceny\",\"potentialAction\":[{\"@type\":\"SearchAction\",\"target\":{\"@type\":\"EntryPoint\",\"urlTemplate\":\"https:\/\/www.letemsvetemapplem.eu\/bazar\/?s={search_term_string}\"},\"query-input\":{\"@type\":\"PropertyValueSpecification\",\"valueRequired\":true,\"valueName\":\"search_term_string\"}}],\"inLanguage\":\"cs\"}]}<\/script>\n<!-- \/ Yoast SEO plugin. -->","yoast_head_json":{"title":"Apple iMac 27&quot; (late 2015) \/ skv\u011bl\u00fd stav - Apple bazar","robots":{"index":"index","follow":"follow","max-snippet":"max-snippet:-1","max-image-preview":"max-image-preview:large","max-video-preview":"max-video-preview:-1"},"canonical":"https:\/\/www.letemsvetemapplem.eu\/bazar\/apple-imac-27-late-2015-skvely-stav\/","og_locale":"cs_CZ","og_type":"article","og_title":"Apple iMac 27&quot; (late 2015) \/ skv\u011bl\u00fd stav - Apple bazar","og_description":"Slu\u0161n\u00fd v\u00fdkon za rozumnou cenu! Monitor: \ud83d\udda5\ufe0f 27&quot; Retina 5K displej (5120x2880px) \u010cty\u0159j\u00e1drov\u00fd procesor Intel Core i5 3,2 GHz RAM: \ud83d\ude80 upgradov\u00e1no z 8GB na 32GB 1867 MHz DDR3 \ud83d\ude80 HDD: \u26a1 upgradov\u00e1no z 1TB (7200-rpm) na 1TB SSD pro bleskovou rychlost \u26a1 Grafick\u00e1 karta: AMD Radeon R9 M380 2 GB OS: macOS Monterey 12.6.1....","og_url":"https:\/\/www.letemsvetemapplem.eu\/bazar\/apple-imac-27-late-2015-skvely-stav\/","og_site_name":"Apple bazar","article_published_time":"2024-08-06T19:07:38+00:00","og_image":[{"width":2000,"height":1500,"url":"https:\/\/www.letemsvetemapplem.eu\/bazar\/wp-content\/uploads\/2024\/08\/IMG_6676.jpg","type":"image\/jpeg"}],"twitter_card":"summary_large_image","schema":{"@context":"https:\/\/schema.org","@graph":[{"@type":"Article","@id":"https:\/\/www.letemsvetemapplem.eu\/bazar\/apple-imac-27-late-2015-skvely-stav\/#article","isPartOf":{"@id":"https:\/\/www.letemsvetemapplem.eu\/bazar\/apple-imac-27-late-2015-skvely-stav\/"},"author":{"name":"","@id":""},"headline":"Apple iMac 27&quot; (late 2015) \/ skv\u011bl\u00fd stav","datePublished":"2024-08-06T19:07:38+00:00","mainEntityOfPage":{"@id":"https:\/\/www.letemsvetemapplem.eu\/bazar\/apple-imac-27-late-2015-skvely-stav\/"},"wordCount":151,"image":{"@id":"https:\/\/www.letemsvetemapplem.eu\/bazar\/apple-imac-27-late-2015-skvely-stav\/#primaryimage"},"thumbnailUrl":"https:\/\/www.letemsvetemapplem.eu\/bazar\/wp-content\/uploads\/2024\/08\/IMG_6676.jpg","articleSection":["iMac"],"inLanguage":"cs"},{"@type":"WebPage","@id":"https:\/\/www.letemsvetemapplem.eu\/bazar\/apple-imac-27-late-2015-skvely-stav\/","url":"https:\/\/www.letemsvetemapplem.eu\/bazar\/apple-imac-27-late-2015-skvely-stav\/","name":"Apple iMac 27&quot; (late 2015) \/ skv\u011bl\u00fd stav - Apple bazar","isPartOf":{"@id":"https:\/\/www.letemsvetemapplem.eu\/bazar\/#website"},"primaryImageOfPage":{"@id":"https:\/\/www.letemsvetemapplem.eu\/bazar\/apple-imac-27-late-2015-skvely-stav\/#primaryimage"},"image":{"@id":"https:\/\/www.letemsvetemapplem.eu\/bazar\/apple-imac-27-late-2015-skvely-stav\/#primaryimage"},"thumbnailUrl":"https:\/\/www.letemsvetemapplem.eu\/bazar\/wp-content\/uploads\/2024\/08\/IMG_6676.jpg","datePublished":"2024-08-06T19:07:38+00:00","author":{"@id":""},"breadcrumb":{"@id":"https:\/\/www.letemsvetemapplem.eu\/bazar\/apple-imac-27-late-2015-skvely-stav\/#breadcrumb"},"inLanguage":"cs","potentialAction":[{"@type":"ReadAction","target":["https:\/\/www.letemsvetemapplem.eu\/bazar\/apple-imac-27-late-2015-skvely-stav\/"]}]},{"@type":"ImageObject","inLanguage":"cs","@id":"https:\/\/www.letemsvetemapplem.eu\/bazar\/apple-imac-27-late-2015-skvely-stav\/#primaryimage","url":"https:\/\/www.letemsvetemapplem.eu\/bazar\/wp-content\/uploads\/2024\/08\/IMG_6676.jpg","contentUrl":"https:\/\/www.letemsvetemapplem.eu\/bazar\/wp-content\/uploads\/2024\/08\/IMG_6676.jpg","width":2000,"height":1500},{"@type":"BreadcrumbList","@id":"https:\/\/www.letemsvetemapplem.eu\/bazar\/apple-imac-27-late-2015-skvely-stav\/#breadcrumb","itemListElement":[{"@type":"ListItem","position":1,"name":"Apple Bazar","item":"https:\/\/www.letemsvetemapplem.eu\/bazar\/"},{"@type":"ListItem","position":2,"name":"Apple iMac 27&quot; (late 2015) \/ skv\u011bl\u00fd stav"}]},{"@type":"WebSite","@id":"https:\/\/www.letemsvetemapplem.eu\/bazar\/#website","url":"https:\/\/www.letemsvetemapplem.eu\/bazar\/","name":"Apple bazar","description":"Oou\u017eit\u00e9 Apple produkty za skv\u011bl\u00e9 ceny","potentialAction":[{"@type":"SearchAction","target":{"@type":"EntryPoint","urlTemplate":"https:\/\/www.letemsvetemapplem.eu\/bazar\/?s={search_term_string}"},"query-input":{"@type":"PropertyValueSpecification","valueRequired":true,"valueName":"search_term_string"}}],"inLanguage":"cs"}]}},"_links":{"self":[{"href":"https:\/\/www.letemsvetemapplem.eu\/bazar\/wp-json\/wp\/v2\/posts\/290634","targetHints":{"allow":["GET"]}}],"collection":[{"href":"https:\/\/www.letemsvetemapplem.eu\/bazar\/wp-json\/wp\/v2\/posts"}],"about":[{"href":"https:\/\/www.letemsvetemapplem.eu\/bazar\/wp-json\/wp\/v2\/types\/post"}],"replies":[{"embeddable":true,"href":"https:\/\/www.letemsvetemapplem.eu\/bazar\/wp-json\/wp\/v2\/comments?post=290634"}],"version-history":[{"count":1,"href":"https:\/\/www.letemsvetemapplem.eu\/bazar\/wp-json\/wp\/v2\/posts\/290634\/revisions"}],"predecessor-version":[{"id":290641,"href":"https:\/\/www.letemsvetemapplem.eu\/bazar\/wp-json\/wp\/v2\/posts\/290634\/revisions\/290641"}],"wp:featuredmedia":[{"embeddable":true,"href":"https:\/\/www.letemsvetemapplem.eu\/bazar\/wp-json\/wp\/v2\/media\/290635"}],"wp:attachment":[{"href":"https:\/\/www.letemsvetemapplem.eu\/bazar\/wp-json\/wp\/v2\/media?parent=290634"}],"wp:term":[{"taxonomy":"category","embeddable":true,"href":"https:\/\/www.letemsvetemapplem.eu\/bazar\/wp-json\/wp\/v2\/categories?post=290634"},{"taxonomy":"post_tag","embeddable":true,"href":"https:\/\/www.letemsvetemapplem.eu\/bazar\/wp-json\/wp\/v2\/tags?post=290634"}],"curies":[{"name":"wp","href":"https:\/\/api.w.org\/{rel}","templated":true}]}}