{"id":289779,"date":"2024-06-29T03:21:52","date_gmt":"2024-06-29T02:21:52","guid":{"rendered":"https:\/\/www.letemsvetemapplem.eu\/bazar\/?p=289779"},"modified":"2024-06-29T03:23:07","modified_gmt":"2024-06-29T02:23:07","slug":"imac-215-2019-intel-i7-1tb-16gb","status":"publish","type":"post","link":"https:\/\/www.letemsvetemapplem.eu\/bazar\/imac-215-2019-intel-i7-1tb-16gb\/","title":{"rendered":"iMac 21,5&quot; (2019) Intel i7, 1TB, 16GB"},"content":{"rendered":"<p>Dobr\u00fd den,&lt;br \/&gt;<br \/>\nProd\u00e1v\u00e1m iMac 21,5&quot; 4K 2019 ve stavu nov\u00e9ho s v\u00fdkonn\u00fdm procesorem Intel i7 8700 3,2GHz s 6 j\u00e1dry, 16GB RAM a nejv\u00fdkonn\u011bj\u0161\u00ed grafickou kartou tohoto iMacu Radeon Pro Vega 20 se 4GB. Ulo\u017ei\u0161t\u011b m\u00e1 kapacitu 1000GB + 256GB SSD a dod\u00e1v\u00e1m se zcela \u010dist\u00fdm, nejnov\u011bj\u0161\u00edm macOS 14 Sonoma. Jsem prvn\u00ed majitel po\u010d\u00edta\u010de, s jistotou V\u00e1m tedy mohu zaru\u010dit 100% funk\u010dnost stroje a \u017ee o n\u011bj bylo v\u017edy dob\u0159e star\u00e1no. Jedn\u00e1 se o velice elegantn\u00ed a jednoduch\u00fd po\u010d\u00edta\u010d vhodn\u00fd na ka\u017ed\u00fd st\u016fl, se z\u00e1rukou dlouh\u00e9 \u017eivotnosti a \u00fa\u017easnou 4K Retina obrazovkou dopln\u011bnou o v\u00fdkonn\u00fd procesor Intel i7 a grafiku Radeon Pro Vega 20 4GB, d\u00edky kter\u00e9 V\u00e1m po\u010d\u00edta\u010d p\u0159inese spoustu v\u00fdkonu nejen do st\u0159ihu videa nebo grafiky, ale i her a jak\u00e9koli jin\u00e9 n\u00e1ro\u010dn\u00e9 pr\u00e1ce na pc. iMac prod\u00e1v\u00e1m BEZ origin\u00e1ln\u00edho p\u0159\u00edslu\u0161enstv\u00ed, pos\u00edl\u00e1m pouze s origin\u00e1ln\u00ed krabic\u00ed. Pokud m\u00e1te z\u00e1jem o p\u0159\u00edslu\u0161enstv\u00ed, lze jej dokoupit samostatn\u011b tak\u00e9 u m\u011b. Stroj prod\u00e1v\u00e1m z d\u016fvodu p\u0159echodu na MacBook.&lt;br \/&gt;<br \/>\nMo\u017enost posl\u00e1n\u00ed na adresu nebo osobn\u00ed odb\u011br v \u010cR a SK<br \/>\nTechnick\u00e9 specifikace<br \/>\nDisplej \u2013 Retina 4K&lt;br \/&gt;<br \/>\n21,5&quot;, 4096 \u00d7 2304&lt;br \/&gt;<br \/>\n500 nit\u016f<br \/>\nProcesor \u2013 Intel Core i7 8700 s 6 j\u00e1dry&lt;br \/&gt;<br \/>\n3,2 GHz, Turbo Boost a\u017e 4,6 GHz<br \/>\nPam\u011b\u0165 \u2013 16GB DDR4 RAM&lt;br \/&gt;<br \/>\n2666 MHz<br \/>\nUlo\u017ei\u0161t\u011b \u2013 1000GB FusionDrive + 256GB SSD<br \/>\nGrafika \u2013 AMD Radeon Pro Vega 20&lt;br \/&gt;<br \/>\n4GB pam\u011bti<br \/>\nVstupy \u2013 3,5mm AudioJack&lt;br \/&gt;<br \/>\n4x USB-A&lt;br \/&gt;<br \/>\n2x USB-C Thunderbolt&lt;br \/&gt;<br \/>\nEthernet RJ-45&lt;br \/&gt;<br \/>\nSlot na pam\u011b\u0165ov\u00e9 karty SDXC<br \/>\nV p\u0159\u00edpad\u011b jak\u00e9hokoliv dotazu mne nev\u00e1hejte kontaktovat:<br \/>\nemail: oulehla.frantisek@email.cz&lt;br \/&gt;<br \/>\ntel.: +420 792 750 184<br \/>\niMac kupov\u00e1n v roce 2021<\/p>\n","protected":false},"excerpt":{"rendered":"<p>Dobr\u00fd den,&lt;br \/&gt; Prod\u00e1v\u00e1m iMac 21,5&quot; 4K 2019 ve stavu nov\u00e9ho s v\u00fdkonn\u00fdm procesorem Intel i7 8700 3,2GHz s 6 j\u00e1dry, 16GB RAM a nejv\u00fdkonn\u011bj\u0161\u00ed grafickou kartou tohoto iMacu Radeon Pro Vega 20 se 4GB. Ulo\u017ei\u0161t\u011b m\u00e1 kapacitu 1000GB + 256GB SSD a dod\u00e1v\u00e1m se zcela \u010dist\u00fdm, nejnov\u011bj\u0161\u00edm macOS 14 Sonoma. Jsem prvn\u00ed majitel po\u010d\u00edta\u010de,&#8230;<\/p>\n","protected":false},"author":0,"featured_media":289780,"comment_status":"closed","ping_status":"closed","sticky":false,"template":"","format":"standard","meta":{"footnotes":""},"categories":[41],"tags":[],"class_list":["post-289779","post","type-post","status-publish","format-standard","has-post-thumbnail","hentry","category-imac"],"yoast_head":"<!-- This site is optimized with the Yoast SEO plugin v27.2 - https:\/\/yoast.com\/product\/yoast-seo-wordpress\/ -->\n<title>iMac 21,5&quot; (2019) Intel i7, 1TB, 16GB - Apple bazar<\/title>\n<meta name=\"robots\" content=\"index, follow, max-snippet:-1, max-image-preview:large, max-video-preview:-1\" \/>\n<link rel=\"canonical\" href=\"https:\/\/www.letemsvetemapplem.eu\/bazar\/imac-215-2019-intel-i7-1tb-16gb\/\" \/>\n<meta property=\"og:locale\" content=\"cs_CZ\" \/>\n<meta property=\"og:type\" content=\"article\" \/>\n<meta property=\"og:title\" content=\"iMac 21,5&quot; (2019) Intel i7, 1TB, 16GB - Apple bazar\" \/>\n<meta property=\"og:description\" content=\"Dobr\u00fd den,&lt;br \/&gt; Prod\u00e1v\u00e1m iMac 21,5&quot; 4K 2019 ve stavu nov\u00e9ho s v\u00fdkonn\u00fdm procesorem Intel i7 8700 3,2GHz s 6 j\u00e1dry, 16GB RAM a nejv\u00fdkonn\u011bj\u0161\u00ed grafickou kartou tohoto iMacu Radeon Pro Vega 20 se 4GB. Ulo\u017ei\u0161t\u011b m\u00e1 kapacitu 1000GB + 256GB SSD a dod\u00e1v\u00e1m se zcela \u010dist\u00fdm, nejnov\u011bj\u0161\u00edm macOS 14 Sonoma. Jsem prvn\u00ed majitel po\u010d\u00edta\u010de,...\" \/>\n<meta property=\"og:url\" content=\"https:\/\/www.letemsvetemapplem.eu\/bazar\/imac-215-2019-intel-i7-1tb-16gb\/\" \/>\n<meta property=\"og:site_name\" content=\"Apple bazar\" \/>\n<meta property=\"article:published_time\" content=\"2024-06-29T02:21:52+00:00\" \/>\n<meta property=\"article:modified_time\" content=\"2024-06-29T02:23:07+00:00\" \/>\n<meta property=\"og:image\" content=\"https:\/\/www.letemsvetemapplem.eu\/bazar\/wp-content\/uploads\/2024\/06\/IMG_3715-scaled.jpg\" \/>\n\t<meta property=\"og:image:width\" content=\"2560\" \/>\n\t<meta property=\"og:image:height\" content=\"2165\" \/>\n\t<meta property=\"og:image:type\" content=\"image\/jpeg\" \/>\n<meta name=\"twitter:card\" content=\"summary_large_image\" \/>\n<script type=\"application\/ld+json\" class=\"yoast-schema-graph\">{\"@context\":\"https:\/\/schema.org\",\"@graph\":[{\"@type\":\"Article\",\"@id\":\"https:\/\/www.letemsvetemapplem.eu\/bazar\/imac-215-2019-intel-i7-1tb-16gb\/#article\",\"isPartOf\":{\"@id\":\"https:\/\/www.letemsvetemapplem.eu\/bazar\/imac-215-2019-intel-i7-1tb-16gb\/\"},\"author\":{\"name\":\"\",\"@id\":\"\"},\"headline\":\"iMac 21,5&quot; (2019) Intel i7, 1TB, 16GB\",\"datePublished\":\"2024-06-29T02:21:52+00:00\",\"dateModified\":\"2024-06-29T02:23:07+00:00\",\"mainEntityOfPage\":{\"@id\":\"https:\/\/www.letemsvetemapplem.eu\/bazar\/imac-215-2019-intel-i7-1tb-16gb\/\"},\"wordCount\":338,\"image\":{\"@id\":\"https:\/\/www.letemsvetemapplem.eu\/bazar\/imac-215-2019-intel-i7-1tb-16gb\/#primaryimage\"},\"thumbnailUrl\":\"https:\/\/www.letemsvetemapplem.eu\/bazar\/wp-content\/uploads\/2024\/06\/IMG_3715-scaled.jpg\",\"articleSection\":[\"iMac\"],\"inLanguage\":\"cs\"},{\"@type\":\"WebPage\",\"@id\":\"https:\/\/www.letemsvetemapplem.eu\/bazar\/imac-215-2019-intel-i7-1tb-16gb\/\",\"url\":\"https:\/\/www.letemsvetemapplem.eu\/bazar\/imac-215-2019-intel-i7-1tb-16gb\/\",\"name\":\"iMac 21,5&quot; (2019) Intel i7, 1TB, 16GB - Apple bazar\",\"isPartOf\":{\"@id\":\"https:\/\/www.letemsvetemapplem.eu\/bazar\/#website\"},\"primaryImageOfPage\":{\"@id\":\"https:\/\/www.letemsvetemapplem.eu\/bazar\/imac-215-2019-intel-i7-1tb-16gb\/#primaryimage\"},\"image\":{\"@id\":\"https:\/\/www.letemsvetemapplem.eu\/bazar\/imac-215-2019-intel-i7-1tb-16gb\/#primaryimage\"},\"thumbnailUrl\":\"https:\/\/www.letemsvetemapplem.eu\/bazar\/wp-content\/uploads\/2024\/06\/IMG_3715-scaled.jpg\",\"datePublished\":\"2024-06-29T02:21:52+00:00\",\"dateModified\":\"2024-06-29T02:23:07+00:00\",\"author\":{\"@id\":\"\"},\"breadcrumb\":{\"@id\":\"https:\/\/www.letemsvetemapplem.eu\/bazar\/imac-215-2019-intel-i7-1tb-16gb\/#breadcrumb\"},\"inLanguage\":\"cs\",\"potentialAction\":[{\"@type\":\"ReadAction\",\"target\":[\"https:\/\/www.letemsvetemapplem.eu\/bazar\/imac-215-2019-intel-i7-1tb-16gb\/\"]}]},{\"@type\":\"ImageObject\",\"inLanguage\":\"cs\",\"@id\":\"https:\/\/www.letemsvetemapplem.eu\/bazar\/imac-215-2019-intel-i7-1tb-16gb\/#primaryimage\",\"url\":\"https:\/\/www.letemsvetemapplem.eu\/bazar\/wp-content\/uploads\/2024\/06\/IMG_3715-scaled.jpg\",\"contentUrl\":\"https:\/\/www.letemsvetemapplem.eu\/bazar\/wp-content\/uploads\/2024\/06\/IMG_3715-scaled.jpg\",\"width\":2560,\"height\":2165},{\"@type\":\"BreadcrumbList\",\"@id\":\"https:\/\/www.letemsvetemapplem.eu\/bazar\/imac-215-2019-intel-i7-1tb-16gb\/#breadcrumb\",\"itemListElement\":[{\"@type\":\"ListItem\",\"position\":1,\"name\":\"Apple Bazar\",\"item\":\"https:\/\/www.letemsvetemapplem.eu\/bazar\/\"},{\"@type\":\"ListItem\",\"position\":2,\"name\":\"iMac 21,5&quot; (2019) Intel i7, 1TB, 16GB\"}]},{\"@type\":\"WebSite\",\"@id\":\"https:\/\/www.letemsvetemapplem.eu\/bazar\/#website\",\"url\":\"https:\/\/www.letemsvetemapplem.eu\/bazar\/\",\"name\":\"Apple bazar\",\"description\":\"Oou\u017eit\u00e9 Apple produkty za skv\u011bl\u00e9 ceny\",\"potentialAction\":[{\"@type\":\"SearchAction\",\"target\":{\"@type\":\"EntryPoint\",\"urlTemplate\":\"https:\/\/www.letemsvetemapplem.eu\/bazar\/?s={search_term_string}\"},\"query-input\":{\"@type\":\"PropertyValueSpecification\",\"valueRequired\":true,\"valueName\":\"search_term_string\"}}],\"inLanguage\":\"cs\"}]}<\/script>\n<!-- \/ Yoast SEO plugin. -->","yoast_head_json":{"title":"iMac 21,5&quot; (2019) Intel i7, 1TB, 16GB - Apple bazar","robots":{"index":"index","follow":"follow","max-snippet":"max-snippet:-1","max-image-preview":"max-image-preview:large","max-video-preview":"max-video-preview:-1"},"canonical":"https:\/\/www.letemsvetemapplem.eu\/bazar\/imac-215-2019-intel-i7-1tb-16gb\/","og_locale":"cs_CZ","og_type":"article","og_title":"iMac 21,5&quot; (2019) Intel i7, 1TB, 16GB - Apple bazar","og_description":"Dobr\u00fd den,&lt;br \/&gt; Prod\u00e1v\u00e1m iMac 21,5&quot; 4K 2019 ve stavu nov\u00e9ho s v\u00fdkonn\u00fdm procesorem Intel i7 8700 3,2GHz s 6 j\u00e1dry, 16GB RAM a nejv\u00fdkonn\u011bj\u0161\u00ed grafickou kartou tohoto iMacu Radeon Pro Vega 20 se 4GB. Ulo\u017ei\u0161t\u011b m\u00e1 kapacitu 1000GB + 256GB SSD a dod\u00e1v\u00e1m se zcela \u010dist\u00fdm, nejnov\u011bj\u0161\u00edm macOS 14 Sonoma. Jsem prvn\u00ed majitel po\u010d\u00edta\u010de,...","og_url":"https:\/\/www.letemsvetemapplem.eu\/bazar\/imac-215-2019-intel-i7-1tb-16gb\/","og_site_name":"Apple bazar","article_published_time":"2024-06-29T02:21:52+00:00","article_modified_time":"2024-06-29T02:23:07+00:00","og_image":[{"width":2560,"height":2165,"url":"https:\/\/www.letemsvetemapplem.eu\/bazar\/wp-content\/uploads\/2024\/06\/IMG_3715-scaled.jpg","type":"image\/jpeg"}],"twitter_card":"summary_large_image","schema":{"@context":"https:\/\/schema.org","@graph":[{"@type":"Article","@id":"https:\/\/www.letemsvetemapplem.eu\/bazar\/imac-215-2019-intel-i7-1tb-16gb\/#article","isPartOf":{"@id":"https:\/\/www.letemsvetemapplem.eu\/bazar\/imac-215-2019-intel-i7-1tb-16gb\/"},"author":{"name":"","@id":""},"headline":"iMac 21,5&quot; (2019) Intel i7, 1TB, 16GB","datePublished":"2024-06-29T02:21:52+00:00","dateModified":"2024-06-29T02:23:07+00:00","mainEntityOfPage":{"@id":"https:\/\/www.letemsvetemapplem.eu\/bazar\/imac-215-2019-intel-i7-1tb-16gb\/"},"wordCount":338,"image":{"@id":"https:\/\/www.letemsvetemapplem.eu\/bazar\/imac-215-2019-intel-i7-1tb-16gb\/#primaryimage"},"thumbnailUrl":"https:\/\/www.letemsvetemapplem.eu\/bazar\/wp-content\/uploads\/2024\/06\/IMG_3715-scaled.jpg","articleSection":["iMac"],"inLanguage":"cs"},{"@type":"WebPage","@id":"https:\/\/www.letemsvetemapplem.eu\/bazar\/imac-215-2019-intel-i7-1tb-16gb\/","url":"https:\/\/www.letemsvetemapplem.eu\/bazar\/imac-215-2019-intel-i7-1tb-16gb\/","name":"iMac 21,5&quot; (2019) Intel i7, 1TB, 16GB - Apple bazar","isPartOf":{"@id":"https:\/\/www.letemsvetemapplem.eu\/bazar\/#website"},"primaryImageOfPage":{"@id":"https:\/\/www.letemsvetemapplem.eu\/bazar\/imac-215-2019-intel-i7-1tb-16gb\/#primaryimage"},"image":{"@id":"https:\/\/www.letemsvetemapplem.eu\/bazar\/imac-215-2019-intel-i7-1tb-16gb\/#primaryimage"},"thumbnailUrl":"https:\/\/www.letemsvetemapplem.eu\/bazar\/wp-content\/uploads\/2024\/06\/IMG_3715-scaled.jpg","datePublished":"2024-06-29T02:21:52+00:00","dateModified":"2024-06-29T02:23:07+00:00","author":{"@id":""},"breadcrumb":{"@id":"https:\/\/www.letemsvetemapplem.eu\/bazar\/imac-215-2019-intel-i7-1tb-16gb\/#breadcrumb"},"inLanguage":"cs","potentialAction":[{"@type":"ReadAction","target":["https:\/\/www.letemsvetemapplem.eu\/bazar\/imac-215-2019-intel-i7-1tb-16gb\/"]}]},{"@type":"ImageObject","inLanguage":"cs","@id":"https:\/\/www.letemsvetemapplem.eu\/bazar\/imac-215-2019-intel-i7-1tb-16gb\/#primaryimage","url":"https:\/\/www.letemsvetemapplem.eu\/bazar\/wp-content\/uploads\/2024\/06\/IMG_3715-scaled.jpg","contentUrl":"https:\/\/www.letemsvetemapplem.eu\/bazar\/wp-content\/uploads\/2024\/06\/IMG_3715-scaled.jpg","width":2560,"height":2165},{"@type":"BreadcrumbList","@id":"https:\/\/www.letemsvetemapplem.eu\/bazar\/imac-215-2019-intel-i7-1tb-16gb\/#breadcrumb","itemListElement":[{"@type":"ListItem","position":1,"name":"Apple Bazar","item":"https:\/\/www.letemsvetemapplem.eu\/bazar\/"},{"@type":"ListItem","position":2,"name":"iMac 21,5&quot; (2019) Intel i7, 1TB, 16GB"}]},{"@type":"WebSite","@id":"https:\/\/www.letemsvetemapplem.eu\/bazar\/#website","url":"https:\/\/www.letemsvetemapplem.eu\/bazar\/","name":"Apple bazar","description":"Oou\u017eit\u00e9 Apple produkty za skv\u011bl\u00e9 ceny","potentialAction":[{"@type":"SearchAction","target":{"@type":"EntryPoint","urlTemplate":"https:\/\/www.letemsvetemapplem.eu\/bazar\/?s={search_term_string}"},"query-input":{"@type":"PropertyValueSpecification","valueRequired":true,"valueName":"search_term_string"}}],"inLanguage":"cs"}]}},"_links":{"self":[{"href":"https:\/\/www.letemsvetemapplem.eu\/bazar\/wp-json\/wp\/v2\/posts\/289779","targetHints":{"allow":["GET"]}}],"collection":[{"href":"https:\/\/www.letemsvetemapplem.eu\/bazar\/wp-json\/wp\/v2\/posts"}],"about":[{"href":"https:\/\/www.letemsvetemapplem.eu\/bazar\/wp-json\/wp\/v2\/types\/post"}],"replies":[{"embeddable":true,"href":"https:\/\/www.letemsvetemapplem.eu\/bazar\/wp-json\/wp\/v2\/comments?post=289779"}],"version-history":[{"count":2,"href":"https:\/\/www.letemsvetemapplem.eu\/bazar\/wp-json\/wp\/v2\/posts\/289779\/revisions"}],"predecessor-version":[{"id":289788,"href":"https:\/\/www.letemsvetemapplem.eu\/bazar\/wp-json\/wp\/v2\/posts\/289779\/revisions\/289788"}],"wp:featuredmedia":[{"embeddable":true,"href":"https:\/\/www.letemsvetemapplem.eu\/bazar\/wp-json\/wp\/v2\/media\/289780"}],"wp:attachment":[{"href":"https:\/\/www.letemsvetemapplem.eu\/bazar\/wp-json\/wp\/v2\/media?parent=289779"}],"wp:term":[{"taxonomy":"category","embeddable":true,"href":"https:\/\/www.letemsvetemapplem.eu\/bazar\/wp-json\/wp\/v2\/categories?post=289779"},{"taxonomy":"post_tag","embeddable":true,"href":"https:\/\/www.letemsvetemapplem.eu\/bazar\/wp-json\/wp\/v2\/tags?post=289779"}],"curies":[{"name":"wp","href":"https:\/\/api.w.org\/{rel}","templated":true}]}}