{"id":287598,"date":"2024-04-07T18:05:45","date_gmt":"2024-04-07T17:05:45","guid":{"rendered":"https:\/\/www.letemsvetemapplem.eu\/bazar\/?p=287598"},"modified":"2024-04-07T18:05:45","modified_gmt":"2024-04-07T17:05:45","slug":"imac-5k-2019-i9-64gb-ram-8gb-vram","status":"publish","type":"post","link":"https:\/\/www.letemsvetemapplem.eu\/bazar\/imac-5k-2019-i9-64gb-ram-8gb-vram\/","title":{"rendered":"iMac 5K, 2019, i9, 64GB RAM, 8GB VRAM"},"content":{"rendered":"<p>iMac postaven\u00fd prim\u00e1rn\u011b na pr\u00e1ci. Posledn\u00ed mohyk\u00e1n s Intel procesorem, tak\u017ee je skv\u011bl\u00fd i na hry (plnohodnotn\u00e9 Win p\u0159es BootCamp a i nov\u00e9 hry na n\u011bm v pohod\u011b jedou).<br \/>\nPo dohod\u011b k prohl\u00e9dnut\u00ed (a vyzvednut\u00ed) na V\u00e1clavsk\u00e9m n\u00e1m. (na ul. Krakovsk\u00e1).<\/p>\n<p>tech. spec.: iMac 5K, 27 palc\u016f, 2019, i9 (3,6 GHz, 8 jader), 64 GB RAM, VRAM 8 GB, 1 TB SSD<\/p>\n","protected":false},"excerpt":{"rendered":"<p>iMac postaven\u00fd prim\u00e1rn\u011b na pr\u00e1ci. Posledn\u00ed mohyk\u00e1n s Intel procesorem, tak\u017ee je skv\u011bl\u00fd i na hry (plnohodnotn\u00e9 Win p\u0159es BootCamp a i nov\u00e9 hry na n\u011bm v pohod\u011b jedou). Po dohod\u011b k prohl\u00e9dnut\u00ed (a vyzvednut\u00ed) na V\u00e1clavsk\u00e9m n\u00e1m. (na ul. Krakovsk\u00e1). tech. spec.: iMac 5K, 27 palc\u016f, 2019, i9 (3,6 GHz, 8 jader), 64 GB&#8230;<\/p>\n","protected":false},"author":0,"featured_media":287599,"comment_status":"closed","ping_status":"closed","sticky":false,"template":"","format":"standard","meta":{"footnotes":""},"categories":[41],"tags":[],"class_list":["post-287598","post","type-post","status-publish","format-standard","has-post-thumbnail","hentry","category-imac"],"yoast_head":"<!-- This site is optimized with the Yoast SEO plugin v27.2 - https:\/\/yoast.com\/product\/yoast-seo-wordpress\/ -->\n<title>iMac 5K, 2019, i9, 64GB RAM, 8GB VRAM - Apple bazar<\/title>\n<meta name=\"robots\" content=\"index, follow, max-snippet:-1, max-image-preview:large, max-video-preview:-1\" \/>\n<link rel=\"canonical\" href=\"https:\/\/www.letemsvetemapplem.eu\/bazar\/imac-5k-2019-i9-64gb-ram-8gb-vram\/\" \/>\n<meta property=\"og:locale\" content=\"cs_CZ\" \/>\n<meta property=\"og:type\" content=\"article\" \/>\n<meta property=\"og:title\" content=\"iMac 5K, 2019, i9, 64GB RAM, 8GB VRAM - Apple bazar\" \/>\n<meta property=\"og:description\" content=\"iMac postaven\u00fd prim\u00e1rn\u011b na pr\u00e1ci. Posledn\u00ed mohyk\u00e1n s Intel procesorem, tak\u017ee je skv\u011bl\u00fd i na hry (plnohodnotn\u00e9 Win p\u0159es BootCamp a i nov\u00e9 hry na n\u011bm v pohod\u011b jedou). Po dohod\u011b k prohl\u00e9dnut\u00ed (a vyzvednut\u00ed) na V\u00e1clavsk\u00e9m n\u00e1m. (na ul. Krakovsk\u00e1). tech. spec.: iMac 5K, 27 palc\u016f, 2019, i9 (3,6 GHz, 8 jader), 64 GB...\" \/>\n<meta property=\"og:url\" content=\"https:\/\/www.letemsvetemapplem.eu\/bazar\/imac-5k-2019-i9-64gb-ram-8gb-vram\/\" \/>\n<meta property=\"og:site_name\" content=\"Apple bazar\" \/>\n<meta property=\"article:published_time\" content=\"2024-04-07T17:05:45+00:00\" \/>\n<meta property=\"og:image\" content=\"https:\/\/www.letemsvetemapplem.eu\/bazar\/wp-content\/uploads\/2024\/04\/IMG_4083-scaled.jpg\" \/>\n\t<meta property=\"og:image:width\" content=\"2560\" \/>\n\t<meta property=\"og:image:height\" content=\"1920\" \/>\n\t<meta property=\"og:image:type\" content=\"image\/jpeg\" \/>\n<meta name=\"twitter:card\" content=\"summary_large_image\" \/>\n<script type=\"application\/ld+json\" class=\"yoast-schema-graph\">{\"@context\":\"https:\/\/schema.org\",\"@graph\":[{\"@type\":\"Article\",\"@id\":\"https:\/\/www.letemsvetemapplem.eu\/bazar\/imac-5k-2019-i9-64gb-ram-8gb-vram\/#article\",\"isPartOf\":{\"@id\":\"https:\/\/www.letemsvetemapplem.eu\/bazar\/imac-5k-2019-i9-64gb-ram-8gb-vram\/\"},\"author\":{\"name\":\"\",\"@id\":\"\"},\"headline\":\"iMac 5K, 2019, i9, 64GB RAM, 8GB VRAM\",\"datePublished\":\"2024-04-07T17:05:45+00:00\",\"mainEntityOfPage\":{\"@id\":\"https:\/\/www.letemsvetemapplem.eu\/bazar\/imac-5k-2019-i9-64gb-ram-8gb-vram\/\"},\"wordCount\":73,\"image\":{\"@id\":\"https:\/\/www.letemsvetemapplem.eu\/bazar\/imac-5k-2019-i9-64gb-ram-8gb-vram\/#primaryimage\"},\"thumbnailUrl\":\"https:\/\/www.letemsvetemapplem.eu\/bazar\/wp-content\/uploads\/2024\/04\/IMG_4083-scaled.jpg\",\"articleSection\":[\"iMac\"],\"inLanguage\":\"cs\"},{\"@type\":\"WebPage\",\"@id\":\"https:\/\/www.letemsvetemapplem.eu\/bazar\/imac-5k-2019-i9-64gb-ram-8gb-vram\/\",\"url\":\"https:\/\/www.letemsvetemapplem.eu\/bazar\/imac-5k-2019-i9-64gb-ram-8gb-vram\/\",\"name\":\"iMac 5K, 2019, i9, 64GB RAM, 8GB VRAM - Apple bazar\",\"isPartOf\":{\"@id\":\"https:\/\/www.letemsvetemapplem.eu\/bazar\/#website\"},\"primaryImageOfPage\":{\"@id\":\"https:\/\/www.letemsvetemapplem.eu\/bazar\/imac-5k-2019-i9-64gb-ram-8gb-vram\/#primaryimage\"},\"image\":{\"@id\":\"https:\/\/www.letemsvetemapplem.eu\/bazar\/imac-5k-2019-i9-64gb-ram-8gb-vram\/#primaryimage\"},\"thumbnailUrl\":\"https:\/\/www.letemsvetemapplem.eu\/bazar\/wp-content\/uploads\/2024\/04\/IMG_4083-scaled.jpg\",\"datePublished\":\"2024-04-07T17:05:45+00:00\",\"author\":{\"@id\":\"\"},\"breadcrumb\":{\"@id\":\"https:\/\/www.letemsvetemapplem.eu\/bazar\/imac-5k-2019-i9-64gb-ram-8gb-vram\/#breadcrumb\"},\"inLanguage\":\"cs\",\"potentialAction\":[{\"@type\":\"ReadAction\",\"target\":[\"https:\/\/www.letemsvetemapplem.eu\/bazar\/imac-5k-2019-i9-64gb-ram-8gb-vram\/\"]}]},{\"@type\":\"ImageObject\",\"inLanguage\":\"cs\",\"@id\":\"https:\/\/www.letemsvetemapplem.eu\/bazar\/imac-5k-2019-i9-64gb-ram-8gb-vram\/#primaryimage\",\"url\":\"https:\/\/www.letemsvetemapplem.eu\/bazar\/wp-content\/uploads\/2024\/04\/IMG_4083-scaled.jpg\",\"contentUrl\":\"https:\/\/www.letemsvetemapplem.eu\/bazar\/wp-content\/uploads\/2024\/04\/IMG_4083-scaled.jpg\",\"width\":2560,\"height\":1920},{\"@type\":\"BreadcrumbList\",\"@id\":\"https:\/\/www.letemsvetemapplem.eu\/bazar\/imac-5k-2019-i9-64gb-ram-8gb-vram\/#breadcrumb\",\"itemListElement\":[{\"@type\":\"ListItem\",\"position\":1,\"name\":\"Apple Bazar\",\"item\":\"https:\/\/www.letemsvetemapplem.eu\/bazar\/\"},{\"@type\":\"ListItem\",\"position\":2,\"name\":\"iMac 5K, 2019, i9, 64GB RAM, 8GB VRAM\"}]},{\"@type\":\"WebSite\",\"@id\":\"https:\/\/www.letemsvetemapplem.eu\/bazar\/#website\",\"url\":\"https:\/\/www.letemsvetemapplem.eu\/bazar\/\",\"name\":\"Apple bazar\",\"description\":\"Oou\u017eit\u00e9 Apple produkty za skv\u011bl\u00e9 ceny\",\"potentialAction\":[{\"@type\":\"SearchAction\",\"target\":{\"@type\":\"EntryPoint\",\"urlTemplate\":\"https:\/\/www.letemsvetemapplem.eu\/bazar\/?s={search_term_string}\"},\"query-input\":{\"@type\":\"PropertyValueSpecification\",\"valueRequired\":true,\"valueName\":\"search_term_string\"}}],\"inLanguage\":\"cs\"}]}<\/script>\n<!-- \/ Yoast SEO plugin. -->","yoast_head_json":{"title":"iMac 5K, 2019, i9, 64GB RAM, 8GB VRAM - Apple bazar","robots":{"index":"index","follow":"follow","max-snippet":"max-snippet:-1","max-image-preview":"max-image-preview:large","max-video-preview":"max-video-preview:-1"},"canonical":"https:\/\/www.letemsvetemapplem.eu\/bazar\/imac-5k-2019-i9-64gb-ram-8gb-vram\/","og_locale":"cs_CZ","og_type":"article","og_title":"iMac 5K, 2019, i9, 64GB RAM, 8GB VRAM - Apple bazar","og_description":"iMac postaven\u00fd prim\u00e1rn\u011b na pr\u00e1ci. Posledn\u00ed mohyk\u00e1n s Intel procesorem, tak\u017ee je skv\u011bl\u00fd i na hry (plnohodnotn\u00e9 Win p\u0159es BootCamp a i nov\u00e9 hry na n\u011bm v pohod\u011b jedou). Po dohod\u011b k prohl\u00e9dnut\u00ed (a vyzvednut\u00ed) na V\u00e1clavsk\u00e9m n\u00e1m. (na ul. Krakovsk\u00e1). tech. spec.: iMac 5K, 27 palc\u016f, 2019, i9 (3,6 GHz, 8 jader), 64 GB...","og_url":"https:\/\/www.letemsvetemapplem.eu\/bazar\/imac-5k-2019-i9-64gb-ram-8gb-vram\/","og_site_name":"Apple bazar","article_published_time":"2024-04-07T17:05:45+00:00","og_image":[{"width":2560,"height":1920,"url":"https:\/\/www.letemsvetemapplem.eu\/bazar\/wp-content\/uploads\/2024\/04\/IMG_4083-scaled.jpg","type":"image\/jpeg"}],"twitter_card":"summary_large_image","schema":{"@context":"https:\/\/schema.org","@graph":[{"@type":"Article","@id":"https:\/\/www.letemsvetemapplem.eu\/bazar\/imac-5k-2019-i9-64gb-ram-8gb-vram\/#article","isPartOf":{"@id":"https:\/\/www.letemsvetemapplem.eu\/bazar\/imac-5k-2019-i9-64gb-ram-8gb-vram\/"},"author":{"name":"","@id":""},"headline":"iMac 5K, 2019, i9, 64GB RAM, 8GB VRAM","datePublished":"2024-04-07T17:05:45+00:00","mainEntityOfPage":{"@id":"https:\/\/www.letemsvetemapplem.eu\/bazar\/imac-5k-2019-i9-64gb-ram-8gb-vram\/"},"wordCount":73,"image":{"@id":"https:\/\/www.letemsvetemapplem.eu\/bazar\/imac-5k-2019-i9-64gb-ram-8gb-vram\/#primaryimage"},"thumbnailUrl":"https:\/\/www.letemsvetemapplem.eu\/bazar\/wp-content\/uploads\/2024\/04\/IMG_4083-scaled.jpg","articleSection":["iMac"],"inLanguage":"cs"},{"@type":"WebPage","@id":"https:\/\/www.letemsvetemapplem.eu\/bazar\/imac-5k-2019-i9-64gb-ram-8gb-vram\/","url":"https:\/\/www.letemsvetemapplem.eu\/bazar\/imac-5k-2019-i9-64gb-ram-8gb-vram\/","name":"iMac 5K, 2019, i9, 64GB RAM, 8GB VRAM - Apple bazar","isPartOf":{"@id":"https:\/\/www.letemsvetemapplem.eu\/bazar\/#website"},"primaryImageOfPage":{"@id":"https:\/\/www.letemsvetemapplem.eu\/bazar\/imac-5k-2019-i9-64gb-ram-8gb-vram\/#primaryimage"},"image":{"@id":"https:\/\/www.letemsvetemapplem.eu\/bazar\/imac-5k-2019-i9-64gb-ram-8gb-vram\/#primaryimage"},"thumbnailUrl":"https:\/\/www.letemsvetemapplem.eu\/bazar\/wp-content\/uploads\/2024\/04\/IMG_4083-scaled.jpg","datePublished":"2024-04-07T17:05:45+00:00","author":{"@id":""},"breadcrumb":{"@id":"https:\/\/www.letemsvetemapplem.eu\/bazar\/imac-5k-2019-i9-64gb-ram-8gb-vram\/#breadcrumb"},"inLanguage":"cs","potentialAction":[{"@type":"ReadAction","target":["https:\/\/www.letemsvetemapplem.eu\/bazar\/imac-5k-2019-i9-64gb-ram-8gb-vram\/"]}]},{"@type":"ImageObject","inLanguage":"cs","@id":"https:\/\/www.letemsvetemapplem.eu\/bazar\/imac-5k-2019-i9-64gb-ram-8gb-vram\/#primaryimage","url":"https:\/\/www.letemsvetemapplem.eu\/bazar\/wp-content\/uploads\/2024\/04\/IMG_4083-scaled.jpg","contentUrl":"https:\/\/www.letemsvetemapplem.eu\/bazar\/wp-content\/uploads\/2024\/04\/IMG_4083-scaled.jpg","width":2560,"height":1920},{"@type":"BreadcrumbList","@id":"https:\/\/www.letemsvetemapplem.eu\/bazar\/imac-5k-2019-i9-64gb-ram-8gb-vram\/#breadcrumb","itemListElement":[{"@type":"ListItem","position":1,"name":"Apple Bazar","item":"https:\/\/www.letemsvetemapplem.eu\/bazar\/"},{"@type":"ListItem","position":2,"name":"iMac 5K, 2019, i9, 64GB RAM, 8GB VRAM"}]},{"@type":"WebSite","@id":"https:\/\/www.letemsvetemapplem.eu\/bazar\/#website","url":"https:\/\/www.letemsvetemapplem.eu\/bazar\/","name":"Apple bazar","description":"Oou\u017eit\u00e9 Apple produkty za skv\u011bl\u00e9 ceny","potentialAction":[{"@type":"SearchAction","target":{"@type":"EntryPoint","urlTemplate":"https:\/\/www.letemsvetemapplem.eu\/bazar\/?s={search_term_string}"},"query-input":{"@type":"PropertyValueSpecification","valueRequired":true,"valueName":"search_term_string"}}],"inLanguage":"cs"}]}},"_links":{"self":[{"href":"https:\/\/www.letemsvetemapplem.eu\/bazar\/wp-json\/wp\/v2\/posts\/287598","targetHints":{"allow":["GET"]}}],"collection":[{"href":"https:\/\/www.letemsvetemapplem.eu\/bazar\/wp-json\/wp\/v2\/posts"}],"about":[{"href":"https:\/\/www.letemsvetemapplem.eu\/bazar\/wp-json\/wp\/v2\/types\/post"}],"replies":[{"embeddable":true,"href":"https:\/\/www.letemsvetemapplem.eu\/bazar\/wp-json\/wp\/v2\/comments?post=287598"}],"version-history":[{"count":1,"href":"https:\/\/www.letemsvetemapplem.eu\/bazar\/wp-json\/wp\/v2\/posts\/287598\/revisions"}],"predecessor-version":[{"id":287608,"href":"https:\/\/www.letemsvetemapplem.eu\/bazar\/wp-json\/wp\/v2\/posts\/287598\/revisions\/287608"}],"wp:featuredmedia":[{"embeddable":true,"href":"https:\/\/www.letemsvetemapplem.eu\/bazar\/wp-json\/wp\/v2\/media\/287599"}],"wp:attachment":[{"href":"https:\/\/www.letemsvetemapplem.eu\/bazar\/wp-json\/wp\/v2\/media?parent=287598"}],"wp:term":[{"taxonomy":"category","embeddable":true,"href":"https:\/\/www.letemsvetemapplem.eu\/bazar\/wp-json\/wp\/v2\/categories?post=287598"},{"taxonomy":"post_tag","embeddable":true,"href":"https:\/\/www.letemsvetemapplem.eu\/bazar\/wp-json\/wp\/v2\/tags?post=287598"}],"curies":[{"name":"wp","href":"https:\/\/api.w.org\/{rel}","templated":true}]}}