{"id":287549,"date":"2024-04-02T17:10:44","date_gmt":"2024-04-02T16:10:44","guid":{"rendered":"https:\/\/www.letemsvetemapplem.eu\/bazar\/?p=287549"},"modified":"2024-04-02T17:10:44","modified_gmt":"2024-04-02T16:10:44","slug":"apple-imac-pro-27-3-2ghz-xeon-32gb-ram","status":"publish","type":"post","link":"https:\/\/www.letemsvetemapplem.eu\/bazar\/apple-imac-pro-27-3-2ghz-xeon-32gb-ram\/","title":{"rendered":"Apple iMac Pro 27&quot; 3.2Ghz Xeon, 32GB RAM"},"content":{"rendered":"<p>Prod\u00e1m Apple iMac Pro 27&quot; (jeden z posledn\u00edch skladov\u00fdch kus\u016f &#8211; koupeno jako nov\u00e9 02\/2021 ve Smarty). K dispozici s origin\u00e1ln\u00edm p\u0159\u00edslu\u0161enstv\u00edm i krabic\u00ed. Vzhledem k jeho velikosti pouze osobn\u00ed odb\u011br v Praze, p\u0159\u00edpadn\u011b po dohod\u011b mohu p\u0159iv\u00e9zt Praha, St\u0159edo\u010desk\u00fd, Jiho\u010desk\u00fd kraj. Po\u010d\u00edta\u010d je ve 100% stavu bez \u0161kr\u00e1banc\u016f a po\u0161kozen\u00ed. Byl pou\u017e\u00edv\u00e1n v dom\u00e1c\u00edm prost\u0159ed\u00ed. Po 1. majiteli. Mo\u017enost vystaven\u00ed faktury. Po\u010d\u00edta\u010d ji\u017e nen\u00ed v z\u00e1ruce.<\/p>\n<p>Specifikace:<\/p>\n<p>8j\u00e1drov\u00fd Intel Xeon W 3.2GHz<\/p>\n<p>Radeon Pro Vega 56 8GB<\/p>\n<p>32GB 2666 Mhz DDR4<\/p>\n<p>1TB SSD AP1024M<\/p>\n","protected":false},"excerpt":{"rendered":"<p>Prod\u00e1m Apple iMac Pro 27&quot; (jeden z posledn\u00edch skladov\u00fdch kus\u016f &#8211; koupeno jako nov\u00e9 02\/2021 ve Smarty). K dispozici s origin\u00e1ln\u00edm p\u0159\u00edslu\u0161enstv\u00edm i krabic\u00ed. Vzhledem k jeho velikosti pouze osobn\u00ed odb\u011br v Praze, p\u0159\u00edpadn\u011b po dohod\u011b mohu p\u0159iv\u00e9zt Praha, St\u0159edo\u010desk\u00fd, Jiho\u010desk\u00fd kraj. Po\u010d\u00edta\u010d je ve 100% stavu bez \u0161kr\u00e1banc\u016f a po\u0161kozen\u00ed. Byl pou\u017e\u00edv\u00e1n v dom\u00e1c\u00edm&#8230;<\/p>\n","protected":false},"author":0,"featured_media":287550,"comment_status":"closed","ping_status":"closed","sticky":false,"template":"","format":"standard","meta":{"footnotes":""},"categories":[41],"tags":[],"class_list":["post-287549","post","type-post","status-publish","format-standard","has-post-thumbnail","hentry","category-imac"],"yoast_head":"<!-- This site is optimized with the Yoast SEO plugin v27.2 - https:\/\/yoast.com\/product\/yoast-seo-wordpress\/ -->\n<title>Apple iMac Pro 27&quot; 3.2Ghz Xeon, 32GB RAM - Apple bazar<\/title>\n<meta name=\"robots\" content=\"index, follow, max-snippet:-1, max-image-preview:large, max-video-preview:-1\" \/>\n<link rel=\"canonical\" href=\"https:\/\/www.letemsvetemapplem.eu\/bazar\/apple-imac-pro-27-3-2ghz-xeon-32gb-ram\/\" \/>\n<meta property=\"og:locale\" content=\"cs_CZ\" \/>\n<meta property=\"og:type\" content=\"article\" \/>\n<meta property=\"og:title\" content=\"Apple iMac Pro 27&quot; 3.2Ghz Xeon, 32GB RAM - Apple bazar\" \/>\n<meta property=\"og:description\" content=\"Prod\u00e1m Apple iMac Pro 27&quot; (jeden z posledn\u00edch skladov\u00fdch kus\u016f &#8211; koupeno jako nov\u00e9 02\/2021 ve Smarty). K dispozici s origin\u00e1ln\u00edm p\u0159\u00edslu\u0161enstv\u00edm i krabic\u00ed. Vzhledem k jeho velikosti pouze osobn\u00ed odb\u011br v Praze, p\u0159\u00edpadn\u011b po dohod\u011b mohu p\u0159iv\u00e9zt Praha, St\u0159edo\u010desk\u00fd, Jiho\u010desk\u00fd kraj. Po\u010d\u00edta\u010d je ve 100% stavu bez \u0161kr\u00e1banc\u016f a po\u0161kozen\u00ed. Byl pou\u017e\u00edv\u00e1n v dom\u00e1c\u00edm...\" \/>\n<meta property=\"og:url\" content=\"https:\/\/www.letemsvetemapplem.eu\/bazar\/apple-imac-pro-27-3-2ghz-xeon-32gb-ram\/\" \/>\n<meta property=\"og:site_name\" content=\"Apple bazar\" \/>\n<meta property=\"article:published_time\" content=\"2024-04-02T16:10:44+00:00\" \/>\n<meta property=\"og:image\" content=\"https:\/\/www.letemsvetemapplem.eu\/bazar\/wp-content\/uploads\/2024\/04\/IMG_6711-scaled.jpeg\" \/>\n\t<meta property=\"og:image:width\" content=\"2560\" \/>\n\t<meta property=\"og:image:height\" content=\"1920\" \/>\n\t<meta property=\"og:image:type\" content=\"image\/jpeg\" \/>\n<meta name=\"twitter:card\" content=\"summary_large_image\" \/>\n<script type=\"application\/ld+json\" class=\"yoast-schema-graph\">{\"@context\":\"https:\/\/schema.org\",\"@graph\":[{\"@type\":\"Article\",\"@id\":\"https:\/\/www.letemsvetemapplem.eu\/bazar\/apple-imac-pro-27-3-2ghz-xeon-32gb-ram\/#article\",\"isPartOf\":{\"@id\":\"https:\/\/www.letemsvetemapplem.eu\/bazar\/apple-imac-pro-27-3-2ghz-xeon-32gb-ram\/\"},\"author\":{\"name\":\"\",\"@id\":\"\"},\"headline\":\"Apple iMac Pro 27&quot; 3.2Ghz Xeon, 32GB RAM\",\"datePublished\":\"2024-04-02T16:10:44+00:00\",\"mainEntityOfPage\":{\"@id\":\"https:\/\/www.letemsvetemapplem.eu\/bazar\/apple-imac-pro-27-3-2ghz-xeon-32gb-ram\/\"},\"wordCount\":116,\"image\":{\"@id\":\"https:\/\/www.letemsvetemapplem.eu\/bazar\/apple-imac-pro-27-3-2ghz-xeon-32gb-ram\/#primaryimage\"},\"thumbnailUrl\":\"https:\/\/www.letemsvetemapplem.eu\/bazar\/wp-content\/uploads\/2024\/04\/IMG_6711-scaled.jpeg\",\"articleSection\":[\"iMac\"],\"inLanguage\":\"cs\"},{\"@type\":\"WebPage\",\"@id\":\"https:\/\/www.letemsvetemapplem.eu\/bazar\/apple-imac-pro-27-3-2ghz-xeon-32gb-ram\/\",\"url\":\"https:\/\/www.letemsvetemapplem.eu\/bazar\/apple-imac-pro-27-3-2ghz-xeon-32gb-ram\/\",\"name\":\"Apple iMac Pro 27&quot; 3.2Ghz Xeon, 32GB RAM - Apple bazar\",\"isPartOf\":{\"@id\":\"https:\/\/www.letemsvetemapplem.eu\/bazar\/#website\"},\"primaryImageOfPage\":{\"@id\":\"https:\/\/www.letemsvetemapplem.eu\/bazar\/apple-imac-pro-27-3-2ghz-xeon-32gb-ram\/#primaryimage\"},\"image\":{\"@id\":\"https:\/\/www.letemsvetemapplem.eu\/bazar\/apple-imac-pro-27-3-2ghz-xeon-32gb-ram\/#primaryimage\"},\"thumbnailUrl\":\"https:\/\/www.letemsvetemapplem.eu\/bazar\/wp-content\/uploads\/2024\/04\/IMG_6711-scaled.jpeg\",\"datePublished\":\"2024-04-02T16:10:44+00:00\",\"author\":{\"@id\":\"\"},\"breadcrumb\":{\"@id\":\"https:\/\/www.letemsvetemapplem.eu\/bazar\/apple-imac-pro-27-3-2ghz-xeon-32gb-ram\/#breadcrumb\"},\"inLanguage\":\"cs\",\"potentialAction\":[{\"@type\":\"ReadAction\",\"target\":[\"https:\/\/www.letemsvetemapplem.eu\/bazar\/apple-imac-pro-27-3-2ghz-xeon-32gb-ram\/\"]}]},{\"@type\":\"ImageObject\",\"inLanguage\":\"cs\",\"@id\":\"https:\/\/www.letemsvetemapplem.eu\/bazar\/apple-imac-pro-27-3-2ghz-xeon-32gb-ram\/#primaryimage\",\"url\":\"https:\/\/www.letemsvetemapplem.eu\/bazar\/wp-content\/uploads\/2024\/04\/IMG_6711-scaled.jpeg\",\"contentUrl\":\"https:\/\/www.letemsvetemapplem.eu\/bazar\/wp-content\/uploads\/2024\/04\/IMG_6711-scaled.jpeg\",\"width\":2560,\"height\":1920},{\"@type\":\"BreadcrumbList\",\"@id\":\"https:\/\/www.letemsvetemapplem.eu\/bazar\/apple-imac-pro-27-3-2ghz-xeon-32gb-ram\/#breadcrumb\",\"itemListElement\":[{\"@type\":\"ListItem\",\"position\":1,\"name\":\"Apple Bazar\",\"item\":\"https:\/\/www.letemsvetemapplem.eu\/bazar\/\"},{\"@type\":\"ListItem\",\"position\":2,\"name\":\"Apple iMac Pro 27&quot; 3.2Ghz Xeon, 32GB RAM\"}]},{\"@type\":\"WebSite\",\"@id\":\"https:\/\/www.letemsvetemapplem.eu\/bazar\/#website\",\"url\":\"https:\/\/www.letemsvetemapplem.eu\/bazar\/\",\"name\":\"Apple bazar\",\"description\":\"Oou\u017eit\u00e9 Apple produkty za skv\u011bl\u00e9 ceny\",\"potentialAction\":[{\"@type\":\"SearchAction\",\"target\":{\"@type\":\"EntryPoint\",\"urlTemplate\":\"https:\/\/www.letemsvetemapplem.eu\/bazar\/?s={search_term_string}\"},\"query-input\":{\"@type\":\"PropertyValueSpecification\",\"valueRequired\":true,\"valueName\":\"search_term_string\"}}],\"inLanguage\":\"cs\"}]}<\/script>\n<!-- \/ Yoast SEO plugin. -->","yoast_head_json":{"title":"Apple iMac Pro 27&quot; 3.2Ghz Xeon, 32GB RAM - Apple bazar","robots":{"index":"index","follow":"follow","max-snippet":"max-snippet:-1","max-image-preview":"max-image-preview:large","max-video-preview":"max-video-preview:-1"},"canonical":"https:\/\/www.letemsvetemapplem.eu\/bazar\/apple-imac-pro-27-3-2ghz-xeon-32gb-ram\/","og_locale":"cs_CZ","og_type":"article","og_title":"Apple iMac Pro 27&quot; 3.2Ghz Xeon, 32GB RAM - Apple bazar","og_description":"Prod\u00e1m Apple iMac Pro 27&quot; (jeden z posledn\u00edch skladov\u00fdch kus\u016f &#8211; koupeno jako nov\u00e9 02\/2021 ve Smarty). K dispozici s origin\u00e1ln\u00edm p\u0159\u00edslu\u0161enstv\u00edm i krabic\u00ed. Vzhledem k jeho velikosti pouze osobn\u00ed odb\u011br v Praze, p\u0159\u00edpadn\u011b po dohod\u011b mohu p\u0159iv\u00e9zt Praha, St\u0159edo\u010desk\u00fd, Jiho\u010desk\u00fd kraj. Po\u010d\u00edta\u010d je ve 100% stavu bez \u0161kr\u00e1banc\u016f a po\u0161kozen\u00ed. Byl pou\u017e\u00edv\u00e1n v dom\u00e1c\u00edm...","og_url":"https:\/\/www.letemsvetemapplem.eu\/bazar\/apple-imac-pro-27-3-2ghz-xeon-32gb-ram\/","og_site_name":"Apple bazar","article_published_time":"2024-04-02T16:10:44+00:00","og_image":[{"width":2560,"height":1920,"url":"https:\/\/www.letemsvetemapplem.eu\/bazar\/wp-content\/uploads\/2024\/04\/IMG_6711-scaled.jpeg","type":"image\/jpeg"}],"twitter_card":"summary_large_image","schema":{"@context":"https:\/\/schema.org","@graph":[{"@type":"Article","@id":"https:\/\/www.letemsvetemapplem.eu\/bazar\/apple-imac-pro-27-3-2ghz-xeon-32gb-ram\/#article","isPartOf":{"@id":"https:\/\/www.letemsvetemapplem.eu\/bazar\/apple-imac-pro-27-3-2ghz-xeon-32gb-ram\/"},"author":{"name":"","@id":""},"headline":"Apple iMac Pro 27&quot; 3.2Ghz Xeon, 32GB RAM","datePublished":"2024-04-02T16:10:44+00:00","mainEntityOfPage":{"@id":"https:\/\/www.letemsvetemapplem.eu\/bazar\/apple-imac-pro-27-3-2ghz-xeon-32gb-ram\/"},"wordCount":116,"image":{"@id":"https:\/\/www.letemsvetemapplem.eu\/bazar\/apple-imac-pro-27-3-2ghz-xeon-32gb-ram\/#primaryimage"},"thumbnailUrl":"https:\/\/www.letemsvetemapplem.eu\/bazar\/wp-content\/uploads\/2024\/04\/IMG_6711-scaled.jpeg","articleSection":["iMac"],"inLanguage":"cs"},{"@type":"WebPage","@id":"https:\/\/www.letemsvetemapplem.eu\/bazar\/apple-imac-pro-27-3-2ghz-xeon-32gb-ram\/","url":"https:\/\/www.letemsvetemapplem.eu\/bazar\/apple-imac-pro-27-3-2ghz-xeon-32gb-ram\/","name":"Apple iMac Pro 27&quot; 3.2Ghz Xeon, 32GB RAM - Apple bazar","isPartOf":{"@id":"https:\/\/www.letemsvetemapplem.eu\/bazar\/#website"},"primaryImageOfPage":{"@id":"https:\/\/www.letemsvetemapplem.eu\/bazar\/apple-imac-pro-27-3-2ghz-xeon-32gb-ram\/#primaryimage"},"image":{"@id":"https:\/\/www.letemsvetemapplem.eu\/bazar\/apple-imac-pro-27-3-2ghz-xeon-32gb-ram\/#primaryimage"},"thumbnailUrl":"https:\/\/www.letemsvetemapplem.eu\/bazar\/wp-content\/uploads\/2024\/04\/IMG_6711-scaled.jpeg","datePublished":"2024-04-02T16:10:44+00:00","author":{"@id":""},"breadcrumb":{"@id":"https:\/\/www.letemsvetemapplem.eu\/bazar\/apple-imac-pro-27-3-2ghz-xeon-32gb-ram\/#breadcrumb"},"inLanguage":"cs","potentialAction":[{"@type":"ReadAction","target":["https:\/\/www.letemsvetemapplem.eu\/bazar\/apple-imac-pro-27-3-2ghz-xeon-32gb-ram\/"]}]},{"@type":"ImageObject","inLanguage":"cs","@id":"https:\/\/www.letemsvetemapplem.eu\/bazar\/apple-imac-pro-27-3-2ghz-xeon-32gb-ram\/#primaryimage","url":"https:\/\/www.letemsvetemapplem.eu\/bazar\/wp-content\/uploads\/2024\/04\/IMG_6711-scaled.jpeg","contentUrl":"https:\/\/www.letemsvetemapplem.eu\/bazar\/wp-content\/uploads\/2024\/04\/IMG_6711-scaled.jpeg","width":2560,"height":1920},{"@type":"BreadcrumbList","@id":"https:\/\/www.letemsvetemapplem.eu\/bazar\/apple-imac-pro-27-3-2ghz-xeon-32gb-ram\/#breadcrumb","itemListElement":[{"@type":"ListItem","position":1,"name":"Apple Bazar","item":"https:\/\/www.letemsvetemapplem.eu\/bazar\/"},{"@type":"ListItem","position":2,"name":"Apple iMac Pro 27&quot; 3.2Ghz Xeon, 32GB RAM"}]},{"@type":"WebSite","@id":"https:\/\/www.letemsvetemapplem.eu\/bazar\/#website","url":"https:\/\/www.letemsvetemapplem.eu\/bazar\/","name":"Apple bazar","description":"Oou\u017eit\u00e9 Apple produkty za skv\u011bl\u00e9 ceny","potentialAction":[{"@type":"SearchAction","target":{"@type":"EntryPoint","urlTemplate":"https:\/\/www.letemsvetemapplem.eu\/bazar\/?s={search_term_string}"},"query-input":{"@type":"PropertyValueSpecification","valueRequired":true,"valueName":"search_term_string"}}],"inLanguage":"cs"}]}},"_links":{"self":[{"href":"https:\/\/www.letemsvetemapplem.eu\/bazar\/wp-json\/wp\/v2\/posts\/287549","targetHints":{"allow":["GET"]}}],"collection":[{"href":"https:\/\/www.letemsvetemapplem.eu\/bazar\/wp-json\/wp\/v2\/posts"}],"about":[{"href":"https:\/\/www.letemsvetemapplem.eu\/bazar\/wp-json\/wp\/v2\/types\/post"}],"replies":[{"embeddable":true,"href":"https:\/\/www.letemsvetemapplem.eu\/bazar\/wp-json\/wp\/v2\/comments?post=287549"}],"version-history":[{"count":1,"href":"https:\/\/www.letemsvetemapplem.eu\/bazar\/wp-json\/wp\/v2\/posts\/287549\/revisions"}],"predecessor-version":[{"id":287553,"href":"https:\/\/www.letemsvetemapplem.eu\/bazar\/wp-json\/wp\/v2\/posts\/287549\/revisions\/287553"}],"wp:featuredmedia":[{"embeddable":true,"href":"https:\/\/www.letemsvetemapplem.eu\/bazar\/wp-json\/wp\/v2\/media\/287550"}],"wp:attachment":[{"href":"https:\/\/www.letemsvetemapplem.eu\/bazar\/wp-json\/wp\/v2\/media?parent=287549"}],"wp:term":[{"taxonomy":"category","embeddable":true,"href":"https:\/\/www.letemsvetemapplem.eu\/bazar\/wp-json\/wp\/v2\/categories?post=287549"},{"taxonomy":"post_tag","embeddable":true,"href":"https:\/\/www.letemsvetemapplem.eu\/bazar\/wp-json\/wp\/v2\/tags?post=287549"}],"curies":[{"name":"wp","href":"https:\/\/api.w.org\/{rel}","templated":true}]}}