{"id":286930,"date":"2024-03-12T10:19:13","date_gmt":"2024-03-12T09:19:13","guid":{"rendered":"https:\/\/www.letemsvetemapplem.eu\/bazar\/?p=286930"},"modified":"2024-04-03T16:10:49","modified_gmt":"2024-04-03T15:10:49","slug":"prodam-iphone-12-pro-max-bila-barva","status":"publish","type":"post","link":"https:\/\/www.letemsvetemapplem.eu\/bazar\/prodam-iphone-12-pro-max-bila-barva\/","title":{"rendered":"Prod\u00e1m iPhone 12 PRO MAX b\u00edl\u00e1 barva"},"content":{"rendered":"<p>Ahoj, m\u00e1m k prodeji iPhone 12 PRO MAX v b\u00edl\u00e9 barv\u011b, 128GB&lt;br \/&gt;<br \/>\nKoupen\u00fd na e \u2013 shopu ALZA.  Ve skv\u011bl\u00e9 kondici. Baterie 87%. M\u00edrn\u00e9 od\u011brky. V p\u016fvodn\u00edm balen\u00ed s USB C kabelem. Osobn\u00ed p\u0159ed\u00e1n\u00ed v Praze a okol\u00ed.    <\/p>\n","protected":false},"excerpt":{"rendered":"<p>Ahoj, m\u00e1m k prodeji iPhone 12 PRO MAX v b\u00edl\u00e9 barv\u011b, 128GB&lt;br \/&gt; Koupen\u00fd na e \u2013 shopu ALZA. Ve skv\u011bl\u00e9 kondici. Baterie 87%. M\u00edrn\u00e9 od\u011brky. V p\u016fvodn\u00edm balen\u00ed s USB C kabelem. Osobn\u00ed p\u0159ed\u00e1n\u00ed v Praze a okol\u00ed.<\/p>\n","protected":false},"author":0,"featured_media":286931,"comment_status":"closed","ping_status":"closed","sticky":false,"template":"","format":"standard","meta":{"footnotes":""},"categories":[118],"tags":[],"class_list":["post-286930","post","type-post","status-publish","format-standard","has-post-thumbnail","hentry","category-iphone-12-pro"],"yoast_head":"<!-- This site is optimized with the Yoast SEO plugin v27.5 - https:\/\/yoast.com\/product\/yoast-seo-wordpress\/ -->\n<title>Prod\u00e1m iPhone 12 PRO MAX b\u00edl\u00e1 barva - Apple bazar<\/title>\n<meta name=\"robots\" content=\"index, follow, max-snippet:-1, max-image-preview:large, max-video-preview:-1\" \/>\n<link rel=\"canonical\" href=\"https:\/\/www.letemsvetemapplem.eu\/bazar\/prodam-iphone-12-pro-max-bila-barva\/\" \/>\n<meta property=\"og:locale\" content=\"cs_CZ\" \/>\n<meta property=\"og:type\" content=\"article\" \/>\n<meta property=\"og:title\" content=\"Prod\u00e1m iPhone 12 PRO MAX b\u00edl\u00e1 barva - Apple bazar\" \/>\n<meta property=\"og:description\" content=\"Ahoj, m\u00e1m k prodeji iPhone 12 PRO MAX v b\u00edl\u00e9 barv\u011b, 128GB&lt;br \/&gt; Koupen\u00fd na e \u2013 shopu ALZA. Ve skv\u011bl\u00e9 kondici. Baterie 87%. M\u00edrn\u00e9 od\u011brky. V p\u016fvodn\u00edm balen\u00ed s USB C kabelem. Osobn\u00ed p\u0159ed\u00e1n\u00ed v Praze a okol\u00ed.\" \/>\n<meta property=\"og:url\" content=\"https:\/\/www.letemsvetemapplem.eu\/bazar\/prodam-iphone-12-pro-max-bila-barva\/\" \/>\n<meta property=\"og:site_name\" content=\"Apple bazar\" \/>\n<meta property=\"article:published_time\" content=\"2024-03-12T09:19:13+00:00\" \/>\n<meta property=\"article:modified_time\" content=\"2024-04-03T15:10:49+00:00\" \/>\n<meta property=\"og:image\" content=\"https:\/\/www.letemsvetemapplem.eu\/bazar\/wp-content\/uploads\/2024\/03\/IMG_0284-scaled.jpeg\" \/>\n\t<meta property=\"og:image:width\" content=\"1920\" \/>\n\t<meta property=\"og:image:height\" content=\"2560\" \/>\n\t<meta property=\"og:image:type\" content=\"image\/jpeg\" \/>\n<meta name=\"twitter:card\" content=\"summary_large_image\" \/>\n<script type=\"application\/ld+json\" class=\"yoast-schema-graph\">{\"@context\":\"https:\\\/\\\/schema.org\",\"@graph\":[{\"@type\":\"Article\",\"@id\":\"https:\\\/\\\/www.letemsvetemapplem.eu\\\/bazar\\\/prodam-iphone-12-pro-max-bila-barva\\\/#article\",\"isPartOf\":{\"@id\":\"https:\\\/\\\/www.letemsvetemapplem.eu\\\/bazar\\\/prodam-iphone-12-pro-max-bila-barva\\\/\"},\"author\":{\"name\":\"\",\"@id\":\"\"},\"headline\":\"Prod\u00e1m iPhone 12 PRO MAX b\u00edl\u00e1 barva\",\"datePublished\":\"2024-03-12T09:19:13+00:00\",\"dateModified\":\"2024-04-03T15:10:49+00:00\",\"mainEntityOfPage\":{\"@id\":\"https:\\\/\\\/www.letemsvetemapplem.eu\\\/bazar\\\/prodam-iphone-12-pro-max-bila-barva\\\/\"},\"wordCount\":55,\"image\":{\"@id\":\"https:\\\/\\\/www.letemsvetemapplem.eu\\\/bazar\\\/prodam-iphone-12-pro-max-bila-barva\\\/#primaryimage\"},\"thumbnailUrl\":\"https:\\\/\\\/www.letemsvetemapplem.eu\\\/bazar\\\/wp-content\\\/uploads\\\/2024\\\/03\\\/IMG_0284-scaled.jpeg\",\"articleSection\":[\"iPhone 12 Pro\"],\"inLanguage\":\"cs\"},{\"@type\":\"WebPage\",\"@id\":\"https:\\\/\\\/www.letemsvetemapplem.eu\\\/bazar\\\/prodam-iphone-12-pro-max-bila-barva\\\/\",\"url\":\"https:\\\/\\\/www.letemsvetemapplem.eu\\\/bazar\\\/prodam-iphone-12-pro-max-bila-barva\\\/\",\"name\":\"Prod\u00e1m iPhone 12 PRO MAX b\u00edl\u00e1 barva - Apple bazar\",\"isPartOf\":{\"@id\":\"https:\\\/\\\/www.letemsvetemapplem.eu\\\/bazar\\\/#website\"},\"primaryImageOfPage\":{\"@id\":\"https:\\\/\\\/www.letemsvetemapplem.eu\\\/bazar\\\/prodam-iphone-12-pro-max-bila-barva\\\/#primaryimage\"},\"image\":{\"@id\":\"https:\\\/\\\/www.letemsvetemapplem.eu\\\/bazar\\\/prodam-iphone-12-pro-max-bila-barva\\\/#primaryimage\"},\"thumbnailUrl\":\"https:\\\/\\\/www.letemsvetemapplem.eu\\\/bazar\\\/wp-content\\\/uploads\\\/2024\\\/03\\\/IMG_0284-scaled.jpeg\",\"datePublished\":\"2024-03-12T09:19:13+00:00\",\"dateModified\":\"2024-04-03T15:10:49+00:00\",\"author\":{\"@id\":\"\"},\"breadcrumb\":{\"@id\":\"https:\\\/\\\/www.letemsvetemapplem.eu\\\/bazar\\\/prodam-iphone-12-pro-max-bila-barva\\\/#breadcrumb\"},\"inLanguage\":\"cs\",\"potentialAction\":[{\"@type\":\"ReadAction\",\"target\":[\"https:\\\/\\\/www.letemsvetemapplem.eu\\\/bazar\\\/prodam-iphone-12-pro-max-bila-barva\\\/\"]}]},{\"@type\":\"ImageObject\",\"inLanguage\":\"cs\",\"@id\":\"https:\\\/\\\/www.letemsvetemapplem.eu\\\/bazar\\\/prodam-iphone-12-pro-max-bila-barva\\\/#primaryimage\",\"url\":\"https:\\\/\\\/www.letemsvetemapplem.eu\\\/bazar\\\/wp-content\\\/uploads\\\/2024\\\/03\\\/IMG_0284-scaled.jpeg\",\"contentUrl\":\"https:\\\/\\\/www.letemsvetemapplem.eu\\\/bazar\\\/wp-content\\\/uploads\\\/2024\\\/03\\\/IMG_0284-scaled.jpeg\",\"width\":1920,\"height\":2560},{\"@type\":\"BreadcrumbList\",\"@id\":\"https:\\\/\\\/www.letemsvetemapplem.eu\\\/bazar\\\/prodam-iphone-12-pro-max-bila-barva\\\/#breadcrumb\",\"itemListElement\":[{\"@type\":\"ListItem\",\"position\":1,\"name\":\"Apple Bazar\",\"item\":\"https:\\\/\\\/www.letemsvetemapplem.eu\\\/bazar\\\/\"},{\"@type\":\"ListItem\",\"position\":2,\"name\":\"Prod\u00e1m iPhone 12 PRO MAX b\u00edl\u00e1 barva\"}]},{\"@type\":\"WebSite\",\"@id\":\"https:\\\/\\\/www.letemsvetemapplem.eu\\\/bazar\\\/#website\",\"url\":\"https:\\\/\\\/www.letemsvetemapplem.eu\\\/bazar\\\/\",\"name\":\"Apple bazar\",\"description\":\"Oou\u017eit\u00e9 Apple produkty za skv\u011bl\u00e9 ceny\",\"potentialAction\":[{\"@type\":\"SearchAction\",\"target\":{\"@type\":\"EntryPoint\",\"urlTemplate\":\"https:\\\/\\\/www.letemsvetemapplem.eu\\\/bazar\\\/?s={search_term_string}\"},\"query-input\":{\"@type\":\"PropertyValueSpecification\",\"valueRequired\":true,\"valueName\":\"search_term_string\"}}],\"inLanguage\":\"cs\"}]}<\/script>\n<!-- \/ Yoast SEO plugin. -->","yoast_head_json":{"title":"Prod\u00e1m iPhone 12 PRO MAX b\u00edl\u00e1 barva - Apple bazar","robots":{"index":"index","follow":"follow","max-snippet":"max-snippet:-1","max-image-preview":"max-image-preview:large","max-video-preview":"max-video-preview:-1"},"canonical":"https:\/\/www.letemsvetemapplem.eu\/bazar\/prodam-iphone-12-pro-max-bila-barva\/","og_locale":"cs_CZ","og_type":"article","og_title":"Prod\u00e1m iPhone 12 PRO MAX b\u00edl\u00e1 barva - Apple bazar","og_description":"Ahoj, m\u00e1m k prodeji iPhone 12 PRO MAX v b\u00edl\u00e9 barv\u011b, 128GB&lt;br \/&gt; Koupen\u00fd na e \u2013 shopu ALZA. Ve skv\u011bl\u00e9 kondici. Baterie 87%. M\u00edrn\u00e9 od\u011brky. V p\u016fvodn\u00edm balen\u00ed s USB C kabelem. Osobn\u00ed p\u0159ed\u00e1n\u00ed v Praze a okol\u00ed.","og_url":"https:\/\/www.letemsvetemapplem.eu\/bazar\/prodam-iphone-12-pro-max-bila-barva\/","og_site_name":"Apple bazar","article_published_time":"2024-03-12T09:19:13+00:00","article_modified_time":"2024-04-03T15:10:49+00:00","og_image":[{"width":1920,"height":2560,"url":"https:\/\/www.letemsvetemapplem.eu\/bazar\/wp-content\/uploads\/2024\/03\/IMG_0284-scaled.jpeg","type":"image\/jpeg"}],"twitter_card":"summary_large_image","schema":{"@context":"https:\/\/schema.org","@graph":[{"@type":"Article","@id":"https:\/\/www.letemsvetemapplem.eu\/bazar\/prodam-iphone-12-pro-max-bila-barva\/#article","isPartOf":{"@id":"https:\/\/www.letemsvetemapplem.eu\/bazar\/prodam-iphone-12-pro-max-bila-barva\/"},"author":{"name":"","@id":""},"headline":"Prod\u00e1m iPhone 12 PRO MAX b\u00edl\u00e1 barva","datePublished":"2024-03-12T09:19:13+00:00","dateModified":"2024-04-03T15:10:49+00:00","mainEntityOfPage":{"@id":"https:\/\/www.letemsvetemapplem.eu\/bazar\/prodam-iphone-12-pro-max-bila-barva\/"},"wordCount":55,"image":{"@id":"https:\/\/www.letemsvetemapplem.eu\/bazar\/prodam-iphone-12-pro-max-bila-barva\/#primaryimage"},"thumbnailUrl":"https:\/\/www.letemsvetemapplem.eu\/bazar\/wp-content\/uploads\/2024\/03\/IMG_0284-scaled.jpeg","articleSection":["iPhone 12 Pro"],"inLanguage":"cs"},{"@type":"WebPage","@id":"https:\/\/www.letemsvetemapplem.eu\/bazar\/prodam-iphone-12-pro-max-bila-barva\/","url":"https:\/\/www.letemsvetemapplem.eu\/bazar\/prodam-iphone-12-pro-max-bila-barva\/","name":"Prod\u00e1m iPhone 12 PRO MAX b\u00edl\u00e1 barva - Apple bazar","isPartOf":{"@id":"https:\/\/www.letemsvetemapplem.eu\/bazar\/#website"},"primaryImageOfPage":{"@id":"https:\/\/www.letemsvetemapplem.eu\/bazar\/prodam-iphone-12-pro-max-bila-barva\/#primaryimage"},"image":{"@id":"https:\/\/www.letemsvetemapplem.eu\/bazar\/prodam-iphone-12-pro-max-bila-barva\/#primaryimage"},"thumbnailUrl":"https:\/\/www.letemsvetemapplem.eu\/bazar\/wp-content\/uploads\/2024\/03\/IMG_0284-scaled.jpeg","datePublished":"2024-03-12T09:19:13+00:00","dateModified":"2024-04-03T15:10:49+00:00","author":{"@id":""},"breadcrumb":{"@id":"https:\/\/www.letemsvetemapplem.eu\/bazar\/prodam-iphone-12-pro-max-bila-barva\/#breadcrumb"},"inLanguage":"cs","potentialAction":[{"@type":"ReadAction","target":["https:\/\/www.letemsvetemapplem.eu\/bazar\/prodam-iphone-12-pro-max-bila-barva\/"]}]},{"@type":"ImageObject","inLanguage":"cs","@id":"https:\/\/www.letemsvetemapplem.eu\/bazar\/prodam-iphone-12-pro-max-bila-barva\/#primaryimage","url":"https:\/\/www.letemsvetemapplem.eu\/bazar\/wp-content\/uploads\/2024\/03\/IMG_0284-scaled.jpeg","contentUrl":"https:\/\/www.letemsvetemapplem.eu\/bazar\/wp-content\/uploads\/2024\/03\/IMG_0284-scaled.jpeg","width":1920,"height":2560},{"@type":"BreadcrumbList","@id":"https:\/\/www.letemsvetemapplem.eu\/bazar\/prodam-iphone-12-pro-max-bila-barva\/#breadcrumb","itemListElement":[{"@type":"ListItem","position":1,"name":"Apple Bazar","item":"https:\/\/www.letemsvetemapplem.eu\/bazar\/"},{"@type":"ListItem","position":2,"name":"Prod\u00e1m iPhone 12 PRO MAX b\u00edl\u00e1 barva"}]},{"@type":"WebSite","@id":"https:\/\/www.letemsvetemapplem.eu\/bazar\/#website","url":"https:\/\/www.letemsvetemapplem.eu\/bazar\/","name":"Apple bazar","description":"Oou\u017eit\u00e9 Apple produkty za skv\u011bl\u00e9 ceny","potentialAction":[{"@type":"SearchAction","target":{"@type":"EntryPoint","urlTemplate":"https:\/\/www.letemsvetemapplem.eu\/bazar\/?s={search_term_string}"},"query-input":{"@type":"PropertyValueSpecification","valueRequired":true,"valueName":"search_term_string"}}],"inLanguage":"cs"}]}},"_links":{"self":[{"href":"https:\/\/www.letemsvetemapplem.eu\/bazar\/wp-json\/wp\/v2\/posts\/286930","targetHints":{"allow":["GET"]}}],"collection":[{"href":"https:\/\/www.letemsvetemapplem.eu\/bazar\/wp-json\/wp\/v2\/posts"}],"about":[{"href":"https:\/\/www.letemsvetemapplem.eu\/bazar\/wp-json\/wp\/v2\/types\/post"}],"replies":[{"embeddable":true,"href":"https:\/\/www.letemsvetemapplem.eu\/bazar\/wp-json\/wp\/v2\/comments?post=286930"}],"version-history":[{"count":2,"href":"https:\/\/www.letemsvetemapplem.eu\/bazar\/wp-json\/wp\/v2\/posts\/286930\/revisions"}],"predecessor-version":[{"id":287559,"href":"https:\/\/www.letemsvetemapplem.eu\/bazar\/wp-json\/wp\/v2\/posts\/286930\/revisions\/287559"}],"wp:featuredmedia":[{"embeddable":true,"href":"https:\/\/www.letemsvetemapplem.eu\/bazar\/wp-json\/wp\/v2\/media\/286931"}],"wp:attachment":[{"href":"https:\/\/www.letemsvetemapplem.eu\/bazar\/wp-json\/wp\/v2\/media?parent=286930"}],"wp:term":[{"taxonomy":"category","embeddable":true,"href":"https:\/\/www.letemsvetemapplem.eu\/bazar\/wp-json\/wp\/v2\/categories?post=286930"},{"taxonomy":"post_tag","embeddable":true,"href":"https:\/\/www.letemsvetemapplem.eu\/bazar\/wp-json\/wp\/v2\/tags?post=286930"}],"curies":[{"name":"wp","href":"https:\/\/api.w.org\/{rel}","templated":true}]}}