{"id":286915,"date":"2024-03-11T22:56:01","date_gmt":"2024-03-11T21:56:01","guid":{"rendered":"https:\/\/www.letemsvetemapplem.eu\/bazar\/?p=286915"},"modified":"2024-03-23T00:03:49","modified_gmt":"2024-03-22T23:03:49","slug":"prodam-apple-pencil-1-generace-2022","status":"publish","type":"post","link":"https:\/\/www.letemsvetemapplem.eu\/bazar\/prodam-apple-pencil-1-generace-2022\/","title":{"rendered":"Prod\u00e1m Apple Pencil 1. generace (2022)"},"content":{"rendered":"<p>Prod\u00e1m Apple Pencil 1. generace (2022)&lt;br \/&gt;&lt;br \/&gt;<br \/>\nPouze rozbalen\u00e1 z plastov\u00e9ho obalu, nepou\u017eit\u00e1.&lt;br \/&gt;&lt;br \/&gt;<br \/>\nP\u016fvodn\u00ed cena: 2700 (zakoupeno v prosinci 2023)&lt;br \/&gt;&lt;br \/&gt;<br \/>\nD\u016fvod prodeje: Nevhodn\u00fd d\u00e1rek.&lt;br \/&gt;&lt;br \/&gt;<br \/>\nV p\u0159\u00edpad\u011b prodeje dod\u00e1m i fakturu o zakoupen\u00ed od p\u016fvodn\u00edho prodejce (Datart)&lt;br \/&gt;&lt;br \/&gt;<br \/>\nMo\u017enost osobn\u00edho p\u0159ed\u00e1n\u00ed i odesl\u00e1n\u00ed p\u0159es Z\u00e1silkovnu\/Bal\u00edkovnu.<\/p>\n","protected":false},"excerpt":{"rendered":"<p>Prod\u00e1m Apple Pencil 1. generace (2022)&lt;br \/&gt;&lt;br \/&gt; Pouze rozbalen\u00e1 z plastov\u00e9ho obalu, nepou\u017eit\u00e1.&lt;br \/&gt;&lt;br \/&gt; P\u016fvodn\u00ed cena: 2700 (zakoupeno v prosinci 2023)&lt;br \/&gt;&lt;br \/&gt; D\u016fvod prodeje: Nevhodn\u00fd d\u00e1rek.&lt;br \/&gt;&lt;br \/&gt; V p\u0159\u00edpad\u011b prodeje dod\u00e1m i fakturu o zakoupen\u00ed od p\u016fvodn\u00edho prodejce (Datart)&lt;br \/&gt;&lt;br \/&gt; Mo\u017enost osobn\u00edho p\u0159ed\u00e1n\u00ed i odesl\u00e1n\u00ed p\u0159es Z\u00e1silkovnu\/Bal\u00edkovnu.<\/p>\n","protected":false},"author":0,"featured_media":286916,"comment_status":"closed","ping_status":"closed","sticky":false,"template":"","format":"standard","meta":{"footnotes":""},"categories":[40],"tags":[],"class_list":["post-286915","post","type-post","status-publish","format-standard","has-post-thumbnail","hentry","category-prislusenstvi-ipad"],"yoast_head":"<!-- This site is optimized with the Yoast SEO plugin v27.5 - https:\/\/yoast.com\/product\/yoast-seo-wordpress\/ -->\n<title>Prod\u00e1m Apple Pencil 1. generace (2022) - Apple bazar<\/title>\n<meta name=\"robots\" content=\"index, follow, max-snippet:-1, max-image-preview:large, max-video-preview:-1\" \/>\n<link rel=\"canonical\" href=\"https:\/\/www.letemsvetemapplem.eu\/bazar\/prodam-apple-pencil-1-generace-2022\/\" \/>\n<meta property=\"og:locale\" content=\"cs_CZ\" \/>\n<meta property=\"og:type\" content=\"article\" \/>\n<meta property=\"og:title\" content=\"Prod\u00e1m Apple Pencil 1. generace (2022) - Apple bazar\" \/>\n<meta property=\"og:description\" content=\"Prod\u00e1m Apple Pencil 1. generace (2022)&lt;br \/&gt;&lt;br \/&gt; Pouze rozbalen\u00e1 z plastov\u00e9ho obalu, nepou\u017eit\u00e1.&lt;br \/&gt;&lt;br \/&gt; P\u016fvodn\u00ed cena: 2700 (zakoupeno v prosinci 2023)&lt;br \/&gt;&lt;br \/&gt; D\u016fvod prodeje: Nevhodn\u00fd d\u00e1rek.&lt;br \/&gt;&lt;br \/&gt; V p\u0159\u00edpad\u011b prodeje dod\u00e1m i fakturu o zakoupen\u00ed od p\u016fvodn\u00edho prodejce (Datart)&lt;br \/&gt;&lt;br \/&gt; Mo\u017enost osobn\u00edho p\u0159ed\u00e1n\u00ed i odesl\u00e1n\u00ed p\u0159es Z\u00e1silkovnu\/Bal\u00edkovnu.\" \/>\n<meta property=\"og:url\" content=\"https:\/\/www.letemsvetemapplem.eu\/bazar\/prodam-apple-pencil-1-generace-2022\/\" \/>\n<meta property=\"og:site_name\" content=\"Apple bazar\" \/>\n<meta property=\"article:published_time\" content=\"2024-03-11T21:56:01+00:00\" \/>\n<meta property=\"article:modified_time\" content=\"2024-03-22T23:03:49+00:00\" \/>\n<meta property=\"og:image\" content=\"https:\/\/www.letemsvetemapplem.eu\/bazar\/wp-content\/uploads\/2024\/03\/IMG_1128-1-scaled.jpeg\" \/>\n\t<meta property=\"og:image:width\" content=\"1920\" \/>\n\t<meta property=\"og:image:height\" content=\"2560\" \/>\n\t<meta property=\"og:image:type\" content=\"image\/jpeg\" \/>\n<meta name=\"twitter:card\" content=\"summary_large_image\" \/>\n<script type=\"application\/ld+json\" class=\"yoast-schema-graph\">{\"@context\":\"https:\\\/\\\/schema.org\",\"@graph\":[{\"@type\":\"Article\",\"@id\":\"https:\\\/\\\/www.letemsvetemapplem.eu\\\/bazar\\\/prodam-apple-pencil-1-generace-2022\\\/#article\",\"isPartOf\":{\"@id\":\"https:\\\/\\\/www.letemsvetemapplem.eu\\\/bazar\\\/prodam-apple-pencil-1-generace-2022\\\/\"},\"author\":{\"name\":\"\",\"@id\":\"\"},\"headline\":\"Prod\u00e1m Apple Pencil 1. generace (2022)\",\"datePublished\":\"2024-03-11T21:56:01+00:00\",\"dateModified\":\"2024-03-22T23:03:49+00:00\",\"mainEntityOfPage\":{\"@id\":\"https:\\\/\\\/www.letemsvetemapplem.eu\\\/bazar\\\/prodam-apple-pencil-1-generace-2022\\\/\"},\"wordCount\":92,\"image\":{\"@id\":\"https:\\\/\\\/www.letemsvetemapplem.eu\\\/bazar\\\/prodam-apple-pencil-1-generace-2022\\\/#primaryimage\"},\"thumbnailUrl\":\"https:\\\/\\\/www.letemsvetemapplem.eu\\\/bazar\\\/wp-content\\\/uploads\\\/2024\\\/03\\\/IMG_1128-1-scaled.jpeg\",\"articleSection\":[\"P\u0159\u00edslu\u0161enstv\u00ed\"],\"inLanguage\":\"cs\"},{\"@type\":\"WebPage\",\"@id\":\"https:\\\/\\\/www.letemsvetemapplem.eu\\\/bazar\\\/prodam-apple-pencil-1-generace-2022\\\/\",\"url\":\"https:\\\/\\\/www.letemsvetemapplem.eu\\\/bazar\\\/prodam-apple-pencil-1-generace-2022\\\/\",\"name\":\"Prod\u00e1m Apple Pencil 1. generace (2022) - Apple bazar\",\"isPartOf\":{\"@id\":\"https:\\\/\\\/www.letemsvetemapplem.eu\\\/bazar\\\/#website\"},\"primaryImageOfPage\":{\"@id\":\"https:\\\/\\\/www.letemsvetemapplem.eu\\\/bazar\\\/prodam-apple-pencil-1-generace-2022\\\/#primaryimage\"},\"image\":{\"@id\":\"https:\\\/\\\/www.letemsvetemapplem.eu\\\/bazar\\\/prodam-apple-pencil-1-generace-2022\\\/#primaryimage\"},\"thumbnailUrl\":\"https:\\\/\\\/www.letemsvetemapplem.eu\\\/bazar\\\/wp-content\\\/uploads\\\/2024\\\/03\\\/IMG_1128-1-scaled.jpeg\",\"datePublished\":\"2024-03-11T21:56:01+00:00\",\"dateModified\":\"2024-03-22T23:03:49+00:00\",\"author\":{\"@id\":\"\"},\"breadcrumb\":{\"@id\":\"https:\\\/\\\/www.letemsvetemapplem.eu\\\/bazar\\\/prodam-apple-pencil-1-generace-2022\\\/#breadcrumb\"},\"inLanguage\":\"cs\",\"potentialAction\":[{\"@type\":\"ReadAction\",\"target\":[\"https:\\\/\\\/www.letemsvetemapplem.eu\\\/bazar\\\/prodam-apple-pencil-1-generace-2022\\\/\"]}]},{\"@type\":\"ImageObject\",\"inLanguage\":\"cs\",\"@id\":\"https:\\\/\\\/www.letemsvetemapplem.eu\\\/bazar\\\/prodam-apple-pencil-1-generace-2022\\\/#primaryimage\",\"url\":\"https:\\\/\\\/www.letemsvetemapplem.eu\\\/bazar\\\/wp-content\\\/uploads\\\/2024\\\/03\\\/IMG_1128-1-scaled.jpeg\",\"contentUrl\":\"https:\\\/\\\/www.letemsvetemapplem.eu\\\/bazar\\\/wp-content\\\/uploads\\\/2024\\\/03\\\/IMG_1128-1-scaled.jpeg\",\"width\":1920,\"height\":2560},{\"@type\":\"BreadcrumbList\",\"@id\":\"https:\\\/\\\/www.letemsvetemapplem.eu\\\/bazar\\\/prodam-apple-pencil-1-generace-2022\\\/#breadcrumb\",\"itemListElement\":[{\"@type\":\"ListItem\",\"position\":1,\"name\":\"Apple Bazar\",\"item\":\"https:\\\/\\\/www.letemsvetemapplem.eu\\\/bazar\\\/\"},{\"@type\":\"ListItem\",\"position\":2,\"name\":\"Prod\u00e1m Apple Pencil 1. generace (2022)\"}]},{\"@type\":\"WebSite\",\"@id\":\"https:\\\/\\\/www.letemsvetemapplem.eu\\\/bazar\\\/#website\",\"url\":\"https:\\\/\\\/www.letemsvetemapplem.eu\\\/bazar\\\/\",\"name\":\"Apple bazar\",\"description\":\"Oou\u017eit\u00e9 Apple produkty za skv\u011bl\u00e9 ceny\",\"potentialAction\":[{\"@type\":\"SearchAction\",\"target\":{\"@type\":\"EntryPoint\",\"urlTemplate\":\"https:\\\/\\\/www.letemsvetemapplem.eu\\\/bazar\\\/?s={search_term_string}\"},\"query-input\":{\"@type\":\"PropertyValueSpecification\",\"valueRequired\":true,\"valueName\":\"search_term_string\"}}],\"inLanguage\":\"cs\"}]}<\/script>\n<!-- \/ Yoast SEO plugin. -->","yoast_head_json":{"title":"Prod\u00e1m Apple Pencil 1. generace (2022) - Apple bazar","robots":{"index":"index","follow":"follow","max-snippet":"max-snippet:-1","max-image-preview":"max-image-preview:large","max-video-preview":"max-video-preview:-1"},"canonical":"https:\/\/www.letemsvetemapplem.eu\/bazar\/prodam-apple-pencil-1-generace-2022\/","og_locale":"cs_CZ","og_type":"article","og_title":"Prod\u00e1m Apple Pencil 1. generace (2022) - Apple bazar","og_description":"Prod\u00e1m Apple Pencil 1. generace (2022)&lt;br \/&gt;&lt;br \/&gt; Pouze rozbalen\u00e1 z plastov\u00e9ho obalu, nepou\u017eit\u00e1.&lt;br \/&gt;&lt;br \/&gt; P\u016fvodn\u00ed cena: 2700 (zakoupeno v prosinci 2023)&lt;br \/&gt;&lt;br \/&gt; D\u016fvod prodeje: Nevhodn\u00fd d\u00e1rek.&lt;br \/&gt;&lt;br \/&gt; V p\u0159\u00edpad\u011b prodeje dod\u00e1m i fakturu o zakoupen\u00ed od p\u016fvodn\u00edho prodejce (Datart)&lt;br \/&gt;&lt;br \/&gt; Mo\u017enost osobn\u00edho p\u0159ed\u00e1n\u00ed i odesl\u00e1n\u00ed p\u0159es Z\u00e1silkovnu\/Bal\u00edkovnu.","og_url":"https:\/\/www.letemsvetemapplem.eu\/bazar\/prodam-apple-pencil-1-generace-2022\/","og_site_name":"Apple bazar","article_published_time":"2024-03-11T21:56:01+00:00","article_modified_time":"2024-03-22T23:03:49+00:00","og_image":[{"width":1920,"height":2560,"url":"https:\/\/www.letemsvetemapplem.eu\/bazar\/wp-content\/uploads\/2024\/03\/IMG_1128-1-scaled.jpeg","type":"image\/jpeg"}],"twitter_card":"summary_large_image","schema":{"@context":"https:\/\/schema.org","@graph":[{"@type":"Article","@id":"https:\/\/www.letemsvetemapplem.eu\/bazar\/prodam-apple-pencil-1-generace-2022\/#article","isPartOf":{"@id":"https:\/\/www.letemsvetemapplem.eu\/bazar\/prodam-apple-pencil-1-generace-2022\/"},"author":{"name":"","@id":""},"headline":"Prod\u00e1m Apple Pencil 1. generace (2022)","datePublished":"2024-03-11T21:56:01+00:00","dateModified":"2024-03-22T23:03:49+00:00","mainEntityOfPage":{"@id":"https:\/\/www.letemsvetemapplem.eu\/bazar\/prodam-apple-pencil-1-generace-2022\/"},"wordCount":92,"image":{"@id":"https:\/\/www.letemsvetemapplem.eu\/bazar\/prodam-apple-pencil-1-generace-2022\/#primaryimage"},"thumbnailUrl":"https:\/\/www.letemsvetemapplem.eu\/bazar\/wp-content\/uploads\/2024\/03\/IMG_1128-1-scaled.jpeg","articleSection":["P\u0159\u00edslu\u0161enstv\u00ed"],"inLanguage":"cs"},{"@type":"WebPage","@id":"https:\/\/www.letemsvetemapplem.eu\/bazar\/prodam-apple-pencil-1-generace-2022\/","url":"https:\/\/www.letemsvetemapplem.eu\/bazar\/prodam-apple-pencil-1-generace-2022\/","name":"Prod\u00e1m Apple Pencil 1. generace (2022) - Apple bazar","isPartOf":{"@id":"https:\/\/www.letemsvetemapplem.eu\/bazar\/#website"},"primaryImageOfPage":{"@id":"https:\/\/www.letemsvetemapplem.eu\/bazar\/prodam-apple-pencil-1-generace-2022\/#primaryimage"},"image":{"@id":"https:\/\/www.letemsvetemapplem.eu\/bazar\/prodam-apple-pencil-1-generace-2022\/#primaryimage"},"thumbnailUrl":"https:\/\/www.letemsvetemapplem.eu\/bazar\/wp-content\/uploads\/2024\/03\/IMG_1128-1-scaled.jpeg","datePublished":"2024-03-11T21:56:01+00:00","dateModified":"2024-03-22T23:03:49+00:00","author":{"@id":""},"breadcrumb":{"@id":"https:\/\/www.letemsvetemapplem.eu\/bazar\/prodam-apple-pencil-1-generace-2022\/#breadcrumb"},"inLanguage":"cs","potentialAction":[{"@type":"ReadAction","target":["https:\/\/www.letemsvetemapplem.eu\/bazar\/prodam-apple-pencil-1-generace-2022\/"]}]},{"@type":"ImageObject","inLanguage":"cs","@id":"https:\/\/www.letemsvetemapplem.eu\/bazar\/prodam-apple-pencil-1-generace-2022\/#primaryimage","url":"https:\/\/www.letemsvetemapplem.eu\/bazar\/wp-content\/uploads\/2024\/03\/IMG_1128-1-scaled.jpeg","contentUrl":"https:\/\/www.letemsvetemapplem.eu\/bazar\/wp-content\/uploads\/2024\/03\/IMG_1128-1-scaled.jpeg","width":1920,"height":2560},{"@type":"BreadcrumbList","@id":"https:\/\/www.letemsvetemapplem.eu\/bazar\/prodam-apple-pencil-1-generace-2022\/#breadcrumb","itemListElement":[{"@type":"ListItem","position":1,"name":"Apple Bazar","item":"https:\/\/www.letemsvetemapplem.eu\/bazar\/"},{"@type":"ListItem","position":2,"name":"Prod\u00e1m Apple Pencil 1. generace (2022)"}]},{"@type":"WebSite","@id":"https:\/\/www.letemsvetemapplem.eu\/bazar\/#website","url":"https:\/\/www.letemsvetemapplem.eu\/bazar\/","name":"Apple bazar","description":"Oou\u017eit\u00e9 Apple produkty za skv\u011bl\u00e9 ceny","potentialAction":[{"@type":"SearchAction","target":{"@type":"EntryPoint","urlTemplate":"https:\/\/www.letemsvetemapplem.eu\/bazar\/?s={search_term_string}"},"query-input":{"@type":"PropertyValueSpecification","valueRequired":true,"valueName":"search_term_string"}}],"inLanguage":"cs"}]}},"_links":{"self":[{"href":"https:\/\/www.letemsvetemapplem.eu\/bazar\/wp-json\/wp\/v2\/posts\/286915","targetHints":{"allow":["GET"]}}],"collection":[{"href":"https:\/\/www.letemsvetemapplem.eu\/bazar\/wp-json\/wp\/v2\/posts"}],"about":[{"href":"https:\/\/www.letemsvetemapplem.eu\/bazar\/wp-json\/wp\/v2\/types\/post"}],"replies":[{"embeddable":true,"href":"https:\/\/www.letemsvetemapplem.eu\/bazar\/wp-json\/wp\/v2\/comments?post=286915"}],"version-history":[{"count":3,"href":"https:\/\/www.letemsvetemapplem.eu\/bazar\/wp-json\/wp\/v2\/posts\/286915\/revisions"}],"predecessor-version":[{"id":287279,"href":"https:\/\/www.letemsvetemapplem.eu\/bazar\/wp-json\/wp\/v2\/posts\/286915\/revisions\/287279"}],"wp:featuredmedia":[{"embeddable":true,"href":"https:\/\/www.letemsvetemapplem.eu\/bazar\/wp-json\/wp\/v2\/media\/286916"}],"wp:attachment":[{"href":"https:\/\/www.letemsvetemapplem.eu\/bazar\/wp-json\/wp\/v2\/media?parent=286915"}],"wp:term":[{"taxonomy":"category","embeddable":true,"href":"https:\/\/www.letemsvetemapplem.eu\/bazar\/wp-json\/wp\/v2\/categories?post=286915"},{"taxonomy":"post_tag","embeddable":true,"href":"https:\/\/www.letemsvetemapplem.eu\/bazar\/wp-json\/wp\/v2\/tags?post=286915"}],"curies":[{"name":"wp","href":"https:\/\/api.w.org\/{rel}","templated":true}]}}