{"id":285489,"date":"2024-01-28T11:16:44","date_gmt":"2024-01-28T10:16:44","guid":{"rendered":"https:\/\/www.letemsvetemapplem.eu\/bazar\/?p=285489"},"modified":"2024-01-28T11:16:44","modified_gmt":"2024-01-28T10:16:44","slug":"imac-27-2011-16gb-ram-1tb-ssd-gpu","status":"publish","type":"post","link":"https:\/\/www.letemsvetemapplem.eu\/bazar\/imac-27-2011-16gb-ram-1tb-ssd-gpu\/","title":{"rendered":"iMac 27\u201d 2011, 16GB RAM, 1TB SSD, GPU"},"content":{"rendered":"<p>iMac 27\u201d Mid 2011, 16GB pam\u011b\u0165, nov\u00fd 1TB SSD HDD Samsung EVO 870 disk a v\u00fdkonn\u00e1 grafick\u00e1 karta AMD Polaris s 2 GB pam\u011bt\u00ed s podporou nov\u00fdch MacOS syst\u00e9m\u016f.<br \/>\nNejrychlej\u0161\u00ed model iMac edice Mid 2011, d\u00edky procesoru Intel i7 s taktem 3.4 GHz. Je to iMac s tlust\u00fdm r\u00e1me\u010dkem, kter\u00fd lze je\u0161t\u011b v budoucnu upgradovat.<br \/>\niMac byl upgradov\u00e1n o super rychl\u00fd 1TB SSD HDD Samsung EVO 870 disk, legend\u00e1rn\u00ed a super spolehliv\u00fd SSD disk d\u00edky kter\u00e9mu se cel\u00fd iMac v\u00fdrazn\u011b zrychlil.<br \/>\nD\u00e1le byla m\u011bnena grafick\u00e1 karta za v\u00fdkonnou grafiku AMD Polaris s 2 GB DDR5 pam\u011bt\u00ed vydanou v roce 2017 kter\u00e1 kter\u00e1 podporuje technologi\u00ed Metal2, s kterou je mo\u017en\u00e9 provozovat i nov\u00e9 MacOS jako je Monterey nebo Ventura nativn\u011b a iMac se chov\u00e1 jako \u00fapln\u011b nov\u00fd Mac. T\u00e1to grafika je v\u00fdrazn\u011b v\u00fdkonnej\u0161\u00ed ne\u017e NVidia GeForce dod\u00e1van\u00e1 s iMac modely 2012-2014.<\/p>\n<p>Stav iMacu je jako nov\u00fd, p\u0159epastov\u00e1n procesor i \u010dip grafick\u00e9 karty plus pam\u011bti, profesion\u00e1ln\u011b vy\u010di\u0161t\u011bn, bez od\u011brk\u016f nebo prasklin na displeji, pln\u011b funk\u010dn\u00ed s kr\u00e1sn\u00fdm velk\u00fdm 27&quot; displejem s rozli\u0161en\u00edm 2K.<br \/>\nZ\u00e1ruka 30dn\u00ed.<\/p>\n<p>Parametry:<br \/>\nProcesor &#8211; 3.4 GHz Intel i7 (4x J\u00e1dra, 8x Vl\u00e1kna, 8 MB Cache)<br \/>\nPam\u011b\u0165 \u2013 16 GB 1333 MHz DDR3 (4x 4 GB)<br \/>\nlze roz\u0161\u00ed\u0159it a\u017e na 32 GB<br \/>\nGrafika \u2013 v\u00fdkonn\u00e1 AMD Polaris WX4130 s 2GB pam\u011bti DDR5 (grafika byla vyd\u00e1na v roku 2017, nat\u00edvn\u00ed podpora MacOS Monterey)<br \/>\n\u00dalo\u017ei\u0161t\u011b \u2013 \u00fapln\u011b nov\u00e9 1TB SSD HDD Samsung EVO 870<br \/>\n4x USB, 2x Thunderbolt, FireWire 800, Ethernet<br \/>\nMac OS Monterey 12.7.2<\/p>\n<p>P\u0159\u00edslu\u0161enstv\u00ed:<br \/>\n&#8211; el. nap\u00e1jec\u00ed kabel k iMac<br \/>\n&#8211; Apple USB kl\u00e1vesnice CZ<br \/>\nbez my\u0161ky<\/p>\n<p>iCloud je odhl\u00e1\u0161en\u00fd a p\u0159ipraven\u00fd pro nov\u00e9ho u\u017eivatele, \u010derstv\u00e1 instalace Mac OS Monterey a OCLP (OpenCore Legacy Patcher).<\/p>\n<p>Nejl\u00e9pe osobn\u00ed p\u0159ed\u00e1n\u00ed na Praze 6, kur\u00fdrem po domluv\u011b.<\/p>\n","protected":false},"excerpt":{"rendered":"<p>iMac 27\u201d Mid 2011, 16GB pam\u011b\u0165, nov\u00fd 1TB SSD HDD Samsung EVO 870 disk a v\u00fdkonn\u00e1 grafick\u00e1 karta AMD Polaris s 2 GB pam\u011bt\u00ed s podporou nov\u00fdch MacOS syst\u00e9m\u016f. Nejrychlej\u0161\u00ed model iMac edice Mid 2011, d\u00edky procesoru Intel i7 s taktem 3.4 GHz. Je to iMac s tlust\u00fdm r\u00e1me\u010dkem, kter\u00fd lze je\u0161t\u011b v budoucnu upgradovat&#8230;.<\/p>\n","protected":false},"author":0,"featured_media":285490,"comment_status":"closed","ping_status":"closed","sticky":false,"template":"","format":"standard","meta":{"footnotes":""},"categories":[41],"tags":[],"class_list":["post-285489","post","type-post","status-publish","format-standard","has-post-thumbnail","hentry","category-imac"],"yoast_head":"<!-- This site is optimized with the Yoast SEO plugin v27.2 - https:\/\/yoast.com\/product\/yoast-seo-wordpress\/ -->\n<title>iMac 27\u201d 2011, 16GB RAM, 1TB SSD, GPU - Apple bazar<\/title>\n<meta name=\"robots\" content=\"index, follow, max-snippet:-1, max-image-preview:large, max-video-preview:-1\" \/>\n<link rel=\"canonical\" href=\"https:\/\/www.letemsvetemapplem.eu\/bazar\/imac-27-2011-16gb-ram-1tb-ssd-gpu\/\" \/>\n<meta property=\"og:locale\" content=\"cs_CZ\" \/>\n<meta property=\"og:type\" content=\"article\" \/>\n<meta property=\"og:title\" content=\"iMac 27\u201d 2011, 16GB RAM, 1TB SSD, GPU - Apple bazar\" \/>\n<meta property=\"og:description\" content=\"iMac 27\u201d Mid 2011, 16GB pam\u011b\u0165, nov\u00fd 1TB SSD HDD Samsung EVO 870 disk a v\u00fdkonn\u00e1 grafick\u00e1 karta AMD Polaris s 2 GB pam\u011bt\u00ed s podporou nov\u00fdch MacOS syst\u00e9m\u016f. Nejrychlej\u0161\u00ed model iMac edice Mid 2011, d\u00edky procesoru Intel i7 s taktem 3.4 GHz. Je to iMac s tlust\u00fdm r\u00e1me\u010dkem, kter\u00fd lze je\u0161t\u011b v budoucnu upgradovat....\" \/>\n<meta property=\"og:url\" content=\"https:\/\/www.letemsvetemapplem.eu\/bazar\/imac-27-2011-16gb-ram-1tb-ssd-gpu\/\" \/>\n<meta property=\"og:site_name\" content=\"Apple bazar\" \/>\n<meta property=\"article:published_time\" content=\"2024-01-28T10:16:44+00:00\" \/>\n<meta property=\"og:image\" content=\"https:\/\/www.letemsvetemapplem.eu\/bazar\/wp-content\/uploads\/2024\/01\/01-6-scaled.jpg\" \/>\n\t<meta property=\"og:image:width\" content=\"2560\" \/>\n\t<meta property=\"og:image:height\" content=\"1920\" \/>\n\t<meta property=\"og:image:type\" content=\"image\/jpeg\" \/>\n<meta name=\"twitter:card\" content=\"summary_large_image\" \/>\n<script type=\"application\/ld+json\" class=\"yoast-schema-graph\">{\"@context\":\"https:\/\/schema.org\",\"@graph\":[{\"@type\":\"Article\",\"@id\":\"https:\/\/www.letemsvetemapplem.eu\/bazar\/imac-27-2011-16gb-ram-1tb-ssd-gpu\/#article\",\"isPartOf\":{\"@id\":\"https:\/\/www.letemsvetemapplem.eu\/bazar\/imac-27-2011-16gb-ram-1tb-ssd-gpu\/\"},\"author\":{\"name\":\"\",\"@id\":\"\"},\"headline\":\"iMac 27\u201d 2011, 16GB RAM, 1TB SSD, GPU\",\"datePublished\":\"2024-01-28T10:16:44+00:00\",\"mainEntityOfPage\":{\"@id\":\"https:\/\/www.letemsvetemapplem.eu\/bazar\/imac-27-2011-16gb-ram-1tb-ssd-gpu\/\"},\"wordCount\":328,\"image\":{\"@id\":\"https:\/\/www.letemsvetemapplem.eu\/bazar\/imac-27-2011-16gb-ram-1tb-ssd-gpu\/#primaryimage\"},\"thumbnailUrl\":\"https:\/\/www.letemsvetemapplem.eu\/bazar\/wp-content\/uploads\/2024\/01\/01-6-scaled.jpg\",\"articleSection\":[\"iMac\"],\"inLanguage\":\"cs\"},{\"@type\":\"WebPage\",\"@id\":\"https:\/\/www.letemsvetemapplem.eu\/bazar\/imac-27-2011-16gb-ram-1tb-ssd-gpu\/\",\"url\":\"https:\/\/www.letemsvetemapplem.eu\/bazar\/imac-27-2011-16gb-ram-1tb-ssd-gpu\/\",\"name\":\"iMac 27\u201d 2011, 16GB RAM, 1TB SSD, GPU - Apple bazar\",\"isPartOf\":{\"@id\":\"https:\/\/www.letemsvetemapplem.eu\/bazar\/#website\"},\"primaryImageOfPage\":{\"@id\":\"https:\/\/www.letemsvetemapplem.eu\/bazar\/imac-27-2011-16gb-ram-1tb-ssd-gpu\/#primaryimage\"},\"image\":{\"@id\":\"https:\/\/www.letemsvetemapplem.eu\/bazar\/imac-27-2011-16gb-ram-1tb-ssd-gpu\/#primaryimage\"},\"thumbnailUrl\":\"https:\/\/www.letemsvetemapplem.eu\/bazar\/wp-content\/uploads\/2024\/01\/01-6-scaled.jpg\",\"datePublished\":\"2024-01-28T10:16:44+00:00\",\"author\":{\"@id\":\"\"},\"breadcrumb\":{\"@id\":\"https:\/\/www.letemsvetemapplem.eu\/bazar\/imac-27-2011-16gb-ram-1tb-ssd-gpu\/#breadcrumb\"},\"inLanguage\":\"cs\",\"potentialAction\":[{\"@type\":\"ReadAction\",\"target\":[\"https:\/\/www.letemsvetemapplem.eu\/bazar\/imac-27-2011-16gb-ram-1tb-ssd-gpu\/\"]}]},{\"@type\":\"ImageObject\",\"inLanguage\":\"cs\",\"@id\":\"https:\/\/www.letemsvetemapplem.eu\/bazar\/imac-27-2011-16gb-ram-1tb-ssd-gpu\/#primaryimage\",\"url\":\"https:\/\/www.letemsvetemapplem.eu\/bazar\/wp-content\/uploads\/2024\/01\/01-6-scaled.jpg\",\"contentUrl\":\"https:\/\/www.letemsvetemapplem.eu\/bazar\/wp-content\/uploads\/2024\/01\/01-6-scaled.jpg\",\"width\":2560,\"height\":1920},{\"@type\":\"BreadcrumbList\",\"@id\":\"https:\/\/www.letemsvetemapplem.eu\/bazar\/imac-27-2011-16gb-ram-1tb-ssd-gpu\/#breadcrumb\",\"itemListElement\":[{\"@type\":\"ListItem\",\"position\":1,\"name\":\"Apple Bazar\",\"item\":\"https:\/\/www.letemsvetemapplem.eu\/bazar\/\"},{\"@type\":\"ListItem\",\"position\":2,\"name\":\"iMac 27\u201d 2011, 16GB RAM, 1TB SSD, GPU\"}]},{\"@type\":\"WebSite\",\"@id\":\"https:\/\/www.letemsvetemapplem.eu\/bazar\/#website\",\"url\":\"https:\/\/www.letemsvetemapplem.eu\/bazar\/\",\"name\":\"Apple bazar\",\"description\":\"Oou\u017eit\u00e9 Apple produkty za skv\u011bl\u00e9 ceny\",\"potentialAction\":[{\"@type\":\"SearchAction\",\"target\":{\"@type\":\"EntryPoint\",\"urlTemplate\":\"https:\/\/www.letemsvetemapplem.eu\/bazar\/?s={search_term_string}\"},\"query-input\":{\"@type\":\"PropertyValueSpecification\",\"valueRequired\":true,\"valueName\":\"search_term_string\"}}],\"inLanguage\":\"cs\"}]}<\/script>\n<!-- \/ Yoast SEO plugin. -->","yoast_head_json":{"title":"iMac 27\u201d 2011, 16GB RAM, 1TB SSD, GPU - Apple bazar","robots":{"index":"index","follow":"follow","max-snippet":"max-snippet:-1","max-image-preview":"max-image-preview:large","max-video-preview":"max-video-preview:-1"},"canonical":"https:\/\/www.letemsvetemapplem.eu\/bazar\/imac-27-2011-16gb-ram-1tb-ssd-gpu\/","og_locale":"cs_CZ","og_type":"article","og_title":"iMac 27\u201d 2011, 16GB RAM, 1TB SSD, GPU - Apple bazar","og_description":"iMac 27\u201d Mid 2011, 16GB pam\u011b\u0165, nov\u00fd 1TB SSD HDD Samsung EVO 870 disk a v\u00fdkonn\u00e1 grafick\u00e1 karta AMD Polaris s 2 GB pam\u011bt\u00ed s podporou nov\u00fdch MacOS syst\u00e9m\u016f. Nejrychlej\u0161\u00ed model iMac edice Mid 2011, d\u00edky procesoru Intel i7 s taktem 3.4 GHz. Je to iMac s tlust\u00fdm r\u00e1me\u010dkem, kter\u00fd lze je\u0161t\u011b v budoucnu upgradovat....","og_url":"https:\/\/www.letemsvetemapplem.eu\/bazar\/imac-27-2011-16gb-ram-1tb-ssd-gpu\/","og_site_name":"Apple bazar","article_published_time":"2024-01-28T10:16:44+00:00","og_image":[{"width":2560,"height":1920,"url":"https:\/\/www.letemsvetemapplem.eu\/bazar\/wp-content\/uploads\/2024\/01\/01-6-scaled.jpg","type":"image\/jpeg"}],"twitter_card":"summary_large_image","schema":{"@context":"https:\/\/schema.org","@graph":[{"@type":"Article","@id":"https:\/\/www.letemsvetemapplem.eu\/bazar\/imac-27-2011-16gb-ram-1tb-ssd-gpu\/#article","isPartOf":{"@id":"https:\/\/www.letemsvetemapplem.eu\/bazar\/imac-27-2011-16gb-ram-1tb-ssd-gpu\/"},"author":{"name":"","@id":""},"headline":"iMac 27\u201d 2011, 16GB RAM, 1TB SSD, GPU","datePublished":"2024-01-28T10:16:44+00:00","mainEntityOfPage":{"@id":"https:\/\/www.letemsvetemapplem.eu\/bazar\/imac-27-2011-16gb-ram-1tb-ssd-gpu\/"},"wordCount":328,"image":{"@id":"https:\/\/www.letemsvetemapplem.eu\/bazar\/imac-27-2011-16gb-ram-1tb-ssd-gpu\/#primaryimage"},"thumbnailUrl":"https:\/\/www.letemsvetemapplem.eu\/bazar\/wp-content\/uploads\/2024\/01\/01-6-scaled.jpg","articleSection":["iMac"],"inLanguage":"cs"},{"@type":"WebPage","@id":"https:\/\/www.letemsvetemapplem.eu\/bazar\/imac-27-2011-16gb-ram-1tb-ssd-gpu\/","url":"https:\/\/www.letemsvetemapplem.eu\/bazar\/imac-27-2011-16gb-ram-1tb-ssd-gpu\/","name":"iMac 27\u201d 2011, 16GB RAM, 1TB SSD, GPU - Apple bazar","isPartOf":{"@id":"https:\/\/www.letemsvetemapplem.eu\/bazar\/#website"},"primaryImageOfPage":{"@id":"https:\/\/www.letemsvetemapplem.eu\/bazar\/imac-27-2011-16gb-ram-1tb-ssd-gpu\/#primaryimage"},"image":{"@id":"https:\/\/www.letemsvetemapplem.eu\/bazar\/imac-27-2011-16gb-ram-1tb-ssd-gpu\/#primaryimage"},"thumbnailUrl":"https:\/\/www.letemsvetemapplem.eu\/bazar\/wp-content\/uploads\/2024\/01\/01-6-scaled.jpg","datePublished":"2024-01-28T10:16:44+00:00","author":{"@id":""},"breadcrumb":{"@id":"https:\/\/www.letemsvetemapplem.eu\/bazar\/imac-27-2011-16gb-ram-1tb-ssd-gpu\/#breadcrumb"},"inLanguage":"cs","potentialAction":[{"@type":"ReadAction","target":["https:\/\/www.letemsvetemapplem.eu\/bazar\/imac-27-2011-16gb-ram-1tb-ssd-gpu\/"]}]},{"@type":"ImageObject","inLanguage":"cs","@id":"https:\/\/www.letemsvetemapplem.eu\/bazar\/imac-27-2011-16gb-ram-1tb-ssd-gpu\/#primaryimage","url":"https:\/\/www.letemsvetemapplem.eu\/bazar\/wp-content\/uploads\/2024\/01\/01-6-scaled.jpg","contentUrl":"https:\/\/www.letemsvetemapplem.eu\/bazar\/wp-content\/uploads\/2024\/01\/01-6-scaled.jpg","width":2560,"height":1920},{"@type":"BreadcrumbList","@id":"https:\/\/www.letemsvetemapplem.eu\/bazar\/imac-27-2011-16gb-ram-1tb-ssd-gpu\/#breadcrumb","itemListElement":[{"@type":"ListItem","position":1,"name":"Apple Bazar","item":"https:\/\/www.letemsvetemapplem.eu\/bazar\/"},{"@type":"ListItem","position":2,"name":"iMac 27\u201d 2011, 16GB RAM, 1TB SSD, GPU"}]},{"@type":"WebSite","@id":"https:\/\/www.letemsvetemapplem.eu\/bazar\/#website","url":"https:\/\/www.letemsvetemapplem.eu\/bazar\/","name":"Apple bazar","description":"Oou\u017eit\u00e9 Apple produkty za skv\u011bl\u00e9 ceny","potentialAction":[{"@type":"SearchAction","target":{"@type":"EntryPoint","urlTemplate":"https:\/\/www.letemsvetemapplem.eu\/bazar\/?s={search_term_string}"},"query-input":{"@type":"PropertyValueSpecification","valueRequired":true,"valueName":"search_term_string"}}],"inLanguage":"cs"}]}},"_links":{"self":[{"href":"https:\/\/www.letemsvetemapplem.eu\/bazar\/wp-json\/wp\/v2\/posts\/285489","targetHints":{"allow":["GET"]}}],"collection":[{"href":"https:\/\/www.letemsvetemapplem.eu\/bazar\/wp-json\/wp\/v2\/posts"}],"about":[{"href":"https:\/\/www.letemsvetemapplem.eu\/bazar\/wp-json\/wp\/v2\/types\/post"}],"replies":[{"embeddable":true,"href":"https:\/\/www.letemsvetemapplem.eu\/bazar\/wp-json\/wp\/v2\/comments?post=285489"}],"version-history":[{"count":1,"href":"https:\/\/www.letemsvetemapplem.eu\/bazar\/wp-json\/wp\/v2\/posts\/285489\/revisions"}],"predecessor-version":[{"id":285497,"href":"https:\/\/www.letemsvetemapplem.eu\/bazar\/wp-json\/wp\/v2\/posts\/285489\/revisions\/285497"}],"wp:featuredmedia":[{"embeddable":true,"href":"https:\/\/www.letemsvetemapplem.eu\/bazar\/wp-json\/wp\/v2\/media\/285490"}],"wp:attachment":[{"href":"https:\/\/www.letemsvetemapplem.eu\/bazar\/wp-json\/wp\/v2\/media?parent=285489"}],"wp:term":[{"taxonomy":"category","embeddable":true,"href":"https:\/\/www.letemsvetemapplem.eu\/bazar\/wp-json\/wp\/v2\/categories?post=285489"},{"taxonomy":"post_tag","embeddable":true,"href":"https:\/\/www.letemsvetemapplem.eu\/bazar\/wp-json\/wp\/v2\/tags?post=285489"}],"curies":[{"name":"wp","href":"https:\/\/api.w.org\/{rel}","templated":true}]}}