{"id":284761,"date":"2024-01-06T15:24:27","date_gmt":"2024-01-06T14:24:27","guid":{"rendered":"https:\/\/www.letemsvetemapplem.eu\/bazar\/?p=284761"},"modified":"2024-01-06T15:24:27","modified_gmt":"2024-01-06T14:24:27","slug":"imac-27-mid-2017-5k-24-gb-ram-2tb-nvm","status":"publish","type":"post","link":"https:\/\/www.letemsvetemapplem.eu\/bazar\/imac-27-mid-2017-5k-24-gb-ram-2tb-nvm\/","title":{"rendered":"iMac 27\u201d Mid 2017 5K, 24 GB RAM, 2TB NVM"},"content":{"rendered":"<p>iMac 27\u201d Mid 2017 5K, 24 GB RAM, 2TB NVMe Flash HD, kl\u00e1vesnice, my\u0161, box, z\u00e1ruka<br \/>\niMac upgradov\u00e1n o \u00fapln\u011b nov\u00fd ultra rychl\u00fd 2TB NVMe Flash SSD Samsung EVO 870 Plus, legend\u00e1rn\u00ed a super spolehliv\u00fd Flash SSD disk d\u00edky kter\u00e9mu se cel\u00fd iMac \u00fa\u017easn\u011b zrychlil, start Macu b\u011bhem 12 sekund.<br \/>\nP\u0159enosov\u00e9 rychlosti flash disku viz. screenshot z BlackMagic Disk Testu. (Nezam\u011b\u0148ovat za cca 5x pomalej\u0161\u00ed klasick\u00e9 SSD disky se SATA rozhran\u00edm).<br \/>\nOdstran\u011bn problematick\u00fd FusionDrive setup. Pro Va\u0161e data i syst\u00e9m je k dispozici 2TB Flash ultra rychl\u00e9 ulo\u017ei\u0161t\u011b.<br \/>\nP\u0159ilo\u017e\u00edm fakturu na tento komponent, kde je z\u00e1ruka 5l\u011bt od v\u00fdrobce a \u017eivotnost je 1200 TBW = p\u0159i ka\u017edodenn\u00edm z\u00e1pisu 200 GB, cca 16,3let.<\/p>\n<p>iMac je vhodn\u00fd pro za\u010d\u00ednaj\u00edc\u00ed nebo pokro\u010dil\u00e9 tv\u016frce digit\u00e1ln\u00edho obsahu d\u00edky dedikovan\u00e9 grafick\u00e9 kart\u011b AMD Radeon Pro 570 s 4GB pam\u011bti a ultra rychl\u00e9mu disku. Nav\u00edc d\u00edky flash disku je iMac neskute\u010dn\u011b tich\u00fd, tak\u017ee se hod\u00ed i do nahr\u00e1vac\u00edho studia.<br \/>\nStav jako nov\u00fd, profesion\u00e1ln\u011b vy\u010di\u0161t\u011bn a bez \u0161kr\u00e1banc\u016f, od\u011brk\u016f, nebo prasklin na displeji, pln\u011b funk\u010dn\u00ed s kr\u00e1sn\u00fdm velk\u00fdm RETINA 5K displejem.<br \/>\nZ\u00e1ruka 30 dn\u00ed.<\/p>\n<p>Parametry:<br \/>\nProcesor &#8211; 3,4 GHz Intel i5 (4x J\u00e1dra, 4x Vl\u00e1kna, 6 MB Cache)<br \/>\nPam\u011b\u0165 \u2013 24 GB 2400 MHz DDR4 (2x 8 GB a 2x 4 GB)<br \/>\nlze roz\u0161\u00ed\u0159it a\u017e na 64 GB<br \/>\nGrafika \u2013 AMD Radeon Pro 570 s 4GB pam\u011bti<br \/>\n\u00dalo\u017ei\u0161t\u011b \u2013 \u00fapln\u011b nov\u00e9 2TB NVMIE Flash SSD Samsung EVO 870 Plus<br \/>\n4x USB, 2x Thunderbolt 3 (USB-C), Ethernet<br \/>\nMac OS Ventura 13.6.3<\/p>\n<p>P\u0159\u00edslu\u0161enstv\u00ed:<br \/>\n&#8211; bezdr\u00e1tov\u00e1 Apple CZ kl\u00e1vesnice s numerickou \u010d\u00e1sti (Apple Magic2)<br \/>\n&#8211; bezdr\u00e1tov\u00e1 Apple my\u0161ka (Apple Magic2)<br \/>\n&#8211; el. nap\u00e1jec\u00ed kabel k iMac<br \/>\n&#8211; origin\u00e1ln\u00ed krabice<\/p>\n<p>iCloud je odhl\u00e1\u0161en\u00fd a p\u0159ipraven\u00fd pro nov\u00e9ho u\u017eivatele, \u010derstv\u00e1 instalace Mac OS Ventura.<\/p>\n<p>Nejl\u00e9pe osobn\u00ed p\u0159edveden\u00ed a p\u0159ed\u00e1n\u00ed na Praze6, kur\u00fdrem po domluv\u011b.<\/p>\n","protected":false},"excerpt":{"rendered":"<p>iMac 27\u201d Mid 2017 5K, 24 GB RAM, 2TB NVMe Flash HD, kl\u00e1vesnice, my\u0161, box, z\u00e1ruka iMac upgradov\u00e1n o \u00fapln\u011b nov\u00fd ultra rychl\u00fd 2TB NVMe Flash SSD Samsung EVO 870 Plus, legend\u00e1rn\u00ed a super spolehliv\u00fd Flash SSD disk d\u00edky kter\u00e9mu se cel\u00fd iMac \u00fa\u017easn\u011b zrychlil, start Macu b\u011bhem 12 sekund. P\u0159enosov\u00e9 rychlosti flash disku viz&#8230;.<\/p>\n","protected":false},"author":0,"featured_media":284762,"comment_status":"closed","ping_status":"closed","sticky":false,"template":"","format":"standard","meta":{"footnotes":""},"categories":[41],"tags":[],"class_list":["post-284761","post","type-post","status-publish","format-standard","has-post-thumbnail","hentry","category-imac"],"yoast_head":"<!-- This site is optimized with the Yoast SEO plugin v27.2 - https:\/\/yoast.com\/product\/yoast-seo-wordpress\/ -->\n<title>iMac 27\u201d Mid 2017 5K, 24 GB RAM, 2TB NVM - Apple bazar<\/title>\n<meta name=\"robots\" content=\"index, follow, max-snippet:-1, max-image-preview:large, max-video-preview:-1\" \/>\n<link rel=\"canonical\" href=\"https:\/\/www.letemsvetemapplem.eu\/bazar\/imac-27-mid-2017-5k-24-gb-ram-2tb-nvm\/\" \/>\n<meta property=\"og:locale\" content=\"cs_CZ\" \/>\n<meta property=\"og:type\" content=\"article\" \/>\n<meta property=\"og:title\" content=\"iMac 27\u201d Mid 2017 5K, 24 GB RAM, 2TB NVM - Apple bazar\" \/>\n<meta property=\"og:description\" content=\"iMac 27\u201d Mid 2017 5K, 24 GB RAM, 2TB NVMe Flash HD, kl\u00e1vesnice, my\u0161, box, z\u00e1ruka iMac upgradov\u00e1n o \u00fapln\u011b nov\u00fd ultra rychl\u00fd 2TB NVMe Flash SSD Samsung EVO 870 Plus, legend\u00e1rn\u00ed a super spolehliv\u00fd Flash SSD disk d\u00edky kter\u00e9mu se cel\u00fd iMac \u00fa\u017easn\u011b zrychlil, start Macu b\u011bhem 12 sekund. P\u0159enosov\u00e9 rychlosti flash disku viz....\" \/>\n<meta property=\"og:url\" content=\"https:\/\/www.letemsvetemapplem.eu\/bazar\/imac-27-mid-2017-5k-24-gb-ram-2tb-nvm\/\" \/>\n<meta property=\"og:site_name\" content=\"Apple bazar\" \/>\n<meta property=\"article:published_time\" content=\"2024-01-06T14:24:27+00:00\" \/>\n<meta property=\"og:image\" content=\"https:\/\/www.letemsvetemapplem.eu\/bazar\/wp-content\/uploads\/2024\/01\/01-scaled.jpg\" \/>\n\t<meta property=\"og:image:width\" content=\"2560\" \/>\n\t<meta property=\"og:image:height\" content=\"1920\" \/>\n\t<meta property=\"og:image:type\" content=\"image\/jpeg\" \/>\n<meta name=\"twitter:card\" content=\"summary_large_image\" \/>\n<script type=\"application\/ld+json\" class=\"yoast-schema-graph\">{\"@context\":\"https:\/\/schema.org\",\"@graph\":[{\"@type\":\"Article\",\"@id\":\"https:\/\/www.letemsvetemapplem.eu\/bazar\/imac-27-mid-2017-5k-24-gb-ram-2tb-nvm\/#article\",\"isPartOf\":{\"@id\":\"https:\/\/www.letemsvetemapplem.eu\/bazar\/imac-27-mid-2017-5k-24-gb-ram-2tb-nvm\/\"},\"author\":{\"name\":\"\",\"@id\":\"\"},\"headline\":\"iMac 27\u201d Mid 2017 5K, 24 GB RAM, 2TB NVM\",\"datePublished\":\"2024-01-06T14:24:27+00:00\",\"mainEntityOfPage\":{\"@id\":\"https:\/\/www.letemsvetemapplem.eu\/bazar\/imac-27-mid-2017-5k-24-gb-ram-2tb-nvm\/\"},\"wordCount\":347,\"image\":{\"@id\":\"https:\/\/www.letemsvetemapplem.eu\/bazar\/imac-27-mid-2017-5k-24-gb-ram-2tb-nvm\/#primaryimage\"},\"thumbnailUrl\":\"https:\/\/www.letemsvetemapplem.eu\/bazar\/wp-content\/uploads\/2024\/01\/01-scaled.jpg\",\"articleSection\":[\"iMac\"],\"inLanguage\":\"cs\"},{\"@type\":\"WebPage\",\"@id\":\"https:\/\/www.letemsvetemapplem.eu\/bazar\/imac-27-mid-2017-5k-24-gb-ram-2tb-nvm\/\",\"url\":\"https:\/\/www.letemsvetemapplem.eu\/bazar\/imac-27-mid-2017-5k-24-gb-ram-2tb-nvm\/\",\"name\":\"iMac 27\u201d Mid 2017 5K, 24 GB RAM, 2TB NVM - Apple bazar\",\"isPartOf\":{\"@id\":\"https:\/\/www.letemsvetemapplem.eu\/bazar\/#website\"},\"primaryImageOfPage\":{\"@id\":\"https:\/\/www.letemsvetemapplem.eu\/bazar\/imac-27-mid-2017-5k-24-gb-ram-2tb-nvm\/#primaryimage\"},\"image\":{\"@id\":\"https:\/\/www.letemsvetemapplem.eu\/bazar\/imac-27-mid-2017-5k-24-gb-ram-2tb-nvm\/#primaryimage\"},\"thumbnailUrl\":\"https:\/\/www.letemsvetemapplem.eu\/bazar\/wp-content\/uploads\/2024\/01\/01-scaled.jpg\",\"datePublished\":\"2024-01-06T14:24:27+00:00\",\"author\":{\"@id\":\"\"},\"breadcrumb\":{\"@id\":\"https:\/\/www.letemsvetemapplem.eu\/bazar\/imac-27-mid-2017-5k-24-gb-ram-2tb-nvm\/#breadcrumb\"},\"inLanguage\":\"cs\",\"potentialAction\":[{\"@type\":\"ReadAction\",\"target\":[\"https:\/\/www.letemsvetemapplem.eu\/bazar\/imac-27-mid-2017-5k-24-gb-ram-2tb-nvm\/\"]}]},{\"@type\":\"ImageObject\",\"inLanguage\":\"cs\",\"@id\":\"https:\/\/www.letemsvetemapplem.eu\/bazar\/imac-27-mid-2017-5k-24-gb-ram-2tb-nvm\/#primaryimage\",\"url\":\"https:\/\/www.letemsvetemapplem.eu\/bazar\/wp-content\/uploads\/2024\/01\/01-scaled.jpg\",\"contentUrl\":\"https:\/\/www.letemsvetemapplem.eu\/bazar\/wp-content\/uploads\/2024\/01\/01-scaled.jpg\",\"width\":2560,\"height\":1920},{\"@type\":\"BreadcrumbList\",\"@id\":\"https:\/\/www.letemsvetemapplem.eu\/bazar\/imac-27-mid-2017-5k-24-gb-ram-2tb-nvm\/#breadcrumb\",\"itemListElement\":[{\"@type\":\"ListItem\",\"position\":1,\"name\":\"Apple Bazar\",\"item\":\"https:\/\/www.letemsvetemapplem.eu\/bazar\/\"},{\"@type\":\"ListItem\",\"position\":2,\"name\":\"iMac 27\u201d Mid 2017 5K, 24 GB RAM, 2TB NVM\"}]},{\"@type\":\"WebSite\",\"@id\":\"https:\/\/www.letemsvetemapplem.eu\/bazar\/#website\",\"url\":\"https:\/\/www.letemsvetemapplem.eu\/bazar\/\",\"name\":\"Apple bazar\",\"description\":\"Oou\u017eit\u00e9 Apple produkty za skv\u011bl\u00e9 ceny\",\"potentialAction\":[{\"@type\":\"SearchAction\",\"target\":{\"@type\":\"EntryPoint\",\"urlTemplate\":\"https:\/\/www.letemsvetemapplem.eu\/bazar\/?s={search_term_string}\"},\"query-input\":{\"@type\":\"PropertyValueSpecification\",\"valueRequired\":true,\"valueName\":\"search_term_string\"}}],\"inLanguage\":\"cs\"}]}<\/script>\n<!-- \/ Yoast SEO plugin. -->","yoast_head_json":{"title":"iMac 27\u201d Mid 2017 5K, 24 GB RAM, 2TB NVM - Apple bazar","robots":{"index":"index","follow":"follow","max-snippet":"max-snippet:-1","max-image-preview":"max-image-preview:large","max-video-preview":"max-video-preview:-1"},"canonical":"https:\/\/www.letemsvetemapplem.eu\/bazar\/imac-27-mid-2017-5k-24-gb-ram-2tb-nvm\/","og_locale":"cs_CZ","og_type":"article","og_title":"iMac 27\u201d Mid 2017 5K, 24 GB RAM, 2TB NVM - Apple bazar","og_description":"iMac 27\u201d Mid 2017 5K, 24 GB RAM, 2TB NVMe Flash HD, kl\u00e1vesnice, my\u0161, box, z\u00e1ruka iMac upgradov\u00e1n o \u00fapln\u011b nov\u00fd ultra rychl\u00fd 2TB NVMe Flash SSD Samsung EVO 870 Plus, legend\u00e1rn\u00ed a super spolehliv\u00fd Flash SSD disk d\u00edky kter\u00e9mu se cel\u00fd iMac \u00fa\u017easn\u011b zrychlil, start Macu b\u011bhem 12 sekund. P\u0159enosov\u00e9 rychlosti flash disku viz....","og_url":"https:\/\/www.letemsvetemapplem.eu\/bazar\/imac-27-mid-2017-5k-24-gb-ram-2tb-nvm\/","og_site_name":"Apple bazar","article_published_time":"2024-01-06T14:24:27+00:00","og_image":[{"width":2560,"height":1920,"url":"https:\/\/www.letemsvetemapplem.eu\/bazar\/wp-content\/uploads\/2024\/01\/01-scaled.jpg","type":"image\/jpeg"}],"twitter_card":"summary_large_image","schema":{"@context":"https:\/\/schema.org","@graph":[{"@type":"Article","@id":"https:\/\/www.letemsvetemapplem.eu\/bazar\/imac-27-mid-2017-5k-24-gb-ram-2tb-nvm\/#article","isPartOf":{"@id":"https:\/\/www.letemsvetemapplem.eu\/bazar\/imac-27-mid-2017-5k-24-gb-ram-2tb-nvm\/"},"author":{"name":"","@id":""},"headline":"iMac 27\u201d Mid 2017 5K, 24 GB RAM, 2TB NVM","datePublished":"2024-01-06T14:24:27+00:00","mainEntityOfPage":{"@id":"https:\/\/www.letemsvetemapplem.eu\/bazar\/imac-27-mid-2017-5k-24-gb-ram-2tb-nvm\/"},"wordCount":347,"image":{"@id":"https:\/\/www.letemsvetemapplem.eu\/bazar\/imac-27-mid-2017-5k-24-gb-ram-2tb-nvm\/#primaryimage"},"thumbnailUrl":"https:\/\/www.letemsvetemapplem.eu\/bazar\/wp-content\/uploads\/2024\/01\/01-scaled.jpg","articleSection":["iMac"],"inLanguage":"cs"},{"@type":"WebPage","@id":"https:\/\/www.letemsvetemapplem.eu\/bazar\/imac-27-mid-2017-5k-24-gb-ram-2tb-nvm\/","url":"https:\/\/www.letemsvetemapplem.eu\/bazar\/imac-27-mid-2017-5k-24-gb-ram-2tb-nvm\/","name":"iMac 27\u201d Mid 2017 5K, 24 GB RAM, 2TB NVM - Apple bazar","isPartOf":{"@id":"https:\/\/www.letemsvetemapplem.eu\/bazar\/#website"},"primaryImageOfPage":{"@id":"https:\/\/www.letemsvetemapplem.eu\/bazar\/imac-27-mid-2017-5k-24-gb-ram-2tb-nvm\/#primaryimage"},"image":{"@id":"https:\/\/www.letemsvetemapplem.eu\/bazar\/imac-27-mid-2017-5k-24-gb-ram-2tb-nvm\/#primaryimage"},"thumbnailUrl":"https:\/\/www.letemsvetemapplem.eu\/bazar\/wp-content\/uploads\/2024\/01\/01-scaled.jpg","datePublished":"2024-01-06T14:24:27+00:00","author":{"@id":""},"breadcrumb":{"@id":"https:\/\/www.letemsvetemapplem.eu\/bazar\/imac-27-mid-2017-5k-24-gb-ram-2tb-nvm\/#breadcrumb"},"inLanguage":"cs","potentialAction":[{"@type":"ReadAction","target":["https:\/\/www.letemsvetemapplem.eu\/bazar\/imac-27-mid-2017-5k-24-gb-ram-2tb-nvm\/"]}]},{"@type":"ImageObject","inLanguage":"cs","@id":"https:\/\/www.letemsvetemapplem.eu\/bazar\/imac-27-mid-2017-5k-24-gb-ram-2tb-nvm\/#primaryimage","url":"https:\/\/www.letemsvetemapplem.eu\/bazar\/wp-content\/uploads\/2024\/01\/01-scaled.jpg","contentUrl":"https:\/\/www.letemsvetemapplem.eu\/bazar\/wp-content\/uploads\/2024\/01\/01-scaled.jpg","width":2560,"height":1920},{"@type":"BreadcrumbList","@id":"https:\/\/www.letemsvetemapplem.eu\/bazar\/imac-27-mid-2017-5k-24-gb-ram-2tb-nvm\/#breadcrumb","itemListElement":[{"@type":"ListItem","position":1,"name":"Apple Bazar","item":"https:\/\/www.letemsvetemapplem.eu\/bazar\/"},{"@type":"ListItem","position":2,"name":"iMac 27\u201d Mid 2017 5K, 24 GB RAM, 2TB NVM"}]},{"@type":"WebSite","@id":"https:\/\/www.letemsvetemapplem.eu\/bazar\/#website","url":"https:\/\/www.letemsvetemapplem.eu\/bazar\/","name":"Apple bazar","description":"Oou\u017eit\u00e9 Apple produkty za skv\u011bl\u00e9 ceny","potentialAction":[{"@type":"SearchAction","target":{"@type":"EntryPoint","urlTemplate":"https:\/\/www.letemsvetemapplem.eu\/bazar\/?s={search_term_string}"},"query-input":{"@type":"PropertyValueSpecification","valueRequired":true,"valueName":"search_term_string"}}],"inLanguage":"cs"}]}},"_links":{"self":[{"href":"https:\/\/www.letemsvetemapplem.eu\/bazar\/wp-json\/wp\/v2\/posts\/284761","targetHints":{"allow":["GET"]}}],"collection":[{"href":"https:\/\/www.letemsvetemapplem.eu\/bazar\/wp-json\/wp\/v2\/posts"}],"about":[{"href":"https:\/\/www.letemsvetemapplem.eu\/bazar\/wp-json\/wp\/v2\/types\/post"}],"replies":[{"embeddable":true,"href":"https:\/\/www.letemsvetemapplem.eu\/bazar\/wp-json\/wp\/v2\/comments?post=284761"}],"version-history":[{"count":1,"href":"https:\/\/www.letemsvetemapplem.eu\/bazar\/wp-json\/wp\/v2\/posts\/284761\/revisions"}],"predecessor-version":[{"id":284769,"href":"https:\/\/www.letemsvetemapplem.eu\/bazar\/wp-json\/wp\/v2\/posts\/284761\/revisions\/284769"}],"wp:featuredmedia":[{"embeddable":true,"href":"https:\/\/www.letemsvetemapplem.eu\/bazar\/wp-json\/wp\/v2\/media\/284762"}],"wp:attachment":[{"href":"https:\/\/www.letemsvetemapplem.eu\/bazar\/wp-json\/wp\/v2\/media?parent=284761"}],"wp:term":[{"taxonomy":"category","embeddable":true,"href":"https:\/\/www.letemsvetemapplem.eu\/bazar\/wp-json\/wp\/v2\/categories?post=284761"},{"taxonomy":"post_tag","embeddable":true,"href":"https:\/\/www.letemsvetemapplem.eu\/bazar\/wp-json\/wp\/v2\/tags?post=284761"}],"curies":[{"name":"wp","href":"https:\/\/api.w.org\/{rel}","templated":true}]}}