{"id":284725,"date":"2024-01-05T18:05:13","date_gmt":"2024-01-05T17:05:13","guid":{"rendered":"https:\/\/www.letemsvetemapplem.eu\/bazar\/?p=284725"},"modified":"2024-01-05T18:05:13","modified_gmt":"2024-01-05T17:05:13","slug":"apple-imac-24-2","status":"publish","type":"post","link":"https:\/\/www.letemsvetemapplem.eu\/bazar\/apple-imac-24-2\/","title":{"rendered":"APPLE iMAC 24"},"content":{"rendered":"<p>Dobry den<\/p>\n<p>Rad bych prodal sv\u016fj iMac 24 \u017eluto\/zlat\u00fd<br \/>\nDisplej: 4,5K retina displej<br \/>\n\u010cip : M1, 8G CPU, 8G GPU<br \/>\nRam: za p\u0159\u00edplatek m\u00edsto standardn\u00edch 8GB ma 16GB<br \/>\nPam\u011b\u0165: 256GB<br \/>\n+ Magic Mouse a Magic Keyboard s Touch ID<br \/>\n+ Prechodka na klasick\u00e9 USB (APPLE)<br \/>\n+ \u010cte\u010dka pam\u011b\u0165ov\u00fdch karet (APPLE)<br \/>\niMac je 2 roky star\u00fd kupovany v iSTYLE 12\/2021<br \/>\nPocitac jsem v\u016fbec nepou\u017e\u00edval parkrat jsem ho zapnul abych provedl aktualizace a ob\u010das na prohl\u00e9dnut\u00ed fotek. Zapnut\u00fd byl tak 10x a nikdy dyl ne\u017e 1hod. A za posledn\u00ed rok jsem ho zapnul 3x<br \/>\nA to je i d\u016fvod pro\u010d ho prodavam. V\u016fbec ho nevyuzivam a mysl\u00edm si ze by si ho zaslou\u017eil n\u011bkdo kdo ho vyu\u017eije ne\u017e aby se mi v\u00e1lel doma.<br \/>\nOrigin\u00e1ln\u00ed neposkozene balen\u00ed k PC st\u00e1le m\u00e1m<br \/>\nPocitac je jako nov\u00fd\/nepouzivany<\/p>\n<p>Na cen\u011b je mo\u017en\u00e9 se domluvit<br \/>\nPokud mate zajem piste na \u010d\u00edslo 775335840<\/p>\n","protected":false},"excerpt":{"rendered":"<p>Dobry den Rad bych prodal sv\u016fj iMac 24 \u017eluto\/zlat\u00fd Displej: 4,5K retina displej \u010cip : M1, 8G CPU, 8G GPU Ram: za p\u0159\u00edplatek m\u00edsto standardn\u00edch 8GB ma 16GB Pam\u011b\u0165: 256GB + Magic Mouse a Magic Keyboard s Touch ID + Prechodka na klasick\u00e9 USB (APPLE) + \u010cte\u010dka pam\u011b\u0165ov\u00fdch karet (APPLE) iMac je 2 roky star\u00fd&#8230;<\/p>\n","protected":false},"author":0,"featured_media":284726,"comment_status":"closed","ping_status":"closed","sticky":false,"template":"","format":"standard","meta":{"footnotes":""},"categories":[41],"tags":[],"class_list":["post-284725","post","type-post","status-publish","format-standard","has-post-thumbnail","hentry","category-imac"],"yoast_head":"<!-- This site is optimized with the Yoast SEO plugin v27.2 - https:\/\/yoast.com\/product\/yoast-seo-wordpress\/ -->\n<title>APPLE iMAC 24 - Apple bazar<\/title>\n<meta name=\"robots\" content=\"index, follow, max-snippet:-1, max-image-preview:large, max-video-preview:-1\" \/>\n<link rel=\"canonical\" href=\"https:\/\/www.letemsvetemapplem.eu\/bazar\/apple-imac-24-2\/\" \/>\n<meta property=\"og:locale\" content=\"cs_CZ\" \/>\n<meta property=\"og:type\" content=\"article\" \/>\n<meta property=\"og:title\" content=\"APPLE iMAC 24 - Apple bazar\" \/>\n<meta property=\"og:description\" content=\"Dobry den Rad bych prodal sv\u016fj iMac 24 \u017eluto\/zlat\u00fd Displej: 4,5K retina displej \u010cip : M1, 8G CPU, 8G GPU Ram: za p\u0159\u00edplatek m\u00edsto standardn\u00edch 8GB ma 16GB Pam\u011b\u0165: 256GB + Magic Mouse a Magic Keyboard s Touch ID + Prechodka na klasick\u00e9 USB (APPLE) + \u010cte\u010dka pam\u011b\u0165ov\u00fdch karet (APPLE) iMac je 2 roky star\u00fd...\" \/>\n<meta property=\"og:url\" content=\"https:\/\/www.letemsvetemapplem.eu\/bazar\/apple-imac-24-2\/\" \/>\n<meta property=\"og:site_name\" content=\"Apple bazar\" \/>\n<meta property=\"article:published_time\" content=\"2024-01-05T17:05:13+00:00\" \/>\n<meta property=\"og:image\" content=\"https:\/\/www.letemsvetemapplem.eu\/bazar\/wp-content\/uploads\/2024\/01\/IMG_1606-scaled.jpeg\" \/>\n\t<meta property=\"og:image:width\" content=\"2560\" \/>\n\t<meta property=\"og:image:height\" content=\"1920\" \/>\n\t<meta property=\"og:image:type\" content=\"image\/jpeg\" \/>\n<meta name=\"twitter:card\" content=\"summary_large_image\" \/>\n<script type=\"application\/ld+json\" class=\"yoast-schema-graph\">{\"@context\":\"https:\/\/schema.org\",\"@graph\":[{\"@type\":\"Article\",\"@id\":\"https:\/\/www.letemsvetemapplem.eu\/bazar\/apple-imac-24-2\/#article\",\"isPartOf\":{\"@id\":\"https:\/\/www.letemsvetemapplem.eu\/bazar\/apple-imac-24-2\/\"},\"author\":{\"name\":\"\",\"@id\":\"\"},\"headline\":\"APPLE iMAC 24\",\"datePublished\":\"2024-01-05T17:05:13+00:00\",\"mainEntityOfPage\":{\"@id\":\"https:\/\/www.letemsvetemapplem.eu\/bazar\/apple-imac-24-2\/\"},\"wordCount\":163,\"image\":{\"@id\":\"https:\/\/www.letemsvetemapplem.eu\/bazar\/apple-imac-24-2\/#primaryimage\"},\"thumbnailUrl\":\"https:\/\/www.letemsvetemapplem.eu\/bazar\/wp-content\/uploads\/2024\/01\/IMG_1606-scaled.jpeg\",\"articleSection\":[\"iMac\"],\"inLanguage\":\"cs\"},{\"@type\":\"WebPage\",\"@id\":\"https:\/\/www.letemsvetemapplem.eu\/bazar\/apple-imac-24-2\/\",\"url\":\"https:\/\/www.letemsvetemapplem.eu\/bazar\/apple-imac-24-2\/\",\"name\":\"APPLE iMAC 24 - Apple bazar\",\"isPartOf\":{\"@id\":\"https:\/\/www.letemsvetemapplem.eu\/bazar\/#website\"},\"primaryImageOfPage\":{\"@id\":\"https:\/\/www.letemsvetemapplem.eu\/bazar\/apple-imac-24-2\/#primaryimage\"},\"image\":{\"@id\":\"https:\/\/www.letemsvetemapplem.eu\/bazar\/apple-imac-24-2\/#primaryimage\"},\"thumbnailUrl\":\"https:\/\/www.letemsvetemapplem.eu\/bazar\/wp-content\/uploads\/2024\/01\/IMG_1606-scaled.jpeg\",\"datePublished\":\"2024-01-05T17:05:13+00:00\",\"author\":{\"@id\":\"\"},\"breadcrumb\":{\"@id\":\"https:\/\/www.letemsvetemapplem.eu\/bazar\/apple-imac-24-2\/#breadcrumb\"},\"inLanguage\":\"cs\",\"potentialAction\":[{\"@type\":\"ReadAction\",\"target\":[\"https:\/\/www.letemsvetemapplem.eu\/bazar\/apple-imac-24-2\/\"]}]},{\"@type\":\"ImageObject\",\"inLanguage\":\"cs\",\"@id\":\"https:\/\/www.letemsvetemapplem.eu\/bazar\/apple-imac-24-2\/#primaryimage\",\"url\":\"https:\/\/www.letemsvetemapplem.eu\/bazar\/wp-content\/uploads\/2024\/01\/IMG_1606-scaled.jpeg\",\"contentUrl\":\"https:\/\/www.letemsvetemapplem.eu\/bazar\/wp-content\/uploads\/2024\/01\/IMG_1606-scaled.jpeg\",\"width\":2560,\"height\":1920},{\"@type\":\"BreadcrumbList\",\"@id\":\"https:\/\/www.letemsvetemapplem.eu\/bazar\/apple-imac-24-2\/#breadcrumb\",\"itemListElement\":[{\"@type\":\"ListItem\",\"position\":1,\"name\":\"Apple Bazar\",\"item\":\"https:\/\/www.letemsvetemapplem.eu\/bazar\/\"},{\"@type\":\"ListItem\",\"position\":2,\"name\":\"APPLE iMAC 24\"}]},{\"@type\":\"WebSite\",\"@id\":\"https:\/\/www.letemsvetemapplem.eu\/bazar\/#website\",\"url\":\"https:\/\/www.letemsvetemapplem.eu\/bazar\/\",\"name\":\"Apple bazar\",\"description\":\"Oou\u017eit\u00e9 Apple produkty za skv\u011bl\u00e9 ceny\",\"potentialAction\":[{\"@type\":\"SearchAction\",\"target\":{\"@type\":\"EntryPoint\",\"urlTemplate\":\"https:\/\/www.letemsvetemapplem.eu\/bazar\/?s={search_term_string}\"},\"query-input\":{\"@type\":\"PropertyValueSpecification\",\"valueRequired\":true,\"valueName\":\"search_term_string\"}}],\"inLanguage\":\"cs\"}]}<\/script>\n<!-- \/ Yoast SEO plugin. -->","yoast_head_json":{"title":"APPLE iMAC 24 - Apple bazar","robots":{"index":"index","follow":"follow","max-snippet":"max-snippet:-1","max-image-preview":"max-image-preview:large","max-video-preview":"max-video-preview:-1"},"canonical":"https:\/\/www.letemsvetemapplem.eu\/bazar\/apple-imac-24-2\/","og_locale":"cs_CZ","og_type":"article","og_title":"APPLE iMAC 24 - Apple bazar","og_description":"Dobry den Rad bych prodal sv\u016fj iMac 24 \u017eluto\/zlat\u00fd Displej: 4,5K retina displej \u010cip : M1, 8G CPU, 8G GPU Ram: za p\u0159\u00edplatek m\u00edsto standardn\u00edch 8GB ma 16GB Pam\u011b\u0165: 256GB + Magic Mouse a Magic Keyboard s Touch ID + Prechodka na klasick\u00e9 USB (APPLE) + \u010cte\u010dka pam\u011b\u0165ov\u00fdch karet (APPLE) iMac je 2 roky star\u00fd...","og_url":"https:\/\/www.letemsvetemapplem.eu\/bazar\/apple-imac-24-2\/","og_site_name":"Apple bazar","article_published_time":"2024-01-05T17:05:13+00:00","og_image":[{"width":2560,"height":1920,"url":"https:\/\/www.letemsvetemapplem.eu\/bazar\/wp-content\/uploads\/2024\/01\/IMG_1606-scaled.jpeg","type":"image\/jpeg"}],"twitter_card":"summary_large_image","schema":{"@context":"https:\/\/schema.org","@graph":[{"@type":"Article","@id":"https:\/\/www.letemsvetemapplem.eu\/bazar\/apple-imac-24-2\/#article","isPartOf":{"@id":"https:\/\/www.letemsvetemapplem.eu\/bazar\/apple-imac-24-2\/"},"author":{"name":"","@id":""},"headline":"APPLE iMAC 24","datePublished":"2024-01-05T17:05:13+00:00","mainEntityOfPage":{"@id":"https:\/\/www.letemsvetemapplem.eu\/bazar\/apple-imac-24-2\/"},"wordCount":163,"image":{"@id":"https:\/\/www.letemsvetemapplem.eu\/bazar\/apple-imac-24-2\/#primaryimage"},"thumbnailUrl":"https:\/\/www.letemsvetemapplem.eu\/bazar\/wp-content\/uploads\/2024\/01\/IMG_1606-scaled.jpeg","articleSection":["iMac"],"inLanguage":"cs"},{"@type":"WebPage","@id":"https:\/\/www.letemsvetemapplem.eu\/bazar\/apple-imac-24-2\/","url":"https:\/\/www.letemsvetemapplem.eu\/bazar\/apple-imac-24-2\/","name":"APPLE iMAC 24 - Apple bazar","isPartOf":{"@id":"https:\/\/www.letemsvetemapplem.eu\/bazar\/#website"},"primaryImageOfPage":{"@id":"https:\/\/www.letemsvetemapplem.eu\/bazar\/apple-imac-24-2\/#primaryimage"},"image":{"@id":"https:\/\/www.letemsvetemapplem.eu\/bazar\/apple-imac-24-2\/#primaryimage"},"thumbnailUrl":"https:\/\/www.letemsvetemapplem.eu\/bazar\/wp-content\/uploads\/2024\/01\/IMG_1606-scaled.jpeg","datePublished":"2024-01-05T17:05:13+00:00","author":{"@id":""},"breadcrumb":{"@id":"https:\/\/www.letemsvetemapplem.eu\/bazar\/apple-imac-24-2\/#breadcrumb"},"inLanguage":"cs","potentialAction":[{"@type":"ReadAction","target":["https:\/\/www.letemsvetemapplem.eu\/bazar\/apple-imac-24-2\/"]}]},{"@type":"ImageObject","inLanguage":"cs","@id":"https:\/\/www.letemsvetemapplem.eu\/bazar\/apple-imac-24-2\/#primaryimage","url":"https:\/\/www.letemsvetemapplem.eu\/bazar\/wp-content\/uploads\/2024\/01\/IMG_1606-scaled.jpeg","contentUrl":"https:\/\/www.letemsvetemapplem.eu\/bazar\/wp-content\/uploads\/2024\/01\/IMG_1606-scaled.jpeg","width":2560,"height":1920},{"@type":"BreadcrumbList","@id":"https:\/\/www.letemsvetemapplem.eu\/bazar\/apple-imac-24-2\/#breadcrumb","itemListElement":[{"@type":"ListItem","position":1,"name":"Apple Bazar","item":"https:\/\/www.letemsvetemapplem.eu\/bazar\/"},{"@type":"ListItem","position":2,"name":"APPLE iMAC 24"}]},{"@type":"WebSite","@id":"https:\/\/www.letemsvetemapplem.eu\/bazar\/#website","url":"https:\/\/www.letemsvetemapplem.eu\/bazar\/","name":"Apple bazar","description":"Oou\u017eit\u00e9 Apple produkty za skv\u011bl\u00e9 ceny","potentialAction":[{"@type":"SearchAction","target":{"@type":"EntryPoint","urlTemplate":"https:\/\/www.letemsvetemapplem.eu\/bazar\/?s={search_term_string}"},"query-input":{"@type":"PropertyValueSpecification","valueRequired":true,"valueName":"search_term_string"}}],"inLanguage":"cs"}]}},"_links":{"self":[{"href":"https:\/\/www.letemsvetemapplem.eu\/bazar\/wp-json\/wp\/v2\/posts\/284725","targetHints":{"allow":["GET"]}}],"collection":[{"href":"https:\/\/www.letemsvetemapplem.eu\/bazar\/wp-json\/wp\/v2\/posts"}],"about":[{"href":"https:\/\/www.letemsvetemapplem.eu\/bazar\/wp-json\/wp\/v2\/types\/post"}],"replies":[{"embeddable":true,"href":"https:\/\/www.letemsvetemapplem.eu\/bazar\/wp-json\/wp\/v2\/comments?post=284725"}],"version-history":[{"count":1,"href":"https:\/\/www.letemsvetemapplem.eu\/bazar\/wp-json\/wp\/v2\/posts\/284725\/revisions"}],"predecessor-version":[{"id":284729,"href":"https:\/\/www.letemsvetemapplem.eu\/bazar\/wp-json\/wp\/v2\/posts\/284725\/revisions\/284729"}],"wp:featuredmedia":[{"embeddable":true,"href":"https:\/\/www.letemsvetemapplem.eu\/bazar\/wp-json\/wp\/v2\/media\/284726"}],"wp:attachment":[{"href":"https:\/\/www.letemsvetemapplem.eu\/bazar\/wp-json\/wp\/v2\/media?parent=284725"}],"wp:term":[{"taxonomy":"category","embeddable":true,"href":"https:\/\/www.letemsvetemapplem.eu\/bazar\/wp-json\/wp\/v2\/categories?post=284725"},{"taxonomy":"post_tag","embeddable":true,"href":"https:\/\/www.letemsvetemapplem.eu\/bazar\/wp-json\/wp\/v2\/tags?post=284725"}],"curies":[{"name":"wp","href":"https:\/\/api.w.org\/{rel}","templated":true}]}}