{"id":284495,"date":"2024-01-01T15:15:50","date_gmt":"2024-01-01T14:15:50","guid":{"rendered":"https:\/\/www.letemsvetemapplem.eu\/bazar\/?p=284495"},"modified":"2024-01-01T15:15:50","modified_gmt":"2024-01-01T14:15:50","slug":"apple-imac-27-2013-cto","status":"publish","type":"post","link":"https:\/\/www.letemsvetemapplem.eu\/bazar\/apple-imac-27-2013-cto\/","title":{"rendered":"Apple iMac 27&quot; 2013 CTO+"},"content":{"rendered":"<p>Dobr\u00fd den,<\/p>\n<p>nab\u00edz\u00edm Apple iMac Late 2013 (A1419) v maxim\u00e1ln\u00ed mo\u017en\u00e9 konfiguraci &quot;PLUS&quot;.<\/p>\n<p>Pro\u010d &quot;PLUS&quot;? V pln\u00e9 origin\u00e1ln\u00ed konfiguraci byl tento model nab\u00edzen maxim\u00e1ln\u011b s Fusion Drive 3TB, co\u017e znamen\u00e1, \u017ee se hybridn\u011b pou\u017e\u00edv\u00e1 128 GB Apple SSD disk (obdoba NVMe, jen s origin\u00e1ln\u00ed Apple patic\u00ed pro rychl\u00e9 operace) + 3TB HDD (v m\u00e9m p\u0159\u00edpad\u011b Seagate Barracuda ST 30000DM001 viz foto). HDD ode\u0161el do v\u011b\u010dn\u00fdch lovi\u0161\u0165, tak byl nahrazen HDD 4TB (Seagate Iron Wolf NAS ST 4000NE001 viz foto). Jeliko\u017e m\u00e1 origin\u00e1ln\u00ed HDD sv\u016fj firmware, kter\u00fd \u0159\u00edd\u00ed teplotu, tak je nutn\u00e9 p\u0159idat teplotn\u00ed senzor, kter\u00fd je nyn\u00ed v tomto po\u010d\u00edta\u010di od firmy OWC (op\u011bt viz foto), co\u017e je \u0161pi\u010dka na trhu v tomto odv\u011btv\u00ed. Bez tohoto senzoru se spust\u00ed chlad\u00edc\u00ed v\u011btr\u00e1k konstantn\u011b na pln\u00fd v\u00fdkon. Dal\u0161\u00ed parametry tohoto po\u010d\u00edta\u010de jsou procesor Core i7, 3,5GHz (4771) (&quot;Haswell&quot;) s funkc\u00ed boost na 3,9 GHz, 32 GB RAM DDR3 (v tomto iMacu kombinace Kingston a Crucial viz foto), Grafick\u00e1 karta GeForce GTX 780M, 3,4 GHz, GDDR5, 4GB. Po\u010d\u00edta\u010d je kompletn\u011b vy\u010di\u0161t\u011bn viz foto a byly p\u0159epastov\u00e1ny v\u0161echny teplovodiv\u00e9 komponenty.<\/p>\n<p>K po\u010d\u00edta\u010di je z\u00e1novn\u00ed origin\u00e1ln\u00ed Apple \u010desk\u00e1 USB kl\u00e1vesnice a origin\u00e1ln\u00ed Apple my\u0161 model 1, oboj\u00ed viz. foto a video na odkazu. Na my\u0161i jsou zjevn\u00e9 estetick\u00e9 zn\u00e1mky pou\u017e\u00edv\u00e1n\u00ed, ale projevuje se to jen pod ur\u010dit\u00fdmi \u00fahly pohledu a nasv\u011btlen\u00ed, nicm\u00e9n\u011b na funk\u010dnost to nem\u00e1 jak\u00fdkoliv vliv.<\/p>\n<p>Jedin\u00e1, a\u010d v podstat\u011b funk\u010dn\u011b nepodstatn\u00e1, z\u00e1vada na iMacu je ulomen\u00e1 \u010d\u00e1st konektoru u nap\u00e1jec\u00edho modulu viz. foto. Toto by nijak nem\u011blo omezit b\u011b\u017enou funk\u010dnost, pokud by nedo\u0161lo k opravdu extr\u00e9mn\u00edm fyzick\u00fdm podm\u00ednk\u00e1m, nap\u0159. p\u00e1du ze stolu, zem\u011bt\u0159esen\u00ed apod., kdy by mohl konektor &quot;vysko\u010dit&quot;, ale i tak bude sta\u010dit pot\u00e9 jen konektor zasunout zp\u011bt a v\u0161e bude fungovat nad\u00e1le. Pravd\u011bpodobnost, \u017ee by k tomuto do\u0161lo je opravdu minim\u00e1ln\u00ed, jeliko\u017e je konektor i tak velmi pevn\u011b uchycen, jen chci b\u00fdt absolutn\u011b transparentn\u00ed ohledn\u011b stavu p\u0159\u00edstroje. Pou\u017e\u00edval jsem takto tento iMac v podstat\u011b denn\u011b p\u00e1r let a absolutn\u011b bez probl\u00e9mu, zjistil jsem to a\u017e z d\u016fvodu v\u00fdm\u011bny HDD.<\/p>\n<p>Po p\u0159edchoz\u00ed, slu\u0161n\u00e9 a inteligentn\u00ed domluv\u011b jsem ochoten iMac dov\u00e9zt do okruhu 25-30 km a p\u0159\u00edpadn\u011b zprovoznit. Jen po\u017eaduji, aby doty\u010dn\u00fd ji\u017e vlastnil nebo si p\u0159edem vytvo\u0159il sv\u00e9 Apple ID. Pokud ho bude pot\u0159eba na m\u00edst\u011b vytvo\u0159it, po\u017eaduji n\u011bjak\u00fd kompenza\u010dn\u00ed smluvn\u00ed poplatek, to se t\u00fdk\u00e1 i dovozu nad zm\u00edn\u011bn\u00e9 kilometry.<\/p>\n<p>Pokud bude pot\u0159eba iMac zaslat, bude odesl\u00e1n v origin\u00e1ln\u00ed krabici + p\u0159ebalem z kartonu p\u0159esn\u011b na m\u00edru. Tady preferuji kur\u00fdra a nutnou platbu za dopravu p\u0159edem a zbytek na dob\u00edrku. Dal\u0161\u00ed mo\u017enosti p\u0159epravy jsou na domluv\u011b. Je samoz\u0159ejm\u011b mo\u017en\u00e1 i celkov\u00e1 platba p\u0159edem, ale naprosto respektuji, \u017ee p\u0159i t\u00e9to sum\u011b to n\u011bkdo nebude cht\u00edt uskute\u010dnit a pln\u011b to respektuji.<\/p>\n<p>Pln\u00e1 fotodokumentace a videa zde: https:\/\/www.airbe.es\/imac-1, p\u0159\u00edpadn\u011b za\u0161lu odkaz, pokud by ho n\u011bjak\u00fd inzertn\u00ed server zam\u00edtnul a nebyl vid\u011bt, sta\u010d\u00ed se ozvat. <\/p>\n<p>P\u0159i slu\u0161n\u00e9m, rychl\u00e9m a inteligentn\u00edm jedn\u00e1n\u00ed mo\u017en\u00e1 sleva. Sleva lze domluvit i p\u0159i osobn\u00edm p\u0159ed\u00e1n\u00ed, kdy je samoz\u0159ejm\u011b mo\u017eno iMac uk\u00e1zat, p\u0159\u00edpadn\u011b z\u00e1kladn\u011b nastavit. V p\u0159\u00edpad\u011b, \u017ee se dohodneme na osobn\u00edm p\u0159ed\u00e1n\u00ed, budete vpu\u0161t\u011bni pouze Vy a p\u0159edt\u00edm po\u017eaduji, aby jsme se na tomto !telefonicky! domluvili a pot\u00e9 tato domluva byla p\u0159es e-mail potvrzena.<\/p>\n<p>Nab\u00eddka plat\u00ed do smaz\u00e1n\u00ed nebo ozna\u010den\u00ed inzer\u00e1tu za prodan\u00e9.<\/p>\n<p>Na e-mail odpov\u00edm max. do 12 hod., volejte pros\u00edm a\u017e odpoledne. Pokud se nedovol\u00e1te a neozvu se do p\u00e1r hodin, zanechte mi pros\u00edm vzkaz na sms.<\/p>\n<p>D\u011bkuji za p\u0159\u00edpadn\u00fd z\u00e1jem a p\u0159eji hezk\u00fd den.<\/p>\n","protected":false},"excerpt":{"rendered":"<p>Dobr\u00fd den, nab\u00edz\u00edm Apple iMac Late 2013 (A1419) v maxim\u00e1ln\u00ed mo\u017en\u00e9 konfiguraci &quot;PLUS&quot;. Pro\u010d &quot;PLUS&quot;? V pln\u00e9 origin\u00e1ln\u00ed konfiguraci byl tento model nab\u00edzen maxim\u00e1ln\u011b s Fusion Drive 3TB, co\u017e znamen\u00e1, \u017ee se hybridn\u011b pou\u017e\u00edv\u00e1 128 GB Apple SSD disk (obdoba NVMe, jen s origin\u00e1ln\u00ed Apple patic\u00ed pro rychl\u00e9 operace) + 3TB HDD (v m\u00e9m p\u0159\u00edpad\u011b&#8230;<\/p>\n","protected":false},"author":0,"featured_media":284496,"comment_status":"closed","ping_status":"closed","sticky":false,"template":"","format":"standard","meta":{"footnotes":""},"categories":[41],"tags":[],"class_list":["post-284495","post","type-post","status-publish","format-standard","has-post-thumbnail","hentry","category-imac"],"yoast_head":"<!-- This site is optimized with the Yoast SEO plugin v27.2 - https:\/\/yoast.com\/product\/yoast-seo-wordpress\/ -->\n<title>Apple iMac 27&quot; 2013 CTO+ - Apple bazar<\/title>\n<meta name=\"robots\" content=\"index, follow, max-snippet:-1, max-image-preview:large, max-video-preview:-1\" \/>\n<link rel=\"canonical\" href=\"https:\/\/www.letemsvetemapplem.eu\/bazar\/apple-imac-27-2013-cto\/\" \/>\n<meta property=\"og:locale\" content=\"cs_CZ\" \/>\n<meta property=\"og:type\" content=\"article\" \/>\n<meta property=\"og:title\" content=\"Apple iMac 27&quot; 2013 CTO+ - Apple bazar\" \/>\n<meta property=\"og:description\" content=\"Dobr\u00fd den, nab\u00edz\u00edm Apple iMac Late 2013 (A1419) v maxim\u00e1ln\u00ed mo\u017en\u00e9 konfiguraci &quot;PLUS&quot;. Pro\u010d &quot;PLUS&quot;? V pln\u00e9 origin\u00e1ln\u00ed konfiguraci byl tento model nab\u00edzen maxim\u00e1ln\u011b s Fusion Drive 3TB, co\u017e znamen\u00e1, \u017ee se hybridn\u011b pou\u017e\u00edv\u00e1 128 GB Apple SSD disk (obdoba NVMe, jen s origin\u00e1ln\u00ed Apple patic\u00ed pro rychl\u00e9 operace) + 3TB HDD (v m\u00e9m p\u0159\u00edpad\u011b...\" \/>\n<meta property=\"og:url\" content=\"https:\/\/www.letemsvetemapplem.eu\/bazar\/apple-imac-27-2013-cto\/\" \/>\n<meta property=\"og:site_name\" content=\"Apple bazar\" \/>\n<meta property=\"article:published_time\" content=\"2024-01-01T14:15:50+00:00\" \/>\n<meta property=\"og:image\" content=\"https:\/\/www.letemsvetemapplem.eu\/bazar\/wp-content\/uploads\/2024\/01\/IMG_5916-scaled.jpeg\" \/>\n\t<meta property=\"og:image:width\" content=\"2560\" \/>\n\t<meta property=\"og:image:height\" content=\"1920\" \/>\n\t<meta property=\"og:image:type\" content=\"image\/jpeg\" \/>\n<meta name=\"twitter:card\" content=\"summary_large_image\" \/>\n<script type=\"application\/ld+json\" class=\"yoast-schema-graph\">{\"@context\":\"https:\/\/schema.org\",\"@graph\":[{\"@type\":\"Article\",\"@id\":\"https:\/\/www.letemsvetemapplem.eu\/bazar\/apple-imac-27-2013-cto\/#article\",\"isPartOf\":{\"@id\":\"https:\/\/www.letemsvetemapplem.eu\/bazar\/apple-imac-27-2013-cto\/\"},\"author\":{\"name\":\"\",\"@id\":\"\"},\"headline\":\"Apple iMac 27&quot; 2013 CTO+\",\"datePublished\":\"2024-01-01T14:15:50+00:00\",\"mainEntityOfPage\":{\"@id\":\"https:\/\/www.letemsvetemapplem.eu\/bazar\/apple-imac-27-2013-cto\/\"},\"wordCount\":726,\"image\":{\"@id\":\"https:\/\/www.letemsvetemapplem.eu\/bazar\/apple-imac-27-2013-cto\/#primaryimage\"},\"thumbnailUrl\":\"https:\/\/www.letemsvetemapplem.eu\/bazar\/wp-content\/uploads\/2024\/01\/IMG_5916-scaled.jpeg\",\"articleSection\":[\"iMac\"],\"inLanguage\":\"cs\"},{\"@type\":\"WebPage\",\"@id\":\"https:\/\/www.letemsvetemapplem.eu\/bazar\/apple-imac-27-2013-cto\/\",\"url\":\"https:\/\/www.letemsvetemapplem.eu\/bazar\/apple-imac-27-2013-cto\/\",\"name\":\"Apple iMac 27&quot; 2013 CTO+ - Apple bazar\",\"isPartOf\":{\"@id\":\"https:\/\/www.letemsvetemapplem.eu\/bazar\/#website\"},\"primaryImageOfPage\":{\"@id\":\"https:\/\/www.letemsvetemapplem.eu\/bazar\/apple-imac-27-2013-cto\/#primaryimage\"},\"image\":{\"@id\":\"https:\/\/www.letemsvetemapplem.eu\/bazar\/apple-imac-27-2013-cto\/#primaryimage\"},\"thumbnailUrl\":\"https:\/\/www.letemsvetemapplem.eu\/bazar\/wp-content\/uploads\/2024\/01\/IMG_5916-scaled.jpeg\",\"datePublished\":\"2024-01-01T14:15:50+00:00\",\"author\":{\"@id\":\"\"},\"breadcrumb\":{\"@id\":\"https:\/\/www.letemsvetemapplem.eu\/bazar\/apple-imac-27-2013-cto\/#breadcrumb\"},\"inLanguage\":\"cs\",\"potentialAction\":[{\"@type\":\"ReadAction\",\"target\":[\"https:\/\/www.letemsvetemapplem.eu\/bazar\/apple-imac-27-2013-cto\/\"]}]},{\"@type\":\"ImageObject\",\"inLanguage\":\"cs\",\"@id\":\"https:\/\/www.letemsvetemapplem.eu\/bazar\/apple-imac-27-2013-cto\/#primaryimage\",\"url\":\"https:\/\/www.letemsvetemapplem.eu\/bazar\/wp-content\/uploads\/2024\/01\/IMG_5916-scaled.jpeg\",\"contentUrl\":\"https:\/\/www.letemsvetemapplem.eu\/bazar\/wp-content\/uploads\/2024\/01\/IMG_5916-scaled.jpeg\",\"width\":2560,\"height\":1920},{\"@type\":\"BreadcrumbList\",\"@id\":\"https:\/\/www.letemsvetemapplem.eu\/bazar\/apple-imac-27-2013-cto\/#breadcrumb\",\"itemListElement\":[{\"@type\":\"ListItem\",\"position\":1,\"name\":\"Apple Bazar\",\"item\":\"https:\/\/www.letemsvetemapplem.eu\/bazar\/\"},{\"@type\":\"ListItem\",\"position\":2,\"name\":\"Apple iMac 27&quot; 2013 CTO+\"}]},{\"@type\":\"WebSite\",\"@id\":\"https:\/\/www.letemsvetemapplem.eu\/bazar\/#website\",\"url\":\"https:\/\/www.letemsvetemapplem.eu\/bazar\/\",\"name\":\"Apple bazar\",\"description\":\"Oou\u017eit\u00e9 Apple produkty za skv\u011bl\u00e9 ceny\",\"potentialAction\":[{\"@type\":\"SearchAction\",\"target\":{\"@type\":\"EntryPoint\",\"urlTemplate\":\"https:\/\/www.letemsvetemapplem.eu\/bazar\/?s={search_term_string}\"},\"query-input\":{\"@type\":\"PropertyValueSpecification\",\"valueRequired\":true,\"valueName\":\"search_term_string\"}}],\"inLanguage\":\"cs\"}]}<\/script>\n<!-- \/ Yoast SEO plugin. -->","yoast_head_json":{"title":"Apple iMac 27&quot; 2013 CTO+ - Apple bazar","robots":{"index":"index","follow":"follow","max-snippet":"max-snippet:-1","max-image-preview":"max-image-preview:large","max-video-preview":"max-video-preview:-1"},"canonical":"https:\/\/www.letemsvetemapplem.eu\/bazar\/apple-imac-27-2013-cto\/","og_locale":"cs_CZ","og_type":"article","og_title":"Apple iMac 27&quot; 2013 CTO+ - Apple bazar","og_description":"Dobr\u00fd den, nab\u00edz\u00edm Apple iMac Late 2013 (A1419) v maxim\u00e1ln\u00ed mo\u017en\u00e9 konfiguraci &quot;PLUS&quot;. Pro\u010d &quot;PLUS&quot;? V pln\u00e9 origin\u00e1ln\u00ed konfiguraci byl tento model nab\u00edzen maxim\u00e1ln\u011b s Fusion Drive 3TB, co\u017e znamen\u00e1, \u017ee se hybridn\u011b pou\u017e\u00edv\u00e1 128 GB Apple SSD disk (obdoba NVMe, jen s origin\u00e1ln\u00ed Apple patic\u00ed pro rychl\u00e9 operace) + 3TB HDD (v m\u00e9m p\u0159\u00edpad\u011b...","og_url":"https:\/\/www.letemsvetemapplem.eu\/bazar\/apple-imac-27-2013-cto\/","og_site_name":"Apple bazar","article_published_time":"2024-01-01T14:15:50+00:00","og_image":[{"width":2560,"height":1920,"url":"https:\/\/www.letemsvetemapplem.eu\/bazar\/wp-content\/uploads\/2024\/01\/IMG_5916-scaled.jpeg","type":"image\/jpeg"}],"twitter_card":"summary_large_image","schema":{"@context":"https:\/\/schema.org","@graph":[{"@type":"Article","@id":"https:\/\/www.letemsvetemapplem.eu\/bazar\/apple-imac-27-2013-cto\/#article","isPartOf":{"@id":"https:\/\/www.letemsvetemapplem.eu\/bazar\/apple-imac-27-2013-cto\/"},"author":{"name":"","@id":""},"headline":"Apple iMac 27&quot; 2013 CTO+","datePublished":"2024-01-01T14:15:50+00:00","mainEntityOfPage":{"@id":"https:\/\/www.letemsvetemapplem.eu\/bazar\/apple-imac-27-2013-cto\/"},"wordCount":726,"image":{"@id":"https:\/\/www.letemsvetemapplem.eu\/bazar\/apple-imac-27-2013-cto\/#primaryimage"},"thumbnailUrl":"https:\/\/www.letemsvetemapplem.eu\/bazar\/wp-content\/uploads\/2024\/01\/IMG_5916-scaled.jpeg","articleSection":["iMac"],"inLanguage":"cs"},{"@type":"WebPage","@id":"https:\/\/www.letemsvetemapplem.eu\/bazar\/apple-imac-27-2013-cto\/","url":"https:\/\/www.letemsvetemapplem.eu\/bazar\/apple-imac-27-2013-cto\/","name":"Apple iMac 27&quot; 2013 CTO+ - Apple bazar","isPartOf":{"@id":"https:\/\/www.letemsvetemapplem.eu\/bazar\/#website"},"primaryImageOfPage":{"@id":"https:\/\/www.letemsvetemapplem.eu\/bazar\/apple-imac-27-2013-cto\/#primaryimage"},"image":{"@id":"https:\/\/www.letemsvetemapplem.eu\/bazar\/apple-imac-27-2013-cto\/#primaryimage"},"thumbnailUrl":"https:\/\/www.letemsvetemapplem.eu\/bazar\/wp-content\/uploads\/2024\/01\/IMG_5916-scaled.jpeg","datePublished":"2024-01-01T14:15:50+00:00","author":{"@id":""},"breadcrumb":{"@id":"https:\/\/www.letemsvetemapplem.eu\/bazar\/apple-imac-27-2013-cto\/#breadcrumb"},"inLanguage":"cs","potentialAction":[{"@type":"ReadAction","target":["https:\/\/www.letemsvetemapplem.eu\/bazar\/apple-imac-27-2013-cto\/"]}]},{"@type":"ImageObject","inLanguage":"cs","@id":"https:\/\/www.letemsvetemapplem.eu\/bazar\/apple-imac-27-2013-cto\/#primaryimage","url":"https:\/\/www.letemsvetemapplem.eu\/bazar\/wp-content\/uploads\/2024\/01\/IMG_5916-scaled.jpeg","contentUrl":"https:\/\/www.letemsvetemapplem.eu\/bazar\/wp-content\/uploads\/2024\/01\/IMG_5916-scaled.jpeg","width":2560,"height":1920},{"@type":"BreadcrumbList","@id":"https:\/\/www.letemsvetemapplem.eu\/bazar\/apple-imac-27-2013-cto\/#breadcrumb","itemListElement":[{"@type":"ListItem","position":1,"name":"Apple Bazar","item":"https:\/\/www.letemsvetemapplem.eu\/bazar\/"},{"@type":"ListItem","position":2,"name":"Apple iMac 27&quot; 2013 CTO+"}]},{"@type":"WebSite","@id":"https:\/\/www.letemsvetemapplem.eu\/bazar\/#website","url":"https:\/\/www.letemsvetemapplem.eu\/bazar\/","name":"Apple bazar","description":"Oou\u017eit\u00e9 Apple produkty za skv\u011bl\u00e9 ceny","potentialAction":[{"@type":"SearchAction","target":{"@type":"EntryPoint","urlTemplate":"https:\/\/www.letemsvetemapplem.eu\/bazar\/?s={search_term_string}"},"query-input":{"@type":"PropertyValueSpecification","valueRequired":true,"valueName":"search_term_string"}}],"inLanguage":"cs"}]}},"_links":{"self":[{"href":"https:\/\/www.letemsvetemapplem.eu\/bazar\/wp-json\/wp\/v2\/posts\/284495","targetHints":{"allow":["GET"]}}],"collection":[{"href":"https:\/\/www.letemsvetemapplem.eu\/bazar\/wp-json\/wp\/v2\/posts"}],"about":[{"href":"https:\/\/www.letemsvetemapplem.eu\/bazar\/wp-json\/wp\/v2\/types\/post"}],"replies":[{"embeddable":true,"href":"https:\/\/www.letemsvetemapplem.eu\/bazar\/wp-json\/wp\/v2\/comments?post=284495"}],"version-history":[{"count":1,"href":"https:\/\/www.letemsvetemapplem.eu\/bazar\/wp-json\/wp\/v2\/posts\/284495\/revisions"}],"predecessor-version":[{"id":284503,"href":"https:\/\/www.letemsvetemapplem.eu\/bazar\/wp-json\/wp\/v2\/posts\/284495\/revisions\/284503"}],"wp:featuredmedia":[{"embeddable":true,"href":"https:\/\/www.letemsvetemapplem.eu\/bazar\/wp-json\/wp\/v2\/media\/284496"}],"wp:attachment":[{"href":"https:\/\/www.letemsvetemapplem.eu\/bazar\/wp-json\/wp\/v2\/media?parent=284495"}],"wp:term":[{"taxonomy":"category","embeddable":true,"href":"https:\/\/www.letemsvetemapplem.eu\/bazar\/wp-json\/wp\/v2\/categories?post=284495"},{"taxonomy":"post_tag","embeddable":true,"href":"https:\/\/www.letemsvetemapplem.eu\/bazar\/wp-json\/wp\/v2\/tags?post=284495"}],"curies":[{"name":"wp","href":"https:\/\/api.w.org\/{rel}","templated":true}]}}