{"id":279910,"date":"2023-09-11T09:05:47","date_gmt":"2023-09-11T08:05:47","guid":{"rendered":"https:\/\/www.letemsvetemapplem.eu\/bazar\/?p=279910"},"modified":"2023-09-11T09:05:47","modified_gmt":"2023-09-11T08:05:47","slug":"imac-27-3-2ghz-i5-late-2013","status":"publish","type":"post","link":"https:\/\/www.letemsvetemapplem.eu\/bazar\/imac-27-3-2ghz-i5-late-2013\/","title":{"rendered":"iMac 27&quot; 3.2GHz i5  (Late 2013)"},"content":{"rendered":"<p>Prod\u00e1m iMac 27\u201d model Late 2013, \u010dty\u0159j\u00e1drov\u00fd procesor Intel i5 3.2GHz, 8GB RAM, 125GB SSD, grafika NVIDIA GeForceGT 755M 1024MB v\u010detn\u011b numerick\u00e9 \u010desk\u00e9 kl\u00e1vesnice. Nainstalov\u00e1n Mac OS Catalina. iMac je pln\u011b funk\u010dn\u00ed.<br \/>\nPouze osobn\u00ed p\u0159ed\u00e1n\u00ed.<br \/>\nNa monitoru je drobn\u00e9 od\u0161t\u00edpnut\u00ed, kter\u00e9 nem\u00e1 vliv na funk\u010dnost a nen\u00ed prakticky vid\u011bt. <\/p>\n","protected":false},"excerpt":{"rendered":"<p>Prod\u00e1m iMac 27\u201d model Late 2013, \u010dty\u0159j\u00e1drov\u00fd procesor Intel i5 3.2GHz, 8GB RAM, 125GB SSD, grafika NVIDIA GeForceGT 755M 1024MB v\u010detn\u011b numerick\u00e9 \u010desk\u00e9 kl\u00e1vesnice. Nainstalov\u00e1n Mac OS Catalina. iMac je pln\u011b funk\u010dn\u00ed. Pouze osobn\u00ed p\u0159ed\u00e1n\u00ed. Na monitoru je drobn\u00e9 od\u0161t\u00edpnut\u00ed, kter\u00e9 nem\u00e1 vliv na funk\u010dnost a nen\u00ed prakticky vid\u011bt.<\/p>\n","protected":false},"author":0,"featured_media":279911,"comment_status":"closed","ping_status":"closed","sticky":false,"template":"","format":"standard","meta":{"footnotes":""},"categories":[41],"tags":[],"class_list":["post-279910","post","type-post","status-publish","format-standard","has-post-thumbnail","hentry","category-imac"],"yoast_head":"<!-- This site is optimized with the Yoast SEO plugin v27.2 - https:\/\/yoast.com\/product\/yoast-seo-wordpress\/ -->\n<title>iMac 27&quot; 3.2GHz i5 (Late 2013) - Apple bazar<\/title>\n<meta name=\"robots\" content=\"index, follow, max-snippet:-1, max-image-preview:large, max-video-preview:-1\" \/>\n<link rel=\"canonical\" href=\"https:\/\/www.letemsvetemapplem.eu\/bazar\/imac-27-3-2ghz-i5-late-2013\/\" \/>\n<meta property=\"og:locale\" content=\"cs_CZ\" \/>\n<meta property=\"og:type\" content=\"article\" \/>\n<meta property=\"og:title\" content=\"iMac 27&quot; 3.2GHz i5 (Late 2013) - Apple bazar\" \/>\n<meta property=\"og:description\" content=\"Prod\u00e1m iMac 27\u201d model Late 2013, \u010dty\u0159j\u00e1drov\u00fd procesor Intel i5 3.2GHz, 8GB RAM, 125GB SSD, grafika NVIDIA GeForceGT 755M 1024MB v\u010detn\u011b numerick\u00e9 \u010desk\u00e9 kl\u00e1vesnice. Nainstalov\u00e1n Mac OS Catalina. iMac je pln\u011b funk\u010dn\u00ed. Pouze osobn\u00ed p\u0159ed\u00e1n\u00ed. Na monitoru je drobn\u00e9 od\u0161t\u00edpnut\u00ed, kter\u00e9 nem\u00e1 vliv na funk\u010dnost a nen\u00ed prakticky vid\u011bt.\" \/>\n<meta property=\"og:url\" content=\"https:\/\/www.letemsvetemapplem.eu\/bazar\/imac-27-3-2ghz-i5-late-2013\/\" \/>\n<meta property=\"og:site_name\" content=\"Apple bazar\" \/>\n<meta property=\"article:published_time\" content=\"2023-09-11T08:05:47+00:00\" \/>\n<meta property=\"og:image\" content=\"https:\/\/www.letemsvetemapplem.eu\/bazar\/wp-content\/uploads\/2023\/09\/5.jpeg\" \/>\n\t<meta property=\"og:image:width\" content=\"1280\" \/>\n\t<meta property=\"og:image:height\" content=\"960\" \/>\n\t<meta property=\"og:image:type\" content=\"image\/jpeg\" \/>\n<meta name=\"twitter:card\" content=\"summary_large_image\" \/>\n<script type=\"application\/ld+json\" class=\"yoast-schema-graph\">{\"@context\":\"https:\/\/schema.org\",\"@graph\":[{\"@type\":\"Article\",\"@id\":\"https:\/\/www.letemsvetemapplem.eu\/bazar\/imac-27-3-2ghz-i5-late-2013\/#article\",\"isPartOf\":{\"@id\":\"https:\/\/www.letemsvetemapplem.eu\/bazar\/imac-27-3-2ghz-i5-late-2013\/\"},\"author\":{\"name\":\"\",\"@id\":\"\"},\"headline\":\"iMac 27&quot; 3.2GHz i5 (Late 2013)\",\"datePublished\":\"2023-09-11T08:05:47+00:00\",\"mainEntityOfPage\":{\"@id\":\"https:\/\/www.letemsvetemapplem.eu\/bazar\/imac-27-3-2ghz-i5-late-2013\/\"},\"wordCount\":65,\"image\":{\"@id\":\"https:\/\/www.letemsvetemapplem.eu\/bazar\/imac-27-3-2ghz-i5-late-2013\/#primaryimage\"},\"thumbnailUrl\":\"https:\/\/www.letemsvetemapplem.eu\/bazar\/wp-content\/uploads\/2023\/09\/5.jpeg\",\"articleSection\":[\"iMac\"],\"inLanguage\":\"cs\"},{\"@type\":\"WebPage\",\"@id\":\"https:\/\/www.letemsvetemapplem.eu\/bazar\/imac-27-3-2ghz-i5-late-2013\/\",\"url\":\"https:\/\/www.letemsvetemapplem.eu\/bazar\/imac-27-3-2ghz-i5-late-2013\/\",\"name\":\"iMac 27&quot; 3.2GHz i5 (Late 2013) - Apple bazar\",\"isPartOf\":{\"@id\":\"https:\/\/www.letemsvetemapplem.eu\/bazar\/#website\"},\"primaryImageOfPage\":{\"@id\":\"https:\/\/www.letemsvetemapplem.eu\/bazar\/imac-27-3-2ghz-i5-late-2013\/#primaryimage\"},\"image\":{\"@id\":\"https:\/\/www.letemsvetemapplem.eu\/bazar\/imac-27-3-2ghz-i5-late-2013\/#primaryimage\"},\"thumbnailUrl\":\"https:\/\/www.letemsvetemapplem.eu\/bazar\/wp-content\/uploads\/2023\/09\/5.jpeg\",\"datePublished\":\"2023-09-11T08:05:47+00:00\",\"author\":{\"@id\":\"\"},\"breadcrumb\":{\"@id\":\"https:\/\/www.letemsvetemapplem.eu\/bazar\/imac-27-3-2ghz-i5-late-2013\/#breadcrumb\"},\"inLanguage\":\"cs\",\"potentialAction\":[{\"@type\":\"ReadAction\",\"target\":[\"https:\/\/www.letemsvetemapplem.eu\/bazar\/imac-27-3-2ghz-i5-late-2013\/\"]}]},{\"@type\":\"ImageObject\",\"inLanguage\":\"cs\",\"@id\":\"https:\/\/www.letemsvetemapplem.eu\/bazar\/imac-27-3-2ghz-i5-late-2013\/#primaryimage\",\"url\":\"https:\/\/www.letemsvetemapplem.eu\/bazar\/wp-content\/uploads\/2023\/09\/5.jpeg\",\"contentUrl\":\"https:\/\/www.letemsvetemapplem.eu\/bazar\/wp-content\/uploads\/2023\/09\/5.jpeg\",\"width\":1280,\"height\":960},{\"@type\":\"BreadcrumbList\",\"@id\":\"https:\/\/www.letemsvetemapplem.eu\/bazar\/imac-27-3-2ghz-i5-late-2013\/#breadcrumb\",\"itemListElement\":[{\"@type\":\"ListItem\",\"position\":1,\"name\":\"Apple Bazar\",\"item\":\"https:\/\/www.letemsvetemapplem.eu\/bazar\/\"},{\"@type\":\"ListItem\",\"position\":2,\"name\":\"iMac 27&quot; 3.2GHz i5 (Late 2013)\"}]},{\"@type\":\"WebSite\",\"@id\":\"https:\/\/www.letemsvetemapplem.eu\/bazar\/#website\",\"url\":\"https:\/\/www.letemsvetemapplem.eu\/bazar\/\",\"name\":\"Apple bazar\",\"description\":\"Oou\u017eit\u00e9 Apple produkty za skv\u011bl\u00e9 ceny\",\"potentialAction\":[{\"@type\":\"SearchAction\",\"target\":{\"@type\":\"EntryPoint\",\"urlTemplate\":\"https:\/\/www.letemsvetemapplem.eu\/bazar\/?s={search_term_string}\"},\"query-input\":{\"@type\":\"PropertyValueSpecification\",\"valueRequired\":true,\"valueName\":\"search_term_string\"}}],\"inLanguage\":\"cs\"}]}<\/script>\n<!-- \/ Yoast SEO plugin. -->","yoast_head_json":{"title":"iMac 27&quot; 3.2GHz i5 (Late 2013) - Apple bazar","robots":{"index":"index","follow":"follow","max-snippet":"max-snippet:-1","max-image-preview":"max-image-preview:large","max-video-preview":"max-video-preview:-1"},"canonical":"https:\/\/www.letemsvetemapplem.eu\/bazar\/imac-27-3-2ghz-i5-late-2013\/","og_locale":"cs_CZ","og_type":"article","og_title":"iMac 27&quot; 3.2GHz i5 (Late 2013) - Apple bazar","og_description":"Prod\u00e1m iMac 27\u201d model Late 2013, \u010dty\u0159j\u00e1drov\u00fd procesor Intel i5 3.2GHz, 8GB RAM, 125GB SSD, grafika NVIDIA GeForceGT 755M 1024MB v\u010detn\u011b numerick\u00e9 \u010desk\u00e9 kl\u00e1vesnice. Nainstalov\u00e1n Mac OS Catalina. iMac je pln\u011b funk\u010dn\u00ed. Pouze osobn\u00ed p\u0159ed\u00e1n\u00ed. Na monitoru je drobn\u00e9 od\u0161t\u00edpnut\u00ed, kter\u00e9 nem\u00e1 vliv na funk\u010dnost a nen\u00ed prakticky vid\u011bt.","og_url":"https:\/\/www.letemsvetemapplem.eu\/bazar\/imac-27-3-2ghz-i5-late-2013\/","og_site_name":"Apple bazar","article_published_time":"2023-09-11T08:05:47+00:00","og_image":[{"width":1280,"height":960,"url":"https:\/\/www.letemsvetemapplem.eu\/bazar\/wp-content\/uploads\/2023\/09\/5.jpeg","type":"image\/jpeg"}],"twitter_card":"summary_large_image","schema":{"@context":"https:\/\/schema.org","@graph":[{"@type":"Article","@id":"https:\/\/www.letemsvetemapplem.eu\/bazar\/imac-27-3-2ghz-i5-late-2013\/#article","isPartOf":{"@id":"https:\/\/www.letemsvetemapplem.eu\/bazar\/imac-27-3-2ghz-i5-late-2013\/"},"author":{"name":"","@id":""},"headline":"iMac 27&quot; 3.2GHz i5 (Late 2013)","datePublished":"2023-09-11T08:05:47+00:00","mainEntityOfPage":{"@id":"https:\/\/www.letemsvetemapplem.eu\/bazar\/imac-27-3-2ghz-i5-late-2013\/"},"wordCount":65,"image":{"@id":"https:\/\/www.letemsvetemapplem.eu\/bazar\/imac-27-3-2ghz-i5-late-2013\/#primaryimage"},"thumbnailUrl":"https:\/\/www.letemsvetemapplem.eu\/bazar\/wp-content\/uploads\/2023\/09\/5.jpeg","articleSection":["iMac"],"inLanguage":"cs"},{"@type":"WebPage","@id":"https:\/\/www.letemsvetemapplem.eu\/bazar\/imac-27-3-2ghz-i5-late-2013\/","url":"https:\/\/www.letemsvetemapplem.eu\/bazar\/imac-27-3-2ghz-i5-late-2013\/","name":"iMac 27&quot; 3.2GHz i5 (Late 2013) - Apple bazar","isPartOf":{"@id":"https:\/\/www.letemsvetemapplem.eu\/bazar\/#website"},"primaryImageOfPage":{"@id":"https:\/\/www.letemsvetemapplem.eu\/bazar\/imac-27-3-2ghz-i5-late-2013\/#primaryimage"},"image":{"@id":"https:\/\/www.letemsvetemapplem.eu\/bazar\/imac-27-3-2ghz-i5-late-2013\/#primaryimage"},"thumbnailUrl":"https:\/\/www.letemsvetemapplem.eu\/bazar\/wp-content\/uploads\/2023\/09\/5.jpeg","datePublished":"2023-09-11T08:05:47+00:00","author":{"@id":""},"breadcrumb":{"@id":"https:\/\/www.letemsvetemapplem.eu\/bazar\/imac-27-3-2ghz-i5-late-2013\/#breadcrumb"},"inLanguage":"cs","potentialAction":[{"@type":"ReadAction","target":["https:\/\/www.letemsvetemapplem.eu\/bazar\/imac-27-3-2ghz-i5-late-2013\/"]}]},{"@type":"ImageObject","inLanguage":"cs","@id":"https:\/\/www.letemsvetemapplem.eu\/bazar\/imac-27-3-2ghz-i5-late-2013\/#primaryimage","url":"https:\/\/www.letemsvetemapplem.eu\/bazar\/wp-content\/uploads\/2023\/09\/5.jpeg","contentUrl":"https:\/\/www.letemsvetemapplem.eu\/bazar\/wp-content\/uploads\/2023\/09\/5.jpeg","width":1280,"height":960},{"@type":"BreadcrumbList","@id":"https:\/\/www.letemsvetemapplem.eu\/bazar\/imac-27-3-2ghz-i5-late-2013\/#breadcrumb","itemListElement":[{"@type":"ListItem","position":1,"name":"Apple Bazar","item":"https:\/\/www.letemsvetemapplem.eu\/bazar\/"},{"@type":"ListItem","position":2,"name":"iMac 27&quot; 3.2GHz i5 (Late 2013)"}]},{"@type":"WebSite","@id":"https:\/\/www.letemsvetemapplem.eu\/bazar\/#website","url":"https:\/\/www.letemsvetemapplem.eu\/bazar\/","name":"Apple bazar","description":"Oou\u017eit\u00e9 Apple produkty za skv\u011bl\u00e9 ceny","potentialAction":[{"@type":"SearchAction","target":{"@type":"EntryPoint","urlTemplate":"https:\/\/www.letemsvetemapplem.eu\/bazar\/?s={search_term_string}"},"query-input":{"@type":"PropertyValueSpecification","valueRequired":true,"valueName":"search_term_string"}}],"inLanguage":"cs"}]}},"_links":{"self":[{"href":"https:\/\/www.letemsvetemapplem.eu\/bazar\/wp-json\/wp\/v2\/posts\/279910","targetHints":{"allow":["GET"]}}],"collection":[{"href":"https:\/\/www.letemsvetemapplem.eu\/bazar\/wp-json\/wp\/v2\/posts"}],"about":[{"href":"https:\/\/www.letemsvetemapplem.eu\/bazar\/wp-json\/wp\/v2\/types\/post"}],"replies":[{"embeddable":true,"href":"https:\/\/www.letemsvetemapplem.eu\/bazar\/wp-json\/wp\/v2\/comments?post=279910"}],"version-history":[{"count":1,"href":"https:\/\/www.letemsvetemapplem.eu\/bazar\/wp-json\/wp\/v2\/posts\/279910\/revisions"}],"predecessor-version":[{"id":279917,"href":"https:\/\/www.letemsvetemapplem.eu\/bazar\/wp-json\/wp\/v2\/posts\/279910\/revisions\/279917"}],"wp:featuredmedia":[{"embeddable":true,"href":"https:\/\/www.letemsvetemapplem.eu\/bazar\/wp-json\/wp\/v2\/media\/279911"}],"wp:attachment":[{"href":"https:\/\/www.letemsvetemapplem.eu\/bazar\/wp-json\/wp\/v2\/media?parent=279910"}],"wp:term":[{"taxonomy":"category","embeddable":true,"href":"https:\/\/www.letemsvetemapplem.eu\/bazar\/wp-json\/wp\/v2\/categories?post=279910"},{"taxonomy":"post_tag","embeddable":true,"href":"https:\/\/www.letemsvetemapplem.eu\/bazar\/wp-json\/wp\/v2\/tags?post=279910"}],"curies":[{"name":"wp","href":"https:\/\/api.w.org\/{rel}","templated":true}]}}