{"id":279388,"date":"2023-08-21T15:23:10","date_gmt":"2023-08-21T14:23:10","guid":{"rendered":"https:\/\/www.letemsvetemapplem.eu\/bazar\/?p=279388"},"modified":"2023-08-21T15:23:10","modified_gmt":"2023-08-21T14:23:10","slug":"prodam-mac-mini-2018-i7-32-46-model","status":"publish","type":"post","link":"https:\/\/www.letemsvetemapplem.eu\/bazar\/prodam-mac-mini-2018-i7-32-46-model\/","title":{"rendered":"Prod\u00e1m MAC mini 2018 i7 (3,2\/4,6) model"},"content":{"rendered":"<p>Prod\u00e1m MAC mini 2018 i7 model A1993. Koupem srpen 2019, barva Vesm\u00edrn\u00e1 \u0161e\u010f.<br \/>\nSpecifikace:<br \/>\nMAC mini 2018, procesor Intel Core i7 8700K Coffee Lake (6 jader, 3,2Ghz, boost a\u017e  4.6 GHz)<br \/>\nIntel UHD Graphics 630,<br \/>\nRAM 8GB DDR4 2666 Mhz,<br \/>\nSSD 256 GB,<br \/>\nWi-Fi, HDMI, 6\u00d7 USB 3.2. (Popis interface na obr\u00e1zc\u00edch)<br \/>\nNyn\u00ed nainstalov\u00e1n Mac OS Ventura (13).<br \/>\n***Recenze: &quot; Apple Mac mini je v\u00fdkonn\u011bj\u0161\u00ed ne\u017e super drah\u00fd Mac?<br \/>\nMnoh\u00e9 mo\u017en\u00e1 p\u0159ekvap\u00ed, \u017ee testy odhalily velmi dobr\u00fd v\u00fdkon, kter\u00fd je dokonce srovnateln\u00fd s Macem Pro. T\u00edm po\u010d\u00edta\u010dem, kter\u00fd p\u0159ed p\u011bti lety st\u00e1l kolem 100 tis\u00edc korun. Dnes u\u017e je ale situace samoz\u0159ejm\u011b jin\u00e1 a cena jde \u010dasem u v\u0161ech podobn\u00fdch v\u011bc\u00ed dol\u016f. I tak je ale dle testu nov\u00fd Mac mini s 6j\u00e1drov\u00fdm procesorem i7 (ten mus\u00edte k z\u00e1kladn\u00edmu Macu mini doobjednat) srovnateln\u00fd s Macem Pro z roku 2013 a jeho 8j\u00e1drov\u00fdm procesorem Xeon. Nov\u00fd Mac mini nav\u00edc t\u011bsn\u011b por\u00e1\u017e\u00ed i 15palcov\u00fd MacBook Pro s procesorem i9.&quot;<br \/>\n( zdroj: https:\/\/www.appliste.cz\/apple-mac-mini\/ )<\/p>\n","protected":false},"excerpt":{"rendered":"<p>Prod\u00e1m MAC mini 2018 i7 model A1993. Koupem srpen 2019, barva Vesm\u00edrn\u00e1 \u0161e\u010f. Specifikace: MAC mini 2018, procesor Intel Core i7 8700K Coffee Lake (6 jader, 3,2Ghz, boost a\u017e 4.6 GHz) Intel UHD Graphics 630, RAM 8GB DDR4 2666 Mhz, SSD 256 GB, Wi-Fi, HDMI, 6\u00d7 USB 3.2. (Popis interface na obr\u00e1zc\u00edch) Nyn\u00ed nainstalov\u00e1n Mac&#8230;<\/p>\n","protected":false},"author":0,"featured_media":279389,"comment_status":"closed","ping_status":"closed","sticky":false,"template":"","format":"standard","meta":{"footnotes":""},"categories":[44],"tags":[],"class_list":["post-279388","post","type-post","status-publish","format-standard","has-post-thumbnail","hentry","category-mac-mini"],"yoast_head":"<!-- This site is optimized with the Yoast SEO plugin v27.2 - https:\/\/yoast.com\/product\/yoast-seo-wordpress\/ -->\n<title>Prod\u00e1m MAC mini 2018 i7 (3,2\/4,6) model - Apple bazar<\/title>\n<meta name=\"robots\" content=\"index, follow, max-snippet:-1, max-image-preview:large, max-video-preview:-1\" \/>\n<link rel=\"canonical\" href=\"https:\/\/www.letemsvetemapplem.eu\/bazar\/prodam-mac-mini-2018-i7-32-46-model\/\" \/>\n<meta property=\"og:locale\" content=\"cs_CZ\" \/>\n<meta property=\"og:type\" content=\"article\" \/>\n<meta property=\"og:title\" content=\"Prod\u00e1m MAC mini 2018 i7 (3,2\/4,6) model - Apple bazar\" \/>\n<meta property=\"og:description\" content=\"Prod\u00e1m MAC mini 2018 i7 model A1993. Koupem srpen 2019, barva Vesm\u00edrn\u00e1 \u0161e\u010f. Specifikace: MAC mini 2018, procesor Intel Core i7 8700K Coffee Lake (6 jader, 3,2Ghz, boost a\u017e 4.6 GHz) Intel UHD Graphics 630, RAM 8GB DDR4 2666 Mhz, SSD 256 GB, Wi-Fi, HDMI, 6\u00d7 USB 3.2. (Popis interface na obr\u00e1zc\u00edch) Nyn\u00ed nainstalov\u00e1n Mac...\" \/>\n<meta property=\"og:url\" content=\"https:\/\/www.letemsvetemapplem.eu\/bazar\/prodam-mac-mini-2018-i7-32-46-model\/\" \/>\n<meta property=\"og:site_name\" content=\"Apple bazar\" \/>\n<meta property=\"article:published_time\" content=\"2023-08-21T14:23:10+00:00\" \/>\n<meta property=\"og:image\" content=\"https:\/\/www.letemsvetemapplem.eu\/bazar\/wp-content\/uploads\/2023\/08\/MAC_mini_A1993_interface.jpg\" \/>\n\t<meta property=\"og:image:width\" content=\"1024\" \/>\n\t<meta property=\"og:image:height\" content=\"413\" \/>\n\t<meta property=\"og:image:type\" content=\"image\/jpeg\" \/>\n<meta name=\"twitter:card\" content=\"summary_large_image\" \/>\n<script type=\"application\/ld+json\" class=\"yoast-schema-graph\">{\"@context\":\"https:\/\/schema.org\",\"@graph\":[{\"@type\":\"Article\",\"@id\":\"https:\/\/www.letemsvetemapplem.eu\/bazar\/prodam-mac-mini-2018-i7-32-46-model\/#article\",\"isPartOf\":{\"@id\":\"https:\/\/www.letemsvetemapplem.eu\/bazar\/prodam-mac-mini-2018-i7-32-46-model\/\"},\"author\":{\"name\":\"\",\"@id\":\"\"},\"headline\":\"Prod\u00e1m MAC mini 2018 i7 (3,2\/4,6) model\",\"datePublished\":\"2023-08-21T14:23:10+00:00\",\"mainEntityOfPage\":{\"@id\":\"https:\/\/www.letemsvetemapplem.eu\/bazar\/prodam-mac-mini-2018-i7-32-46-model\/\"},\"wordCount\":187,\"image\":{\"@id\":\"https:\/\/www.letemsvetemapplem.eu\/bazar\/prodam-mac-mini-2018-i7-32-46-model\/#primaryimage\"},\"thumbnailUrl\":\"https:\/\/www.letemsvetemapplem.eu\/bazar\/wp-content\/uploads\/2023\/08\/MAC_mini_A1993_interface.jpg\",\"articleSection\":[\"Mac mini\"],\"inLanguage\":\"cs\"},{\"@type\":\"WebPage\",\"@id\":\"https:\/\/www.letemsvetemapplem.eu\/bazar\/prodam-mac-mini-2018-i7-32-46-model\/\",\"url\":\"https:\/\/www.letemsvetemapplem.eu\/bazar\/prodam-mac-mini-2018-i7-32-46-model\/\",\"name\":\"Prod\u00e1m MAC mini 2018 i7 (3,2\/4,6) model - Apple bazar\",\"isPartOf\":{\"@id\":\"https:\/\/www.letemsvetemapplem.eu\/bazar\/#website\"},\"primaryImageOfPage\":{\"@id\":\"https:\/\/www.letemsvetemapplem.eu\/bazar\/prodam-mac-mini-2018-i7-32-46-model\/#primaryimage\"},\"image\":{\"@id\":\"https:\/\/www.letemsvetemapplem.eu\/bazar\/prodam-mac-mini-2018-i7-32-46-model\/#primaryimage\"},\"thumbnailUrl\":\"https:\/\/www.letemsvetemapplem.eu\/bazar\/wp-content\/uploads\/2023\/08\/MAC_mini_A1993_interface.jpg\",\"datePublished\":\"2023-08-21T14:23:10+00:00\",\"author\":{\"@id\":\"\"},\"breadcrumb\":{\"@id\":\"https:\/\/www.letemsvetemapplem.eu\/bazar\/prodam-mac-mini-2018-i7-32-46-model\/#breadcrumb\"},\"inLanguage\":\"cs\",\"potentialAction\":[{\"@type\":\"ReadAction\",\"target\":[\"https:\/\/www.letemsvetemapplem.eu\/bazar\/prodam-mac-mini-2018-i7-32-46-model\/\"]}]},{\"@type\":\"ImageObject\",\"inLanguage\":\"cs\",\"@id\":\"https:\/\/www.letemsvetemapplem.eu\/bazar\/prodam-mac-mini-2018-i7-32-46-model\/#primaryimage\",\"url\":\"https:\/\/www.letemsvetemapplem.eu\/bazar\/wp-content\/uploads\/2023\/08\/MAC_mini_A1993_interface.jpg\",\"contentUrl\":\"https:\/\/www.letemsvetemapplem.eu\/bazar\/wp-content\/uploads\/2023\/08\/MAC_mini_A1993_interface.jpg\",\"width\":1024,\"height\":413},{\"@type\":\"BreadcrumbList\",\"@id\":\"https:\/\/www.letemsvetemapplem.eu\/bazar\/prodam-mac-mini-2018-i7-32-46-model\/#breadcrumb\",\"itemListElement\":[{\"@type\":\"ListItem\",\"position\":1,\"name\":\"Apple Bazar\",\"item\":\"https:\/\/www.letemsvetemapplem.eu\/bazar\/\"},{\"@type\":\"ListItem\",\"position\":2,\"name\":\"Prod\u00e1m MAC mini 2018 i7 (3,2\/4,6) model\"}]},{\"@type\":\"WebSite\",\"@id\":\"https:\/\/www.letemsvetemapplem.eu\/bazar\/#website\",\"url\":\"https:\/\/www.letemsvetemapplem.eu\/bazar\/\",\"name\":\"Apple bazar\",\"description\":\"Oou\u017eit\u00e9 Apple produkty za skv\u011bl\u00e9 ceny\",\"potentialAction\":[{\"@type\":\"SearchAction\",\"target\":{\"@type\":\"EntryPoint\",\"urlTemplate\":\"https:\/\/www.letemsvetemapplem.eu\/bazar\/?s={search_term_string}\"},\"query-input\":{\"@type\":\"PropertyValueSpecification\",\"valueRequired\":true,\"valueName\":\"search_term_string\"}}],\"inLanguage\":\"cs\"}]}<\/script>\n<!-- \/ Yoast SEO plugin. -->","yoast_head_json":{"title":"Prod\u00e1m MAC mini 2018 i7 (3,2\/4,6) model - Apple bazar","robots":{"index":"index","follow":"follow","max-snippet":"max-snippet:-1","max-image-preview":"max-image-preview:large","max-video-preview":"max-video-preview:-1"},"canonical":"https:\/\/www.letemsvetemapplem.eu\/bazar\/prodam-mac-mini-2018-i7-32-46-model\/","og_locale":"cs_CZ","og_type":"article","og_title":"Prod\u00e1m MAC mini 2018 i7 (3,2\/4,6) model - Apple bazar","og_description":"Prod\u00e1m MAC mini 2018 i7 model A1993. Koupem srpen 2019, barva Vesm\u00edrn\u00e1 \u0161e\u010f. Specifikace: MAC mini 2018, procesor Intel Core i7 8700K Coffee Lake (6 jader, 3,2Ghz, boost a\u017e 4.6 GHz) Intel UHD Graphics 630, RAM 8GB DDR4 2666 Mhz, SSD 256 GB, Wi-Fi, HDMI, 6\u00d7 USB 3.2. (Popis interface na obr\u00e1zc\u00edch) Nyn\u00ed nainstalov\u00e1n Mac...","og_url":"https:\/\/www.letemsvetemapplem.eu\/bazar\/prodam-mac-mini-2018-i7-32-46-model\/","og_site_name":"Apple bazar","article_published_time":"2023-08-21T14:23:10+00:00","og_image":[{"width":1024,"height":413,"url":"https:\/\/www.letemsvetemapplem.eu\/bazar\/wp-content\/uploads\/2023\/08\/MAC_mini_A1993_interface.jpg","type":"image\/jpeg"}],"twitter_card":"summary_large_image","schema":{"@context":"https:\/\/schema.org","@graph":[{"@type":"Article","@id":"https:\/\/www.letemsvetemapplem.eu\/bazar\/prodam-mac-mini-2018-i7-32-46-model\/#article","isPartOf":{"@id":"https:\/\/www.letemsvetemapplem.eu\/bazar\/prodam-mac-mini-2018-i7-32-46-model\/"},"author":{"name":"","@id":""},"headline":"Prod\u00e1m MAC mini 2018 i7 (3,2\/4,6) model","datePublished":"2023-08-21T14:23:10+00:00","mainEntityOfPage":{"@id":"https:\/\/www.letemsvetemapplem.eu\/bazar\/prodam-mac-mini-2018-i7-32-46-model\/"},"wordCount":187,"image":{"@id":"https:\/\/www.letemsvetemapplem.eu\/bazar\/prodam-mac-mini-2018-i7-32-46-model\/#primaryimage"},"thumbnailUrl":"https:\/\/www.letemsvetemapplem.eu\/bazar\/wp-content\/uploads\/2023\/08\/MAC_mini_A1993_interface.jpg","articleSection":["Mac mini"],"inLanguage":"cs"},{"@type":"WebPage","@id":"https:\/\/www.letemsvetemapplem.eu\/bazar\/prodam-mac-mini-2018-i7-32-46-model\/","url":"https:\/\/www.letemsvetemapplem.eu\/bazar\/prodam-mac-mini-2018-i7-32-46-model\/","name":"Prod\u00e1m MAC mini 2018 i7 (3,2\/4,6) model - Apple bazar","isPartOf":{"@id":"https:\/\/www.letemsvetemapplem.eu\/bazar\/#website"},"primaryImageOfPage":{"@id":"https:\/\/www.letemsvetemapplem.eu\/bazar\/prodam-mac-mini-2018-i7-32-46-model\/#primaryimage"},"image":{"@id":"https:\/\/www.letemsvetemapplem.eu\/bazar\/prodam-mac-mini-2018-i7-32-46-model\/#primaryimage"},"thumbnailUrl":"https:\/\/www.letemsvetemapplem.eu\/bazar\/wp-content\/uploads\/2023\/08\/MAC_mini_A1993_interface.jpg","datePublished":"2023-08-21T14:23:10+00:00","author":{"@id":""},"breadcrumb":{"@id":"https:\/\/www.letemsvetemapplem.eu\/bazar\/prodam-mac-mini-2018-i7-32-46-model\/#breadcrumb"},"inLanguage":"cs","potentialAction":[{"@type":"ReadAction","target":["https:\/\/www.letemsvetemapplem.eu\/bazar\/prodam-mac-mini-2018-i7-32-46-model\/"]}]},{"@type":"ImageObject","inLanguage":"cs","@id":"https:\/\/www.letemsvetemapplem.eu\/bazar\/prodam-mac-mini-2018-i7-32-46-model\/#primaryimage","url":"https:\/\/www.letemsvetemapplem.eu\/bazar\/wp-content\/uploads\/2023\/08\/MAC_mini_A1993_interface.jpg","contentUrl":"https:\/\/www.letemsvetemapplem.eu\/bazar\/wp-content\/uploads\/2023\/08\/MAC_mini_A1993_interface.jpg","width":1024,"height":413},{"@type":"BreadcrumbList","@id":"https:\/\/www.letemsvetemapplem.eu\/bazar\/prodam-mac-mini-2018-i7-32-46-model\/#breadcrumb","itemListElement":[{"@type":"ListItem","position":1,"name":"Apple Bazar","item":"https:\/\/www.letemsvetemapplem.eu\/bazar\/"},{"@type":"ListItem","position":2,"name":"Prod\u00e1m MAC mini 2018 i7 (3,2\/4,6) model"}]},{"@type":"WebSite","@id":"https:\/\/www.letemsvetemapplem.eu\/bazar\/#website","url":"https:\/\/www.letemsvetemapplem.eu\/bazar\/","name":"Apple bazar","description":"Oou\u017eit\u00e9 Apple produkty za skv\u011bl\u00e9 ceny","potentialAction":[{"@type":"SearchAction","target":{"@type":"EntryPoint","urlTemplate":"https:\/\/www.letemsvetemapplem.eu\/bazar\/?s={search_term_string}"},"query-input":{"@type":"PropertyValueSpecification","valueRequired":true,"valueName":"search_term_string"}}],"inLanguage":"cs"}]}},"_links":{"self":[{"href":"https:\/\/www.letemsvetemapplem.eu\/bazar\/wp-json\/wp\/v2\/posts\/279388","targetHints":{"allow":["GET"]}}],"collection":[{"href":"https:\/\/www.letemsvetemapplem.eu\/bazar\/wp-json\/wp\/v2\/posts"}],"about":[{"href":"https:\/\/www.letemsvetemapplem.eu\/bazar\/wp-json\/wp\/v2\/types\/post"}],"replies":[{"embeddable":true,"href":"https:\/\/www.letemsvetemapplem.eu\/bazar\/wp-json\/wp\/v2\/comments?post=279388"}],"version-history":[{"count":1,"href":"https:\/\/www.letemsvetemapplem.eu\/bazar\/wp-json\/wp\/v2\/posts\/279388\/revisions"}],"predecessor-version":[{"id":279392,"href":"https:\/\/www.letemsvetemapplem.eu\/bazar\/wp-json\/wp\/v2\/posts\/279388\/revisions\/279392"}],"wp:featuredmedia":[{"embeddable":true,"href":"https:\/\/www.letemsvetemapplem.eu\/bazar\/wp-json\/wp\/v2\/media\/279389"}],"wp:attachment":[{"href":"https:\/\/www.letemsvetemapplem.eu\/bazar\/wp-json\/wp\/v2\/media?parent=279388"}],"wp:term":[{"taxonomy":"category","embeddable":true,"href":"https:\/\/www.letemsvetemapplem.eu\/bazar\/wp-json\/wp\/v2\/categories?post=279388"},{"taxonomy":"post_tag","embeddable":true,"href":"https:\/\/www.letemsvetemapplem.eu\/bazar\/wp-json\/wp\/v2\/tags?post=279388"}],"curies":[{"name":"wp","href":"https:\/\/api.w.org\/{rel}","templated":true}]}}