{"id":276411,"date":"2023-05-20T10:13:11","date_gmt":"2023-05-20T09:13:11","guid":{"rendered":"https:\/\/www.letemsvetemapplem.eu\/bazar\/?p=276411"},"modified":"2023-05-20T10:13:11","modified_gmt":"2023-05-20T09:13:11","slug":"asus-rog-zephyrus-duo-ryzen-9-32gb","status":"publish","type":"post","link":"https:\/\/www.letemsvetemapplem.eu\/bazar\/asus-rog-zephyrus-duo-ryzen-9-32gb\/","title":{"rendered":"ASUS ROG Zephyrus Duo Ryzen 9 | 32GB"},"content":{"rendered":"<p>Je nov\u00fd<br \/>\nje dod\u00e1v\u00e1n s plnou z\u00e1rukou<br \/>\nSt\u00e1le v origin\u00e1ln\u00edm balen\u00ed (zape\u010det\u011bno)<br \/>\nnesmlouvav\u00fd<\/p>\n<p>dod\u00e1n\u00ed k dispozici<br \/>\n\u017e\u00e1dn\u00e1 v\u00fdm\u011bna<\/p>\n<p>n\u011bkter\u00e9 specifikace;<\/p>\n<p>Barva \u010cern\u00e1<br \/>\nZna\u010dka ASUS<br \/>\n\u0158ada ROG<br \/>\nTyp Hern\u00ed notebook<br \/>\nRok vyd\u00e1n\u00ed 2023<br \/>\nModel ROG Zephyrus Duo<\/p>\n<p>Procesor AMD Ryzen 9<br \/>\nVelikost obrazovky 16&quot; Mini LED podsv\u00edcen\u00ed 2560 x 1600 \/ WQXGA @ 240 Hz<br \/>\nTyp grafick\u00e9ho zpracov\u00e1n\u00ed Dedikovan\u00e1 grafika<br \/>\nVelikost RAM 64 GB Grafick\u00e1 pam\u011b\u0165<br \/>\n16 GB GDDR6 SD RAM<br \/>\nMPN GX650PY-NM001WNejvhodn\u011bj\u0161\u00ed pro<br \/>\nPracovn\u00ed stanice, Casual Computing, Grafick\u00fd design, hry<br \/>\nKapacita SSD 2 TB<br \/>\nGPU NVIDIA GeForce RTX 4090 \/ AMD Radeon 610M<br \/>\nRychlost procesoru 5,4 GHz<br \/>\nMaxim\u00e1ln\u00ed rozli\u0161en\u00ed 2560 x 1600 \/ WQXGA<br \/>\nZ\u00e1ruka v\u00fdrobce 1 rok<br \/>\nS\u00ed\u0165 Bluetooth 5.2, 802.11a\/b\/g\/n\/ac\/ax (Wi-Fi 6E), 2,5 Gigabit Ethern<br \/>\nKonektivita HDMI, USB-C, USB 3.2, USB 3.1<br \/>\nOpera\u010dn\u00ed syst\u00e9m Win 11 Home<br \/>\nFunkce Bluetooth, Vestav\u011bn\u00e1 webov\u00e1 kamera, Wi-Fi, Dvojit\u00e1 obrazovka, Podsv\u00edcen\u00e1 kl\u00e1vesnice, Vestav\u011bn\u00fd mikrofon<br \/>\nTyp \u00falo\u017ei\u0161t\u011b SSD (Solid State Drive)<\/p>\n","protected":false},"excerpt":{"rendered":"<p>Je nov\u00fd je dod\u00e1v\u00e1n s plnou z\u00e1rukou St\u00e1le v origin\u00e1ln\u00edm balen\u00ed (zape\u010det\u011bno) nesmlouvav\u00fd dod\u00e1n\u00ed k dispozici \u017e\u00e1dn\u00e1 v\u00fdm\u011bna n\u011bkter\u00e9 specifikace; Barva \u010cern\u00e1 Zna\u010dka ASUS \u0158ada ROG Typ Hern\u00ed notebook Rok vyd\u00e1n\u00ed 2023 Model ROG Zephyrus Duo Procesor AMD Ryzen 9 Velikost obrazovky 16&quot; Mini LED podsv\u00edcen\u00ed 2560 x 1600 \/ WQXGA @ 240 Hz Typ&#8230;<\/p>\n","protected":false},"author":0,"featured_media":276412,"comment_status":"closed","ping_status":"closed","sticky":false,"template":"","format":"standard","meta":{"footnotes":""},"categories":[48],"tags":[],"class_list":["post-276411","post","type-post","status-publish","format-standard","has-post-thumbnail","hentry","category-macbook-pro"],"yoast_head":"<!-- This site is optimized with the Yoast SEO plugin v27.5 - https:\/\/yoast.com\/product\/yoast-seo-wordpress\/ -->\n<title>ASUS ROG Zephyrus Duo Ryzen 9 | 32GB - Apple bazar<\/title>\n<meta name=\"robots\" content=\"index, follow, max-snippet:-1, max-image-preview:large, max-video-preview:-1\" \/>\n<link rel=\"canonical\" href=\"https:\/\/www.letemsvetemapplem.eu\/bazar\/asus-rog-zephyrus-duo-ryzen-9-32gb\/\" \/>\n<meta property=\"og:locale\" content=\"cs_CZ\" \/>\n<meta property=\"og:type\" content=\"article\" \/>\n<meta property=\"og:title\" content=\"ASUS ROG Zephyrus Duo Ryzen 9 | 32GB - Apple bazar\" \/>\n<meta property=\"og:description\" content=\"Je nov\u00fd je dod\u00e1v\u00e1n s plnou z\u00e1rukou St\u00e1le v origin\u00e1ln\u00edm balen\u00ed (zape\u010det\u011bno) nesmlouvav\u00fd dod\u00e1n\u00ed k dispozici \u017e\u00e1dn\u00e1 v\u00fdm\u011bna n\u011bkter\u00e9 specifikace; Barva \u010cern\u00e1 Zna\u010dka ASUS \u0158ada ROG Typ Hern\u00ed notebook Rok vyd\u00e1n\u00ed 2023 Model ROG Zephyrus Duo Procesor AMD Ryzen 9 Velikost obrazovky 16&quot; Mini LED podsv\u00edcen\u00ed 2560 x 1600 \/ WQXGA @ 240 Hz Typ...\" \/>\n<meta property=\"og:url\" content=\"https:\/\/www.letemsvetemapplem.eu\/bazar\/asus-rog-zephyrus-duo-ryzen-9-32gb\/\" \/>\n<meta property=\"og:site_name\" content=\"Apple bazar\" \/>\n<meta property=\"article:published_time\" content=\"2023-05-20T09:13:11+00:00\" \/>\n<meta property=\"og:image\" content=\"https:\/\/www.letemsvetemapplem.eu\/bazar\/wp-content\/uploads\/2023\/05\/765871-1.jpg\" \/>\n\t<meta property=\"og:image:width\" content=\"1200\" \/>\n\t<meta property=\"og:image:height\" content=\"1600\" \/>\n\t<meta property=\"og:image:type\" content=\"image\/jpeg\" \/>\n<meta name=\"twitter:card\" content=\"summary_large_image\" \/>\n<script type=\"application\/ld+json\" class=\"yoast-schema-graph\">{\"@context\":\"https:\\\/\\\/schema.org\",\"@graph\":[{\"@type\":\"Article\",\"@id\":\"https:\\\/\\\/www.letemsvetemapplem.eu\\\/bazar\\\/asus-rog-zephyrus-duo-ryzen-9-32gb\\\/#article\",\"isPartOf\":{\"@id\":\"https:\\\/\\\/www.letemsvetemapplem.eu\\\/bazar\\\/asus-rog-zephyrus-duo-ryzen-9-32gb\\\/\"},\"author\":{\"name\":\"\",\"@id\":\"\"},\"headline\":\"ASUS ROG Zephyrus Duo Ryzen 9 | 32GB\",\"datePublished\":\"2023-05-20T09:13:11+00:00\",\"mainEntityOfPage\":{\"@id\":\"https:\\\/\\\/www.letemsvetemapplem.eu\\\/bazar\\\/asus-rog-zephyrus-duo-ryzen-9-32gb\\\/\"},\"wordCount\":168,\"image\":{\"@id\":\"https:\\\/\\\/www.letemsvetemapplem.eu\\\/bazar\\\/asus-rog-zephyrus-duo-ryzen-9-32gb\\\/#primaryimage\"},\"thumbnailUrl\":\"https:\\\/\\\/www.letemsvetemapplem.eu\\\/bazar\\\/wp-content\\\/uploads\\\/2023\\\/05\\\/765871-1.jpg\",\"articleSection\":[\"MacBook Pro\"],\"inLanguage\":\"cs\"},{\"@type\":\"WebPage\",\"@id\":\"https:\\\/\\\/www.letemsvetemapplem.eu\\\/bazar\\\/asus-rog-zephyrus-duo-ryzen-9-32gb\\\/\",\"url\":\"https:\\\/\\\/www.letemsvetemapplem.eu\\\/bazar\\\/asus-rog-zephyrus-duo-ryzen-9-32gb\\\/\",\"name\":\"ASUS ROG Zephyrus Duo Ryzen 9 | 32GB - Apple bazar\",\"isPartOf\":{\"@id\":\"https:\\\/\\\/www.letemsvetemapplem.eu\\\/bazar\\\/#website\"},\"primaryImageOfPage\":{\"@id\":\"https:\\\/\\\/www.letemsvetemapplem.eu\\\/bazar\\\/asus-rog-zephyrus-duo-ryzen-9-32gb\\\/#primaryimage\"},\"image\":{\"@id\":\"https:\\\/\\\/www.letemsvetemapplem.eu\\\/bazar\\\/asus-rog-zephyrus-duo-ryzen-9-32gb\\\/#primaryimage\"},\"thumbnailUrl\":\"https:\\\/\\\/www.letemsvetemapplem.eu\\\/bazar\\\/wp-content\\\/uploads\\\/2023\\\/05\\\/765871-1.jpg\",\"datePublished\":\"2023-05-20T09:13:11+00:00\",\"author\":{\"@id\":\"\"},\"breadcrumb\":{\"@id\":\"https:\\\/\\\/www.letemsvetemapplem.eu\\\/bazar\\\/asus-rog-zephyrus-duo-ryzen-9-32gb\\\/#breadcrumb\"},\"inLanguage\":\"cs\",\"potentialAction\":[{\"@type\":\"ReadAction\",\"target\":[\"https:\\\/\\\/www.letemsvetemapplem.eu\\\/bazar\\\/asus-rog-zephyrus-duo-ryzen-9-32gb\\\/\"]}]},{\"@type\":\"ImageObject\",\"inLanguage\":\"cs\",\"@id\":\"https:\\\/\\\/www.letemsvetemapplem.eu\\\/bazar\\\/asus-rog-zephyrus-duo-ryzen-9-32gb\\\/#primaryimage\",\"url\":\"https:\\\/\\\/www.letemsvetemapplem.eu\\\/bazar\\\/wp-content\\\/uploads\\\/2023\\\/05\\\/765871-1.jpg\",\"contentUrl\":\"https:\\\/\\\/www.letemsvetemapplem.eu\\\/bazar\\\/wp-content\\\/uploads\\\/2023\\\/05\\\/765871-1.jpg\",\"width\":1200,\"height\":1600},{\"@type\":\"BreadcrumbList\",\"@id\":\"https:\\\/\\\/www.letemsvetemapplem.eu\\\/bazar\\\/asus-rog-zephyrus-duo-ryzen-9-32gb\\\/#breadcrumb\",\"itemListElement\":[{\"@type\":\"ListItem\",\"position\":1,\"name\":\"Apple Bazar\",\"item\":\"https:\\\/\\\/www.letemsvetemapplem.eu\\\/bazar\\\/\"},{\"@type\":\"ListItem\",\"position\":2,\"name\":\"ASUS ROG Zephyrus Duo Ryzen 9 | 32GB\"}]},{\"@type\":\"WebSite\",\"@id\":\"https:\\\/\\\/www.letemsvetemapplem.eu\\\/bazar\\\/#website\",\"url\":\"https:\\\/\\\/www.letemsvetemapplem.eu\\\/bazar\\\/\",\"name\":\"Apple bazar\",\"description\":\"Oou\u017eit\u00e9 Apple produkty za skv\u011bl\u00e9 ceny\",\"potentialAction\":[{\"@type\":\"SearchAction\",\"target\":{\"@type\":\"EntryPoint\",\"urlTemplate\":\"https:\\\/\\\/www.letemsvetemapplem.eu\\\/bazar\\\/?s={search_term_string}\"},\"query-input\":{\"@type\":\"PropertyValueSpecification\",\"valueRequired\":true,\"valueName\":\"search_term_string\"}}],\"inLanguage\":\"cs\"}]}<\/script>\n<!-- \/ Yoast SEO plugin. -->","yoast_head_json":{"title":"ASUS ROG Zephyrus Duo Ryzen 9 | 32GB - Apple bazar","robots":{"index":"index","follow":"follow","max-snippet":"max-snippet:-1","max-image-preview":"max-image-preview:large","max-video-preview":"max-video-preview:-1"},"canonical":"https:\/\/www.letemsvetemapplem.eu\/bazar\/asus-rog-zephyrus-duo-ryzen-9-32gb\/","og_locale":"cs_CZ","og_type":"article","og_title":"ASUS ROG Zephyrus Duo Ryzen 9 | 32GB - Apple bazar","og_description":"Je nov\u00fd je dod\u00e1v\u00e1n s plnou z\u00e1rukou St\u00e1le v origin\u00e1ln\u00edm balen\u00ed (zape\u010det\u011bno) nesmlouvav\u00fd dod\u00e1n\u00ed k dispozici \u017e\u00e1dn\u00e1 v\u00fdm\u011bna n\u011bkter\u00e9 specifikace; Barva \u010cern\u00e1 Zna\u010dka ASUS \u0158ada ROG Typ Hern\u00ed notebook Rok vyd\u00e1n\u00ed 2023 Model ROG Zephyrus Duo Procesor AMD Ryzen 9 Velikost obrazovky 16&quot; Mini LED podsv\u00edcen\u00ed 2560 x 1600 \/ WQXGA @ 240 Hz Typ...","og_url":"https:\/\/www.letemsvetemapplem.eu\/bazar\/asus-rog-zephyrus-duo-ryzen-9-32gb\/","og_site_name":"Apple bazar","article_published_time":"2023-05-20T09:13:11+00:00","og_image":[{"width":1200,"height":1600,"url":"https:\/\/www.letemsvetemapplem.eu\/bazar\/wp-content\/uploads\/2023\/05\/765871-1.jpg","type":"image\/jpeg"}],"twitter_card":"summary_large_image","schema":{"@context":"https:\/\/schema.org","@graph":[{"@type":"Article","@id":"https:\/\/www.letemsvetemapplem.eu\/bazar\/asus-rog-zephyrus-duo-ryzen-9-32gb\/#article","isPartOf":{"@id":"https:\/\/www.letemsvetemapplem.eu\/bazar\/asus-rog-zephyrus-duo-ryzen-9-32gb\/"},"author":{"name":"","@id":""},"headline":"ASUS ROG Zephyrus Duo Ryzen 9 | 32GB","datePublished":"2023-05-20T09:13:11+00:00","mainEntityOfPage":{"@id":"https:\/\/www.letemsvetemapplem.eu\/bazar\/asus-rog-zephyrus-duo-ryzen-9-32gb\/"},"wordCount":168,"image":{"@id":"https:\/\/www.letemsvetemapplem.eu\/bazar\/asus-rog-zephyrus-duo-ryzen-9-32gb\/#primaryimage"},"thumbnailUrl":"https:\/\/www.letemsvetemapplem.eu\/bazar\/wp-content\/uploads\/2023\/05\/765871-1.jpg","articleSection":["MacBook Pro"],"inLanguage":"cs"},{"@type":"WebPage","@id":"https:\/\/www.letemsvetemapplem.eu\/bazar\/asus-rog-zephyrus-duo-ryzen-9-32gb\/","url":"https:\/\/www.letemsvetemapplem.eu\/bazar\/asus-rog-zephyrus-duo-ryzen-9-32gb\/","name":"ASUS ROG Zephyrus Duo Ryzen 9 | 32GB - Apple bazar","isPartOf":{"@id":"https:\/\/www.letemsvetemapplem.eu\/bazar\/#website"},"primaryImageOfPage":{"@id":"https:\/\/www.letemsvetemapplem.eu\/bazar\/asus-rog-zephyrus-duo-ryzen-9-32gb\/#primaryimage"},"image":{"@id":"https:\/\/www.letemsvetemapplem.eu\/bazar\/asus-rog-zephyrus-duo-ryzen-9-32gb\/#primaryimage"},"thumbnailUrl":"https:\/\/www.letemsvetemapplem.eu\/bazar\/wp-content\/uploads\/2023\/05\/765871-1.jpg","datePublished":"2023-05-20T09:13:11+00:00","author":{"@id":""},"breadcrumb":{"@id":"https:\/\/www.letemsvetemapplem.eu\/bazar\/asus-rog-zephyrus-duo-ryzen-9-32gb\/#breadcrumb"},"inLanguage":"cs","potentialAction":[{"@type":"ReadAction","target":["https:\/\/www.letemsvetemapplem.eu\/bazar\/asus-rog-zephyrus-duo-ryzen-9-32gb\/"]}]},{"@type":"ImageObject","inLanguage":"cs","@id":"https:\/\/www.letemsvetemapplem.eu\/bazar\/asus-rog-zephyrus-duo-ryzen-9-32gb\/#primaryimage","url":"https:\/\/www.letemsvetemapplem.eu\/bazar\/wp-content\/uploads\/2023\/05\/765871-1.jpg","contentUrl":"https:\/\/www.letemsvetemapplem.eu\/bazar\/wp-content\/uploads\/2023\/05\/765871-1.jpg","width":1200,"height":1600},{"@type":"BreadcrumbList","@id":"https:\/\/www.letemsvetemapplem.eu\/bazar\/asus-rog-zephyrus-duo-ryzen-9-32gb\/#breadcrumb","itemListElement":[{"@type":"ListItem","position":1,"name":"Apple Bazar","item":"https:\/\/www.letemsvetemapplem.eu\/bazar\/"},{"@type":"ListItem","position":2,"name":"ASUS ROG Zephyrus Duo Ryzen 9 | 32GB"}]},{"@type":"WebSite","@id":"https:\/\/www.letemsvetemapplem.eu\/bazar\/#website","url":"https:\/\/www.letemsvetemapplem.eu\/bazar\/","name":"Apple bazar","description":"Oou\u017eit\u00e9 Apple produkty za skv\u011bl\u00e9 ceny","potentialAction":[{"@type":"SearchAction","target":{"@type":"EntryPoint","urlTemplate":"https:\/\/www.letemsvetemapplem.eu\/bazar\/?s={search_term_string}"},"query-input":{"@type":"PropertyValueSpecification","valueRequired":true,"valueName":"search_term_string"}}],"inLanguage":"cs"}]}},"_links":{"self":[{"href":"https:\/\/www.letemsvetemapplem.eu\/bazar\/wp-json\/wp\/v2\/posts\/276411","targetHints":{"allow":["GET"]}}],"collection":[{"href":"https:\/\/www.letemsvetemapplem.eu\/bazar\/wp-json\/wp\/v2\/posts"}],"about":[{"href":"https:\/\/www.letemsvetemapplem.eu\/bazar\/wp-json\/wp\/v2\/types\/post"}],"replies":[{"embeddable":true,"href":"https:\/\/www.letemsvetemapplem.eu\/bazar\/wp-json\/wp\/v2\/comments?post=276411"}],"version-history":[{"count":1,"href":"https:\/\/www.letemsvetemapplem.eu\/bazar\/wp-json\/wp\/v2\/posts\/276411\/revisions"}],"predecessor-version":[{"id":276416,"href":"https:\/\/www.letemsvetemapplem.eu\/bazar\/wp-json\/wp\/v2\/posts\/276411\/revisions\/276416"}],"wp:featuredmedia":[{"embeddable":true,"href":"https:\/\/www.letemsvetemapplem.eu\/bazar\/wp-json\/wp\/v2\/media\/276412"}],"wp:attachment":[{"href":"https:\/\/www.letemsvetemapplem.eu\/bazar\/wp-json\/wp\/v2\/media?parent=276411"}],"wp:term":[{"taxonomy":"category","embeddable":true,"href":"https:\/\/www.letemsvetemapplem.eu\/bazar\/wp-json\/wp\/v2\/categories?post=276411"},{"taxonomy":"post_tag","embeddable":true,"href":"https:\/\/www.letemsvetemapplem.eu\/bazar\/wp-json\/wp\/v2\/tags?post=276411"}],"curies":[{"name":"wp","href":"https:\/\/api.w.org\/{rel}","templated":true}]}}