{"id":276224,"date":"2023-05-15T18:33:18","date_gmt":"2023-05-15T17:33:18","guid":{"rendered":"https:\/\/www.letemsvetemapplem.eu\/bazar\/?p=276224"},"modified":"2023-05-15T18:33:18","modified_gmt":"2023-05-15T17:33:18","slug":"apple-imac-24-m1-2021-256gb-zeleny","status":"publish","type":"post","link":"https:\/\/www.letemsvetemapplem.eu\/bazar\/apple-imac-24-m1-2021-256gb-zeleny\/","title":{"rendered":"Apple iMac 24&quot; M1 (2021) 256GB zelen\u00fd"},"content":{"rendered":"<p>Dobr\u00fd den,<\/p>\n<p>d\u00e1v\u00e1m k prodeji m\u016fj rok star\u00fd Apple iMac 24&quot;. Jedn\u00e1 se o z\u00e1kladn\u00ed konfiguraci, ov\u0161em i ta je velmi nadupan\u00e1. Za\u0159\u00edzen\u00ed, kl\u00e1vesnice a my\u0161 nem\u00e1 viditeln\u00e9 po\u0161kozen\u00ed. Za\u0159\u00edzen\u00ed jsem minul\u00fd rok kupoval kv\u016fli moj\u00ed p\u0159ede\u0161l\u00e9 pr\u00e1ci z domova, tu jsem ov\u0161em po m\u011bs\u00edci u\u017e\u00edv\u00e1n\u00ed opustil no a od t\u00e9 doby m\u00e1m iMac na kouk\u00e1n\u00ed na filmy s p\u0159\u00edtelkyn\u00ed. A to je d\u016fvod prodeje. Stroj p\u016fvodn\u011b za 37000K\u010d nyn\u00ed vyu\u017e\u00edv\u00e1m pouze na filmy a to je pro m\u011b zbyte\u010dn\u00fd luxus, z\u00e1rove\u0148 m\u00edsto n\u011bj si chci po\u0159\u00eddit televizi ke kter\u00e9 si p\u0159ipoj\u00edm m\u016fj nov\u00fd XBOX. K za\u0159\u00edzen\u00ed m\u00e1m p\u016fvodn\u00ed balen\u00ed. Jako hlavn\u00ed plus bych vyzdvihl 4,5K monitor, na kter\u00fd jde koukat opravdu cel\u00fd den. D\u00e1le \u00fa\u017easn\u00fd zvuk, kter\u00fd jsem opravdu od takto ploch\u00e9ho stroje ne\u010dekal. A v neposledn\u00ed \u0159ad\u011b je design, ten n\u00e1m bude nejv\u00edce chyb\u011bt, proto\u017ee opravdu vypad\u00e1 \u00fachvatn\u011b a p\u0159\u00edjemn\u011b o\u017eiv\u00ed ka\u017edou dom\u00e1cnost.<\/p>\n<p>Kdyby jste cht\u011bli v\u00edce informac\u00ed, budu r\u00e1d kdy\u017e se mi ozvete a to bu\u010fto telefonicky, mailem a nebo v odpov\u011bdi zde ve zpr\u00e1v\u011b, s t\u00edm \u017ee Va\u0161\u00ed zpr\u00e1v\u011b se budu v\u011bnovat b\u011bhem p\u00e1r minut. Za\u0159\u00edzen\u00ed je mo\u017en\u00e9 si po domluv\u011b p\u0159ijet prohl\u00e9dnout\/vyzkou\u0161et.<\/p>\n<p>D\u00edky \u017ee jste do\u010detli a\u017e sem a p\u0159eji kr\u00e1sn\u00fd den \ud83d\ude42<\/p>\n<p>SN: C02GD0KV1254 -&gt; za\u0159\u00edzen\u00ed samoz\u0159ejm\u011b od iCloud odhl\u00e1s\u00edm.<\/p>\n","protected":false},"excerpt":{"rendered":"<p>Dobr\u00fd den, d\u00e1v\u00e1m k prodeji m\u016fj rok star\u00fd Apple iMac 24&quot;. Jedn\u00e1 se o z\u00e1kladn\u00ed konfiguraci, ov\u0161em i ta je velmi nadupan\u00e1. Za\u0159\u00edzen\u00ed, kl\u00e1vesnice a my\u0161 nem\u00e1 viditeln\u00e9 po\u0161kozen\u00ed. Za\u0159\u00edzen\u00ed jsem minul\u00fd rok kupoval kv\u016fli moj\u00ed p\u0159ede\u0161l\u00e9 pr\u00e1ci z domova, tu jsem ov\u0161em po m\u011bs\u00edci u\u017e\u00edv\u00e1n\u00ed opustil no a od t\u00e9 doby m\u00e1m iMac na&#8230;<\/p>\n","protected":false},"author":0,"featured_media":276225,"comment_status":"closed","ping_status":"closed","sticky":false,"template":"","format":"standard","meta":{"footnotes":""},"categories":[41],"tags":[],"class_list":["post-276224","post","type-post","status-publish","format-standard","has-post-thumbnail","hentry","category-imac"],"yoast_head":"<!-- This site is optimized with the Yoast SEO plugin v27.2 - https:\/\/yoast.com\/product\/yoast-seo-wordpress\/ -->\n<title>Apple iMac 24&quot; M1 (2021) 256GB zelen\u00fd - Apple bazar<\/title>\n<meta name=\"robots\" content=\"index, follow, max-snippet:-1, max-image-preview:large, max-video-preview:-1\" \/>\n<link rel=\"canonical\" href=\"https:\/\/www.letemsvetemapplem.eu\/bazar\/apple-imac-24-m1-2021-256gb-zeleny\/\" \/>\n<meta property=\"og:locale\" content=\"cs_CZ\" \/>\n<meta property=\"og:type\" content=\"article\" \/>\n<meta property=\"og:title\" content=\"Apple iMac 24&quot; M1 (2021) 256GB zelen\u00fd - Apple bazar\" \/>\n<meta property=\"og:description\" content=\"Dobr\u00fd den, d\u00e1v\u00e1m k prodeji m\u016fj rok star\u00fd Apple iMac 24&quot;. Jedn\u00e1 se o z\u00e1kladn\u00ed konfiguraci, ov\u0161em i ta je velmi nadupan\u00e1. Za\u0159\u00edzen\u00ed, kl\u00e1vesnice a my\u0161 nem\u00e1 viditeln\u00e9 po\u0161kozen\u00ed. Za\u0159\u00edzen\u00ed jsem minul\u00fd rok kupoval kv\u016fli moj\u00ed p\u0159ede\u0161l\u00e9 pr\u00e1ci z domova, tu jsem ov\u0161em po m\u011bs\u00edci u\u017e\u00edv\u00e1n\u00ed opustil no a od t\u00e9 doby m\u00e1m iMac na...\" \/>\n<meta property=\"og:url\" content=\"https:\/\/www.letemsvetemapplem.eu\/bazar\/apple-imac-24-m1-2021-256gb-zeleny\/\" \/>\n<meta property=\"og:site_name\" content=\"Apple bazar\" \/>\n<meta property=\"article:published_time\" content=\"2023-05-15T17:33:18+00:00\" \/>\n<meta property=\"og:image\" content=\"https:\/\/www.letemsvetemapplem.eu\/bazar\/wp-content\/uploads\/2023\/05\/tempImageNKeWpa-scaled.jpg\" \/>\n\t<meta property=\"og:image:width\" content=\"1920\" \/>\n\t<meta property=\"og:image:height\" content=\"2560\" \/>\n\t<meta property=\"og:image:type\" content=\"image\/jpeg\" \/>\n<meta name=\"twitter:card\" content=\"summary_large_image\" \/>\n<script type=\"application\/ld+json\" class=\"yoast-schema-graph\">{\"@context\":\"https:\/\/schema.org\",\"@graph\":[{\"@type\":\"Article\",\"@id\":\"https:\/\/www.letemsvetemapplem.eu\/bazar\/apple-imac-24-m1-2021-256gb-zeleny\/#article\",\"isPartOf\":{\"@id\":\"https:\/\/www.letemsvetemapplem.eu\/bazar\/apple-imac-24-m1-2021-256gb-zeleny\/\"},\"author\":{\"name\":\"\",\"@id\":\"\"},\"headline\":\"Apple iMac 24&quot; M1 (2021) 256GB zelen\u00fd\",\"datePublished\":\"2023-05-15T17:33:18+00:00\",\"mainEntityOfPage\":{\"@id\":\"https:\/\/www.letemsvetemapplem.eu\/bazar\/apple-imac-24-m1-2021-256gb-zeleny\/\"},\"wordCount\":286,\"image\":{\"@id\":\"https:\/\/www.letemsvetemapplem.eu\/bazar\/apple-imac-24-m1-2021-256gb-zeleny\/#primaryimage\"},\"thumbnailUrl\":\"https:\/\/www.letemsvetemapplem.eu\/bazar\/wp-content\/uploads\/2023\/05\/tempImageNKeWpa-scaled.jpg\",\"articleSection\":[\"iMac\"],\"inLanguage\":\"cs\"},{\"@type\":\"WebPage\",\"@id\":\"https:\/\/www.letemsvetemapplem.eu\/bazar\/apple-imac-24-m1-2021-256gb-zeleny\/\",\"url\":\"https:\/\/www.letemsvetemapplem.eu\/bazar\/apple-imac-24-m1-2021-256gb-zeleny\/\",\"name\":\"Apple iMac 24&quot; M1 (2021) 256GB zelen\u00fd - Apple bazar\",\"isPartOf\":{\"@id\":\"https:\/\/www.letemsvetemapplem.eu\/bazar\/#website\"},\"primaryImageOfPage\":{\"@id\":\"https:\/\/www.letemsvetemapplem.eu\/bazar\/apple-imac-24-m1-2021-256gb-zeleny\/#primaryimage\"},\"image\":{\"@id\":\"https:\/\/www.letemsvetemapplem.eu\/bazar\/apple-imac-24-m1-2021-256gb-zeleny\/#primaryimage\"},\"thumbnailUrl\":\"https:\/\/www.letemsvetemapplem.eu\/bazar\/wp-content\/uploads\/2023\/05\/tempImageNKeWpa-scaled.jpg\",\"datePublished\":\"2023-05-15T17:33:18+00:00\",\"author\":{\"@id\":\"\"},\"breadcrumb\":{\"@id\":\"https:\/\/www.letemsvetemapplem.eu\/bazar\/apple-imac-24-m1-2021-256gb-zeleny\/#breadcrumb\"},\"inLanguage\":\"cs\",\"potentialAction\":[{\"@type\":\"ReadAction\",\"target\":[\"https:\/\/www.letemsvetemapplem.eu\/bazar\/apple-imac-24-m1-2021-256gb-zeleny\/\"]}]},{\"@type\":\"ImageObject\",\"inLanguage\":\"cs\",\"@id\":\"https:\/\/www.letemsvetemapplem.eu\/bazar\/apple-imac-24-m1-2021-256gb-zeleny\/#primaryimage\",\"url\":\"https:\/\/www.letemsvetemapplem.eu\/bazar\/wp-content\/uploads\/2023\/05\/tempImageNKeWpa-scaled.jpg\",\"contentUrl\":\"https:\/\/www.letemsvetemapplem.eu\/bazar\/wp-content\/uploads\/2023\/05\/tempImageNKeWpa-scaled.jpg\",\"width\":1920,\"height\":2560},{\"@type\":\"BreadcrumbList\",\"@id\":\"https:\/\/www.letemsvetemapplem.eu\/bazar\/apple-imac-24-m1-2021-256gb-zeleny\/#breadcrumb\",\"itemListElement\":[{\"@type\":\"ListItem\",\"position\":1,\"name\":\"Apple Bazar\",\"item\":\"https:\/\/www.letemsvetemapplem.eu\/bazar\/\"},{\"@type\":\"ListItem\",\"position\":2,\"name\":\"Apple iMac 24&quot; M1 (2021) 256GB zelen\u00fd\"}]},{\"@type\":\"WebSite\",\"@id\":\"https:\/\/www.letemsvetemapplem.eu\/bazar\/#website\",\"url\":\"https:\/\/www.letemsvetemapplem.eu\/bazar\/\",\"name\":\"Apple bazar\",\"description\":\"Oou\u017eit\u00e9 Apple produkty za skv\u011bl\u00e9 ceny\",\"potentialAction\":[{\"@type\":\"SearchAction\",\"target\":{\"@type\":\"EntryPoint\",\"urlTemplate\":\"https:\/\/www.letemsvetemapplem.eu\/bazar\/?s={search_term_string}\"},\"query-input\":{\"@type\":\"PropertyValueSpecification\",\"valueRequired\":true,\"valueName\":\"search_term_string\"}}],\"inLanguage\":\"cs\"}]}<\/script>\n<!-- \/ Yoast SEO plugin. -->","yoast_head_json":{"title":"Apple iMac 24&quot; M1 (2021) 256GB zelen\u00fd - Apple bazar","robots":{"index":"index","follow":"follow","max-snippet":"max-snippet:-1","max-image-preview":"max-image-preview:large","max-video-preview":"max-video-preview:-1"},"canonical":"https:\/\/www.letemsvetemapplem.eu\/bazar\/apple-imac-24-m1-2021-256gb-zeleny\/","og_locale":"cs_CZ","og_type":"article","og_title":"Apple iMac 24&quot; M1 (2021) 256GB zelen\u00fd - Apple bazar","og_description":"Dobr\u00fd den, d\u00e1v\u00e1m k prodeji m\u016fj rok star\u00fd Apple iMac 24&quot;. Jedn\u00e1 se o z\u00e1kladn\u00ed konfiguraci, ov\u0161em i ta je velmi nadupan\u00e1. Za\u0159\u00edzen\u00ed, kl\u00e1vesnice a my\u0161 nem\u00e1 viditeln\u00e9 po\u0161kozen\u00ed. Za\u0159\u00edzen\u00ed jsem minul\u00fd rok kupoval kv\u016fli moj\u00ed p\u0159ede\u0161l\u00e9 pr\u00e1ci z domova, tu jsem ov\u0161em po m\u011bs\u00edci u\u017e\u00edv\u00e1n\u00ed opustil no a od t\u00e9 doby m\u00e1m iMac na...","og_url":"https:\/\/www.letemsvetemapplem.eu\/bazar\/apple-imac-24-m1-2021-256gb-zeleny\/","og_site_name":"Apple bazar","article_published_time":"2023-05-15T17:33:18+00:00","og_image":[{"width":1920,"height":2560,"url":"https:\/\/www.letemsvetemapplem.eu\/bazar\/wp-content\/uploads\/2023\/05\/tempImageNKeWpa-scaled.jpg","type":"image\/jpeg"}],"twitter_card":"summary_large_image","schema":{"@context":"https:\/\/schema.org","@graph":[{"@type":"Article","@id":"https:\/\/www.letemsvetemapplem.eu\/bazar\/apple-imac-24-m1-2021-256gb-zeleny\/#article","isPartOf":{"@id":"https:\/\/www.letemsvetemapplem.eu\/bazar\/apple-imac-24-m1-2021-256gb-zeleny\/"},"author":{"name":"","@id":""},"headline":"Apple iMac 24&quot; M1 (2021) 256GB zelen\u00fd","datePublished":"2023-05-15T17:33:18+00:00","mainEntityOfPage":{"@id":"https:\/\/www.letemsvetemapplem.eu\/bazar\/apple-imac-24-m1-2021-256gb-zeleny\/"},"wordCount":286,"image":{"@id":"https:\/\/www.letemsvetemapplem.eu\/bazar\/apple-imac-24-m1-2021-256gb-zeleny\/#primaryimage"},"thumbnailUrl":"https:\/\/www.letemsvetemapplem.eu\/bazar\/wp-content\/uploads\/2023\/05\/tempImageNKeWpa-scaled.jpg","articleSection":["iMac"],"inLanguage":"cs"},{"@type":"WebPage","@id":"https:\/\/www.letemsvetemapplem.eu\/bazar\/apple-imac-24-m1-2021-256gb-zeleny\/","url":"https:\/\/www.letemsvetemapplem.eu\/bazar\/apple-imac-24-m1-2021-256gb-zeleny\/","name":"Apple iMac 24&quot; M1 (2021) 256GB zelen\u00fd - Apple bazar","isPartOf":{"@id":"https:\/\/www.letemsvetemapplem.eu\/bazar\/#website"},"primaryImageOfPage":{"@id":"https:\/\/www.letemsvetemapplem.eu\/bazar\/apple-imac-24-m1-2021-256gb-zeleny\/#primaryimage"},"image":{"@id":"https:\/\/www.letemsvetemapplem.eu\/bazar\/apple-imac-24-m1-2021-256gb-zeleny\/#primaryimage"},"thumbnailUrl":"https:\/\/www.letemsvetemapplem.eu\/bazar\/wp-content\/uploads\/2023\/05\/tempImageNKeWpa-scaled.jpg","datePublished":"2023-05-15T17:33:18+00:00","author":{"@id":""},"breadcrumb":{"@id":"https:\/\/www.letemsvetemapplem.eu\/bazar\/apple-imac-24-m1-2021-256gb-zeleny\/#breadcrumb"},"inLanguage":"cs","potentialAction":[{"@type":"ReadAction","target":["https:\/\/www.letemsvetemapplem.eu\/bazar\/apple-imac-24-m1-2021-256gb-zeleny\/"]}]},{"@type":"ImageObject","inLanguage":"cs","@id":"https:\/\/www.letemsvetemapplem.eu\/bazar\/apple-imac-24-m1-2021-256gb-zeleny\/#primaryimage","url":"https:\/\/www.letemsvetemapplem.eu\/bazar\/wp-content\/uploads\/2023\/05\/tempImageNKeWpa-scaled.jpg","contentUrl":"https:\/\/www.letemsvetemapplem.eu\/bazar\/wp-content\/uploads\/2023\/05\/tempImageNKeWpa-scaled.jpg","width":1920,"height":2560},{"@type":"BreadcrumbList","@id":"https:\/\/www.letemsvetemapplem.eu\/bazar\/apple-imac-24-m1-2021-256gb-zeleny\/#breadcrumb","itemListElement":[{"@type":"ListItem","position":1,"name":"Apple Bazar","item":"https:\/\/www.letemsvetemapplem.eu\/bazar\/"},{"@type":"ListItem","position":2,"name":"Apple iMac 24&quot; M1 (2021) 256GB zelen\u00fd"}]},{"@type":"WebSite","@id":"https:\/\/www.letemsvetemapplem.eu\/bazar\/#website","url":"https:\/\/www.letemsvetemapplem.eu\/bazar\/","name":"Apple bazar","description":"Oou\u017eit\u00e9 Apple produkty za skv\u011bl\u00e9 ceny","potentialAction":[{"@type":"SearchAction","target":{"@type":"EntryPoint","urlTemplate":"https:\/\/www.letemsvetemapplem.eu\/bazar\/?s={search_term_string}"},"query-input":{"@type":"PropertyValueSpecification","valueRequired":true,"valueName":"search_term_string"}}],"inLanguage":"cs"}]}},"_links":{"self":[{"href":"https:\/\/www.letemsvetemapplem.eu\/bazar\/wp-json\/wp\/v2\/posts\/276224","targetHints":{"allow":["GET"]}}],"collection":[{"href":"https:\/\/www.letemsvetemapplem.eu\/bazar\/wp-json\/wp\/v2\/posts"}],"about":[{"href":"https:\/\/www.letemsvetemapplem.eu\/bazar\/wp-json\/wp\/v2\/types\/post"}],"replies":[{"embeddable":true,"href":"https:\/\/www.letemsvetemapplem.eu\/bazar\/wp-json\/wp\/v2\/comments?post=276224"}],"version-history":[{"count":1,"href":"https:\/\/www.letemsvetemapplem.eu\/bazar\/wp-json\/wp\/v2\/posts\/276224\/revisions"}],"predecessor-version":[{"id":276230,"href":"https:\/\/www.letemsvetemapplem.eu\/bazar\/wp-json\/wp\/v2\/posts\/276224\/revisions\/276230"}],"wp:featuredmedia":[{"embeddable":true,"href":"https:\/\/www.letemsvetemapplem.eu\/bazar\/wp-json\/wp\/v2\/media\/276225"}],"wp:attachment":[{"href":"https:\/\/www.letemsvetemapplem.eu\/bazar\/wp-json\/wp\/v2\/media?parent=276224"}],"wp:term":[{"taxonomy":"category","embeddable":true,"href":"https:\/\/www.letemsvetemapplem.eu\/bazar\/wp-json\/wp\/v2\/categories?post=276224"},{"taxonomy":"post_tag","embeddable":true,"href":"https:\/\/www.letemsvetemapplem.eu\/bazar\/wp-json\/wp\/v2\/tags?post=276224"}],"curies":[{"name":"wp","href":"https:\/\/api.w.org\/{rel}","templated":true}]}}