{"id":276014,"date":"2023-05-10T11:37:05","date_gmt":"2023-05-10T10:37:05","guid":{"rendered":"https:\/\/www.letemsvetemapplem.eu\/bazar\/?p=276014"},"modified":"2023-05-10T11:37:05","modified_gmt":"2023-05-10T10:37:05","slug":"macmini-late-2012","status":"publish","type":"post","link":"https:\/\/www.letemsvetemapplem.eu\/bazar\/macmini-late-2012\/","title":{"rendered":"MacMini Late 2012"},"content":{"rendered":"<p>Mac Mini Late 2012<br \/>\nProdam Mac mini Late 2012<br \/>\nProcesor Intel Core i5 2.5GHz<br \/>\nPamet 8GB 1600 MHz DDR 3<br \/>\nGrafika Intel HD Graphic 4000<br \/>\nDisk 2xSSD (2&#215;256 GB)<br \/>\nmacOS Catalina az Ventura(dle vyberu)<\/p>\n","protected":false},"excerpt":{"rendered":"<p>Mac Mini Late 2012 Prodam Mac mini Late 2012 Procesor Intel Core i5 2.5GHz Pamet 8GB 1600 MHz DDR 3 Grafika Intel HD Graphic 4000 Disk 2xSSD (2&#215;256 GB) macOS Catalina az Ventura(dle vyberu)<\/p>\n","protected":false},"author":0,"featured_media":276015,"comment_status":"closed","ping_status":"closed","sticky":false,"template":"","format":"standard","meta":{"footnotes":""},"categories":[44],"tags":[],"class_list":["post-276014","post","type-post","status-publish","format-standard","has-post-thumbnail","hentry","category-mac-mini"],"yoast_head":"<!-- This site is optimized with the Yoast SEO plugin v27.2 - https:\/\/yoast.com\/product\/yoast-seo-wordpress\/ -->\n<title>MacMini Late 2012 - Apple bazar<\/title>\n<meta name=\"robots\" content=\"index, follow, max-snippet:-1, max-image-preview:large, max-video-preview:-1\" \/>\n<link rel=\"canonical\" href=\"https:\/\/www.letemsvetemapplem.eu\/bazar\/macmini-late-2012\/\" \/>\n<meta property=\"og:locale\" content=\"cs_CZ\" \/>\n<meta property=\"og:type\" content=\"article\" \/>\n<meta property=\"og:title\" content=\"MacMini Late 2012 - Apple bazar\" \/>\n<meta property=\"og:description\" content=\"Mac Mini Late 2012 Prodam Mac mini Late 2012 Procesor Intel Core i5 2.5GHz Pamet 8GB 1600 MHz DDR 3 Grafika Intel HD Graphic 4000 Disk 2xSSD (2&#215;256 GB) macOS Catalina az Ventura(dle vyberu)\" \/>\n<meta property=\"og:url\" content=\"https:\/\/www.letemsvetemapplem.eu\/bazar\/macmini-late-2012\/\" \/>\n<meta property=\"og:site_name\" content=\"Apple bazar\" \/>\n<meta property=\"article:published_time\" content=\"2023-05-10T10:37:05+00:00\" \/>\n<meta property=\"og:image\" content=\"https:\/\/www.letemsvetemapplem.eu\/bazar\/wp-content\/uploads\/2023\/05\/20230510_121835-scaled.jpg\" \/>\n\t<meta property=\"og:image:width\" content=\"2560\" \/>\n\t<meta property=\"og:image:height\" content=\"1441\" \/>\n\t<meta property=\"og:image:type\" content=\"image\/jpeg\" \/>\n<meta name=\"twitter:card\" content=\"summary_large_image\" \/>\n<script type=\"application\/ld+json\" class=\"yoast-schema-graph\">{\"@context\":\"https:\/\/schema.org\",\"@graph\":[{\"@type\":\"Article\",\"@id\":\"https:\/\/www.letemsvetemapplem.eu\/bazar\/macmini-late-2012\/#article\",\"isPartOf\":{\"@id\":\"https:\/\/www.letemsvetemapplem.eu\/bazar\/macmini-late-2012\/\"},\"author\":{\"name\":\"\",\"@id\":\"\"},\"headline\":\"MacMini Late 2012\",\"datePublished\":\"2023-05-10T10:37:05+00:00\",\"mainEntityOfPage\":{\"@id\":\"https:\/\/www.letemsvetemapplem.eu\/bazar\/macmini-late-2012\/\"},\"wordCount\":32,\"image\":{\"@id\":\"https:\/\/www.letemsvetemapplem.eu\/bazar\/macmini-late-2012\/#primaryimage\"},\"thumbnailUrl\":\"https:\/\/www.letemsvetemapplem.eu\/bazar\/wp-content\/uploads\/2023\/05\/20230510_121835-scaled.jpg\",\"articleSection\":[\"Mac mini\"],\"inLanguage\":\"cs\"},{\"@type\":\"WebPage\",\"@id\":\"https:\/\/www.letemsvetemapplem.eu\/bazar\/macmini-late-2012\/\",\"url\":\"https:\/\/www.letemsvetemapplem.eu\/bazar\/macmini-late-2012\/\",\"name\":\"MacMini Late 2012 - Apple bazar\",\"isPartOf\":{\"@id\":\"https:\/\/www.letemsvetemapplem.eu\/bazar\/#website\"},\"primaryImageOfPage\":{\"@id\":\"https:\/\/www.letemsvetemapplem.eu\/bazar\/macmini-late-2012\/#primaryimage\"},\"image\":{\"@id\":\"https:\/\/www.letemsvetemapplem.eu\/bazar\/macmini-late-2012\/#primaryimage\"},\"thumbnailUrl\":\"https:\/\/www.letemsvetemapplem.eu\/bazar\/wp-content\/uploads\/2023\/05\/20230510_121835-scaled.jpg\",\"datePublished\":\"2023-05-10T10:37:05+00:00\",\"author\":{\"@id\":\"\"},\"breadcrumb\":{\"@id\":\"https:\/\/www.letemsvetemapplem.eu\/bazar\/macmini-late-2012\/#breadcrumb\"},\"inLanguage\":\"cs\",\"potentialAction\":[{\"@type\":\"ReadAction\",\"target\":[\"https:\/\/www.letemsvetemapplem.eu\/bazar\/macmini-late-2012\/\"]}]},{\"@type\":\"ImageObject\",\"inLanguage\":\"cs\",\"@id\":\"https:\/\/www.letemsvetemapplem.eu\/bazar\/macmini-late-2012\/#primaryimage\",\"url\":\"https:\/\/www.letemsvetemapplem.eu\/bazar\/wp-content\/uploads\/2023\/05\/20230510_121835-scaled.jpg\",\"contentUrl\":\"https:\/\/www.letemsvetemapplem.eu\/bazar\/wp-content\/uploads\/2023\/05\/20230510_121835-scaled.jpg\",\"width\":2560,\"height\":1441},{\"@type\":\"BreadcrumbList\",\"@id\":\"https:\/\/www.letemsvetemapplem.eu\/bazar\/macmini-late-2012\/#breadcrumb\",\"itemListElement\":[{\"@type\":\"ListItem\",\"position\":1,\"name\":\"Apple Bazar\",\"item\":\"https:\/\/www.letemsvetemapplem.eu\/bazar\/\"},{\"@type\":\"ListItem\",\"position\":2,\"name\":\"MacMini Late 2012\"}]},{\"@type\":\"WebSite\",\"@id\":\"https:\/\/www.letemsvetemapplem.eu\/bazar\/#website\",\"url\":\"https:\/\/www.letemsvetemapplem.eu\/bazar\/\",\"name\":\"Apple bazar\",\"description\":\"Oou\u017eit\u00e9 Apple produkty za skv\u011bl\u00e9 ceny\",\"potentialAction\":[{\"@type\":\"SearchAction\",\"target\":{\"@type\":\"EntryPoint\",\"urlTemplate\":\"https:\/\/www.letemsvetemapplem.eu\/bazar\/?s={search_term_string}\"},\"query-input\":{\"@type\":\"PropertyValueSpecification\",\"valueRequired\":true,\"valueName\":\"search_term_string\"}}],\"inLanguage\":\"cs\"}]}<\/script>\n<!-- \/ Yoast SEO plugin. -->","yoast_head_json":{"title":"MacMini Late 2012 - Apple bazar","robots":{"index":"index","follow":"follow","max-snippet":"max-snippet:-1","max-image-preview":"max-image-preview:large","max-video-preview":"max-video-preview:-1"},"canonical":"https:\/\/www.letemsvetemapplem.eu\/bazar\/macmini-late-2012\/","og_locale":"cs_CZ","og_type":"article","og_title":"MacMini Late 2012 - Apple bazar","og_description":"Mac Mini Late 2012 Prodam Mac mini Late 2012 Procesor Intel Core i5 2.5GHz Pamet 8GB 1600 MHz DDR 3 Grafika Intel HD Graphic 4000 Disk 2xSSD (2&#215;256 GB) macOS Catalina az Ventura(dle vyberu)","og_url":"https:\/\/www.letemsvetemapplem.eu\/bazar\/macmini-late-2012\/","og_site_name":"Apple bazar","article_published_time":"2023-05-10T10:37:05+00:00","og_image":[{"width":2560,"height":1441,"url":"https:\/\/www.letemsvetemapplem.eu\/bazar\/wp-content\/uploads\/2023\/05\/20230510_121835-scaled.jpg","type":"image\/jpeg"}],"twitter_card":"summary_large_image","schema":{"@context":"https:\/\/schema.org","@graph":[{"@type":"Article","@id":"https:\/\/www.letemsvetemapplem.eu\/bazar\/macmini-late-2012\/#article","isPartOf":{"@id":"https:\/\/www.letemsvetemapplem.eu\/bazar\/macmini-late-2012\/"},"author":{"name":"","@id":""},"headline":"MacMini Late 2012","datePublished":"2023-05-10T10:37:05+00:00","mainEntityOfPage":{"@id":"https:\/\/www.letemsvetemapplem.eu\/bazar\/macmini-late-2012\/"},"wordCount":32,"image":{"@id":"https:\/\/www.letemsvetemapplem.eu\/bazar\/macmini-late-2012\/#primaryimage"},"thumbnailUrl":"https:\/\/www.letemsvetemapplem.eu\/bazar\/wp-content\/uploads\/2023\/05\/20230510_121835-scaled.jpg","articleSection":["Mac mini"],"inLanguage":"cs"},{"@type":"WebPage","@id":"https:\/\/www.letemsvetemapplem.eu\/bazar\/macmini-late-2012\/","url":"https:\/\/www.letemsvetemapplem.eu\/bazar\/macmini-late-2012\/","name":"MacMini Late 2012 - Apple bazar","isPartOf":{"@id":"https:\/\/www.letemsvetemapplem.eu\/bazar\/#website"},"primaryImageOfPage":{"@id":"https:\/\/www.letemsvetemapplem.eu\/bazar\/macmini-late-2012\/#primaryimage"},"image":{"@id":"https:\/\/www.letemsvetemapplem.eu\/bazar\/macmini-late-2012\/#primaryimage"},"thumbnailUrl":"https:\/\/www.letemsvetemapplem.eu\/bazar\/wp-content\/uploads\/2023\/05\/20230510_121835-scaled.jpg","datePublished":"2023-05-10T10:37:05+00:00","author":{"@id":""},"breadcrumb":{"@id":"https:\/\/www.letemsvetemapplem.eu\/bazar\/macmini-late-2012\/#breadcrumb"},"inLanguage":"cs","potentialAction":[{"@type":"ReadAction","target":["https:\/\/www.letemsvetemapplem.eu\/bazar\/macmini-late-2012\/"]}]},{"@type":"ImageObject","inLanguage":"cs","@id":"https:\/\/www.letemsvetemapplem.eu\/bazar\/macmini-late-2012\/#primaryimage","url":"https:\/\/www.letemsvetemapplem.eu\/bazar\/wp-content\/uploads\/2023\/05\/20230510_121835-scaled.jpg","contentUrl":"https:\/\/www.letemsvetemapplem.eu\/bazar\/wp-content\/uploads\/2023\/05\/20230510_121835-scaled.jpg","width":2560,"height":1441},{"@type":"BreadcrumbList","@id":"https:\/\/www.letemsvetemapplem.eu\/bazar\/macmini-late-2012\/#breadcrumb","itemListElement":[{"@type":"ListItem","position":1,"name":"Apple Bazar","item":"https:\/\/www.letemsvetemapplem.eu\/bazar\/"},{"@type":"ListItem","position":2,"name":"MacMini Late 2012"}]},{"@type":"WebSite","@id":"https:\/\/www.letemsvetemapplem.eu\/bazar\/#website","url":"https:\/\/www.letemsvetemapplem.eu\/bazar\/","name":"Apple bazar","description":"Oou\u017eit\u00e9 Apple produkty za skv\u011bl\u00e9 ceny","potentialAction":[{"@type":"SearchAction","target":{"@type":"EntryPoint","urlTemplate":"https:\/\/www.letemsvetemapplem.eu\/bazar\/?s={search_term_string}"},"query-input":{"@type":"PropertyValueSpecification","valueRequired":true,"valueName":"search_term_string"}}],"inLanguage":"cs"}]}},"_links":{"self":[{"href":"https:\/\/www.letemsvetemapplem.eu\/bazar\/wp-json\/wp\/v2\/posts\/276014","targetHints":{"allow":["GET"]}}],"collection":[{"href":"https:\/\/www.letemsvetemapplem.eu\/bazar\/wp-json\/wp\/v2\/posts"}],"about":[{"href":"https:\/\/www.letemsvetemapplem.eu\/bazar\/wp-json\/wp\/v2\/types\/post"}],"replies":[{"embeddable":true,"href":"https:\/\/www.letemsvetemapplem.eu\/bazar\/wp-json\/wp\/v2\/comments?post=276014"}],"version-history":[{"count":1,"href":"https:\/\/www.letemsvetemapplem.eu\/bazar\/wp-json\/wp\/v2\/posts\/276014\/revisions"}],"predecessor-version":[{"id":276018,"href":"https:\/\/www.letemsvetemapplem.eu\/bazar\/wp-json\/wp\/v2\/posts\/276014\/revisions\/276018"}],"wp:featuredmedia":[{"embeddable":true,"href":"https:\/\/www.letemsvetemapplem.eu\/bazar\/wp-json\/wp\/v2\/media\/276015"}],"wp:attachment":[{"href":"https:\/\/www.letemsvetemapplem.eu\/bazar\/wp-json\/wp\/v2\/media?parent=276014"}],"wp:term":[{"taxonomy":"category","embeddable":true,"href":"https:\/\/www.letemsvetemapplem.eu\/bazar\/wp-json\/wp\/v2\/categories?post=276014"},{"taxonomy":"post_tag","embeddable":true,"href":"https:\/\/www.letemsvetemapplem.eu\/bazar\/wp-json\/wp\/v2\/tags?post=276014"}],"curies":[{"name":"wp","href":"https:\/\/api.w.org\/{rel}","templated":true}]}}