{"id":275721,"date":"2023-05-01T11:04:45","date_gmt":"2023-05-01T10:04:45","guid":{"rendered":"https:\/\/www.letemsvetemapplem.eu\/bazar\/?p=275721"},"modified":"2023-05-01T11:04:45","modified_gmt":"2023-05-01T10:04:45","slug":"latest-apple-5k-27-imac-3-8ghz-i7-32gb","status":"publish","type":"post","link":"https:\/\/www.letemsvetemapplem.eu\/bazar\/latest-apple-5k-27-imac-3-8ghz-i7-32gb\/","title":{"rendered":"Latest Apple 5K 27&quot; iMac 3.8GHz i7 32GB"},"content":{"rendered":"<p>Condition New: A brand-new, unused, unopened, undamaged item in its original packaging<br \/>\nMPN: A2115<br \/>\nRAM Size: 32 GB<br \/>\nSeries: Apple iMac with Retina 5K display<br \/>\nSSD Capacity: 512 GB<br \/>\nGPU:AMD Radeon Pro 5500 XT<br \/>\nProcessor: Intel Core i9 10th Gen.<br \/>\nModel: iMac<br \/>\nStorage Type: SSD (Solid State Drive)<br \/>\nScreen Size: 27 in<br \/>\nOperating System: macOS 12.0, Monterey<br \/>\nHard Drive Capacity: 512 GB<br \/>\nRelease Year: 2020<br \/>\nBrand: Apple<br \/>\nProcessor Speed:3.60 GHz<br \/>\nType:All-in-One<\/p>\n","protected":false},"excerpt":{"rendered":"<p>Condition New: A brand-new, unused, unopened, undamaged item in its original packaging MPN: A2115 RAM Size: 32 GB Series: Apple iMac with Retina 5K display SSD Capacity: 512 GB GPU:AMD Radeon Pro 5500 XT Processor: Intel Core i9 10th Gen. Model: iMac Storage Type: SSD (Solid State Drive) Screen Size: 27 in Operating System: macOS&#8230;<\/p>\n","protected":false},"author":0,"featured_media":275722,"comment_status":"closed","ping_status":"closed","sticky":false,"template":"","format":"standard","meta":{"footnotes":""},"categories":[41],"tags":[],"class_list":["post-275721","post","type-post","status-publish","format-standard","has-post-thumbnail","hentry","category-imac"],"yoast_head":"<!-- This site is optimized with the Yoast SEO plugin v27.2 - https:\/\/yoast.com\/product\/yoast-seo-wordpress\/ -->\n<title>Latest Apple 5K 27&quot; iMac 3.8GHz i7 32GB - Apple bazar<\/title>\n<meta name=\"robots\" content=\"index, follow, max-snippet:-1, max-image-preview:large, max-video-preview:-1\" \/>\n<link rel=\"canonical\" href=\"https:\/\/www.letemsvetemapplem.eu\/bazar\/latest-apple-5k-27-imac-3-8ghz-i7-32gb\/\" \/>\n<meta property=\"og:locale\" content=\"cs_CZ\" \/>\n<meta property=\"og:type\" content=\"article\" \/>\n<meta property=\"og:title\" content=\"Latest Apple 5K 27&quot; iMac 3.8GHz i7 32GB - Apple bazar\" \/>\n<meta property=\"og:description\" content=\"Condition New: A brand-new, unused, unopened, undamaged item in its original packaging MPN: A2115 RAM Size: 32 GB Series: Apple iMac with Retina 5K display SSD Capacity: 512 GB GPU:AMD Radeon Pro 5500 XT Processor: Intel Core i9 10th Gen. Model: iMac Storage Type: SSD (Solid State Drive) Screen Size: 27 in Operating System: macOS...\" \/>\n<meta property=\"og:url\" content=\"https:\/\/www.letemsvetemapplem.eu\/bazar\/latest-apple-5k-27-imac-3-8ghz-i7-32gb\/\" \/>\n<meta property=\"og:site_name\" content=\"Apple bazar\" \/>\n<meta property=\"article:published_time\" content=\"2023-05-01T10:04:45+00:00\" \/>\n<meta property=\"og:image\" content=\"https:\/\/www.letemsvetemapplem.eu\/bazar\/wp-content\/uploads\/2023\/05\/pc-nw.jpg\" \/>\n\t<meta property=\"og:image:width\" content=\"375\" \/>\n\t<meta property=\"og:image:height\" content=\"500\" \/>\n\t<meta property=\"og:image:type\" content=\"image\/jpeg\" \/>\n<meta name=\"twitter:card\" content=\"summary_large_image\" \/>\n<script type=\"application\/ld+json\" class=\"yoast-schema-graph\">{\"@context\":\"https:\/\/schema.org\",\"@graph\":[{\"@type\":\"Article\",\"@id\":\"https:\/\/www.letemsvetemapplem.eu\/bazar\/latest-apple-5k-27-imac-3-8ghz-i7-32gb\/#article\",\"isPartOf\":{\"@id\":\"https:\/\/www.letemsvetemapplem.eu\/bazar\/latest-apple-5k-27-imac-3-8ghz-i7-32gb\/\"},\"author\":{\"name\":\"\",\"@id\":\"\"},\"headline\":\"Latest Apple 5K 27&quot; iMac 3.8GHz i7 32GB\",\"datePublished\":\"2023-05-01T10:04:45+00:00\",\"mainEntityOfPage\":{\"@id\":\"https:\/\/www.letemsvetemapplem.eu\/bazar\/latest-apple-5k-27-imac-3-8ghz-i7-32gb\/\"},\"wordCount\":74,\"image\":{\"@id\":\"https:\/\/www.letemsvetemapplem.eu\/bazar\/latest-apple-5k-27-imac-3-8ghz-i7-32gb\/#primaryimage\"},\"thumbnailUrl\":\"https:\/\/www.letemsvetemapplem.eu\/bazar\/wp-content\/uploads\/2023\/05\/pc-nw.jpg\",\"articleSection\":[\"iMac\"],\"inLanguage\":\"cs\"},{\"@type\":\"WebPage\",\"@id\":\"https:\/\/www.letemsvetemapplem.eu\/bazar\/latest-apple-5k-27-imac-3-8ghz-i7-32gb\/\",\"url\":\"https:\/\/www.letemsvetemapplem.eu\/bazar\/latest-apple-5k-27-imac-3-8ghz-i7-32gb\/\",\"name\":\"Latest Apple 5K 27&quot; iMac 3.8GHz i7 32GB - Apple bazar\",\"isPartOf\":{\"@id\":\"https:\/\/www.letemsvetemapplem.eu\/bazar\/#website\"},\"primaryImageOfPage\":{\"@id\":\"https:\/\/www.letemsvetemapplem.eu\/bazar\/latest-apple-5k-27-imac-3-8ghz-i7-32gb\/#primaryimage\"},\"image\":{\"@id\":\"https:\/\/www.letemsvetemapplem.eu\/bazar\/latest-apple-5k-27-imac-3-8ghz-i7-32gb\/#primaryimage\"},\"thumbnailUrl\":\"https:\/\/www.letemsvetemapplem.eu\/bazar\/wp-content\/uploads\/2023\/05\/pc-nw.jpg\",\"datePublished\":\"2023-05-01T10:04:45+00:00\",\"author\":{\"@id\":\"\"},\"breadcrumb\":{\"@id\":\"https:\/\/www.letemsvetemapplem.eu\/bazar\/latest-apple-5k-27-imac-3-8ghz-i7-32gb\/#breadcrumb\"},\"inLanguage\":\"cs\",\"potentialAction\":[{\"@type\":\"ReadAction\",\"target\":[\"https:\/\/www.letemsvetemapplem.eu\/bazar\/latest-apple-5k-27-imac-3-8ghz-i7-32gb\/\"]}]},{\"@type\":\"ImageObject\",\"inLanguage\":\"cs\",\"@id\":\"https:\/\/www.letemsvetemapplem.eu\/bazar\/latest-apple-5k-27-imac-3-8ghz-i7-32gb\/#primaryimage\",\"url\":\"https:\/\/www.letemsvetemapplem.eu\/bazar\/wp-content\/uploads\/2023\/05\/pc-nw.jpg\",\"contentUrl\":\"https:\/\/www.letemsvetemapplem.eu\/bazar\/wp-content\/uploads\/2023\/05\/pc-nw.jpg\",\"width\":375,\"height\":500},{\"@type\":\"BreadcrumbList\",\"@id\":\"https:\/\/www.letemsvetemapplem.eu\/bazar\/latest-apple-5k-27-imac-3-8ghz-i7-32gb\/#breadcrumb\",\"itemListElement\":[{\"@type\":\"ListItem\",\"position\":1,\"name\":\"Apple Bazar\",\"item\":\"https:\/\/www.letemsvetemapplem.eu\/bazar\/\"},{\"@type\":\"ListItem\",\"position\":2,\"name\":\"Latest Apple 5K 27&quot; iMac 3.8GHz i7 32GB\"}]},{\"@type\":\"WebSite\",\"@id\":\"https:\/\/www.letemsvetemapplem.eu\/bazar\/#website\",\"url\":\"https:\/\/www.letemsvetemapplem.eu\/bazar\/\",\"name\":\"Apple bazar\",\"description\":\"Oou\u017eit\u00e9 Apple produkty za skv\u011bl\u00e9 ceny\",\"potentialAction\":[{\"@type\":\"SearchAction\",\"target\":{\"@type\":\"EntryPoint\",\"urlTemplate\":\"https:\/\/www.letemsvetemapplem.eu\/bazar\/?s={search_term_string}\"},\"query-input\":{\"@type\":\"PropertyValueSpecification\",\"valueRequired\":true,\"valueName\":\"search_term_string\"}}],\"inLanguage\":\"cs\"}]}<\/script>\n<!-- \/ Yoast SEO plugin. -->","yoast_head_json":{"title":"Latest Apple 5K 27&quot; iMac 3.8GHz i7 32GB - Apple bazar","robots":{"index":"index","follow":"follow","max-snippet":"max-snippet:-1","max-image-preview":"max-image-preview:large","max-video-preview":"max-video-preview:-1"},"canonical":"https:\/\/www.letemsvetemapplem.eu\/bazar\/latest-apple-5k-27-imac-3-8ghz-i7-32gb\/","og_locale":"cs_CZ","og_type":"article","og_title":"Latest Apple 5K 27&quot; iMac 3.8GHz i7 32GB - Apple bazar","og_description":"Condition New: A brand-new, unused, unopened, undamaged item in its original packaging MPN: A2115 RAM Size: 32 GB Series: Apple iMac with Retina 5K display SSD Capacity: 512 GB GPU:AMD Radeon Pro 5500 XT Processor: Intel Core i9 10th Gen. Model: iMac Storage Type: SSD (Solid State Drive) Screen Size: 27 in Operating System: macOS...","og_url":"https:\/\/www.letemsvetemapplem.eu\/bazar\/latest-apple-5k-27-imac-3-8ghz-i7-32gb\/","og_site_name":"Apple bazar","article_published_time":"2023-05-01T10:04:45+00:00","og_image":[{"width":375,"height":500,"url":"https:\/\/www.letemsvetemapplem.eu\/bazar\/wp-content\/uploads\/2023\/05\/pc-nw.jpg","type":"image\/jpeg"}],"twitter_card":"summary_large_image","schema":{"@context":"https:\/\/schema.org","@graph":[{"@type":"Article","@id":"https:\/\/www.letemsvetemapplem.eu\/bazar\/latest-apple-5k-27-imac-3-8ghz-i7-32gb\/#article","isPartOf":{"@id":"https:\/\/www.letemsvetemapplem.eu\/bazar\/latest-apple-5k-27-imac-3-8ghz-i7-32gb\/"},"author":{"name":"","@id":""},"headline":"Latest Apple 5K 27&quot; iMac 3.8GHz i7 32GB","datePublished":"2023-05-01T10:04:45+00:00","mainEntityOfPage":{"@id":"https:\/\/www.letemsvetemapplem.eu\/bazar\/latest-apple-5k-27-imac-3-8ghz-i7-32gb\/"},"wordCount":74,"image":{"@id":"https:\/\/www.letemsvetemapplem.eu\/bazar\/latest-apple-5k-27-imac-3-8ghz-i7-32gb\/#primaryimage"},"thumbnailUrl":"https:\/\/www.letemsvetemapplem.eu\/bazar\/wp-content\/uploads\/2023\/05\/pc-nw.jpg","articleSection":["iMac"],"inLanguage":"cs"},{"@type":"WebPage","@id":"https:\/\/www.letemsvetemapplem.eu\/bazar\/latest-apple-5k-27-imac-3-8ghz-i7-32gb\/","url":"https:\/\/www.letemsvetemapplem.eu\/bazar\/latest-apple-5k-27-imac-3-8ghz-i7-32gb\/","name":"Latest Apple 5K 27&quot; iMac 3.8GHz i7 32GB - Apple bazar","isPartOf":{"@id":"https:\/\/www.letemsvetemapplem.eu\/bazar\/#website"},"primaryImageOfPage":{"@id":"https:\/\/www.letemsvetemapplem.eu\/bazar\/latest-apple-5k-27-imac-3-8ghz-i7-32gb\/#primaryimage"},"image":{"@id":"https:\/\/www.letemsvetemapplem.eu\/bazar\/latest-apple-5k-27-imac-3-8ghz-i7-32gb\/#primaryimage"},"thumbnailUrl":"https:\/\/www.letemsvetemapplem.eu\/bazar\/wp-content\/uploads\/2023\/05\/pc-nw.jpg","datePublished":"2023-05-01T10:04:45+00:00","author":{"@id":""},"breadcrumb":{"@id":"https:\/\/www.letemsvetemapplem.eu\/bazar\/latest-apple-5k-27-imac-3-8ghz-i7-32gb\/#breadcrumb"},"inLanguage":"cs","potentialAction":[{"@type":"ReadAction","target":["https:\/\/www.letemsvetemapplem.eu\/bazar\/latest-apple-5k-27-imac-3-8ghz-i7-32gb\/"]}]},{"@type":"ImageObject","inLanguage":"cs","@id":"https:\/\/www.letemsvetemapplem.eu\/bazar\/latest-apple-5k-27-imac-3-8ghz-i7-32gb\/#primaryimage","url":"https:\/\/www.letemsvetemapplem.eu\/bazar\/wp-content\/uploads\/2023\/05\/pc-nw.jpg","contentUrl":"https:\/\/www.letemsvetemapplem.eu\/bazar\/wp-content\/uploads\/2023\/05\/pc-nw.jpg","width":375,"height":500},{"@type":"BreadcrumbList","@id":"https:\/\/www.letemsvetemapplem.eu\/bazar\/latest-apple-5k-27-imac-3-8ghz-i7-32gb\/#breadcrumb","itemListElement":[{"@type":"ListItem","position":1,"name":"Apple Bazar","item":"https:\/\/www.letemsvetemapplem.eu\/bazar\/"},{"@type":"ListItem","position":2,"name":"Latest Apple 5K 27&quot; iMac 3.8GHz i7 32GB"}]},{"@type":"WebSite","@id":"https:\/\/www.letemsvetemapplem.eu\/bazar\/#website","url":"https:\/\/www.letemsvetemapplem.eu\/bazar\/","name":"Apple bazar","description":"Oou\u017eit\u00e9 Apple produkty za skv\u011bl\u00e9 ceny","potentialAction":[{"@type":"SearchAction","target":{"@type":"EntryPoint","urlTemplate":"https:\/\/www.letemsvetemapplem.eu\/bazar\/?s={search_term_string}"},"query-input":{"@type":"PropertyValueSpecification","valueRequired":true,"valueName":"search_term_string"}}],"inLanguage":"cs"}]}},"_links":{"self":[{"href":"https:\/\/www.letemsvetemapplem.eu\/bazar\/wp-json\/wp\/v2\/posts\/275721","targetHints":{"allow":["GET"]}}],"collection":[{"href":"https:\/\/www.letemsvetemapplem.eu\/bazar\/wp-json\/wp\/v2\/posts"}],"about":[{"href":"https:\/\/www.letemsvetemapplem.eu\/bazar\/wp-json\/wp\/v2\/types\/post"}],"replies":[{"embeddable":true,"href":"https:\/\/www.letemsvetemapplem.eu\/bazar\/wp-json\/wp\/v2\/comments?post=275721"}],"version-history":[{"count":1,"href":"https:\/\/www.letemsvetemapplem.eu\/bazar\/wp-json\/wp\/v2\/posts\/275721\/revisions"}],"predecessor-version":[{"id":275725,"href":"https:\/\/www.letemsvetemapplem.eu\/bazar\/wp-json\/wp\/v2\/posts\/275721\/revisions\/275725"}],"wp:featuredmedia":[{"embeddable":true,"href":"https:\/\/www.letemsvetemapplem.eu\/bazar\/wp-json\/wp\/v2\/media\/275722"}],"wp:attachment":[{"href":"https:\/\/www.letemsvetemapplem.eu\/bazar\/wp-json\/wp\/v2\/media?parent=275721"}],"wp:term":[{"taxonomy":"category","embeddable":true,"href":"https:\/\/www.letemsvetemapplem.eu\/bazar\/wp-json\/wp\/v2\/categories?post=275721"},{"taxonomy":"post_tag","embeddable":true,"href":"https:\/\/www.letemsvetemapplem.eu\/bazar\/wp-json\/wp\/v2\/tags?post=275721"}],"curies":[{"name":"wp","href":"https:\/\/api.w.org\/{rel}","templated":true}]}}