{"id":275645,"date":"2023-04-27T12:47:30","date_gmt":"2023-04-27T11:47:30","guid":{"rendered":"https:\/\/www.letemsvetemapplem.eu\/bazar\/?p=275645"},"modified":"2023-04-27T12:47:30","modified_gmt":"2023-04-27T11:47:30","slug":"apple-imac-27in-retina-5k-38-ghz-8-core","status":"publish","type":"post","link":"https:\/\/www.letemsvetemapplem.eu\/bazar\/apple-imac-27in-retina-5k-38-ghz-8-core\/","title":{"rendered":"Apple iMac 27in Retina 5K 3,8 GHz 8 Core"},"content":{"rendered":"<p>je nov\u00fd s plnou z\u00e1rukou a \u00fa\u010dtenkou<br \/>\ndod\u00e1n\u00ed k dispozici<\/p>\n<p>n\u011bjak\u00e9 specifikace:<\/p>\n<p>Kapacita SSDC 512 GB<br \/>\nD\u00e9lka v\u00fdrobku 65 cm<br \/>\nNejvhodn\u011bj\u0161\u00ed pro p\u0159\u00edle\u017eitostn\u00e9 v\u00fdpo\u010dty, in\u017een\u00fdrsk\u00e9 k\u00f3dov\u00e1n\u00ed, pr\u016fmysl, kancel\u00e1\u0159, pracovn\u00ed stanice, lehk\u00e9 hry<br \/>\nGPU AMD Radeon Pro 5500 XT 8GB<br \/>\nbarva St\u0159\u00edbrn\u00e1<br \/>\ntvarov\u00fd faktor V\u0161e v jednom<br \/>\nrok vyd\u00e1n\u00ed 2020<br \/>\nV\u00fd\u0161ka v\u00fdrobku 51,6 cm<br \/>\nfunkce Vestav\u011bn\u00fd Bluetooth adapt\u00e9r, Vestav\u011bn\u00e1 kamera, Vestav\u011bn\u00fd mikrofon, Vestav\u011bn\u00e9 reproduktory, Vestav\u011bn\u00fd Wi-Fi adapt\u00e9r<br \/>\nKapacita pevn\u00e9ho disku 512 GB<br \/>\nPo aktualizaci OS Ventura<br \/>\n\u0160\u00ed\u0159ka v\u00fdrobku 20,3 cm<br \/>\nvelikost obrazovky 27 palc\u016f<br \/>\nVelikost RAM 8GB<br \/>\nrychlost procesoru 3,8 GHz<br \/>\nvyp\u00e1lit jablko<br \/>\n\u0158ada Apple iMac<br \/>\nZadejte v\u0161e v jednom<br \/>\nMaxim\u00e1ln\u00ed kapacita RAM 128 GB<br \/>\nmodel iMac 27-palcov\u00fd 5K Retina (2020)<br \/>\nKonektivita USB 3.0, Thunderbolt 3, Ethernet, SDXC, sluch\u00e1tka<br \/>\ntyp \u00falo\u017ei\u0161t\u011b SSD (Solid State Drive)<\/p>\n","protected":false},"excerpt":{"rendered":"<p>je nov\u00fd s plnou z\u00e1rukou a \u00fa\u010dtenkou dod\u00e1n\u00ed k dispozici n\u011bjak\u00e9 specifikace: Kapacita SSDC 512 GB D\u00e9lka v\u00fdrobku 65 cm Nejvhodn\u011bj\u0161\u00ed pro p\u0159\u00edle\u017eitostn\u00e9 v\u00fdpo\u010dty, in\u017een\u00fdrsk\u00e9 k\u00f3dov\u00e1n\u00ed, pr\u016fmysl, kancel\u00e1\u0159, pracovn\u00ed stanice, lehk\u00e9 hry GPU AMD Radeon Pro 5500 XT 8GB barva St\u0159\u00edbrn\u00e1 tvarov\u00fd faktor V\u0161e v jednom rok vyd\u00e1n\u00ed 2020 V\u00fd\u0161ka v\u00fdrobku 51,6 cm funkce Vestav\u011bn\u00fd&#8230;<\/p>\n","protected":false},"author":0,"featured_media":275646,"comment_status":"closed","ping_status":"closed","sticky":false,"template":"","format":"standard","meta":{"footnotes":""},"categories":[41],"tags":[],"class_list":["post-275645","post","type-post","status-publish","format-standard","has-post-thumbnail","hentry","category-imac"],"yoast_head":"<!-- This site is optimized with the Yoast SEO plugin v27.2 - https:\/\/yoast.com\/product\/yoast-seo-wordpress\/ -->\n<title>Apple iMac 27in Retina 5K 3,8 GHz 8 Core - Apple bazar<\/title>\n<meta name=\"robots\" content=\"index, follow, max-snippet:-1, max-image-preview:large, max-video-preview:-1\" \/>\n<link rel=\"canonical\" href=\"https:\/\/www.letemsvetemapplem.eu\/bazar\/apple-imac-27in-retina-5k-38-ghz-8-core\/\" \/>\n<meta property=\"og:locale\" content=\"cs_CZ\" \/>\n<meta property=\"og:type\" content=\"article\" \/>\n<meta property=\"og:title\" content=\"Apple iMac 27in Retina 5K 3,8 GHz 8 Core - Apple bazar\" \/>\n<meta property=\"og:description\" content=\"je nov\u00fd s plnou z\u00e1rukou a \u00fa\u010dtenkou dod\u00e1n\u00ed k dispozici n\u011bjak\u00e9 specifikace: Kapacita SSDC 512 GB D\u00e9lka v\u00fdrobku 65 cm Nejvhodn\u011bj\u0161\u00ed pro p\u0159\u00edle\u017eitostn\u00e9 v\u00fdpo\u010dty, in\u017een\u00fdrsk\u00e9 k\u00f3dov\u00e1n\u00ed, pr\u016fmysl, kancel\u00e1\u0159, pracovn\u00ed stanice, lehk\u00e9 hry GPU AMD Radeon Pro 5500 XT 8GB barva St\u0159\u00edbrn\u00e1 tvarov\u00fd faktor V\u0161e v jednom rok vyd\u00e1n\u00ed 2020 V\u00fd\u0161ka v\u00fdrobku 51,6 cm funkce Vestav\u011bn\u00fd...\" \/>\n<meta property=\"og:url\" content=\"https:\/\/www.letemsvetemapplem.eu\/bazar\/apple-imac-27in-retina-5k-38-ghz-8-core\/\" \/>\n<meta property=\"og:site_name\" content=\"Apple bazar\" \/>\n<meta property=\"article:published_time\" content=\"2023-04-27T11:47:30+00:00\" \/>\n<meta property=\"og:image\" content=\"https:\/\/www.letemsvetemapplem.eu\/bazar\/wp-content\/uploads\/2023\/04\/765871-18.jpg\" \/>\n\t<meta property=\"og:image:width\" content=\"1200\" \/>\n\t<meta property=\"og:image:height\" content=\"1600\" \/>\n\t<meta property=\"og:image:type\" content=\"image\/jpeg\" \/>\n<meta name=\"twitter:card\" content=\"summary_large_image\" \/>\n<script type=\"application\/ld+json\" class=\"yoast-schema-graph\">{\"@context\":\"https:\/\/schema.org\",\"@graph\":[{\"@type\":\"Article\",\"@id\":\"https:\/\/www.letemsvetemapplem.eu\/bazar\/apple-imac-27in-retina-5k-38-ghz-8-core\/#article\",\"isPartOf\":{\"@id\":\"https:\/\/www.letemsvetemapplem.eu\/bazar\/apple-imac-27in-retina-5k-38-ghz-8-core\/\"},\"author\":{\"name\":\"\",\"@id\":\"\"},\"headline\":\"Apple iMac 27in Retina 5K 3,8 GHz 8 Core\",\"datePublished\":\"2023-04-27T11:47:30+00:00\",\"mainEntityOfPage\":{\"@id\":\"https:\/\/www.letemsvetemapplem.eu\/bazar\/apple-imac-27in-retina-5k-38-ghz-8-core\/\"},\"wordCount\":153,\"image\":{\"@id\":\"https:\/\/www.letemsvetemapplem.eu\/bazar\/apple-imac-27in-retina-5k-38-ghz-8-core\/#primaryimage\"},\"thumbnailUrl\":\"https:\/\/www.letemsvetemapplem.eu\/bazar\/wp-content\/uploads\/2023\/04\/765871-18.jpg\",\"articleSection\":[\"iMac\"],\"inLanguage\":\"cs\"},{\"@type\":\"WebPage\",\"@id\":\"https:\/\/www.letemsvetemapplem.eu\/bazar\/apple-imac-27in-retina-5k-38-ghz-8-core\/\",\"url\":\"https:\/\/www.letemsvetemapplem.eu\/bazar\/apple-imac-27in-retina-5k-38-ghz-8-core\/\",\"name\":\"Apple iMac 27in Retina 5K 3,8 GHz 8 Core - Apple bazar\",\"isPartOf\":{\"@id\":\"https:\/\/www.letemsvetemapplem.eu\/bazar\/#website\"},\"primaryImageOfPage\":{\"@id\":\"https:\/\/www.letemsvetemapplem.eu\/bazar\/apple-imac-27in-retina-5k-38-ghz-8-core\/#primaryimage\"},\"image\":{\"@id\":\"https:\/\/www.letemsvetemapplem.eu\/bazar\/apple-imac-27in-retina-5k-38-ghz-8-core\/#primaryimage\"},\"thumbnailUrl\":\"https:\/\/www.letemsvetemapplem.eu\/bazar\/wp-content\/uploads\/2023\/04\/765871-18.jpg\",\"datePublished\":\"2023-04-27T11:47:30+00:00\",\"author\":{\"@id\":\"\"},\"breadcrumb\":{\"@id\":\"https:\/\/www.letemsvetemapplem.eu\/bazar\/apple-imac-27in-retina-5k-38-ghz-8-core\/#breadcrumb\"},\"inLanguage\":\"cs\",\"potentialAction\":[{\"@type\":\"ReadAction\",\"target\":[\"https:\/\/www.letemsvetemapplem.eu\/bazar\/apple-imac-27in-retina-5k-38-ghz-8-core\/\"]}]},{\"@type\":\"ImageObject\",\"inLanguage\":\"cs\",\"@id\":\"https:\/\/www.letemsvetemapplem.eu\/bazar\/apple-imac-27in-retina-5k-38-ghz-8-core\/#primaryimage\",\"url\":\"https:\/\/www.letemsvetemapplem.eu\/bazar\/wp-content\/uploads\/2023\/04\/765871-18.jpg\",\"contentUrl\":\"https:\/\/www.letemsvetemapplem.eu\/bazar\/wp-content\/uploads\/2023\/04\/765871-18.jpg\",\"width\":1200,\"height\":1600},{\"@type\":\"BreadcrumbList\",\"@id\":\"https:\/\/www.letemsvetemapplem.eu\/bazar\/apple-imac-27in-retina-5k-38-ghz-8-core\/#breadcrumb\",\"itemListElement\":[{\"@type\":\"ListItem\",\"position\":1,\"name\":\"Apple Bazar\",\"item\":\"https:\/\/www.letemsvetemapplem.eu\/bazar\/\"},{\"@type\":\"ListItem\",\"position\":2,\"name\":\"Apple iMac 27in Retina 5K 3,8 GHz 8 Core\"}]},{\"@type\":\"WebSite\",\"@id\":\"https:\/\/www.letemsvetemapplem.eu\/bazar\/#website\",\"url\":\"https:\/\/www.letemsvetemapplem.eu\/bazar\/\",\"name\":\"Apple bazar\",\"description\":\"Oou\u017eit\u00e9 Apple produkty za skv\u011bl\u00e9 ceny\",\"potentialAction\":[{\"@type\":\"SearchAction\",\"target\":{\"@type\":\"EntryPoint\",\"urlTemplate\":\"https:\/\/www.letemsvetemapplem.eu\/bazar\/?s={search_term_string}\"},\"query-input\":{\"@type\":\"PropertyValueSpecification\",\"valueRequired\":true,\"valueName\":\"search_term_string\"}}],\"inLanguage\":\"cs\"}]}<\/script>\n<!-- \/ Yoast SEO plugin. -->","yoast_head_json":{"title":"Apple iMac 27in Retina 5K 3,8 GHz 8 Core - Apple bazar","robots":{"index":"index","follow":"follow","max-snippet":"max-snippet:-1","max-image-preview":"max-image-preview:large","max-video-preview":"max-video-preview:-1"},"canonical":"https:\/\/www.letemsvetemapplem.eu\/bazar\/apple-imac-27in-retina-5k-38-ghz-8-core\/","og_locale":"cs_CZ","og_type":"article","og_title":"Apple iMac 27in Retina 5K 3,8 GHz 8 Core - Apple bazar","og_description":"je nov\u00fd s plnou z\u00e1rukou a \u00fa\u010dtenkou dod\u00e1n\u00ed k dispozici n\u011bjak\u00e9 specifikace: Kapacita SSDC 512 GB D\u00e9lka v\u00fdrobku 65 cm Nejvhodn\u011bj\u0161\u00ed pro p\u0159\u00edle\u017eitostn\u00e9 v\u00fdpo\u010dty, in\u017een\u00fdrsk\u00e9 k\u00f3dov\u00e1n\u00ed, pr\u016fmysl, kancel\u00e1\u0159, pracovn\u00ed stanice, lehk\u00e9 hry GPU AMD Radeon Pro 5500 XT 8GB barva St\u0159\u00edbrn\u00e1 tvarov\u00fd faktor V\u0161e v jednom rok vyd\u00e1n\u00ed 2020 V\u00fd\u0161ka v\u00fdrobku 51,6 cm funkce Vestav\u011bn\u00fd...","og_url":"https:\/\/www.letemsvetemapplem.eu\/bazar\/apple-imac-27in-retina-5k-38-ghz-8-core\/","og_site_name":"Apple bazar","article_published_time":"2023-04-27T11:47:30+00:00","og_image":[{"width":1200,"height":1600,"url":"https:\/\/www.letemsvetemapplem.eu\/bazar\/wp-content\/uploads\/2023\/04\/765871-18.jpg","type":"image\/jpeg"}],"twitter_card":"summary_large_image","schema":{"@context":"https:\/\/schema.org","@graph":[{"@type":"Article","@id":"https:\/\/www.letemsvetemapplem.eu\/bazar\/apple-imac-27in-retina-5k-38-ghz-8-core\/#article","isPartOf":{"@id":"https:\/\/www.letemsvetemapplem.eu\/bazar\/apple-imac-27in-retina-5k-38-ghz-8-core\/"},"author":{"name":"","@id":""},"headline":"Apple iMac 27in Retina 5K 3,8 GHz 8 Core","datePublished":"2023-04-27T11:47:30+00:00","mainEntityOfPage":{"@id":"https:\/\/www.letemsvetemapplem.eu\/bazar\/apple-imac-27in-retina-5k-38-ghz-8-core\/"},"wordCount":153,"image":{"@id":"https:\/\/www.letemsvetemapplem.eu\/bazar\/apple-imac-27in-retina-5k-38-ghz-8-core\/#primaryimage"},"thumbnailUrl":"https:\/\/www.letemsvetemapplem.eu\/bazar\/wp-content\/uploads\/2023\/04\/765871-18.jpg","articleSection":["iMac"],"inLanguage":"cs"},{"@type":"WebPage","@id":"https:\/\/www.letemsvetemapplem.eu\/bazar\/apple-imac-27in-retina-5k-38-ghz-8-core\/","url":"https:\/\/www.letemsvetemapplem.eu\/bazar\/apple-imac-27in-retina-5k-38-ghz-8-core\/","name":"Apple iMac 27in Retina 5K 3,8 GHz 8 Core - Apple bazar","isPartOf":{"@id":"https:\/\/www.letemsvetemapplem.eu\/bazar\/#website"},"primaryImageOfPage":{"@id":"https:\/\/www.letemsvetemapplem.eu\/bazar\/apple-imac-27in-retina-5k-38-ghz-8-core\/#primaryimage"},"image":{"@id":"https:\/\/www.letemsvetemapplem.eu\/bazar\/apple-imac-27in-retina-5k-38-ghz-8-core\/#primaryimage"},"thumbnailUrl":"https:\/\/www.letemsvetemapplem.eu\/bazar\/wp-content\/uploads\/2023\/04\/765871-18.jpg","datePublished":"2023-04-27T11:47:30+00:00","author":{"@id":""},"breadcrumb":{"@id":"https:\/\/www.letemsvetemapplem.eu\/bazar\/apple-imac-27in-retina-5k-38-ghz-8-core\/#breadcrumb"},"inLanguage":"cs","potentialAction":[{"@type":"ReadAction","target":["https:\/\/www.letemsvetemapplem.eu\/bazar\/apple-imac-27in-retina-5k-38-ghz-8-core\/"]}]},{"@type":"ImageObject","inLanguage":"cs","@id":"https:\/\/www.letemsvetemapplem.eu\/bazar\/apple-imac-27in-retina-5k-38-ghz-8-core\/#primaryimage","url":"https:\/\/www.letemsvetemapplem.eu\/bazar\/wp-content\/uploads\/2023\/04\/765871-18.jpg","contentUrl":"https:\/\/www.letemsvetemapplem.eu\/bazar\/wp-content\/uploads\/2023\/04\/765871-18.jpg","width":1200,"height":1600},{"@type":"BreadcrumbList","@id":"https:\/\/www.letemsvetemapplem.eu\/bazar\/apple-imac-27in-retina-5k-38-ghz-8-core\/#breadcrumb","itemListElement":[{"@type":"ListItem","position":1,"name":"Apple Bazar","item":"https:\/\/www.letemsvetemapplem.eu\/bazar\/"},{"@type":"ListItem","position":2,"name":"Apple iMac 27in Retina 5K 3,8 GHz 8 Core"}]},{"@type":"WebSite","@id":"https:\/\/www.letemsvetemapplem.eu\/bazar\/#website","url":"https:\/\/www.letemsvetemapplem.eu\/bazar\/","name":"Apple bazar","description":"Oou\u017eit\u00e9 Apple produkty za skv\u011bl\u00e9 ceny","potentialAction":[{"@type":"SearchAction","target":{"@type":"EntryPoint","urlTemplate":"https:\/\/www.letemsvetemapplem.eu\/bazar\/?s={search_term_string}"},"query-input":{"@type":"PropertyValueSpecification","valueRequired":true,"valueName":"search_term_string"}}],"inLanguage":"cs"}]}},"_links":{"self":[{"href":"https:\/\/www.letemsvetemapplem.eu\/bazar\/wp-json\/wp\/v2\/posts\/275645","targetHints":{"allow":["GET"]}}],"collection":[{"href":"https:\/\/www.letemsvetemapplem.eu\/bazar\/wp-json\/wp\/v2\/posts"}],"about":[{"href":"https:\/\/www.letemsvetemapplem.eu\/bazar\/wp-json\/wp\/v2\/types\/post"}],"replies":[{"embeddable":true,"href":"https:\/\/www.letemsvetemapplem.eu\/bazar\/wp-json\/wp\/v2\/comments?post=275645"}],"version-history":[{"count":1,"href":"https:\/\/www.letemsvetemapplem.eu\/bazar\/wp-json\/wp\/v2\/posts\/275645\/revisions"}],"predecessor-version":[{"id":275650,"href":"https:\/\/www.letemsvetemapplem.eu\/bazar\/wp-json\/wp\/v2\/posts\/275645\/revisions\/275650"}],"wp:featuredmedia":[{"embeddable":true,"href":"https:\/\/www.letemsvetemapplem.eu\/bazar\/wp-json\/wp\/v2\/media\/275646"}],"wp:attachment":[{"href":"https:\/\/www.letemsvetemapplem.eu\/bazar\/wp-json\/wp\/v2\/media?parent=275645"}],"wp:term":[{"taxonomy":"category","embeddable":true,"href":"https:\/\/www.letemsvetemapplem.eu\/bazar\/wp-json\/wp\/v2\/categories?post=275645"},{"taxonomy":"post_tag","embeddable":true,"href":"https:\/\/www.letemsvetemapplem.eu\/bazar\/wp-json\/wp\/v2\/tags?post=275645"}],"curies":[{"name":"wp","href":"https:\/\/api.w.org\/{rel}","templated":true}]}}