{"id":274986,"date":"2023-04-11T11:16:06","date_gmt":"2023-04-11T10:16:06","guid":{"rendered":"https:\/\/www.letemsvetemapplem.eu\/bazar\/?p=274986"},"modified":"2023-04-11T11:16:06","modified_gmt":"2023-04-11T10:16:06","slug":"apple-imac-retina-4k-215-novinka","status":"publish","type":"post","link":"https:\/\/www.letemsvetemapplem.eu\/bazar\/apple-imac-retina-4k-215-novinka\/","title":{"rendered":"APPLE IMAC \u2013 RETINA 4K 21,5\u201d (NOVINKA)"},"content":{"rendered":"<p>Je nov\u00fd a p\u0159ich\u00e1z\u00ed s plnou z\u00e1rukou, k dispozici 4 kusy<br \/>\nmo\u017enost doru\u010den\u00ed,<br \/>\nnesmlouvav\u00fd,<\/p>\n<p>\u010dek\u00e1m na va\u0161e nab\u00eddky,<\/p>\n<p>technick\u00e9 specifikace:<\/p>\n<p>Typ hlavn\u00edho \u00falo\u017ei\u0161t\u011b disku<br \/>\nHlavn\u00ed kapacita disku 1TB<br \/>\nGrafick\u00fd procesor AMD Radeon Pro 560X<br \/>\nKonektivita HDMI, USB 3.0, USB-C<br \/>\nvelikost obrazovky 21,5&quot;<br \/>\nprocesor Intel Core i5 8. gen.<br \/>\nTyp stoln\u00edho po\u010d\u00edta\u010de<br \/>\nNejl\u00e9pe se hod\u00ed pro seri\u00f3zn\u00ed hru, kancel\u00e1\u0159<br \/>\nVelikost pam\u011bti RAM 8 GB<br \/>\nOpera\u010dn\u00ed syst\u00e9my macOS 10.14, Mojave<br \/>\nVlastnosti Integrovan\u00fd adapt\u00e9r Bluetooth, integrovan\u00fd adapt\u00e9r Wi-Fi, integrovan\u00e1 kamera, integrovan\u00e1 \u0159ada skinSeries<br \/>\nApple iMac<br \/>\nModely APPLE IMAC<br \/>\nzna\u010dka Apple<\/p>\n","protected":false},"excerpt":{"rendered":"<p>Je nov\u00fd a p\u0159ich\u00e1z\u00ed s plnou z\u00e1rukou, k dispozici 4 kusy mo\u017enost doru\u010den\u00ed, nesmlouvav\u00fd, \u010dek\u00e1m na va\u0161e nab\u00eddky, technick\u00e9 specifikace: Typ hlavn\u00edho \u00falo\u017ei\u0161t\u011b disku Hlavn\u00ed kapacita disku 1TB Grafick\u00fd procesor AMD Radeon Pro 560X Konektivita HDMI, USB 3.0, USB-C velikost obrazovky 21,5&quot; procesor Intel Core i5 8. gen. Typ stoln\u00edho po\u010d\u00edta\u010de Nejl\u00e9pe se hod\u00ed pro&#8230;<\/p>\n","protected":false},"author":0,"featured_media":274987,"comment_status":"closed","ping_status":"closed","sticky":false,"template":"","format":"standard","meta":{"footnotes":""},"categories":[41],"tags":[],"class_list":["post-274986","post","type-post","status-publish","format-standard","has-post-thumbnail","hentry","category-imac"],"yoast_head":"<!-- This site is optimized with the Yoast SEO plugin v27.2 - https:\/\/yoast.com\/product\/yoast-seo-wordpress\/ -->\n<title>APPLE IMAC \u2013 RETINA 4K 21,5\u201d (NOVINKA) - Apple bazar<\/title>\n<meta name=\"robots\" content=\"index, follow, max-snippet:-1, max-image-preview:large, max-video-preview:-1\" \/>\n<link rel=\"canonical\" href=\"https:\/\/www.letemsvetemapplem.eu\/bazar\/apple-imac-retina-4k-215-novinka\/\" \/>\n<meta property=\"og:locale\" content=\"cs_CZ\" \/>\n<meta property=\"og:type\" content=\"article\" \/>\n<meta property=\"og:title\" content=\"APPLE IMAC \u2013 RETINA 4K 21,5\u201d (NOVINKA) - Apple bazar\" \/>\n<meta property=\"og:description\" content=\"Je nov\u00fd a p\u0159ich\u00e1z\u00ed s plnou z\u00e1rukou, k dispozici 4 kusy mo\u017enost doru\u010den\u00ed, nesmlouvav\u00fd, \u010dek\u00e1m na va\u0161e nab\u00eddky, technick\u00e9 specifikace: Typ hlavn\u00edho \u00falo\u017ei\u0161t\u011b disku Hlavn\u00ed kapacita disku 1TB Grafick\u00fd procesor AMD Radeon Pro 560X Konektivita HDMI, USB 3.0, USB-C velikost obrazovky 21,5&quot; procesor Intel Core i5 8. gen. Typ stoln\u00edho po\u010d\u00edta\u010de Nejl\u00e9pe se hod\u00ed pro...\" \/>\n<meta property=\"og:url\" content=\"https:\/\/www.letemsvetemapplem.eu\/bazar\/apple-imac-retina-4k-215-novinka\/\" \/>\n<meta property=\"og:site_name\" content=\"Apple bazar\" \/>\n<meta property=\"article:published_time\" content=\"2023-04-11T10:16:06+00:00\" \/>\n<meta property=\"og:image\" content=\"https:\/\/www.letemsvetemapplem.eu\/bazar\/wp-content\/uploads\/2023\/04\/765871-2.jpg\" \/>\n\t<meta property=\"og:image:width\" content=\"1562\" \/>\n\t<meta property=\"og:image:height\" content=\"1600\" \/>\n\t<meta property=\"og:image:type\" content=\"image\/jpeg\" \/>\n<meta name=\"twitter:card\" content=\"summary_large_image\" \/>\n<script type=\"application\/ld+json\" class=\"yoast-schema-graph\">{\"@context\":\"https:\/\/schema.org\",\"@graph\":[{\"@type\":\"Article\",\"@id\":\"https:\/\/www.letemsvetemapplem.eu\/bazar\/apple-imac-retina-4k-215-novinka\/#article\",\"isPartOf\":{\"@id\":\"https:\/\/www.letemsvetemapplem.eu\/bazar\/apple-imac-retina-4k-215-novinka\/\"},\"author\":{\"name\":\"\",\"@id\":\"\"},\"headline\":\"APPLE IMAC \u2013 RETINA 4K 21,5\u201d (NOVINKA)\",\"datePublished\":\"2023-04-11T10:16:06+00:00\",\"mainEntityOfPage\":{\"@id\":\"https:\/\/www.letemsvetemapplem.eu\/bazar\/apple-imac-retina-4k-215-novinka\/\"},\"wordCount\":109,\"image\":{\"@id\":\"https:\/\/www.letemsvetemapplem.eu\/bazar\/apple-imac-retina-4k-215-novinka\/#primaryimage\"},\"thumbnailUrl\":\"https:\/\/www.letemsvetemapplem.eu\/bazar\/wp-content\/uploads\/2023\/04\/765871-2.jpg\",\"articleSection\":[\"iMac\"],\"inLanguage\":\"cs\"},{\"@type\":\"WebPage\",\"@id\":\"https:\/\/www.letemsvetemapplem.eu\/bazar\/apple-imac-retina-4k-215-novinka\/\",\"url\":\"https:\/\/www.letemsvetemapplem.eu\/bazar\/apple-imac-retina-4k-215-novinka\/\",\"name\":\"APPLE IMAC \u2013 RETINA 4K 21,5\u201d (NOVINKA) - Apple bazar\",\"isPartOf\":{\"@id\":\"https:\/\/www.letemsvetemapplem.eu\/bazar\/#website\"},\"primaryImageOfPage\":{\"@id\":\"https:\/\/www.letemsvetemapplem.eu\/bazar\/apple-imac-retina-4k-215-novinka\/#primaryimage\"},\"image\":{\"@id\":\"https:\/\/www.letemsvetemapplem.eu\/bazar\/apple-imac-retina-4k-215-novinka\/#primaryimage\"},\"thumbnailUrl\":\"https:\/\/www.letemsvetemapplem.eu\/bazar\/wp-content\/uploads\/2023\/04\/765871-2.jpg\",\"datePublished\":\"2023-04-11T10:16:06+00:00\",\"author\":{\"@id\":\"\"},\"breadcrumb\":{\"@id\":\"https:\/\/www.letemsvetemapplem.eu\/bazar\/apple-imac-retina-4k-215-novinka\/#breadcrumb\"},\"inLanguage\":\"cs\",\"potentialAction\":[{\"@type\":\"ReadAction\",\"target\":[\"https:\/\/www.letemsvetemapplem.eu\/bazar\/apple-imac-retina-4k-215-novinka\/\"]}]},{\"@type\":\"ImageObject\",\"inLanguage\":\"cs\",\"@id\":\"https:\/\/www.letemsvetemapplem.eu\/bazar\/apple-imac-retina-4k-215-novinka\/#primaryimage\",\"url\":\"https:\/\/www.letemsvetemapplem.eu\/bazar\/wp-content\/uploads\/2023\/04\/765871-2.jpg\",\"contentUrl\":\"https:\/\/www.letemsvetemapplem.eu\/bazar\/wp-content\/uploads\/2023\/04\/765871-2.jpg\",\"width\":1562,\"height\":1600},{\"@type\":\"BreadcrumbList\",\"@id\":\"https:\/\/www.letemsvetemapplem.eu\/bazar\/apple-imac-retina-4k-215-novinka\/#breadcrumb\",\"itemListElement\":[{\"@type\":\"ListItem\",\"position\":1,\"name\":\"Apple Bazar\",\"item\":\"https:\/\/www.letemsvetemapplem.eu\/bazar\/\"},{\"@type\":\"ListItem\",\"position\":2,\"name\":\"APPLE IMAC \u2013 RETINA 4K 21,5\u201d (NOVINKA)\"}]},{\"@type\":\"WebSite\",\"@id\":\"https:\/\/www.letemsvetemapplem.eu\/bazar\/#website\",\"url\":\"https:\/\/www.letemsvetemapplem.eu\/bazar\/\",\"name\":\"Apple bazar\",\"description\":\"Oou\u017eit\u00e9 Apple produkty za skv\u011bl\u00e9 ceny\",\"potentialAction\":[{\"@type\":\"SearchAction\",\"target\":{\"@type\":\"EntryPoint\",\"urlTemplate\":\"https:\/\/www.letemsvetemapplem.eu\/bazar\/?s={search_term_string}\"},\"query-input\":{\"@type\":\"PropertyValueSpecification\",\"valueRequired\":true,\"valueName\":\"search_term_string\"}}],\"inLanguage\":\"cs\"}]}<\/script>\n<!-- \/ Yoast SEO plugin. -->","yoast_head_json":{"title":"APPLE IMAC \u2013 RETINA 4K 21,5\u201d (NOVINKA) - Apple bazar","robots":{"index":"index","follow":"follow","max-snippet":"max-snippet:-1","max-image-preview":"max-image-preview:large","max-video-preview":"max-video-preview:-1"},"canonical":"https:\/\/www.letemsvetemapplem.eu\/bazar\/apple-imac-retina-4k-215-novinka\/","og_locale":"cs_CZ","og_type":"article","og_title":"APPLE IMAC \u2013 RETINA 4K 21,5\u201d (NOVINKA) - Apple bazar","og_description":"Je nov\u00fd a p\u0159ich\u00e1z\u00ed s plnou z\u00e1rukou, k dispozici 4 kusy mo\u017enost doru\u010den\u00ed, nesmlouvav\u00fd, \u010dek\u00e1m na va\u0161e nab\u00eddky, technick\u00e9 specifikace: Typ hlavn\u00edho \u00falo\u017ei\u0161t\u011b disku Hlavn\u00ed kapacita disku 1TB Grafick\u00fd procesor AMD Radeon Pro 560X Konektivita HDMI, USB 3.0, USB-C velikost obrazovky 21,5&quot; procesor Intel Core i5 8. gen. Typ stoln\u00edho po\u010d\u00edta\u010de Nejl\u00e9pe se hod\u00ed pro...","og_url":"https:\/\/www.letemsvetemapplem.eu\/bazar\/apple-imac-retina-4k-215-novinka\/","og_site_name":"Apple bazar","article_published_time":"2023-04-11T10:16:06+00:00","og_image":[{"width":1562,"height":1600,"url":"https:\/\/www.letemsvetemapplem.eu\/bazar\/wp-content\/uploads\/2023\/04\/765871-2.jpg","type":"image\/jpeg"}],"twitter_card":"summary_large_image","schema":{"@context":"https:\/\/schema.org","@graph":[{"@type":"Article","@id":"https:\/\/www.letemsvetemapplem.eu\/bazar\/apple-imac-retina-4k-215-novinka\/#article","isPartOf":{"@id":"https:\/\/www.letemsvetemapplem.eu\/bazar\/apple-imac-retina-4k-215-novinka\/"},"author":{"name":"","@id":""},"headline":"APPLE IMAC \u2013 RETINA 4K 21,5\u201d (NOVINKA)","datePublished":"2023-04-11T10:16:06+00:00","mainEntityOfPage":{"@id":"https:\/\/www.letemsvetemapplem.eu\/bazar\/apple-imac-retina-4k-215-novinka\/"},"wordCount":109,"image":{"@id":"https:\/\/www.letemsvetemapplem.eu\/bazar\/apple-imac-retina-4k-215-novinka\/#primaryimage"},"thumbnailUrl":"https:\/\/www.letemsvetemapplem.eu\/bazar\/wp-content\/uploads\/2023\/04\/765871-2.jpg","articleSection":["iMac"],"inLanguage":"cs"},{"@type":"WebPage","@id":"https:\/\/www.letemsvetemapplem.eu\/bazar\/apple-imac-retina-4k-215-novinka\/","url":"https:\/\/www.letemsvetemapplem.eu\/bazar\/apple-imac-retina-4k-215-novinka\/","name":"APPLE IMAC \u2013 RETINA 4K 21,5\u201d (NOVINKA) - Apple bazar","isPartOf":{"@id":"https:\/\/www.letemsvetemapplem.eu\/bazar\/#website"},"primaryImageOfPage":{"@id":"https:\/\/www.letemsvetemapplem.eu\/bazar\/apple-imac-retina-4k-215-novinka\/#primaryimage"},"image":{"@id":"https:\/\/www.letemsvetemapplem.eu\/bazar\/apple-imac-retina-4k-215-novinka\/#primaryimage"},"thumbnailUrl":"https:\/\/www.letemsvetemapplem.eu\/bazar\/wp-content\/uploads\/2023\/04\/765871-2.jpg","datePublished":"2023-04-11T10:16:06+00:00","author":{"@id":""},"breadcrumb":{"@id":"https:\/\/www.letemsvetemapplem.eu\/bazar\/apple-imac-retina-4k-215-novinka\/#breadcrumb"},"inLanguage":"cs","potentialAction":[{"@type":"ReadAction","target":["https:\/\/www.letemsvetemapplem.eu\/bazar\/apple-imac-retina-4k-215-novinka\/"]}]},{"@type":"ImageObject","inLanguage":"cs","@id":"https:\/\/www.letemsvetemapplem.eu\/bazar\/apple-imac-retina-4k-215-novinka\/#primaryimage","url":"https:\/\/www.letemsvetemapplem.eu\/bazar\/wp-content\/uploads\/2023\/04\/765871-2.jpg","contentUrl":"https:\/\/www.letemsvetemapplem.eu\/bazar\/wp-content\/uploads\/2023\/04\/765871-2.jpg","width":1562,"height":1600},{"@type":"BreadcrumbList","@id":"https:\/\/www.letemsvetemapplem.eu\/bazar\/apple-imac-retina-4k-215-novinka\/#breadcrumb","itemListElement":[{"@type":"ListItem","position":1,"name":"Apple Bazar","item":"https:\/\/www.letemsvetemapplem.eu\/bazar\/"},{"@type":"ListItem","position":2,"name":"APPLE IMAC \u2013 RETINA 4K 21,5\u201d (NOVINKA)"}]},{"@type":"WebSite","@id":"https:\/\/www.letemsvetemapplem.eu\/bazar\/#website","url":"https:\/\/www.letemsvetemapplem.eu\/bazar\/","name":"Apple bazar","description":"Oou\u017eit\u00e9 Apple produkty za skv\u011bl\u00e9 ceny","potentialAction":[{"@type":"SearchAction","target":{"@type":"EntryPoint","urlTemplate":"https:\/\/www.letemsvetemapplem.eu\/bazar\/?s={search_term_string}"},"query-input":{"@type":"PropertyValueSpecification","valueRequired":true,"valueName":"search_term_string"}}],"inLanguage":"cs"}]}},"_links":{"self":[{"href":"https:\/\/www.letemsvetemapplem.eu\/bazar\/wp-json\/wp\/v2\/posts\/274986","targetHints":{"allow":["GET"]}}],"collection":[{"href":"https:\/\/www.letemsvetemapplem.eu\/bazar\/wp-json\/wp\/v2\/posts"}],"about":[{"href":"https:\/\/www.letemsvetemapplem.eu\/bazar\/wp-json\/wp\/v2\/types\/post"}],"replies":[{"embeddable":true,"href":"https:\/\/www.letemsvetemapplem.eu\/bazar\/wp-json\/wp\/v2\/comments?post=274986"}],"version-history":[{"count":1,"href":"https:\/\/www.letemsvetemapplem.eu\/bazar\/wp-json\/wp\/v2\/posts\/274986\/revisions"}],"predecessor-version":[{"id":274994,"href":"https:\/\/www.letemsvetemapplem.eu\/bazar\/wp-json\/wp\/v2\/posts\/274986\/revisions\/274994"}],"wp:featuredmedia":[{"embeddable":true,"href":"https:\/\/www.letemsvetemapplem.eu\/bazar\/wp-json\/wp\/v2\/media\/274987"}],"wp:attachment":[{"href":"https:\/\/www.letemsvetemapplem.eu\/bazar\/wp-json\/wp\/v2\/media?parent=274986"}],"wp:term":[{"taxonomy":"category","embeddable":true,"href":"https:\/\/www.letemsvetemapplem.eu\/bazar\/wp-json\/wp\/v2\/categories?post=274986"},{"taxonomy":"post_tag","embeddable":true,"href":"https:\/\/www.letemsvetemapplem.eu\/bazar\/wp-json\/wp\/v2\/tags?post=274986"}],"curies":[{"name":"wp","href":"https:\/\/api.w.org\/{rel}","templated":true}]}}