{"id":274822,"date":"2023-04-05T21:26:50","date_gmt":"2023-04-05T20:26:50","guid":{"rendered":"https:\/\/www.letemsvetemapplem.eu\/bazar\/?p=274822"},"modified":"2023-04-05T21:26:50","modified_gmt":"2023-04-05T20:26:50","slug":"zlaty-iphone-12-pro-128-gb-v-zaruce","status":"publish","type":"post","link":"https:\/\/www.letemsvetemapplem.eu\/bazar\/zlaty-iphone-12-pro-128-gb-v-zaruce\/","title":{"rendered":"Zlat\u00fd Iphone 12 Pro 128 GB v z\u00e1ruce"},"content":{"rendered":"<p>Prod\u00e1m nepou\u017e\u00edvan\u00fd zlat\u00fd Iphone 12 Pro 128 GB cena V\u010cETN\u011a  p\u0159\u00edslu\u0161enstv\u00ed, nab\u00edje\u010dky, sluch\u00e1tek a kabelu. V\u0161e v p\u016fvodn\u00edm balen\u00ed, je\u0161t\u011b v z\u00e1ruce, v perfektn\u00edm stavu. Byl schovan\u00fd v \u0161upl\u00edku jako \u0161perk a \u010dek\u00e1 na nov\u00e9ho majitele \u010di majitelku. Preferuji rychl\u00e9 jedn\u00e1n\u00ed.Mo\u017enost osobn\u00edho p\u0159ed\u00e1n\u00ed kdekoliv v Praze.Platba v hotovosti pri p\u0159ed\u00e1n\u00ed.<\/p>\n","protected":false},"excerpt":{"rendered":"<p>Prod\u00e1m nepou\u017e\u00edvan\u00fd zlat\u00fd Iphone 12 Pro 128 GB cena V\u010cETN\u011a p\u0159\u00edslu\u0161enstv\u00ed, nab\u00edje\u010dky, sluch\u00e1tek a kabelu. V\u0161e v p\u016fvodn\u00edm balen\u00ed, je\u0161t\u011b v z\u00e1ruce, v perfektn\u00edm stavu. Byl schovan\u00fd v \u0161upl\u00edku jako \u0161perk a \u010dek\u00e1 na nov\u00e9ho majitele \u010di majitelku. Preferuji rychl\u00e9 jedn\u00e1n\u00ed.Mo\u017enost osobn\u00edho p\u0159ed\u00e1n\u00ed kdekoliv v Praze.Platba v hotovosti pri p\u0159ed\u00e1n\u00ed.<\/p>\n","protected":false},"author":0,"featured_media":274823,"comment_status":"closed","ping_status":"closed","sticky":false,"template":"","format":"standard","meta":{"footnotes":""},"categories":[118],"tags":[],"class_list":["post-274822","post","type-post","status-publish","format-standard","has-post-thumbnail","hentry","category-iphone-12-pro"],"yoast_head":"<!-- This site is optimized with the Yoast SEO plugin v27.5 - https:\/\/yoast.com\/product\/yoast-seo-wordpress\/ -->\n<title>Zlat\u00fd Iphone 12 Pro 128 GB v z\u00e1ruce - Apple bazar<\/title>\n<meta name=\"robots\" content=\"index, follow, max-snippet:-1, max-image-preview:large, max-video-preview:-1\" \/>\n<link rel=\"canonical\" href=\"https:\/\/www.letemsvetemapplem.eu\/bazar\/zlaty-iphone-12-pro-128-gb-v-zaruce\/\" \/>\n<meta property=\"og:locale\" content=\"cs_CZ\" \/>\n<meta property=\"og:type\" content=\"article\" \/>\n<meta property=\"og:title\" content=\"Zlat\u00fd Iphone 12 Pro 128 GB v z\u00e1ruce - Apple bazar\" \/>\n<meta property=\"og:description\" content=\"Prod\u00e1m nepou\u017e\u00edvan\u00fd zlat\u00fd Iphone 12 Pro 128 GB cena V\u010cETN\u011a p\u0159\u00edslu\u0161enstv\u00ed, nab\u00edje\u010dky, sluch\u00e1tek a kabelu. V\u0161e v p\u016fvodn\u00edm balen\u00ed, je\u0161t\u011b v z\u00e1ruce, v perfektn\u00edm stavu. Byl schovan\u00fd v \u0161upl\u00edku jako \u0161perk a \u010dek\u00e1 na nov\u00e9ho majitele \u010di majitelku. Preferuji rychl\u00e9 jedn\u00e1n\u00ed.Mo\u017enost osobn\u00edho p\u0159ed\u00e1n\u00ed kdekoliv v Praze.Platba v hotovosti pri p\u0159ed\u00e1n\u00ed.\" \/>\n<meta property=\"og:url\" content=\"https:\/\/www.letemsvetemapplem.eu\/bazar\/zlaty-iphone-12-pro-128-gb-v-zaruce\/\" \/>\n<meta property=\"og:site_name\" content=\"Apple bazar\" \/>\n<meta property=\"article:published_time\" content=\"2023-04-05T20:26:50+00:00\" \/>\n<meta property=\"og:image\" content=\"https:\/\/www.letemsvetemapplem.eu\/bazar\/wp-content\/uploads\/2023\/04\/iphone-12-pro-gold.jpg\" \/>\n\t<meta property=\"og:image:width\" content=\"1600\" \/>\n\t<meta property=\"og:image:height\" content=\"939\" \/>\n\t<meta property=\"og:image:type\" content=\"image\/jpeg\" \/>\n<meta name=\"twitter:card\" content=\"summary_large_image\" \/>\n<script type=\"application\/ld+json\" class=\"yoast-schema-graph\">{\"@context\":\"https:\\\/\\\/schema.org\",\"@graph\":[{\"@type\":\"Article\",\"@id\":\"https:\\\/\\\/www.letemsvetemapplem.eu\\\/bazar\\\/zlaty-iphone-12-pro-128-gb-v-zaruce\\\/#article\",\"isPartOf\":{\"@id\":\"https:\\\/\\\/www.letemsvetemapplem.eu\\\/bazar\\\/zlaty-iphone-12-pro-128-gb-v-zaruce\\\/\"},\"author\":{\"name\":\"\",\"@id\":\"\"},\"headline\":\"Zlat\u00fd Iphone 12 Pro 128 GB v z\u00e1ruce\",\"datePublished\":\"2023-04-05T20:26:50+00:00\",\"mainEntityOfPage\":{\"@id\":\"https:\\\/\\\/www.letemsvetemapplem.eu\\\/bazar\\\/zlaty-iphone-12-pro-128-gb-v-zaruce\\\/\"},\"wordCount\":80,\"image\":{\"@id\":\"https:\\\/\\\/www.letemsvetemapplem.eu\\\/bazar\\\/zlaty-iphone-12-pro-128-gb-v-zaruce\\\/#primaryimage\"},\"thumbnailUrl\":\"https:\\\/\\\/www.letemsvetemapplem.eu\\\/bazar\\\/wp-content\\\/uploads\\\/2023\\\/04\\\/iphone-12-pro-gold.jpg\",\"articleSection\":[\"iPhone 12 Pro\"],\"inLanguage\":\"cs\"},{\"@type\":\"WebPage\",\"@id\":\"https:\\\/\\\/www.letemsvetemapplem.eu\\\/bazar\\\/zlaty-iphone-12-pro-128-gb-v-zaruce\\\/\",\"url\":\"https:\\\/\\\/www.letemsvetemapplem.eu\\\/bazar\\\/zlaty-iphone-12-pro-128-gb-v-zaruce\\\/\",\"name\":\"Zlat\u00fd Iphone 12 Pro 128 GB v z\u00e1ruce - Apple bazar\",\"isPartOf\":{\"@id\":\"https:\\\/\\\/www.letemsvetemapplem.eu\\\/bazar\\\/#website\"},\"primaryImageOfPage\":{\"@id\":\"https:\\\/\\\/www.letemsvetemapplem.eu\\\/bazar\\\/zlaty-iphone-12-pro-128-gb-v-zaruce\\\/#primaryimage\"},\"image\":{\"@id\":\"https:\\\/\\\/www.letemsvetemapplem.eu\\\/bazar\\\/zlaty-iphone-12-pro-128-gb-v-zaruce\\\/#primaryimage\"},\"thumbnailUrl\":\"https:\\\/\\\/www.letemsvetemapplem.eu\\\/bazar\\\/wp-content\\\/uploads\\\/2023\\\/04\\\/iphone-12-pro-gold.jpg\",\"datePublished\":\"2023-04-05T20:26:50+00:00\",\"author\":{\"@id\":\"\"},\"breadcrumb\":{\"@id\":\"https:\\\/\\\/www.letemsvetemapplem.eu\\\/bazar\\\/zlaty-iphone-12-pro-128-gb-v-zaruce\\\/#breadcrumb\"},\"inLanguage\":\"cs\",\"potentialAction\":[{\"@type\":\"ReadAction\",\"target\":[\"https:\\\/\\\/www.letemsvetemapplem.eu\\\/bazar\\\/zlaty-iphone-12-pro-128-gb-v-zaruce\\\/\"]}]},{\"@type\":\"ImageObject\",\"inLanguage\":\"cs\",\"@id\":\"https:\\\/\\\/www.letemsvetemapplem.eu\\\/bazar\\\/zlaty-iphone-12-pro-128-gb-v-zaruce\\\/#primaryimage\",\"url\":\"https:\\\/\\\/www.letemsvetemapplem.eu\\\/bazar\\\/wp-content\\\/uploads\\\/2023\\\/04\\\/iphone-12-pro-gold.jpg\",\"contentUrl\":\"https:\\\/\\\/www.letemsvetemapplem.eu\\\/bazar\\\/wp-content\\\/uploads\\\/2023\\\/04\\\/iphone-12-pro-gold.jpg\",\"width\":1600,\"height\":939},{\"@type\":\"BreadcrumbList\",\"@id\":\"https:\\\/\\\/www.letemsvetemapplem.eu\\\/bazar\\\/zlaty-iphone-12-pro-128-gb-v-zaruce\\\/#breadcrumb\",\"itemListElement\":[{\"@type\":\"ListItem\",\"position\":1,\"name\":\"Apple Bazar\",\"item\":\"https:\\\/\\\/www.letemsvetemapplem.eu\\\/bazar\\\/\"},{\"@type\":\"ListItem\",\"position\":2,\"name\":\"Zlat\u00fd Iphone 12 Pro 128 GB v z\u00e1ruce\"}]},{\"@type\":\"WebSite\",\"@id\":\"https:\\\/\\\/www.letemsvetemapplem.eu\\\/bazar\\\/#website\",\"url\":\"https:\\\/\\\/www.letemsvetemapplem.eu\\\/bazar\\\/\",\"name\":\"Apple bazar\",\"description\":\"Oou\u017eit\u00e9 Apple produkty za skv\u011bl\u00e9 ceny\",\"potentialAction\":[{\"@type\":\"SearchAction\",\"target\":{\"@type\":\"EntryPoint\",\"urlTemplate\":\"https:\\\/\\\/www.letemsvetemapplem.eu\\\/bazar\\\/?s={search_term_string}\"},\"query-input\":{\"@type\":\"PropertyValueSpecification\",\"valueRequired\":true,\"valueName\":\"search_term_string\"}}],\"inLanguage\":\"cs\"}]}<\/script>\n<!-- \/ Yoast SEO plugin. -->","yoast_head_json":{"title":"Zlat\u00fd Iphone 12 Pro 128 GB v z\u00e1ruce - Apple bazar","robots":{"index":"index","follow":"follow","max-snippet":"max-snippet:-1","max-image-preview":"max-image-preview:large","max-video-preview":"max-video-preview:-1"},"canonical":"https:\/\/www.letemsvetemapplem.eu\/bazar\/zlaty-iphone-12-pro-128-gb-v-zaruce\/","og_locale":"cs_CZ","og_type":"article","og_title":"Zlat\u00fd Iphone 12 Pro 128 GB v z\u00e1ruce - Apple bazar","og_description":"Prod\u00e1m nepou\u017e\u00edvan\u00fd zlat\u00fd Iphone 12 Pro 128 GB cena V\u010cETN\u011a p\u0159\u00edslu\u0161enstv\u00ed, nab\u00edje\u010dky, sluch\u00e1tek a kabelu. V\u0161e v p\u016fvodn\u00edm balen\u00ed, je\u0161t\u011b v z\u00e1ruce, v perfektn\u00edm stavu. Byl schovan\u00fd v \u0161upl\u00edku jako \u0161perk a \u010dek\u00e1 na nov\u00e9ho majitele \u010di majitelku. Preferuji rychl\u00e9 jedn\u00e1n\u00ed.Mo\u017enost osobn\u00edho p\u0159ed\u00e1n\u00ed kdekoliv v Praze.Platba v hotovosti pri p\u0159ed\u00e1n\u00ed.","og_url":"https:\/\/www.letemsvetemapplem.eu\/bazar\/zlaty-iphone-12-pro-128-gb-v-zaruce\/","og_site_name":"Apple bazar","article_published_time":"2023-04-05T20:26:50+00:00","og_image":[{"width":1600,"height":939,"url":"https:\/\/www.letemsvetemapplem.eu\/bazar\/wp-content\/uploads\/2023\/04\/iphone-12-pro-gold.jpg","type":"image\/jpeg"}],"twitter_card":"summary_large_image","schema":{"@context":"https:\/\/schema.org","@graph":[{"@type":"Article","@id":"https:\/\/www.letemsvetemapplem.eu\/bazar\/zlaty-iphone-12-pro-128-gb-v-zaruce\/#article","isPartOf":{"@id":"https:\/\/www.letemsvetemapplem.eu\/bazar\/zlaty-iphone-12-pro-128-gb-v-zaruce\/"},"author":{"name":"","@id":""},"headline":"Zlat\u00fd Iphone 12 Pro 128 GB v z\u00e1ruce","datePublished":"2023-04-05T20:26:50+00:00","mainEntityOfPage":{"@id":"https:\/\/www.letemsvetemapplem.eu\/bazar\/zlaty-iphone-12-pro-128-gb-v-zaruce\/"},"wordCount":80,"image":{"@id":"https:\/\/www.letemsvetemapplem.eu\/bazar\/zlaty-iphone-12-pro-128-gb-v-zaruce\/#primaryimage"},"thumbnailUrl":"https:\/\/www.letemsvetemapplem.eu\/bazar\/wp-content\/uploads\/2023\/04\/iphone-12-pro-gold.jpg","articleSection":["iPhone 12 Pro"],"inLanguage":"cs"},{"@type":"WebPage","@id":"https:\/\/www.letemsvetemapplem.eu\/bazar\/zlaty-iphone-12-pro-128-gb-v-zaruce\/","url":"https:\/\/www.letemsvetemapplem.eu\/bazar\/zlaty-iphone-12-pro-128-gb-v-zaruce\/","name":"Zlat\u00fd Iphone 12 Pro 128 GB v z\u00e1ruce - Apple bazar","isPartOf":{"@id":"https:\/\/www.letemsvetemapplem.eu\/bazar\/#website"},"primaryImageOfPage":{"@id":"https:\/\/www.letemsvetemapplem.eu\/bazar\/zlaty-iphone-12-pro-128-gb-v-zaruce\/#primaryimage"},"image":{"@id":"https:\/\/www.letemsvetemapplem.eu\/bazar\/zlaty-iphone-12-pro-128-gb-v-zaruce\/#primaryimage"},"thumbnailUrl":"https:\/\/www.letemsvetemapplem.eu\/bazar\/wp-content\/uploads\/2023\/04\/iphone-12-pro-gold.jpg","datePublished":"2023-04-05T20:26:50+00:00","author":{"@id":""},"breadcrumb":{"@id":"https:\/\/www.letemsvetemapplem.eu\/bazar\/zlaty-iphone-12-pro-128-gb-v-zaruce\/#breadcrumb"},"inLanguage":"cs","potentialAction":[{"@type":"ReadAction","target":["https:\/\/www.letemsvetemapplem.eu\/bazar\/zlaty-iphone-12-pro-128-gb-v-zaruce\/"]}]},{"@type":"ImageObject","inLanguage":"cs","@id":"https:\/\/www.letemsvetemapplem.eu\/bazar\/zlaty-iphone-12-pro-128-gb-v-zaruce\/#primaryimage","url":"https:\/\/www.letemsvetemapplem.eu\/bazar\/wp-content\/uploads\/2023\/04\/iphone-12-pro-gold.jpg","contentUrl":"https:\/\/www.letemsvetemapplem.eu\/bazar\/wp-content\/uploads\/2023\/04\/iphone-12-pro-gold.jpg","width":1600,"height":939},{"@type":"BreadcrumbList","@id":"https:\/\/www.letemsvetemapplem.eu\/bazar\/zlaty-iphone-12-pro-128-gb-v-zaruce\/#breadcrumb","itemListElement":[{"@type":"ListItem","position":1,"name":"Apple Bazar","item":"https:\/\/www.letemsvetemapplem.eu\/bazar\/"},{"@type":"ListItem","position":2,"name":"Zlat\u00fd Iphone 12 Pro 128 GB v z\u00e1ruce"}]},{"@type":"WebSite","@id":"https:\/\/www.letemsvetemapplem.eu\/bazar\/#website","url":"https:\/\/www.letemsvetemapplem.eu\/bazar\/","name":"Apple bazar","description":"Oou\u017eit\u00e9 Apple produkty za skv\u011bl\u00e9 ceny","potentialAction":[{"@type":"SearchAction","target":{"@type":"EntryPoint","urlTemplate":"https:\/\/www.letemsvetemapplem.eu\/bazar\/?s={search_term_string}"},"query-input":{"@type":"PropertyValueSpecification","valueRequired":true,"valueName":"search_term_string"}}],"inLanguage":"cs"}]}},"_links":{"self":[{"href":"https:\/\/www.letemsvetemapplem.eu\/bazar\/wp-json\/wp\/v2\/posts\/274822","targetHints":{"allow":["GET"]}}],"collection":[{"href":"https:\/\/www.letemsvetemapplem.eu\/bazar\/wp-json\/wp\/v2\/posts"}],"about":[{"href":"https:\/\/www.letemsvetemapplem.eu\/bazar\/wp-json\/wp\/v2\/types\/post"}],"replies":[{"embeddable":true,"href":"https:\/\/www.letemsvetemapplem.eu\/bazar\/wp-json\/wp\/v2\/comments?post=274822"}],"version-history":[{"count":1,"href":"https:\/\/www.letemsvetemapplem.eu\/bazar\/wp-json\/wp\/v2\/posts\/274822\/revisions"}],"predecessor-version":[{"id":274827,"href":"https:\/\/www.letemsvetemapplem.eu\/bazar\/wp-json\/wp\/v2\/posts\/274822\/revisions\/274827"}],"wp:featuredmedia":[{"embeddable":true,"href":"https:\/\/www.letemsvetemapplem.eu\/bazar\/wp-json\/wp\/v2\/media\/274823"}],"wp:attachment":[{"href":"https:\/\/www.letemsvetemapplem.eu\/bazar\/wp-json\/wp\/v2\/media?parent=274822"}],"wp:term":[{"taxonomy":"category","embeddable":true,"href":"https:\/\/www.letemsvetemapplem.eu\/bazar\/wp-json\/wp\/v2\/categories?post=274822"},{"taxonomy":"post_tag","embeddable":true,"href":"https:\/\/www.letemsvetemapplem.eu\/bazar\/wp-json\/wp\/v2\/tags?post=274822"}],"curies":[{"name":"wp","href":"https:\/\/api.w.org\/{rel}","templated":true}]}}