{"id":273808,"date":"2023-03-18T12:48:30","date_gmt":"2023-03-18T11:48:30","guid":{"rendered":"https:\/\/www.letemsvetemapplem.eu\/bazar\/?p=273808"},"modified":"2023-03-18T12:48:30","modified_gmt":"2023-03-18T11:48:30","slug":"apple-imac-27in-retina-5k-512gb-ssd-i5","status":"publish","type":"post","link":"https:\/\/www.letemsvetemapplem.eu\/bazar\/apple-imac-27in-retina-5k-512gb-ssd-i5\/","title":{"rendered":"Apple iMac 27in Retina 5K 512GB SSD i5"},"content":{"rendered":"<p>Apple iMac 27in Retina 5K 512GB SSD 5 10Gen 3,30 GHz NOVINKA<\/p>\n<p>je nov\u00fd s plnou z\u00e1rukou<br \/>\norigin\u00e1ln\u00ed balen\u00ed<\/p>\n<p>zeptat se na v\u00edce informac\u00ed<\/p>\n<p>n\u011bjak\u00e9 specifikace<\/p>\n<p>Technick\u00e9 \u00fadaje<br \/>\nApple iMac 27palcov\u00fd Retina 5K<\/p>\n<p>Zobrazit<\/p>\n<p>27palcov\u00fd (\u00fahlop\u0159\u00ed\u010dn\u011b) Retina 5K displej, rozli\u0161en\u00ed 5120 x 2880 s podporou jedn\u00e9 miliardy barev, jas 500 nit\u016f, Wide color (P3)<\/p>\n<p>Procesor<\/p>\n<p>3,1 GHz 6j\u00e1drov\u00fd procesor Intel Core i5 10. generace s Turbo Boost a\u017e 4,5 GHz nebo 3,3 GHz 6j\u00e1drov\u00fd procesor Intel Core i5 10. generace s Turbo Boost a\u017e 4,8 GHz nebo 3,8 GHz 8j\u00e1drov\u00fd Intel Core 10. generace Procesor i7 s Turbo Boost a\u017e 5,0 GHz<\/p>\n<p>Podpora videa\/fotoapar\u00e1t<\/p>\n<p>Kamera FaceTime HD 1080p, digit\u00e1ln\u00ed video v\u00fdstup Thunderbolt 3<\/p>\n<p>P\u0159ipojen\u00ed a roz\u0161\u00ed\u0159en\u00ed<\/p>\n<p>3,5 mm konektor pro sluch\u00e1tka, slot pro kartu SDXC (UHS-II), \u010dty\u0159i porty USB-A (kompatibiln\u00ed s USB 2), dva porty Thunderbolt 3 (USB-C), gigabitov\u00fd Ethernet 10\/100\/1000BASE-T (konektor RJ-45 ), slot pro z\u00e1mek Kensington<\/p>\n<p>Bezdr\u00e1tov\u00fd<\/p>\n<p>Bezdr\u00e1tov\u00e1 s\u00ed\u0165 Wi-Fi 802.11ac Kompatibiln\u00ed s IEEE 802.11a\/b\/g\/n, bezdr\u00e1tov\u00e1 technologie Bluetooth 5.0<\/p>\n<p>V krabici<\/p>\n<p>27palcov\u00fd iMac s Retina 5K displejem, Magic Keyboard, Magic Mouse 2, nap\u00e1jec\u00ed kabel, Lightning-USB kabel, le\u0161t\u00edc\u00ed had\u0159\u00edk<\/p>\n","protected":false},"excerpt":{"rendered":"<p>Apple iMac 27in Retina 5K 512GB SSD 5 10Gen 3,30 GHz NOVINKA je nov\u00fd s plnou z\u00e1rukou origin\u00e1ln\u00ed balen\u00ed zeptat se na v\u00edce informac\u00ed n\u011bjak\u00e9 specifikace Technick\u00e9 \u00fadaje Apple iMac 27palcov\u00fd Retina 5K Zobrazit 27palcov\u00fd (\u00fahlop\u0159\u00ed\u010dn\u011b) Retina 5K displej, rozli\u0161en\u00ed 5120 x 2880 s podporou jedn\u00e9 miliardy barev, jas 500 nit\u016f, Wide color (P3) Procesor&#8230;<\/p>\n","protected":false},"author":0,"featured_media":273809,"comment_status":"closed","ping_status":"closed","sticky":false,"template":"","format":"standard","meta":{"footnotes":""},"categories":[41],"tags":[],"class_list":["post-273808","post","type-post","status-publish","format-standard","has-post-thumbnail","hentry","category-imac"],"yoast_head":"<!-- This site is optimized with the Yoast SEO plugin v27.2 - https:\/\/yoast.com\/product\/yoast-seo-wordpress\/ -->\n<title>Apple iMac 27in Retina 5K 512GB SSD i5 - Apple bazar<\/title>\n<meta name=\"robots\" content=\"index, follow, max-snippet:-1, max-image-preview:large, max-video-preview:-1\" \/>\n<link rel=\"canonical\" href=\"https:\/\/www.letemsvetemapplem.eu\/bazar\/apple-imac-27in-retina-5k-512gb-ssd-i5\/\" \/>\n<meta property=\"og:locale\" content=\"cs_CZ\" \/>\n<meta property=\"og:type\" content=\"article\" \/>\n<meta property=\"og:title\" content=\"Apple iMac 27in Retina 5K 512GB SSD i5 - Apple bazar\" \/>\n<meta property=\"og:description\" content=\"Apple iMac 27in Retina 5K 512GB SSD 5 10Gen 3,30 GHz NOVINKA je nov\u00fd s plnou z\u00e1rukou origin\u00e1ln\u00ed balen\u00ed zeptat se na v\u00edce informac\u00ed n\u011bjak\u00e9 specifikace Technick\u00e9 \u00fadaje Apple iMac 27palcov\u00fd Retina 5K Zobrazit 27palcov\u00fd (\u00fahlop\u0159\u00ed\u010dn\u011b) Retina 5K displej, rozli\u0161en\u00ed 5120 x 2880 s podporou jedn\u00e9 miliardy barev, jas 500 nit\u016f, Wide color (P3) Procesor...\" \/>\n<meta property=\"og:url\" content=\"https:\/\/www.letemsvetemapplem.eu\/bazar\/apple-imac-27in-retina-5k-512gb-ssd-i5\/\" \/>\n<meta property=\"og:site_name\" content=\"Apple bazar\" \/>\n<meta property=\"article:published_time\" content=\"2023-03-18T11:48:30+00:00\" \/>\n<meta property=\"og:image\" content=\"https:\/\/www.letemsvetemapplem.eu\/bazar\/wp-content\/uploads\/2023\/03\/765871-16.jpg\" \/>\n\t<meta property=\"og:image:width\" content=\"1114\" \/>\n\t<meta property=\"og:image:height\" content=\"1600\" \/>\n\t<meta property=\"og:image:type\" content=\"image\/jpeg\" \/>\n<meta name=\"twitter:card\" content=\"summary_large_image\" \/>\n<script type=\"application\/ld+json\" class=\"yoast-schema-graph\">{\"@context\":\"https:\/\/schema.org\",\"@graph\":[{\"@type\":\"Article\",\"@id\":\"https:\/\/www.letemsvetemapplem.eu\/bazar\/apple-imac-27in-retina-5k-512gb-ssd-i5\/#article\",\"isPartOf\":{\"@id\":\"https:\/\/www.letemsvetemapplem.eu\/bazar\/apple-imac-27in-retina-5k-512gb-ssd-i5\/\"},\"author\":{\"name\":\"\",\"@id\":\"\"},\"headline\":\"Apple iMac 27in Retina 5K 512GB SSD i5\",\"datePublished\":\"2023-03-18T11:48:30+00:00\",\"mainEntityOfPage\":{\"@id\":\"https:\/\/www.letemsvetemapplem.eu\/bazar\/apple-imac-27in-retina-5k-512gb-ssd-i5\/\"},\"wordCount\":195,\"image\":{\"@id\":\"https:\/\/www.letemsvetemapplem.eu\/bazar\/apple-imac-27in-retina-5k-512gb-ssd-i5\/#primaryimage\"},\"thumbnailUrl\":\"https:\/\/www.letemsvetemapplem.eu\/bazar\/wp-content\/uploads\/2023\/03\/765871-16.jpg\",\"articleSection\":[\"iMac\"],\"inLanguage\":\"cs\"},{\"@type\":\"WebPage\",\"@id\":\"https:\/\/www.letemsvetemapplem.eu\/bazar\/apple-imac-27in-retina-5k-512gb-ssd-i5\/\",\"url\":\"https:\/\/www.letemsvetemapplem.eu\/bazar\/apple-imac-27in-retina-5k-512gb-ssd-i5\/\",\"name\":\"Apple iMac 27in Retina 5K 512GB SSD i5 - Apple bazar\",\"isPartOf\":{\"@id\":\"https:\/\/www.letemsvetemapplem.eu\/bazar\/#website\"},\"primaryImageOfPage\":{\"@id\":\"https:\/\/www.letemsvetemapplem.eu\/bazar\/apple-imac-27in-retina-5k-512gb-ssd-i5\/#primaryimage\"},\"image\":{\"@id\":\"https:\/\/www.letemsvetemapplem.eu\/bazar\/apple-imac-27in-retina-5k-512gb-ssd-i5\/#primaryimage\"},\"thumbnailUrl\":\"https:\/\/www.letemsvetemapplem.eu\/bazar\/wp-content\/uploads\/2023\/03\/765871-16.jpg\",\"datePublished\":\"2023-03-18T11:48:30+00:00\",\"author\":{\"@id\":\"\"},\"breadcrumb\":{\"@id\":\"https:\/\/www.letemsvetemapplem.eu\/bazar\/apple-imac-27in-retina-5k-512gb-ssd-i5\/#breadcrumb\"},\"inLanguage\":\"cs\",\"potentialAction\":[{\"@type\":\"ReadAction\",\"target\":[\"https:\/\/www.letemsvetemapplem.eu\/bazar\/apple-imac-27in-retina-5k-512gb-ssd-i5\/\"]}]},{\"@type\":\"ImageObject\",\"inLanguage\":\"cs\",\"@id\":\"https:\/\/www.letemsvetemapplem.eu\/bazar\/apple-imac-27in-retina-5k-512gb-ssd-i5\/#primaryimage\",\"url\":\"https:\/\/www.letemsvetemapplem.eu\/bazar\/wp-content\/uploads\/2023\/03\/765871-16.jpg\",\"contentUrl\":\"https:\/\/www.letemsvetemapplem.eu\/bazar\/wp-content\/uploads\/2023\/03\/765871-16.jpg\",\"width\":1114,\"height\":1600},{\"@type\":\"BreadcrumbList\",\"@id\":\"https:\/\/www.letemsvetemapplem.eu\/bazar\/apple-imac-27in-retina-5k-512gb-ssd-i5\/#breadcrumb\",\"itemListElement\":[{\"@type\":\"ListItem\",\"position\":1,\"name\":\"Apple Bazar\",\"item\":\"https:\/\/www.letemsvetemapplem.eu\/bazar\/\"},{\"@type\":\"ListItem\",\"position\":2,\"name\":\"Apple iMac 27in Retina 5K 512GB SSD i5\"}]},{\"@type\":\"WebSite\",\"@id\":\"https:\/\/www.letemsvetemapplem.eu\/bazar\/#website\",\"url\":\"https:\/\/www.letemsvetemapplem.eu\/bazar\/\",\"name\":\"Apple bazar\",\"description\":\"Oou\u017eit\u00e9 Apple produkty za skv\u011bl\u00e9 ceny\",\"potentialAction\":[{\"@type\":\"SearchAction\",\"target\":{\"@type\":\"EntryPoint\",\"urlTemplate\":\"https:\/\/www.letemsvetemapplem.eu\/bazar\/?s={search_term_string}\"},\"query-input\":{\"@type\":\"PropertyValueSpecification\",\"valueRequired\":true,\"valueName\":\"search_term_string\"}}],\"inLanguage\":\"cs\"}]}<\/script>\n<!-- \/ Yoast SEO plugin. -->","yoast_head_json":{"title":"Apple iMac 27in Retina 5K 512GB SSD i5 - Apple bazar","robots":{"index":"index","follow":"follow","max-snippet":"max-snippet:-1","max-image-preview":"max-image-preview:large","max-video-preview":"max-video-preview:-1"},"canonical":"https:\/\/www.letemsvetemapplem.eu\/bazar\/apple-imac-27in-retina-5k-512gb-ssd-i5\/","og_locale":"cs_CZ","og_type":"article","og_title":"Apple iMac 27in Retina 5K 512GB SSD i5 - Apple bazar","og_description":"Apple iMac 27in Retina 5K 512GB SSD 5 10Gen 3,30 GHz NOVINKA je nov\u00fd s plnou z\u00e1rukou origin\u00e1ln\u00ed balen\u00ed zeptat se na v\u00edce informac\u00ed n\u011bjak\u00e9 specifikace Technick\u00e9 \u00fadaje Apple iMac 27palcov\u00fd Retina 5K Zobrazit 27palcov\u00fd (\u00fahlop\u0159\u00ed\u010dn\u011b) Retina 5K displej, rozli\u0161en\u00ed 5120 x 2880 s podporou jedn\u00e9 miliardy barev, jas 500 nit\u016f, Wide color (P3) Procesor...","og_url":"https:\/\/www.letemsvetemapplem.eu\/bazar\/apple-imac-27in-retina-5k-512gb-ssd-i5\/","og_site_name":"Apple bazar","article_published_time":"2023-03-18T11:48:30+00:00","og_image":[{"width":1114,"height":1600,"url":"https:\/\/www.letemsvetemapplem.eu\/bazar\/wp-content\/uploads\/2023\/03\/765871-16.jpg","type":"image\/jpeg"}],"twitter_card":"summary_large_image","schema":{"@context":"https:\/\/schema.org","@graph":[{"@type":"Article","@id":"https:\/\/www.letemsvetemapplem.eu\/bazar\/apple-imac-27in-retina-5k-512gb-ssd-i5\/#article","isPartOf":{"@id":"https:\/\/www.letemsvetemapplem.eu\/bazar\/apple-imac-27in-retina-5k-512gb-ssd-i5\/"},"author":{"name":"","@id":""},"headline":"Apple iMac 27in Retina 5K 512GB SSD i5","datePublished":"2023-03-18T11:48:30+00:00","mainEntityOfPage":{"@id":"https:\/\/www.letemsvetemapplem.eu\/bazar\/apple-imac-27in-retina-5k-512gb-ssd-i5\/"},"wordCount":195,"image":{"@id":"https:\/\/www.letemsvetemapplem.eu\/bazar\/apple-imac-27in-retina-5k-512gb-ssd-i5\/#primaryimage"},"thumbnailUrl":"https:\/\/www.letemsvetemapplem.eu\/bazar\/wp-content\/uploads\/2023\/03\/765871-16.jpg","articleSection":["iMac"],"inLanguage":"cs"},{"@type":"WebPage","@id":"https:\/\/www.letemsvetemapplem.eu\/bazar\/apple-imac-27in-retina-5k-512gb-ssd-i5\/","url":"https:\/\/www.letemsvetemapplem.eu\/bazar\/apple-imac-27in-retina-5k-512gb-ssd-i5\/","name":"Apple iMac 27in Retina 5K 512GB SSD i5 - Apple bazar","isPartOf":{"@id":"https:\/\/www.letemsvetemapplem.eu\/bazar\/#website"},"primaryImageOfPage":{"@id":"https:\/\/www.letemsvetemapplem.eu\/bazar\/apple-imac-27in-retina-5k-512gb-ssd-i5\/#primaryimage"},"image":{"@id":"https:\/\/www.letemsvetemapplem.eu\/bazar\/apple-imac-27in-retina-5k-512gb-ssd-i5\/#primaryimage"},"thumbnailUrl":"https:\/\/www.letemsvetemapplem.eu\/bazar\/wp-content\/uploads\/2023\/03\/765871-16.jpg","datePublished":"2023-03-18T11:48:30+00:00","author":{"@id":""},"breadcrumb":{"@id":"https:\/\/www.letemsvetemapplem.eu\/bazar\/apple-imac-27in-retina-5k-512gb-ssd-i5\/#breadcrumb"},"inLanguage":"cs","potentialAction":[{"@type":"ReadAction","target":["https:\/\/www.letemsvetemapplem.eu\/bazar\/apple-imac-27in-retina-5k-512gb-ssd-i5\/"]}]},{"@type":"ImageObject","inLanguage":"cs","@id":"https:\/\/www.letemsvetemapplem.eu\/bazar\/apple-imac-27in-retina-5k-512gb-ssd-i5\/#primaryimage","url":"https:\/\/www.letemsvetemapplem.eu\/bazar\/wp-content\/uploads\/2023\/03\/765871-16.jpg","contentUrl":"https:\/\/www.letemsvetemapplem.eu\/bazar\/wp-content\/uploads\/2023\/03\/765871-16.jpg","width":1114,"height":1600},{"@type":"BreadcrumbList","@id":"https:\/\/www.letemsvetemapplem.eu\/bazar\/apple-imac-27in-retina-5k-512gb-ssd-i5\/#breadcrumb","itemListElement":[{"@type":"ListItem","position":1,"name":"Apple Bazar","item":"https:\/\/www.letemsvetemapplem.eu\/bazar\/"},{"@type":"ListItem","position":2,"name":"Apple iMac 27in Retina 5K 512GB SSD i5"}]},{"@type":"WebSite","@id":"https:\/\/www.letemsvetemapplem.eu\/bazar\/#website","url":"https:\/\/www.letemsvetemapplem.eu\/bazar\/","name":"Apple bazar","description":"Oou\u017eit\u00e9 Apple produkty za skv\u011bl\u00e9 ceny","potentialAction":[{"@type":"SearchAction","target":{"@type":"EntryPoint","urlTemplate":"https:\/\/www.letemsvetemapplem.eu\/bazar\/?s={search_term_string}"},"query-input":{"@type":"PropertyValueSpecification","valueRequired":true,"valueName":"search_term_string"}}],"inLanguage":"cs"}]}},"_links":{"self":[{"href":"https:\/\/www.letemsvetemapplem.eu\/bazar\/wp-json\/wp\/v2\/posts\/273808","targetHints":{"allow":["GET"]}}],"collection":[{"href":"https:\/\/www.letemsvetemapplem.eu\/bazar\/wp-json\/wp\/v2\/posts"}],"about":[{"href":"https:\/\/www.letemsvetemapplem.eu\/bazar\/wp-json\/wp\/v2\/types\/post"}],"replies":[{"embeddable":true,"href":"https:\/\/www.letemsvetemapplem.eu\/bazar\/wp-json\/wp\/v2\/comments?post=273808"}],"version-history":[{"count":1,"href":"https:\/\/www.letemsvetemapplem.eu\/bazar\/wp-json\/wp\/v2\/posts\/273808\/revisions"}],"predecessor-version":[{"id":273812,"href":"https:\/\/www.letemsvetemapplem.eu\/bazar\/wp-json\/wp\/v2\/posts\/273808\/revisions\/273812"}],"wp:featuredmedia":[{"embeddable":true,"href":"https:\/\/www.letemsvetemapplem.eu\/bazar\/wp-json\/wp\/v2\/media\/273809"}],"wp:attachment":[{"href":"https:\/\/www.letemsvetemapplem.eu\/bazar\/wp-json\/wp\/v2\/media?parent=273808"}],"wp:term":[{"taxonomy":"category","embeddable":true,"href":"https:\/\/www.letemsvetemapplem.eu\/bazar\/wp-json\/wp\/v2\/categories?post=273808"},{"taxonomy":"post_tag","embeddable":true,"href":"https:\/\/www.letemsvetemapplem.eu\/bazar\/wp-json\/wp\/v2\/tags?post=273808"}],"curies":[{"name":"wp","href":"https:\/\/api.w.org\/{rel}","templated":true}]}}