{"id":273793,"date":"2023-03-18T12:36:37","date_gmt":"2023-03-18T11:36:37","guid":{"rendered":"https:\/\/www.letemsvetemapplem.eu\/bazar\/?p=273793"},"modified":"2023-03-18T12:36:37","modified_gmt":"2023-03-18T11:36:37","slug":"apple-2023-mac-mini-m2-8gb-256gb-ssd-no","status":"publish","type":"post","link":"https:\/\/www.letemsvetemapplem.eu\/bazar\/apple-2023-mac-mini-m2-8gb-256gb-ssd-no\/","title":{"rendered":"Apple 2023 Mac mini M2 8GB, 256GB SSD NO"},"content":{"rendered":"<p>je nov\u00fd s plnou z\u00e1rukou<br \/>\norigin\u00e1ln\u00ed balen\u00ed<\/p>\n<p>zeptat se na v\u00edce informac\u00ed<\/p>\n<p>n\u011bjak\u00e9 specifikace<\/p>\n<p>Zna\u010dka: Apple<br \/>\n\u0158ada: Apple Mac mini<br \/>\nTyp: All-in-One<br \/>\nRok vyd\u00e1n\u00ed: 2023<br \/>\nMaxim\u00e1ln\u00ed kapacita RAM: 8 GB<br \/>\nVelikost RAM: 256 GB<br \/>\nKapacita pevn\u00e9ho disku: 256 GB<br \/>\nKapacita SSD: 256 GB<\/p>\n<p>O t\u00e9to polo\u017ece<br \/>\nSUPERCHARGED OD M2 \u2014 Ud\u011blejte v\u00edce pr\u00e1ce rychleji s \u010dipem nov\u00e9 generace. Od bohat\u00fdch prezentac\u00ed a\u017e po pohlcuj\u00edc\u00ed hran\u00ed, M2 prol\u00e9t\u00e1 prac\u00ed i z\u00e1bavou. M2 m\u00e1 8 jader CPU, 10 jader GPU a a\u017e 24 GB unifikovan\u00e9 pam\u011bti.<br \/>\nP\u0158IPOJTE, CO CHCETE \u2014 Mac mini s \u010dipem M2 m\u00e1 dva porty Thunderbolt 4, dva porty USB-A, port HDMI, Wi-Fi 6E, Bluetooth 5.3, Gigabit Ethernet a konektor pro sluch\u00e1tka. A pokud chcete vy\u0161\u0161\u00ed rychlosti s\u00edt\u011b, m\u016f\u017eete nakonfigurovat Mac mini s 10Gb Ethernetem pro a\u017e 10n\u00e1sobnou propustnost.<br \/>\nJEDNODU\u0160E KOMPATIBILN\u00cd \u2013 V\u0161echny va\u0161e obl\u00edben\u00e9 aplikace b\u011b\u017e\u00ed na Macu mini bleskov\u011b, od Microsoft 365 p\u0159es Adobe Creative Cloud po Zoom. A v\u00edce ne\u017e 15 000 aplikac\u00ed a z\u00e1suvn\u00fdch modul\u016f je optimalizov\u00e1no pro M2.<br \/>\nEFEKTIVN\u00cd PAM\u011a\u0164 \u2014 Sjednocen\u00e1 pam\u011b\u0165 na Macu um\u00ed v\u00edce ne\u017e tradi\u010dn\u00ed RAM. Jedin\u00fd fond pam\u011bti s vysokou \u0161\u00ed\u0159kou p\u00e1sma a n\u00edzkou latenc\u00ed umo\u017e\u0148uje k\u0159em\u00edku Apple rychle p\u0159esouvat data \u2013 tak\u017ee v\u0161e, co d\u011bl\u00e1te, je plynul\u00e9. Vyberte si a\u017e 24 GB pam\u011bti s M2. V\u00edce pam\u011bti znamen\u00e1 snadn\u011bj\u0161\u00ed multitasking a manipulaci s velk\u00fdmi soubory.<br \/>\nRYCHL\u00c9 \u00daLO\u017dI\u0160T\u011a SSD \u2013 Mac mini je dod\u00e1v\u00e1n s \u00falo\u017ei\u0161t\u011bm typu flash pro v\u0161echny va\u0161e knihovny fotografi\u00ed a vide\u00ed, soubory a aplikace. Vyberte si a\u017e 2TB SSD s M2.<br \/>\nUDR\u017dTE TO BEZPE\u010cN\u00c9 A ZABEZPE\u010cEN\u00c9 \u2014 M2 a macOS Ventura poskytuj\u00ed Macu mini \u0161pi\u010dkov\u00e9 funkce ochrany soukrom\u00ed a zabezpe\u010den\u00ed, v\u010detn\u011b vestav\u011bn\u00e9 ochrany proti malwaru a vir\u016fm. A dal\u0161\u00ed generace Secure Enclave pom\u00e1h\u00e1 chr\u00e1nit v\u00e1\u0161 syst\u00e9m a data.<br \/>\nMAC MINI TO D\u011aL\u00c1 \u2014 Mac mini s M2 je perfektn\u00ed pro p\u016fsobivou \u0159adu pou\u017eit\u00ed, od vytv\u00e1\u0159en\u00ed prezentac\u00ed p\u0159es \u00fapravy fotografi\u00ed a\u017e po hran\u00ed her.<\/p>\n","protected":false},"excerpt":{"rendered":"<p>je nov\u00fd s plnou z\u00e1rukou origin\u00e1ln\u00ed balen\u00ed zeptat se na v\u00edce informac\u00ed n\u011bjak\u00e9 specifikace Zna\u010dka: Apple \u0158ada: Apple Mac mini Typ: All-in-One Rok vyd\u00e1n\u00ed: 2023 Maxim\u00e1ln\u00ed kapacita RAM: 8 GB Velikost RAM: 256 GB Kapacita pevn\u00e9ho disku: 256 GB Kapacita SSD: 256 GB O t\u00e9to polo\u017ece SUPERCHARGED OD M2 \u2014 Ud\u011blejte v\u00edce pr\u00e1ce rychleji s&#8230;<\/p>\n","protected":false},"author":0,"featured_media":273794,"comment_status":"closed","ping_status":"closed","sticky":false,"template":"","format":"standard","meta":{"footnotes":""},"categories":[44],"tags":[],"class_list":["post-273793","post","type-post","status-publish","format-standard","has-post-thumbnail","hentry","category-mac-mini"],"yoast_head":"<!-- This site is optimized with the Yoast SEO plugin v27.2 - https:\/\/yoast.com\/product\/yoast-seo-wordpress\/ -->\n<title>Apple 2023 Mac mini M2 8GB, 256GB SSD NO - Apple bazar<\/title>\n<meta name=\"robots\" content=\"index, follow, max-snippet:-1, max-image-preview:large, max-video-preview:-1\" \/>\n<link rel=\"canonical\" href=\"https:\/\/www.letemsvetemapplem.eu\/bazar\/apple-2023-mac-mini-m2-8gb-256gb-ssd-no\/\" \/>\n<meta property=\"og:locale\" content=\"cs_CZ\" \/>\n<meta property=\"og:type\" content=\"article\" \/>\n<meta property=\"og:title\" content=\"Apple 2023 Mac mini M2 8GB, 256GB SSD NO - Apple bazar\" \/>\n<meta property=\"og:description\" content=\"je nov\u00fd s plnou z\u00e1rukou origin\u00e1ln\u00ed balen\u00ed zeptat se na v\u00edce informac\u00ed n\u011bjak\u00e9 specifikace Zna\u010dka: Apple \u0158ada: Apple Mac mini Typ: All-in-One Rok vyd\u00e1n\u00ed: 2023 Maxim\u00e1ln\u00ed kapacita RAM: 8 GB Velikost RAM: 256 GB Kapacita pevn\u00e9ho disku: 256 GB Kapacita SSD: 256 GB O t\u00e9to polo\u017ece SUPERCHARGED OD M2 \u2014 Ud\u011blejte v\u00edce pr\u00e1ce rychleji s...\" \/>\n<meta property=\"og:url\" content=\"https:\/\/www.letemsvetemapplem.eu\/bazar\/apple-2023-mac-mini-m2-8gb-256gb-ssd-no\/\" \/>\n<meta property=\"og:site_name\" content=\"Apple bazar\" \/>\n<meta property=\"article:published_time\" content=\"2023-03-18T11:36:37+00:00\" \/>\n<meta property=\"og:image\" content=\"https:\/\/www.letemsvetemapplem.eu\/bazar\/wp-content\/uploads\/2023\/03\/765871-13.jpg\" \/>\n\t<meta property=\"og:image:width\" content=\"1204\" \/>\n\t<meta property=\"og:image:height\" content=\"1600\" \/>\n\t<meta property=\"og:image:type\" content=\"image\/jpeg\" \/>\n<meta name=\"twitter:card\" content=\"summary_large_image\" \/>\n<script type=\"application\/ld+json\" class=\"yoast-schema-graph\">{\"@context\":\"https:\/\/schema.org\",\"@graph\":[{\"@type\":\"Article\",\"@id\":\"https:\/\/www.letemsvetemapplem.eu\/bazar\/apple-2023-mac-mini-m2-8gb-256gb-ssd-no\/#article\",\"isPartOf\":{\"@id\":\"https:\/\/www.letemsvetemapplem.eu\/bazar\/apple-2023-mac-mini-m2-8gb-256gb-ssd-no\/\"},\"author\":{\"name\":\"\",\"@id\":\"\"},\"headline\":\"Apple 2023 Mac mini M2 8GB, 256GB SSD NO\",\"datePublished\":\"2023-03-18T11:36:37+00:00\",\"mainEntityOfPage\":{\"@id\":\"https:\/\/www.letemsvetemapplem.eu\/bazar\/apple-2023-mac-mini-m2-8gb-256gb-ssd-no\/\"},\"wordCount\":369,\"image\":{\"@id\":\"https:\/\/www.letemsvetemapplem.eu\/bazar\/apple-2023-mac-mini-m2-8gb-256gb-ssd-no\/#primaryimage\"},\"thumbnailUrl\":\"https:\/\/www.letemsvetemapplem.eu\/bazar\/wp-content\/uploads\/2023\/03\/765871-13.jpg\",\"articleSection\":[\"Mac mini\"],\"inLanguage\":\"cs\"},{\"@type\":\"WebPage\",\"@id\":\"https:\/\/www.letemsvetemapplem.eu\/bazar\/apple-2023-mac-mini-m2-8gb-256gb-ssd-no\/\",\"url\":\"https:\/\/www.letemsvetemapplem.eu\/bazar\/apple-2023-mac-mini-m2-8gb-256gb-ssd-no\/\",\"name\":\"Apple 2023 Mac mini M2 8GB, 256GB SSD NO - Apple bazar\",\"isPartOf\":{\"@id\":\"https:\/\/www.letemsvetemapplem.eu\/bazar\/#website\"},\"primaryImageOfPage\":{\"@id\":\"https:\/\/www.letemsvetemapplem.eu\/bazar\/apple-2023-mac-mini-m2-8gb-256gb-ssd-no\/#primaryimage\"},\"image\":{\"@id\":\"https:\/\/www.letemsvetemapplem.eu\/bazar\/apple-2023-mac-mini-m2-8gb-256gb-ssd-no\/#primaryimage\"},\"thumbnailUrl\":\"https:\/\/www.letemsvetemapplem.eu\/bazar\/wp-content\/uploads\/2023\/03\/765871-13.jpg\",\"datePublished\":\"2023-03-18T11:36:37+00:00\",\"author\":{\"@id\":\"\"},\"breadcrumb\":{\"@id\":\"https:\/\/www.letemsvetemapplem.eu\/bazar\/apple-2023-mac-mini-m2-8gb-256gb-ssd-no\/#breadcrumb\"},\"inLanguage\":\"cs\",\"potentialAction\":[{\"@type\":\"ReadAction\",\"target\":[\"https:\/\/www.letemsvetemapplem.eu\/bazar\/apple-2023-mac-mini-m2-8gb-256gb-ssd-no\/\"]}]},{\"@type\":\"ImageObject\",\"inLanguage\":\"cs\",\"@id\":\"https:\/\/www.letemsvetemapplem.eu\/bazar\/apple-2023-mac-mini-m2-8gb-256gb-ssd-no\/#primaryimage\",\"url\":\"https:\/\/www.letemsvetemapplem.eu\/bazar\/wp-content\/uploads\/2023\/03\/765871-13.jpg\",\"contentUrl\":\"https:\/\/www.letemsvetemapplem.eu\/bazar\/wp-content\/uploads\/2023\/03\/765871-13.jpg\",\"width\":1204,\"height\":1600},{\"@type\":\"BreadcrumbList\",\"@id\":\"https:\/\/www.letemsvetemapplem.eu\/bazar\/apple-2023-mac-mini-m2-8gb-256gb-ssd-no\/#breadcrumb\",\"itemListElement\":[{\"@type\":\"ListItem\",\"position\":1,\"name\":\"Apple Bazar\",\"item\":\"https:\/\/www.letemsvetemapplem.eu\/bazar\/\"},{\"@type\":\"ListItem\",\"position\":2,\"name\":\"Apple 2023 Mac mini M2 8GB, 256GB SSD NO\"}]},{\"@type\":\"WebSite\",\"@id\":\"https:\/\/www.letemsvetemapplem.eu\/bazar\/#website\",\"url\":\"https:\/\/www.letemsvetemapplem.eu\/bazar\/\",\"name\":\"Apple bazar\",\"description\":\"Oou\u017eit\u00e9 Apple produkty za skv\u011bl\u00e9 ceny\",\"potentialAction\":[{\"@type\":\"SearchAction\",\"target\":{\"@type\":\"EntryPoint\",\"urlTemplate\":\"https:\/\/www.letemsvetemapplem.eu\/bazar\/?s={search_term_string}\"},\"query-input\":{\"@type\":\"PropertyValueSpecification\",\"valueRequired\":true,\"valueName\":\"search_term_string\"}}],\"inLanguage\":\"cs\"}]}<\/script>\n<!-- \/ Yoast SEO plugin. -->","yoast_head_json":{"title":"Apple 2023 Mac mini M2 8GB, 256GB SSD NO - Apple bazar","robots":{"index":"index","follow":"follow","max-snippet":"max-snippet:-1","max-image-preview":"max-image-preview:large","max-video-preview":"max-video-preview:-1"},"canonical":"https:\/\/www.letemsvetemapplem.eu\/bazar\/apple-2023-mac-mini-m2-8gb-256gb-ssd-no\/","og_locale":"cs_CZ","og_type":"article","og_title":"Apple 2023 Mac mini M2 8GB, 256GB SSD NO - Apple bazar","og_description":"je nov\u00fd s plnou z\u00e1rukou origin\u00e1ln\u00ed balen\u00ed zeptat se na v\u00edce informac\u00ed n\u011bjak\u00e9 specifikace Zna\u010dka: Apple \u0158ada: Apple Mac mini Typ: All-in-One Rok vyd\u00e1n\u00ed: 2023 Maxim\u00e1ln\u00ed kapacita RAM: 8 GB Velikost RAM: 256 GB Kapacita pevn\u00e9ho disku: 256 GB Kapacita SSD: 256 GB O t\u00e9to polo\u017ece SUPERCHARGED OD M2 \u2014 Ud\u011blejte v\u00edce pr\u00e1ce rychleji s...","og_url":"https:\/\/www.letemsvetemapplem.eu\/bazar\/apple-2023-mac-mini-m2-8gb-256gb-ssd-no\/","og_site_name":"Apple bazar","article_published_time":"2023-03-18T11:36:37+00:00","og_image":[{"width":1204,"height":1600,"url":"https:\/\/www.letemsvetemapplem.eu\/bazar\/wp-content\/uploads\/2023\/03\/765871-13.jpg","type":"image\/jpeg"}],"twitter_card":"summary_large_image","schema":{"@context":"https:\/\/schema.org","@graph":[{"@type":"Article","@id":"https:\/\/www.letemsvetemapplem.eu\/bazar\/apple-2023-mac-mini-m2-8gb-256gb-ssd-no\/#article","isPartOf":{"@id":"https:\/\/www.letemsvetemapplem.eu\/bazar\/apple-2023-mac-mini-m2-8gb-256gb-ssd-no\/"},"author":{"name":"","@id":""},"headline":"Apple 2023 Mac mini M2 8GB, 256GB SSD NO","datePublished":"2023-03-18T11:36:37+00:00","mainEntityOfPage":{"@id":"https:\/\/www.letemsvetemapplem.eu\/bazar\/apple-2023-mac-mini-m2-8gb-256gb-ssd-no\/"},"wordCount":369,"image":{"@id":"https:\/\/www.letemsvetemapplem.eu\/bazar\/apple-2023-mac-mini-m2-8gb-256gb-ssd-no\/#primaryimage"},"thumbnailUrl":"https:\/\/www.letemsvetemapplem.eu\/bazar\/wp-content\/uploads\/2023\/03\/765871-13.jpg","articleSection":["Mac mini"],"inLanguage":"cs"},{"@type":"WebPage","@id":"https:\/\/www.letemsvetemapplem.eu\/bazar\/apple-2023-mac-mini-m2-8gb-256gb-ssd-no\/","url":"https:\/\/www.letemsvetemapplem.eu\/bazar\/apple-2023-mac-mini-m2-8gb-256gb-ssd-no\/","name":"Apple 2023 Mac mini M2 8GB, 256GB SSD NO - Apple bazar","isPartOf":{"@id":"https:\/\/www.letemsvetemapplem.eu\/bazar\/#website"},"primaryImageOfPage":{"@id":"https:\/\/www.letemsvetemapplem.eu\/bazar\/apple-2023-mac-mini-m2-8gb-256gb-ssd-no\/#primaryimage"},"image":{"@id":"https:\/\/www.letemsvetemapplem.eu\/bazar\/apple-2023-mac-mini-m2-8gb-256gb-ssd-no\/#primaryimage"},"thumbnailUrl":"https:\/\/www.letemsvetemapplem.eu\/bazar\/wp-content\/uploads\/2023\/03\/765871-13.jpg","datePublished":"2023-03-18T11:36:37+00:00","author":{"@id":""},"breadcrumb":{"@id":"https:\/\/www.letemsvetemapplem.eu\/bazar\/apple-2023-mac-mini-m2-8gb-256gb-ssd-no\/#breadcrumb"},"inLanguage":"cs","potentialAction":[{"@type":"ReadAction","target":["https:\/\/www.letemsvetemapplem.eu\/bazar\/apple-2023-mac-mini-m2-8gb-256gb-ssd-no\/"]}]},{"@type":"ImageObject","inLanguage":"cs","@id":"https:\/\/www.letemsvetemapplem.eu\/bazar\/apple-2023-mac-mini-m2-8gb-256gb-ssd-no\/#primaryimage","url":"https:\/\/www.letemsvetemapplem.eu\/bazar\/wp-content\/uploads\/2023\/03\/765871-13.jpg","contentUrl":"https:\/\/www.letemsvetemapplem.eu\/bazar\/wp-content\/uploads\/2023\/03\/765871-13.jpg","width":1204,"height":1600},{"@type":"BreadcrumbList","@id":"https:\/\/www.letemsvetemapplem.eu\/bazar\/apple-2023-mac-mini-m2-8gb-256gb-ssd-no\/#breadcrumb","itemListElement":[{"@type":"ListItem","position":1,"name":"Apple Bazar","item":"https:\/\/www.letemsvetemapplem.eu\/bazar\/"},{"@type":"ListItem","position":2,"name":"Apple 2023 Mac mini M2 8GB, 256GB SSD NO"}]},{"@type":"WebSite","@id":"https:\/\/www.letemsvetemapplem.eu\/bazar\/#website","url":"https:\/\/www.letemsvetemapplem.eu\/bazar\/","name":"Apple bazar","description":"Oou\u017eit\u00e9 Apple produkty za skv\u011bl\u00e9 ceny","potentialAction":[{"@type":"SearchAction","target":{"@type":"EntryPoint","urlTemplate":"https:\/\/www.letemsvetemapplem.eu\/bazar\/?s={search_term_string}"},"query-input":{"@type":"PropertyValueSpecification","valueRequired":true,"valueName":"search_term_string"}}],"inLanguage":"cs"}]}},"_links":{"self":[{"href":"https:\/\/www.letemsvetemapplem.eu\/bazar\/wp-json\/wp\/v2\/posts\/273793","targetHints":{"allow":["GET"]}}],"collection":[{"href":"https:\/\/www.letemsvetemapplem.eu\/bazar\/wp-json\/wp\/v2\/posts"}],"about":[{"href":"https:\/\/www.letemsvetemapplem.eu\/bazar\/wp-json\/wp\/v2\/types\/post"}],"replies":[{"embeddable":true,"href":"https:\/\/www.letemsvetemapplem.eu\/bazar\/wp-json\/wp\/v2\/comments?post=273793"}],"version-history":[{"count":1,"href":"https:\/\/www.letemsvetemapplem.eu\/bazar\/wp-json\/wp\/v2\/posts\/273793\/revisions"}],"predecessor-version":[{"id":273801,"href":"https:\/\/www.letemsvetemapplem.eu\/bazar\/wp-json\/wp\/v2\/posts\/273793\/revisions\/273801"}],"wp:featuredmedia":[{"embeddable":true,"href":"https:\/\/www.letemsvetemapplem.eu\/bazar\/wp-json\/wp\/v2\/media\/273794"}],"wp:attachment":[{"href":"https:\/\/www.letemsvetemapplem.eu\/bazar\/wp-json\/wp\/v2\/media?parent=273793"}],"wp:term":[{"taxonomy":"category","embeddable":true,"href":"https:\/\/www.letemsvetemapplem.eu\/bazar\/wp-json\/wp\/v2\/categories?post=273793"},{"taxonomy":"post_tag","embeddable":true,"href":"https:\/\/www.letemsvetemapplem.eu\/bazar\/wp-json\/wp\/v2\/tags?post=273793"}],"curies":[{"name":"wp","href":"https:\/\/api.w.org\/{rel}","templated":true}]}}