{"id":273786,"date":"2023-03-18T12:32:40","date_gmt":"2023-03-18T11:32:40","guid":{"rendered":"https:\/\/www.letemsvetemapplem.eu\/bazar\/?p=273786"},"modified":"2023-03-18T12:32:40","modified_gmt":"2023-03-18T11:32:40","slug":"apple-macbook-pro-14-m2-pro-16-core-16g","status":"publish","type":"post","link":"https:\/\/www.letemsvetemapplem.eu\/bazar\/apple-macbook-pro-14-m2-pro-16-core-16g\/","title":{"rendered":"Apple MacBook Pro 14\u201d M2 Pro 16 Core 16G"},"content":{"rendered":"<p>je nov\u00fd s plnou z\u00e1rukou<br \/>\norigin\u00e1ln\u00ed balen\u00ed<\/p>\n<p>zeptat se na v\u00edce informac\u00ed<\/p>\n<p>n\u011bjak\u00e9 specifikace<\/p>\n<p>Zcela nov\u00e9 ZAPE\u010cEN\u00c9!<\/p>\n<p>Apple MacBook Pro 2023 14palcov\u00fd M2 Pro, 16 GB 512 GB \u2013 Space Gray \u2013 Velk\u00e1 Brit\u00e1nie \u2013 doporu\u010den\u00e1 cena 2 149 GBP.<\/p>\n<p>Vysokorychlostn\u00ed I\/O Thunderbolt nov\u00e9 generace pro p\u0159ipojen\u00ed vysoce v\u00fdkonn\u00fdch periferi\u00ed a displej\u016f prost\u0159ednictv\u00edm jedin\u00e9ho portu.<\/p>\n<p>Kamera FaceTime HD.<\/p>\n<p>Multidotykov\u00fd trackpad.<\/p>\n<p>CPU a pam\u011b\u0165:<\/p>\n<p>\u010cip Apple M2 Pro.<\/p>\n<p>16j\u00e1drov\u00fd procesor.<\/p>\n<p>16GB RAM.<\/p>\n<p>512GB SSD \u00falo\u017ei\u0161t\u011b.<\/p>\n<p>Zobrazit:<\/p>\n<p>14palcov\u00fd Liquid Retina XDR displej.<\/p>\n<p>Rozli\u0161en\u00ed 3024 x 1964 pixel\u016f.<\/p>\n<p>Rozhran\u00ed a konektivita:<\/p>\n<p>Sklen\u011bn\u00fd multidotykov\u00fd trackpad.<\/p>\n<p>\u010cte\u010dka pam\u011b\u0165ov\u00fdch karet SDXC.<\/p>\n<p>3 x Thunderbolt porty.<\/p>\n<p>1 port HDMI.<\/p>\n<p>Bluetooth.<\/p>\n<p>Konektor pro sluch\u00e1tka.<\/p>\n<p>Webkamera a zvuk:<\/p>\n<p>HD webkamera.<\/p>\n<p>Vestav\u011bn\u00fd mikrofon.<\/p>\n<p>Vestav\u011bn\u00fd zvuk.<\/p>\n<p>Opera\u010dn\u00ed syst\u00e9m a software:<\/p>\n<p>MacOS Ventura.<\/p>\n<p>Obecn\u00e9 rysy:<\/p>\n<p>Hlin\u00edkov\u00e9 t\u011blo.<\/p>\n<p>V\u00fddr\u017e baterie 18 hodin p\u0159i p\u0159ehr\u00e1v\u00e1n\u00ed.<\/p>\n<p>Velikost V1,55, \u016031,26, H22,12cm.<\/p>\n<p>Hmotnost 1,6 kg.<\/p>\n","protected":false},"excerpt":{"rendered":"<p>je nov\u00fd s plnou z\u00e1rukou origin\u00e1ln\u00ed balen\u00ed zeptat se na v\u00edce informac\u00ed n\u011bjak\u00e9 specifikace Zcela nov\u00e9 ZAPE\u010cEN\u00c9! Apple MacBook Pro 2023 14palcov\u00fd M2 Pro, 16 GB 512 GB \u2013 Space Gray \u2013 Velk\u00e1 Brit\u00e1nie \u2013 doporu\u010den\u00e1 cena 2 149 GBP. Vysokorychlostn\u00ed I\/O Thunderbolt nov\u00e9 generace pro p\u0159ipojen\u00ed vysoce v\u00fdkonn\u00fdch periferi\u00ed a displej\u016f prost\u0159ednictv\u00edm jedin\u00e9ho portu&#8230;.<\/p>\n","protected":false},"author":0,"featured_media":273787,"comment_status":"closed","ping_status":"closed","sticky":false,"template":"","format":"standard","meta":{"footnotes":""},"categories":[48],"tags":[],"class_list":["post-273786","post","type-post","status-publish","format-standard","has-post-thumbnail","hentry","category-macbook-pro"],"yoast_head":"<!-- This site is optimized with the Yoast SEO plugin v27.5 - https:\/\/yoast.com\/product\/yoast-seo-wordpress\/ -->\n<title>Apple MacBook Pro 14\u201d M2 Pro 16 Core 16G - Apple bazar<\/title>\n<meta name=\"robots\" content=\"index, follow, max-snippet:-1, max-image-preview:large, max-video-preview:-1\" \/>\n<link rel=\"canonical\" href=\"https:\/\/www.letemsvetemapplem.eu\/bazar\/apple-macbook-pro-14-m2-pro-16-core-16g\/\" \/>\n<meta property=\"og:locale\" content=\"cs_CZ\" \/>\n<meta property=\"og:type\" content=\"article\" \/>\n<meta property=\"og:title\" content=\"Apple MacBook Pro 14\u201d M2 Pro 16 Core 16G - Apple bazar\" \/>\n<meta property=\"og:description\" content=\"je nov\u00fd s plnou z\u00e1rukou origin\u00e1ln\u00ed balen\u00ed zeptat se na v\u00edce informac\u00ed n\u011bjak\u00e9 specifikace Zcela nov\u00e9 ZAPE\u010cEN\u00c9! Apple MacBook Pro 2023 14palcov\u00fd M2 Pro, 16 GB 512 GB \u2013 Space Gray \u2013 Velk\u00e1 Brit\u00e1nie \u2013 doporu\u010den\u00e1 cena 2 149 GBP. Vysokorychlostn\u00ed I\/O Thunderbolt nov\u00e9 generace pro p\u0159ipojen\u00ed vysoce v\u00fdkonn\u00fdch periferi\u00ed a displej\u016f prost\u0159ednictv\u00edm jedin\u00e9ho portu....\" \/>\n<meta property=\"og:url\" content=\"https:\/\/www.letemsvetemapplem.eu\/bazar\/apple-macbook-pro-14-m2-pro-16-core-16g\/\" \/>\n<meta property=\"og:site_name\" content=\"Apple bazar\" \/>\n<meta property=\"article:published_time\" content=\"2023-03-18T11:32:40+00:00\" \/>\n<meta property=\"og:image\" content=\"https:\/\/www.letemsvetemapplem.eu\/bazar\/wp-content\/uploads\/2023\/03\/765871-12.jpg\" \/>\n\t<meta property=\"og:image:width\" content=\"1600\" \/>\n\t<meta property=\"og:image:height\" content=\"1200\" \/>\n\t<meta property=\"og:image:type\" content=\"image\/jpeg\" \/>\n<meta name=\"twitter:card\" content=\"summary_large_image\" \/>\n<script type=\"application\/ld+json\" class=\"yoast-schema-graph\">{\"@context\":\"https:\\\/\\\/schema.org\",\"@graph\":[{\"@type\":\"Article\",\"@id\":\"https:\\\/\\\/www.letemsvetemapplem.eu\\\/bazar\\\/apple-macbook-pro-14-m2-pro-16-core-16g\\\/#article\",\"isPartOf\":{\"@id\":\"https:\\\/\\\/www.letemsvetemapplem.eu\\\/bazar\\\/apple-macbook-pro-14-m2-pro-16-core-16g\\\/\"},\"author\":{\"name\":\"\",\"@id\":\"\"},\"headline\":\"Apple MacBook Pro 14\u201d M2 Pro 16 Core 16G\",\"datePublished\":\"2023-03-18T11:32:40+00:00\",\"mainEntityOfPage\":{\"@id\":\"https:\\\/\\\/www.letemsvetemapplem.eu\\\/bazar\\\/apple-macbook-pro-14-m2-pro-16-core-16g\\\/\"},\"wordCount\":165,\"image\":{\"@id\":\"https:\\\/\\\/www.letemsvetemapplem.eu\\\/bazar\\\/apple-macbook-pro-14-m2-pro-16-core-16g\\\/#primaryimage\"},\"thumbnailUrl\":\"https:\\\/\\\/www.letemsvetemapplem.eu\\\/bazar\\\/wp-content\\\/uploads\\\/2023\\\/03\\\/765871-12.jpg\",\"articleSection\":[\"MacBook Pro\"],\"inLanguage\":\"cs\"},{\"@type\":\"WebPage\",\"@id\":\"https:\\\/\\\/www.letemsvetemapplem.eu\\\/bazar\\\/apple-macbook-pro-14-m2-pro-16-core-16g\\\/\",\"url\":\"https:\\\/\\\/www.letemsvetemapplem.eu\\\/bazar\\\/apple-macbook-pro-14-m2-pro-16-core-16g\\\/\",\"name\":\"Apple MacBook Pro 14\u201d M2 Pro 16 Core 16G - Apple bazar\",\"isPartOf\":{\"@id\":\"https:\\\/\\\/www.letemsvetemapplem.eu\\\/bazar\\\/#website\"},\"primaryImageOfPage\":{\"@id\":\"https:\\\/\\\/www.letemsvetemapplem.eu\\\/bazar\\\/apple-macbook-pro-14-m2-pro-16-core-16g\\\/#primaryimage\"},\"image\":{\"@id\":\"https:\\\/\\\/www.letemsvetemapplem.eu\\\/bazar\\\/apple-macbook-pro-14-m2-pro-16-core-16g\\\/#primaryimage\"},\"thumbnailUrl\":\"https:\\\/\\\/www.letemsvetemapplem.eu\\\/bazar\\\/wp-content\\\/uploads\\\/2023\\\/03\\\/765871-12.jpg\",\"datePublished\":\"2023-03-18T11:32:40+00:00\",\"author\":{\"@id\":\"\"},\"breadcrumb\":{\"@id\":\"https:\\\/\\\/www.letemsvetemapplem.eu\\\/bazar\\\/apple-macbook-pro-14-m2-pro-16-core-16g\\\/#breadcrumb\"},\"inLanguage\":\"cs\",\"potentialAction\":[{\"@type\":\"ReadAction\",\"target\":[\"https:\\\/\\\/www.letemsvetemapplem.eu\\\/bazar\\\/apple-macbook-pro-14-m2-pro-16-core-16g\\\/\"]}]},{\"@type\":\"ImageObject\",\"inLanguage\":\"cs\",\"@id\":\"https:\\\/\\\/www.letemsvetemapplem.eu\\\/bazar\\\/apple-macbook-pro-14-m2-pro-16-core-16g\\\/#primaryimage\",\"url\":\"https:\\\/\\\/www.letemsvetemapplem.eu\\\/bazar\\\/wp-content\\\/uploads\\\/2023\\\/03\\\/765871-12.jpg\",\"contentUrl\":\"https:\\\/\\\/www.letemsvetemapplem.eu\\\/bazar\\\/wp-content\\\/uploads\\\/2023\\\/03\\\/765871-12.jpg\",\"width\":1600,\"height\":1200},{\"@type\":\"BreadcrumbList\",\"@id\":\"https:\\\/\\\/www.letemsvetemapplem.eu\\\/bazar\\\/apple-macbook-pro-14-m2-pro-16-core-16g\\\/#breadcrumb\",\"itemListElement\":[{\"@type\":\"ListItem\",\"position\":1,\"name\":\"Apple Bazar\",\"item\":\"https:\\\/\\\/www.letemsvetemapplem.eu\\\/bazar\\\/\"},{\"@type\":\"ListItem\",\"position\":2,\"name\":\"Apple MacBook Pro 14\u201d M2 Pro 16 Core 16G\"}]},{\"@type\":\"WebSite\",\"@id\":\"https:\\\/\\\/www.letemsvetemapplem.eu\\\/bazar\\\/#website\",\"url\":\"https:\\\/\\\/www.letemsvetemapplem.eu\\\/bazar\\\/\",\"name\":\"Apple bazar\",\"description\":\"Oou\u017eit\u00e9 Apple produkty za skv\u011bl\u00e9 ceny\",\"potentialAction\":[{\"@type\":\"SearchAction\",\"target\":{\"@type\":\"EntryPoint\",\"urlTemplate\":\"https:\\\/\\\/www.letemsvetemapplem.eu\\\/bazar\\\/?s={search_term_string}\"},\"query-input\":{\"@type\":\"PropertyValueSpecification\",\"valueRequired\":true,\"valueName\":\"search_term_string\"}}],\"inLanguage\":\"cs\"}]}<\/script>\n<!-- \/ Yoast SEO plugin. -->","yoast_head_json":{"title":"Apple MacBook Pro 14\u201d M2 Pro 16 Core 16G - Apple bazar","robots":{"index":"index","follow":"follow","max-snippet":"max-snippet:-1","max-image-preview":"max-image-preview:large","max-video-preview":"max-video-preview:-1"},"canonical":"https:\/\/www.letemsvetemapplem.eu\/bazar\/apple-macbook-pro-14-m2-pro-16-core-16g\/","og_locale":"cs_CZ","og_type":"article","og_title":"Apple MacBook Pro 14\u201d M2 Pro 16 Core 16G - Apple bazar","og_description":"je nov\u00fd s plnou z\u00e1rukou origin\u00e1ln\u00ed balen\u00ed zeptat se na v\u00edce informac\u00ed n\u011bjak\u00e9 specifikace Zcela nov\u00e9 ZAPE\u010cEN\u00c9! Apple MacBook Pro 2023 14palcov\u00fd M2 Pro, 16 GB 512 GB \u2013 Space Gray \u2013 Velk\u00e1 Brit\u00e1nie \u2013 doporu\u010den\u00e1 cena 2 149 GBP. Vysokorychlostn\u00ed I\/O Thunderbolt nov\u00e9 generace pro p\u0159ipojen\u00ed vysoce v\u00fdkonn\u00fdch periferi\u00ed a displej\u016f prost\u0159ednictv\u00edm jedin\u00e9ho portu....","og_url":"https:\/\/www.letemsvetemapplem.eu\/bazar\/apple-macbook-pro-14-m2-pro-16-core-16g\/","og_site_name":"Apple bazar","article_published_time":"2023-03-18T11:32:40+00:00","og_image":[{"width":1600,"height":1200,"url":"https:\/\/www.letemsvetemapplem.eu\/bazar\/wp-content\/uploads\/2023\/03\/765871-12.jpg","type":"image\/jpeg"}],"twitter_card":"summary_large_image","schema":{"@context":"https:\/\/schema.org","@graph":[{"@type":"Article","@id":"https:\/\/www.letemsvetemapplem.eu\/bazar\/apple-macbook-pro-14-m2-pro-16-core-16g\/#article","isPartOf":{"@id":"https:\/\/www.letemsvetemapplem.eu\/bazar\/apple-macbook-pro-14-m2-pro-16-core-16g\/"},"author":{"name":"","@id":""},"headline":"Apple MacBook Pro 14\u201d M2 Pro 16 Core 16G","datePublished":"2023-03-18T11:32:40+00:00","mainEntityOfPage":{"@id":"https:\/\/www.letemsvetemapplem.eu\/bazar\/apple-macbook-pro-14-m2-pro-16-core-16g\/"},"wordCount":165,"image":{"@id":"https:\/\/www.letemsvetemapplem.eu\/bazar\/apple-macbook-pro-14-m2-pro-16-core-16g\/#primaryimage"},"thumbnailUrl":"https:\/\/www.letemsvetemapplem.eu\/bazar\/wp-content\/uploads\/2023\/03\/765871-12.jpg","articleSection":["MacBook Pro"],"inLanguage":"cs"},{"@type":"WebPage","@id":"https:\/\/www.letemsvetemapplem.eu\/bazar\/apple-macbook-pro-14-m2-pro-16-core-16g\/","url":"https:\/\/www.letemsvetemapplem.eu\/bazar\/apple-macbook-pro-14-m2-pro-16-core-16g\/","name":"Apple MacBook Pro 14\u201d M2 Pro 16 Core 16G - Apple bazar","isPartOf":{"@id":"https:\/\/www.letemsvetemapplem.eu\/bazar\/#website"},"primaryImageOfPage":{"@id":"https:\/\/www.letemsvetemapplem.eu\/bazar\/apple-macbook-pro-14-m2-pro-16-core-16g\/#primaryimage"},"image":{"@id":"https:\/\/www.letemsvetemapplem.eu\/bazar\/apple-macbook-pro-14-m2-pro-16-core-16g\/#primaryimage"},"thumbnailUrl":"https:\/\/www.letemsvetemapplem.eu\/bazar\/wp-content\/uploads\/2023\/03\/765871-12.jpg","datePublished":"2023-03-18T11:32:40+00:00","author":{"@id":""},"breadcrumb":{"@id":"https:\/\/www.letemsvetemapplem.eu\/bazar\/apple-macbook-pro-14-m2-pro-16-core-16g\/#breadcrumb"},"inLanguage":"cs","potentialAction":[{"@type":"ReadAction","target":["https:\/\/www.letemsvetemapplem.eu\/bazar\/apple-macbook-pro-14-m2-pro-16-core-16g\/"]}]},{"@type":"ImageObject","inLanguage":"cs","@id":"https:\/\/www.letemsvetemapplem.eu\/bazar\/apple-macbook-pro-14-m2-pro-16-core-16g\/#primaryimage","url":"https:\/\/www.letemsvetemapplem.eu\/bazar\/wp-content\/uploads\/2023\/03\/765871-12.jpg","contentUrl":"https:\/\/www.letemsvetemapplem.eu\/bazar\/wp-content\/uploads\/2023\/03\/765871-12.jpg","width":1600,"height":1200},{"@type":"BreadcrumbList","@id":"https:\/\/www.letemsvetemapplem.eu\/bazar\/apple-macbook-pro-14-m2-pro-16-core-16g\/#breadcrumb","itemListElement":[{"@type":"ListItem","position":1,"name":"Apple Bazar","item":"https:\/\/www.letemsvetemapplem.eu\/bazar\/"},{"@type":"ListItem","position":2,"name":"Apple MacBook Pro 14\u201d M2 Pro 16 Core 16G"}]},{"@type":"WebSite","@id":"https:\/\/www.letemsvetemapplem.eu\/bazar\/#website","url":"https:\/\/www.letemsvetemapplem.eu\/bazar\/","name":"Apple bazar","description":"Oou\u017eit\u00e9 Apple produkty za skv\u011bl\u00e9 ceny","potentialAction":[{"@type":"SearchAction","target":{"@type":"EntryPoint","urlTemplate":"https:\/\/www.letemsvetemapplem.eu\/bazar\/?s={search_term_string}"},"query-input":{"@type":"PropertyValueSpecification","valueRequired":true,"valueName":"search_term_string"}}],"inLanguage":"cs"}]}},"_links":{"self":[{"href":"https:\/\/www.letemsvetemapplem.eu\/bazar\/wp-json\/wp\/v2\/posts\/273786","targetHints":{"allow":["GET"]}}],"collection":[{"href":"https:\/\/www.letemsvetemapplem.eu\/bazar\/wp-json\/wp\/v2\/posts"}],"about":[{"href":"https:\/\/www.letemsvetemapplem.eu\/bazar\/wp-json\/wp\/v2\/types\/post"}],"replies":[{"embeddable":true,"href":"https:\/\/www.letemsvetemapplem.eu\/bazar\/wp-json\/wp\/v2\/comments?post=273786"}],"version-history":[{"count":1,"href":"https:\/\/www.letemsvetemapplem.eu\/bazar\/wp-json\/wp\/v2\/posts\/273786\/revisions"}],"predecessor-version":[{"id":273792,"href":"https:\/\/www.letemsvetemapplem.eu\/bazar\/wp-json\/wp\/v2\/posts\/273786\/revisions\/273792"}],"wp:featuredmedia":[{"embeddable":true,"href":"https:\/\/www.letemsvetemapplem.eu\/bazar\/wp-json\/wp\/v2\/media\/273787"}],"wp:attachment":[{"href":"https:\/\/www.letemsvetemapplem.eu\/bazar\/wp-json\/wp\/v2\/media?parent=273786"}],"wp:term":[{"taxonomy":"category","embeddable":true,"href":"https:\/\/www.letemsvetemapplem.eu\/bazar\/wp-json\/wp\/v2\/categories?post=273786"},{"taxonomy":"post_tag","embeddable":true,"href":"https:\/\/www.letemsvetemapplem.eu\/bazar\/wp-json\/wp\/v2\/tags?post=273786"}],"curies":[{"name":"wp","href":"https:\/\/api.w.org\/{rel}","templated":true}]}}