{"id":271869,"date":"2023-02-01T09:07:35","date_gmt":"2023-02-01T08:07:35","guid":{"rendered":"https:\/\/www.letemsvetemapplem.eu\/bazar\/?p=271869"},"modified":"2023-02-01T09:07:35","modified_gmt":"2023-02-01T08:07:35","slug":"apple-imac-27in-5k-512gb-ssd-intel-cor","status":"publish","type":"post","link":"https:\/\/www.letemsvetemapplem.eu\/bazar\/apple-imac-27in-5k-512gb-ssd-intel-cor\/","title":{"rendered":"Apple iMac 27in 5K (512GB SSD, Intel Cor"},"content":{"rendered":"<p>Je nov\u00fd a m\u00e1 plnou z\u00e1ruku a je dod\u00e1v\u00e1n s \u00fa\u010dtenkou!<\/p>\n<p>rychl\u00e1 odpov\u011b\u010f zde alor.kamis.sro@gmail.com<\/p>\n<p>tady jsou n\u011bjak\u00e9 informace:<\/p>\n<p>Model: iMac<br \/>\nKapacita pevn\u00e9ho disku: 512 GB<br \/>\nUPC: 0019019971133<br \/>\nProcesor: Intel Core i5 10th Gen.<br \/>\nVelikost obrazovky: 27 palc\u016f<br \/>\nTyp grafick\u00e9ho zpracov\u00e1n\u00ed: Dedikovan\u00e1 grafika<br \/>\nBarva: \u0160ed\u00e1<br \/>\nVelikost RAM: 8 GB<br \/>\nMPN: MXWU2LL\/A<br \/>\nNejvhodn\u011bj\u0161\u00ed pro: Grafick\u00fd design<br \/>\nKapacita SSD: 512 GB<br \/>\nD\u00e9lka polo\u017eky: 8&quot;<br \/>\nGPU: AMD Radeon Pro 5300<br \/>\nRychlost procesoru: 3,30 GHz<br \/>\nZna\u010dka: Apple<br \/>\nForm Factor: All-In-One<br \/>\n\u0158ada: Apple iMac<br \/>\nTyp: All-in-One<br \/>\nRok vyd\u00e1n\u00ed: 2020<br \/>\nMaxim\u00e1ln\u00ed kapacita RAM: 128 GB<br \/>\nV\u00fd\u0161ka polo\u017eky: 20,3&quot;<br \/>\nKonektivita: VGA, DisplayPort, HDMI, USB-A, USB-C, USB 3.1<br \/>\nOpera\u010dn\u00ed syst\u00e9m: Mac OS 10.15, Catalina<br \/>\nVlastnosti: Vestav\u011bn\u00e1 kamera, Vestav\u011bn\u00e9 reproduktory<br \/>\nTyp \u00falo\u017ei\u0161t\u011b: SSD (Solid State Drive)<br \/>\n\u0160\u00ed\u0159ka polo\u017eky: 25,6&quot;<\/p>\n","protected":false},"excerpt":{"rendered":"<p>Je nov\u00fd a m\u00e1 plnou z\u00e1ruku a je dod\u00e1v\u00e1n s \u00fa\u010dtenkou! rychl\u00e1 odpov\u011b\u010f zde alor.kamis.sro@gmail.com tady jsou n\u011bjak\u00e9 informace: Model: iMac Kapacita pevn\u00e9ho disku: 512 GB UPC: 0019019971133 Procesor: Intel Core i5 10th Gen. Velikost obrazovky: 27 palc\u016f Typ grafick\u00e9ho zpracov\u00e1n\u00ed: Dedikovan\u00e1 grafika Barva: \u0160ed\u00e1 Velikost RAM: 8 GB MPN: MXWU2LL\/A Nejvhodn\u011bj\u0161\u00ed pro: Grafick\u00fd design&#8230;<\/p>\n","protected":false},"author":0,"featured_media":271870,"comment_status":"closed","ping_status":"closed","sticky":false,"template":"","format":"standard","meta":{"footnotes":""},"categories":[41],"tags":[],"class_list":["post-271869","post","type-post","status-publish","format-standard","has-post-thumbnail","hentry","category-imac"],"yoast_head":"<!-- This site is optimized with the Yoast SEO plugin v27.2 - https:\/\/yoast.com\/product\/yoast-seo-wordpress\/ -->\n<title>Apple iMac 27in 5K (512GB SSD, Intel Cor - Apple bazar<\/title>\n<meta name=\"robots\" content=\"index, follow, max-snippet:-1, max-image-preview:large, max-video-preview:-1\" \/>\n<link rel=\"canonical\" href=\"https:\/\/www.letemsvetemapplem.eu\/bazar\/apple-imac-27in-5k-512gb-ssd-intel-cor\/\" \/>\n<meta property=\"og:locale\" content=\"cs_CZ\" \/>\n<meta property=\"og:type\" content=\"article\" \/>\n<meta property=\"og:title\" content=\"Apple iMac 27in 5K (512GB SSD, Intel Cor - Apple bazar\" \/>\n<meta property=\"og:description\" content=\"Je nov\u00fd a m\u00e1 plnou z\u00e1ruku a je dod\u00e1v\u00e1n s \u00fa\u010dtenkou! rychl\u00e1 odpov\u011b\u010f zde alor.kamis.sro@gmail.com tady jsou n\u011bjak\u00e9 informace: Model: iMac Kapacita pevn\u00e9ho disku: 512 GB UPC: 0019019971133 Procesor: Intel Core i5 10th Gen. Velikost obrazovky: 27 palc\u016f Typ grafick\u00e9ho zpracov\u00e1n\u00ed: Dedikovan\u00e1 grafika Barva: \u0160ed\u00e1 Velikost RAM: 8 GB MPN: MXWU2LL\/A Nejvhodn\u011bj\u0161\u00ed pro: Grafick\u00fd design...\" \/>\n<meta property=\"og:url\" content=\"https:\/\/www.letemsvetemapplem.eu\/bazar\/apple-imac-27in-5k-512gb-ssd-intel-cor\/\" \/>\n<meta property=\"og:site_name\" content=\"Apple bazar\" \/>\n<meta property=\"article:published_time\" content=\"2023-02-01T08:07:35+00:00\" \/>\n<meta property=\"og:image\" content=\"https:\/\/www.letemsvetemapplem.eu\/bazar\/wp-content\/uploads\/2023\/02\/436451-8.jpg\" \/>\n\t<meta property=\"og:image:width\" content=\"1600\" \/>\n\t<meta property=\"og:image:height\" content=\"1200\" \/>\n\t<meta property=\"og:image:type\" content=\"image\/jpeg\" \/>\n<meta name=\"twitter:card\" content=\"summary_large_image\" \/>\n<script type=\"application\/ld+json\" class=\"yoast-schema-graph\">{\"@context\":\"https:\/\/schema.org\",\"@graph\":[{\"@type\":\"Article\",\"@id\":\"https:\/\/www.letemsvetemapplem.eu\/bazar\/apple-imac-27in-5k-512gb-ssd-intel-cor\/#article\",\"isPartOf\":{\"@id\":\"https:\/\/www.letemsvetemapplem.eu\/bazar\/apple-imac-27in-5k-512gb-ssd-intel-cor\/\"},\"author\":{\"name\":\"\",\"@id\":\"\"},\"headline\":\"Apple iMac 27in 5K (512GB SSD, Intel Cor\",\"datePublished\":\"2023-02-01T08:07:35+00:00\",\"mainEntityOfPage\":{\"@id\":\"https:\/\/www.letemsvetemapplem.eu\/bazar\/apple-imac-27in-5k-512gb-ssd-intel-cor\/\"},\"wordCount\":145,\"image\":{\"@id\":\"https:\/\/www.letemsvetemapplem.eu\/bazar\/apple-imac-27in-5k-512gb-ssd-intel-cor\/#primaryimage\"},\"thumbnailUrl\":\"https:\/\/www.letemsvetemapplem.eu\/bazar\/wp-content\/uploads\/2023\/02\/436451-8.jpg\",\"articleSection\":[\"iMac\"],\"inLanguage\":\"cs\"},{\"@type\":\"WebPage\",\"@id\":\"https:\/\/www.letemsvetemapplem.eu\/bazar\/apple-imac-27in-5k-512gb-ssd-intel-cor\/\",\"url\":\"https:\/\/www.letemsvetemapplem.eu\/bazar\/apple-imac-27in-5k-512gb-ssd-intel-cor\/\",\"name\":\"Apple iMac 27in 5K (512GB SSD, Intel Cor - Apple bazar\",\"isPartOf\":{\"@id\":\"https:\/\/www.letemsvetemapplem.eu\/bazar\/#website\"},\"primaryImageOfPage\":{\"@id\":\"https:\/\/www.letemsvetemapplem.eu\/bazar\/apple-imac-27in-5k-512gb-ssd-intel-cor\/#primaryimage\"},\"image\":{\"@id\":\"https:\/\/www.letemsvetemapplem.eu\/bazar\/apple-imac-27in-5k-512gb-ssd-intel-cor\/#primaryimage\"},\"thumbnailUrl\":\"https:\/\/www.letemsvetemapplem.eu\/bazar\/wp-content\/uploads\/2023\/02\/436451-8.jpg\",\"datePublished\":\"2023-02-01T08:07:35+00:00\",\"author\":{\"@id\":\"\"},\"breadcrumb\":{\"@id\":\"https:\/\/www.letemsvetemapplem.eu\/bazar\/apple-imac-27in-5k-512gb-ssd-intel-cor\/#breadcrumb\"},\"inLanguage\":\"cs\",\"potentialAction\":[{\"@type\":\"ReadAction\",\"target\":[\"https:\/\/www.letemsvetemapplem.eu\/bazar\/apple-imac-27in-5k-512gb-ssd-intel-cor\/\"]}]},{\"@type\":\"ImageObject\",\"inLanguage\":\"cs\",\"@id\":\"https:\/\/www.letemsvetemapplem.eu\/bazar\/apple-imac-27in-5k-512gb-ssd-intel-cor\/#primaryimage\",\"url\":\"https:\/\/www.letemsvetemapplem.eu\/bazar\/wp-content\/uploads\/2023\/02\/436451-8.jpg\",\"contentUrl\":\"https:\/\/www.letemsvetemapplem.eu\/bazar\/wp-content\/uploads\/2023\/02\/436451-8.jpg\",\"width\":1600,\"height\":1200},{\"@type\":\"BreadcrumbList\",\"@id\":\"https:\/\/www.letemsvetemapplem.eu\/bazar\/apple-imac-27in-5k-512gb-ssd-intel-cor\/#breadcrumb\",\"itemListElement\":[{\"@type\":\"ListItem\",\"position\":1,\"name\":\"Apple Bazar\",\"item\":\"https:\/\/www.letemsvetemapplem.eu\/bazar\/\"},{\"@type\":\"ListItem\",\"position\":2,\"name\":\"Apple iMac 27in 5K (512GB SSD, Intel Cor\"}]},{\"@type\":\"WebSite\",\"@id\":\"https:\/\/www.letemsvetemapplem.eu\/bazar\/#website\",\"url\":\"https:\/\/www.letemsvetemapplem.eu\/bazar\/\",\"name\":\"Apple bazar\",\"description\":\"Oou\u017eit\u00e9 Apple produkty za skv\u011bl\u00e9 ceny\",\"potentialAction\":[{\"@type\":\"SearchAction\",\"target\":{\"@type\":\"EntryPoint\",\"urlTemplate\":\"https:\/\/www.letemsvetemapplem.eu\/bazar\/?s={search_term_string}\"},\"query-input\":{\"@type\":\"PropertyValueSpecification\",\"valueRequired\":true,\"valueName\":\"search_term_string\"}}],\"inLanguage\":\"cs\"}]}<\/script>\n<!-- \/ Yoast SEO plugin. -->","yoast_head_json":{"title":"Apple iMac 27in 5K (512GB SSD, Intel Cor - Apple bazar","robots":{"index":"index","follow":"follow","max-snippet":"max-snippet:-1","max-image-preview":"max-image-preview:large","max-video-preview":"max-video-preview:-1"},"canonical":"https:\/\/www.letemsvetemapplem.eu\/bazar\/apple-imac-27in-5k-512gb-ssd-intel-cor\/","og_locale":"cs_CZ","og_type":"article","og_title":"Apple iMac 27in 5K (512GB SSD, Intel Cor - Apple bazar","og_description":"Je nov\u00fd a m\u00e1 plnou z\u00e1ruku a je dod\u00e1v\u00e1n s \u00fa\u010dtenkou! rychl\u00e1 odpov\u011b\u010f zde alor.kamis.sro@gmail.com tady jsou n\u011bjak\u00e9 informace: Model: iMac Kapacita pevn\u00e9ho disku: 512 GB UPC: 0019019971133 Procesor: Intel Core i5 10th Gen. Velikost obrazovky: 27 palc\u016f Typ grafick\u00e9ho zpracov\u00e1n\u00ed: Dedikovan\u00e1 grafika Barva: \u0160ed\u00e1 Velikost RAM: 8 GB MPN: MXWU2LL\/A Nejvhodn\u011bj\u0161\u00ed pro: Grafick\u00fd design...","og_url":"https:\/\/www.letemsvetemapplem.eu\/bazar\/apple-imac-27in-5k-512gb-ssd-intel-cor\/","og_site_name":"Apple bazar","article_published_time":"2023-02-01T08:07:35+00:00","og_image":[{"width":1600,"height":1200,"url":"https:\/\/www.letemsvetemapplem.eu\/bazar\/wp-content\/uploads\/2023\/02\/436451-8.jpg","type":"image\/jpeg"}],"twitter_card":"summary_large_image","schema":{"@context":"https:\/\/schema.org","@graph":[{"@type":"Article","@id":"https:\/\/www.letemsvetemapplem.eu\/bazar\/apple-imac-27in-5k-512gb-ssd-intel-cor\/#article","isPartOf":{"@id":"https:\/\/www.letemsvetemapplem.eu\/bazar\/apple-imac-27in-5k-512gb-ssd-intel-cor\/"},"author":{"name":"","@id":""},"headline":"Apple iMac 27in 5K (512GB SSD, Intel Cor","datePublished":"2023-02-01T08:07:35+00:00","mainEntityOfPage":{"@id":"https:\/\/www.letemsvetemapplem.eu\/bazar\/apple-imac-27in-5k-512gb-ssd-intel-cor\/"},"wordCount":145,"image":{"@id":"https:\/\/www.letemsvetemapplem.eu\/bazar\/apple-imac-27in-5k-512gb-ssd-intel-cor\/#primaryimage"},"thumbnailUrl":"https:\/\/www.letemsvetemapplem.eu\/bazar\/wp-content\/uploads\/2023\/02\/436451-8.jpg","articleSection":["iMac"],"inLanguage":"cs"},{"@type":"WebPage","@id":"https:\/\/www.letemsvetemapplem.eu\/bazar\/apple-imac-27in-5k-512gb-ssd-intel-cor\/","url":"https:\/\/www.letemsvetemapplem.eu\/bazar\/apple-imac-27in-5k-512gb-ssd-intel-cor\/","name":"Apple iMac 27in 5K (512GB SSD, Intel Cor - Apple bazar","isPartOf":{"@id":"https:\/\/www.letemsvetemapplem.eu\/bazar\/#website"},"primaryImageOfPage":{"@id":"https:\/\/www.letemsvetemapplem.eu\/bazar\/apple-imac-27in-5k-512gb-ssd-intel-cor\/#primaryimage"},"image":{"@id":"https:\/\/www.letemsvetemapplem.eu\/bazar\/apple-imac-27in-5k-512gb-ssd-intel-cor\/#primaryimage"},"thumbnailUrl":"https:\/\/www.letemsvetemapplem.eu\/bazar\/wp-content\/uploads\/2023\/02\/436451-8.jpg","datePublished":"2023-02-01T08:07:35+00:00","author":{"@id":""},"breadcrumb":{"@id":"https:\/\/www.letemsvetemapplem.eu\/bazar\/apple-imac-27in-5k-512gb-ssd-intel-cor\/#breadcrumb"},"inLanguage":"cs","potentialAction":[{"@type":"ReadAction","target":["https:\/\/www.letemsvetemapplem.eu\/bazar\/apple-imac-27in-5k-512gb-ssd-intel-cor\/"]}]},{"@type":"ImageObject","inLanguage":"cs","@id":"https:\/\/www.letemsvetemapplem.eu\/bazar\/apple-imac-27in-5k-512gb-ssd-intel-cor\/#primaryimage","url":"https:\/\/www.letemsvetemapplem.eu\/bazar\/wp-content\/uploads\/2023\/02\/436451-8.jpg","contentUrl":"https:\/\/www.letemsvetemapplem.eu\/bazar\/wp-content\/uploads\/2023\/02\/436451-8.jpg","width":1600,"height":1200},{"@type":"BreadcrumbList","@id":"https:\/\/www.letemsvetemapplem.eu\/bazar\/apple-imac-27in-5k-512gb-ssd-intel-cor\/#breadcrumb","itemListElement":[{"@type":"ListItem","position":1,"name":"Apple Bazar","item":"https:\/\/www.letemsvetemapplem.eu\/bazar\/"},{"@type":"ListItem","position":2,"name":"Apple iMac 27in 5K (512GB SSD, Intel Cor"}]},{"@type":"WebSite","@id":"https:\/\/www.letemsvetemapplem.eu\/bazar\/#website","url":"https:\/\/www.letemsvetemapplem.eu\/bazar\/","name":"Apple bazar","description":"Oou\u017eit\u00e9 Apple produkty za skv\u011bl\u00e9 ceny","potentialAction":[{"@type":"SearchAction","target":{"@type":"EntryPoint","urlTemplate":"https:\/\/www.letemsvetemapplem.eu\/bazar\/?s={search_term_string}"},"query-input":{"@type":"PropertyValueSpecification","valueRequired":true,"valueName":"search_term_string"}}],"inLanguage":"cs"}]}},"_links":{"self":[{"href":"https:\/\/www.letemsvetemapplem.eu\/bazar\/wp-json\/wp\/v2\/posts\/271869","targetHints":{"allow":["GET"]}}],"collection":[{"href":"https:\/\/www.letemsvetemapplem.eu\/bazar\/wp-json\/wp\/v2\/posts"}],"about":[{"href":"https:\/\/www.letemsvetemapplem.eu\/bazar\/wp-json\/wp\/v2\/types\/post"}],"replies":[{"embeddable":true,"href":"https:\/\/www.letemsvetemapplem.eu\/bazar\/wp-json\/wp\/v2\/comments?post=271869"}],"version-history":[{"count":1,"href":"https:\/\/www.letemsvetemapplem.eu\/bazar\/wp-json\/wp\/v2\/posts\/271869\/revisions"}],"predecessor-version":[{"id":271874,"href":"https:\/\/www.letemsvetemapplem.eu\/bazar\/wp-json\/wp\/v2\/posts\/271869\/revisions\/271874"}],"wp:featuredmedia":[{"embeddable":true,"href":"https:\/\/www.letemsvetemapplem.eu\/bazar\/wp-json\/wp\/v2\/media\/271870"}],"wp:attachment":[{"href":"https:\/\/www.letemsvetemapplem.eu\/bazar\/wp-json\/wp\/v2\/media?parent=271869"}],"wp:term":[{"taxonomy":"category","embeddable":true,"href":"https:\/\/www.letemsvetemapplem.eu\/bazar\/wp-json\/wp\/v2\/categories?post=271869"},{"taxonomy":"post_tag","embeddable":true,"href":"https:\/\/www.letemsvetemapplem.eu\/bazar\/wp-json\/wp\/v2\/tags?post=271869"}],"curies":[{"name":"wp","href":"https:\/\/api.w.org\/{rel}","templated":true}]}}