{"id":271548,"date":"2023-01-26T08:58:30","date_gmt":"2023-01-26T07:58:30","guid":{"rendered":"https:\/\/www.letemsvetemapplem.eu\/bazar\/?p=271548"},"modified":"2023-01-26T08:58:30","modified_gmt":"2023-01-26T07:58:30","slug":"apple-imac-27in-retina-5k-512-gb-ssd-i5","status":"publish","type":"post","link":"https:\/\/www.letemsvetemapplem.eu\/bazar\/apple-imac-27in-retina-5k-512-gb-ssd-i5\/","title":{"rendered":"Apple iMac 27in Retina 5K (512 GB SSD i5"},"content":{"rendered":"<p>je nov\u00fd s plnou z\u00e1rukou<br \/>\nK dispoz\u00edcii je 6 kusov (pri k\u00fape v\u0161etk\u00fdch sa viem dohodn\u00fa\u0165)<br \/>\nodomknut\u00e9 z v\u00fdroby<br \/>\nnevymie\u0148am (iba pred\u00e1vam) d\u00fafam \u017ee R\u00ddCHLO<\/p>\n<p>ak chcete r\u00fdchlu odpove\u010f, nap\u00ed\u0161te mi sem alor.kamis.sro@gmail.com<br \/>\n(zvy\u010dajne odpovedzte do 5 min\u00fat)<\/p>\n<p>tu s\u00fa nejak\u00e9 \u0161pecifik\u00e1cie:<\/p>\n<p>Model: iMac<br \/>\nKapacita pevn\u00e9ho disku: 512 GB<br \/>\nUPC: 0019019971133<br \/>\nProcesor: Intel Core i5 10th Gen.<br \/>\nVe\u013ekos\u0165 obrazovky: 27 palcov<br \/>\nTyp grafick\u00e9ho spracovania: Vyhraden\u00e1 grafika<br \/>\nFarba: \u0161ed\u00e1<br \/>\nVe\u013ekos\u0165 RAM: 8 GB<br \/>\nMPN: MXWU2LL\/A<br \/>\nNajvhodnej\u0161ie pre: Grafick\u00fd dizajn<br \/>\nKapacita SSD: 512 GB<br \/>\nD\u013a\u017eka polo\u017eky: 8&quot;<br \/>\nGPU: AMD Radeon Pro 5300<br \/>\nR\u00fdchlos\u0165 procesora: 3,30 GHz<br \/>\nZna\u010dka: Apple<br \/>\nForm Factor: All-In-One<br \/>\nS\u00e9ria: Apple iMac<br \/>\nTyp: All-in-One<br \/>\nRok vydania: 2020<br \/>\nMaxim\u00e1lna kapacita RAM: 128 GB<br \/>\nV\u00fd\u0161ka polo\u017eky: 20,3&quot;<br \/>\nKonektivita: VGA, DisplayPort, HDMI, USB-A, USB-C, USB 3.1<br \/>\nOpera\u010dn\u00fd syst\u00e9m: Mac OS 10.15, Catalina<br \/>\nVlastnosti: Vstavan\u00e1 kamera, Vstavan\u00e9 reproduktory<br \/>\nTyp \u00falo\u017eiska: SSD (Solid State Drive)<br \/>\n\u0160\u00edrka polo\u017eky: 25,6&quot;<\/p>\n","protected":false},"excerpt":{"rendered":"<p>je nov\u00fd s plnou z\u00e1rukou K dispoz\u00edcii je 6 kusov (pri k\u00fape v\u0161etk\u00fdch sa viem dohodn\u00fa\u0165) odomknut\u00e9 z v\u00fdroby nevymie\u0148am (iba pred\u00e1vam) d\u00fafam \u017ee R\u00ddCHLO ak chcete r\u00fdchlu odpove\u010f, nap\u00ed\u0161te mi sem alor.kamis.sro@gmail.com (zvy\u010dajne odpovedzte do 5 min\u00fat) tu s\u00fa nejak\u00e9 \u0161pecifik\u00e1cie: Model: iMac Kapacita pevn\u00e9ho disku: 512 GB UPC: 0019019971133 Procesor: Intel Core i5&#8230;<\/p>\n","protected":false},"author":0,"featured_media":271549,"comment_status":"closed","ping_status":"closed","sticky":false,"template":"","format":"standard","meta":{"footnotes":""},"categories":[41],"tags":[],"class_list":["post-271548","post","type-post","status-publish","format-standard","has-post-thumbnail","hentry","category-imac"],"yoast_head":"<!-- This site is optimized with the Yoast SEO plugin v27.2 - https:\/\/yoast.com\/product\/yoast-seo-wordpress\/ -->\n<title>Apple iMac 27in Retina 5K (512 GB SSD i5 - Apple bazar<\/title>\n<meta name=\"robots\" content=\"index, follow, max-snippet:-1, max-image-preview:large, max-video-preview:-1\" \/>\n<link rel=\"canonical\" href=\"https:\/\/www.letemsvetemapplem.eu\/bazar\/apple-imac-27in-retina-5k-512-gb-ssd-i5\/\" \/>\n<meta property=\"og:locale\" content=\"cs_CZ\" \/>\n<meta property=\"og:type\" content=\"article\" \/>\n<meta property=\"og:title\" content=\"Apple iMac 27in Retina 5K (512 GB SSD i5 - Apple bazar\" \/>\n<meta property=\"og:description\" content=\"je nov\u00fd s plnou z\u00e1rukou K dispoz\u00edcii je 6 kusov (pri k\u00fape v\u0161etk\u00fdch sa viem dohodn\u00fa\u0165) odomknut\u00e9 z v\u00fdroby nevymie\u0148am (iba pred\u00e1vam) d\u00fafam \u017ee R\u00ddCHLO ak chcete r\u00fdchlu odpove\u010f, nap\u00ed\u0161te mi sem alor.kamis.sro@gmail.com (zvy\u010dajne odpovedzte do 5 min\u00fat) tu s\u00fa nejak\u00e9 \u0161pecifik\u00e1cie: Model: iMac Kapacita pevn\u00e9ho disku: 512 GB UPC: 0019019971133 Procesor: Intel Core i5...\" \/>\n<meta property=\"og:url\" content=\"https:\/\/www.letemsvetemapplem.eu\/bazar\/apple-imac-27in-retina-5k-512-gb-ssd-i5\/\" \/>\n<meta property=\"og:site_name\" content=\"Apple bazar\" \/>\n<meta property=\"article:published_time\" content=\"2023-01-26T07:58:30+00:00\" \/>\n<meta property=\"og:image\" content=\"https:\/\/www.letemsvetemapplem.eu\/bazar\/wp-content\/uploads\/2023\/01\/436451-5.jpg\" \/>\n\t<meta property=\"og:image:width\" content=\"1600\" \/>\n\t<meta property=\"og:image:height\" content=\"1200\" \/>\n\t<meta property=\"og:image:type\" content=\"image\/jpeg\" \/>\n<meta name=\"twitter:card\" content=\"summary_large_image\" \/>\n<script type=\"application\/ld+json\" class=\"yoast-schema-graph\">{\"@context\":\"https:\/\/schema.org\",\"@graph\":[{\"@type\":\"Article\",\"@id\":\"https:\/\/www.letemsvetemapplem.eu\/bazar\/apple-imac-27in-retina-5k-512-gb-ssd-i5\/#article\",\"isPartOf\":{\"@id\":\"https:\/\/www.letemsvetemapplem.eu\/bazar\/apple-imac-27in-retina-5k-512-gb-ssd-i5\/\"},\"author\":{\"name\":\"\",\"@id\":\"\"},\"headline\":\"Apple iMac 27in Retina 5K (512 GB SSD i5\",\"datePublished\":\"2023-01-26T07:58:30+00:00\",\"mainEntityOfPage\":{\"@id\":\"https:\/\/www.letemsvetemapplem.eu\/bazar\/apple-imac-27in-retina-5k-512-gb-ssd-i5\/\"},\"wordCount\":176,\"image\":{\"@id\":\"https:\/\/www.letemsvetemapplem.eu\/bazar\/apple-imac-27in-retina-5k-512-gb-ssd-i5\/#primaryimage\"},\"thumbnailUrl\":\"https:\/\/www.letemsvetemapplem.eu\/bazar\/wp-content\/uploads\/2023\/01\/436451-5.jpg\",\"articleSection\":[\"iMac\"],\"inLanguage\":\"cs\"},{\"@type\":\"WebPage\",\"@id\":\"https:\/\/www.letemsvetemapplem.eu\/bazar\/apple-imac-27in-retina-5k-512-gb-ssd-i5\/\",\"url\":\"https:\/\/www.letemsvetemapplem.eu\/bazar\/apple-imac-27in-retina-5k-512-gb-ssd-i5\/\",\"name\":\"Apple iMac 27in Retina 5K (512 GB SSD i5 - Apple bazar\",\"isPartOf\":{\"@id\":\"https:\/\/www.letemsvetemapplem.eu\/bazar\/#website\"},\"primaryImageOfPage\":{\"@id\":\"https:\/\/www.letemsvetemapplem.eu\/bazar\/apple-imac-27in-retina-5k-512-gb-ssd-i5\/#primaryimage\"},\"image\":{\"@id\":\"https:\/\/www.letemsvetemapplem.eu\/bazar\/apple-imac-27in-retina-5k-512-gb-ssd-i5\/#primaryimage\"},\"thumbnailUrl\":\"https:\/\/www.letemsvetemapplem.eu\/bazar\/wp-content\/uploads\/2023\/01\/436451-5.jpg\",\"datePublished\":\"2023-01-26T07:58:30+00:00\",\"author\":{\"@id\":\"\"},\"breadcrumb\":{\"@id\":\"https:\/\/www.letemsvetemapplem.eu\/bazar\/apple-imac-27in-retina-5k-512-gb-ssd-i5\/#breadcrumb\"},\"inLanguage\":\"cs\",\"potentialAction\":[{\"@type\":\"ReadAction\",\"target\":[\"https:\/\/www.letemsvetemapplem.eu\/bazar\/apple-imac-27in-retina-5k-512-gb-ssd-i5\/\"]}]},{\"@type\":\"ImageObject\",\"inLanguage\":\"cs\",\"@id\":\"https:\/\/www.letemsvetemapplem.eu\/bazar\/apple-imac-27in-retina-5k-512-gb-ssd-i5\/#primaryimage\",\"url\":\"https:\/\/www.letemsvetemapplem.eu\/bazar\/wp-content\/uploads\/2023\/01\/436451-5.jpg\",\"contentUrl\":\"https:\/\/www.letemsvetemapplem.eu\/bazar\/wp-content\/uploads\/2023\/01\/436451-5.jpg\",\"width\":1600,\"height\":1200},{\"@type\":\"BreadcrumbList\",\"@id\":\"https:\/\/www.letemsvetemapplem.eu\/bazar\/apple-imac-27in-retina-5k-512-gb-ssd-i5\/#breadcrumb\",\"itemListElement\":[{\"@type\":\"ListItem\",\"position\":1,\"name\":\"Apple Bazar\",\"item\":\"https:\/\/www.letemsvetemapplem.eu\/bazar\/\"},{\"@type\":\"ListItem\",\"position\":2,\"name\":\"Apple iMac 27in Retina 5K (512 GB SSD i5\"}]},{\"@type\":\"WebSite\",\"@id\":\"https:\/\/www.letemsvetemapplem.eu\/bazar\/#website\",\"url\":\"https:\/\/www.letemsvetemapplem.eu\/bazar\/\",\"name\":\"Apple bazar\",\"description\":\"Oou\u017eit\u00e9 Apple produkty za skv\u011bl\u00e9 ceny\",\"potentialAction\":[{\"@type\":\"SearchAction\",\"target\":{\"@type\":\"EntryPoint\",\"urlTemplate\":\"https:\/\/www.letemsvetemapplem.eu\/bazar\/?s={search_term_string}\"},\"query-input\":{\"@type\":\"PropertyValueSpecification\",\"valueRequired\":true,\"valueName\":\"search_term_string\"}}],\"inLanguage\":\"cs\"}]}<\/script>\n<!-- \/ Yoast SEO plugin. -->","yoast_head_json":{"title":"Apple iMac 27in Retina 5K (512 GB SSD i5 - Apple bazar","robots":{"index":"index","follow":"follow","max-snippet":"max-snippet:-1","max-image-preview":"max-image-preview:large","max-video-preview":"max-video-preview:-1"},"canonical":"https:\/\/www.letemsvetemapplem.eu\/bazar\/apple-imac-27in-retina-5k-512-gb-ssd-i5\/","og_locale":"cs_CZ","og_type":"article","og_title":"Apple iMac 27in Retina 5K (512 GB SSD i5 - Apple bazar","og_description":"je nov\u00fd s plnou z\u00e1rukou K dispoz\u00edcii je 6 kusov (pri k\u00fape v\u0161etk\u00fdch sa viem dohodn\u00fa\u0165) odomknut\u00e9 z v\u00fdroby nevymie\u0148am (iba pred\u00e1vam) d\u00fafam \u017ee R\u00ddCHLO ak chcete r\u00fdchlu odpove\u010f, nap\u00ed\u0161te mi sem alor.kamis.sro@gmail.com (zvy\u010dajne odpovedzte do 5 min\u00fat) tu s\u00fa nejak\u00e9 \u0161pecifik\u00e1cie: Model: iMac Kapacita pevn\u00e9ho disku: 512 GB UPC: 0019019971133 Procesor: Intel Core i5...","og_url":"https:\/\/www.letemsvetemapplem.eu\/bazar\/apple-imac-27in-retina-5k-512-gb-ssd-i5\/","og_site_name":"Apple bazar","article_published_time":"2023-01-26T07:58:30+00:00","og_image":[{"width":1600,"height":1200,"url":"https:\/\/www.letemsvetemapplem.eu\/bazar\/wp-content\/uploads\/2023\/01\/436451-5.jpg","type":"image\/jpeg"}],"twitter_card":"summary_large_image","schema":{"@context":"https:\/\/schema.org","@graph":[{"@type":"Article","@id":"https:\/\/www.letemsvetemapplem.eu\/bazar\/apple-imac-27in-retina-5k-512-gb-ssd-i5\/#article","isPartOf":{"@id":"https:\/\/www.letemsvetemapplem.eu\/bazar\/apple-imac-27in-retina-5k-512-gb-ssd-i5\/"},"author":{"name":"","@id":""},"headline":"Apple iMac 27in Retina 5K (512 GB SSD i5","datePublished":"2023-01-26T07:58:30+00:00","mainEntityOfPage":{"@id":"https:\/\/www.letemsvetemapplem.eu\/bazar\/apple-imac-27in-retina-5k-512-gb-ssd-i5\/"},"wordCount":176,"image":{"@id":"https:\/\/www.letemsvetemapplem.eu\/bazar\/apple-imac-27in-retina-5k-512-gb-ssd-i5\/#primaryimage"},"thumbnailUrl":"https:\/\/www.letemsvetemapplem.eu\/bazar\/wp-content\/uploads\/2023\/01\/436451-5.jpg","articleSection":["iMac"],"inLanguage":"cs"},{"@type":"WebPage","@id":"https:\/\/www.letemsvetemapplem.eu\/bazar\/apple-imac-27in-retina-5k-512-gb-ssd-i5\/","url":"https:\/\/www.letemsvetemapplem.eu\/bazar\/apple-imac-27in-retina-5k-512-gb-ssd-i5\/","name":"Apple iMac 27in Retina 5K (512 GB SSD i5 - Apple bazar","isPartOf":{"@id":"https:\/\/www.letemsvetemapplem.eu\/bazar\/#website"},"primaryImageOfPage":{"@id":"https:\/\/www.letemsvetemapplem.eu\/bazar\/apple-imac-27in-retina-5k-512-gb-ssd-i5\/#primaryimage"},"image":{"@id":"https:\/\/www.letemsvetemapplem.eu\/bazar\/apple-imac-27in-retina-5k-512-gb-ssd-i5\/#primaryimage"},"thumbnailUrl":"https:\/\/www.letemsvetemapplem.eu\/bazar\/wp-content\/uploads\/2023\/01\/436451-5.jpg","datePublished":"2023-01-26T07:58:30+00:00","author":{"@id":""},"breadcrumb":{"@id":"https:\/\/www.letemsvetemapplem.eu\/bazar\/apple-imac-27in-retina-5k-512-gb-ssd-i5\/#breadcrumb"},"inLanguage":"cs","potentialAction":[{"@type":"ReadAction","target":["https:\/\/www.letemsvetemapplem.eu\/bazar\/apple-imac-27in-retina-5k-512-gb-ssd-i5\/"]}]},{"@type":"ImageObject","inLanguage":"cs","@id":"https:\/\/www.letemsvetemapplem.eu\/bazar\/apple-imac-27in-retina-5k-512-gb-ssd-i5\/#primaryimage","url":"https:\/\/www.letemsvetemapplem.eu\/bazar\/wp-content\/uploads\/2023\/01\/436451-5.jpg","contentUrl":"https:\/\/www.letemsvetemapplem.eu\/bazar\/wp-content\/uploads\/2023\/01\/436451-5.jpg","width":1600,"height":1200},{"@type":"BreadcrumbList","@id":"https:\/\/www.letemsvetemapplem.eu\/bazar\/apple-imac-27in-retina-5k-512-gb-ssd-i5\/#breadcrumb","itemListElement":[{"@type":"ListItem","position":1,"name":"Apple Bazar","item":"https:\/\/www.letemsvetemapplem.eu\/bazar\/"},{"@type":"ListItem","position":2,"name":"Apple iMac 27in Retina 5K (512 GB SSD i5"}]},{"@type":"WebSite","@id":"https:\/\/www.letemsvetemapplem.eu\/bazar\/#website","url":"https:\/\/www.letemsvetemapplem.eu\/bazar\/","name":"Apple bazar","description":"Oou\u017eit\u00e9 Apple produkty za skv\u011bl\u00e9 ceny","potentialAction":[{"@type":"SearchAction","target":{"@type":"EntryPoint","urlTemplate":"https:\/\/www.letemsvetemapplem.eu\/bazar\/?s={search_term_string}"},"query-input":{"@type":"PropertyValueSpecification","valueRequired":true,"valueName":"search_term_string"}}],"inLanguage":"cs"}]}},"_links":{"self":[{"href":"https:\/\/www.letemsvetemapplem.eu\/bazar\/wp-json\/wp\/v2\/posts\/271548","targetHints":{"allow":["GET"]}}],"collection":[{"href":"https:\/\/www.letemsvetemapplem.eu\/bazar\/wp-json\/wp\/v2\/posts"}],"about":[{"href":"https:\/\/www.letemsvetemapplem.eu\/bazar\/wp-json\/wp\/v2\/types\/post"}],"replies":[{"embeddable":true,"href":"https:\/\/www.letemsvetemapplem.eu\/bazar\/wp-json\/wp\/v2\/comments?post=271548"}],"version-history":[{"count":1,"href":"https:\/\/www.letemsvetemapplem.eu\/bazar\/wp-json\/wp\/v2\/posts\/271548\/revisions"}],"predecessor-version":[{"id":271553,"href":"https:\/\/www.letemsvetemapplem.eu\/bazar\/wp-json\/wp\/v2\/posts\/271548\/revisions\/271553"}],"wp:featuredmedia":[{"embeddable":true,"href":"https:\/\/www.letemsvetemapplem.eu\/bazar\/wp-json\/wp\/v2\/media\/271549"}],"wp:attachment":[{"href":"https:\/\/www.letemsvetemapplem.eu\/bazar\/wp-json\/wp\/v2\/media?parent=271548"}],"wp:term":[{"taxonomy":"category","embeddable":true,"href":"https:\/\/www.letemsvetemapplem.eu\/bazar\/wp-json\/wp\/v2\/categories?post=271548"},{"taxonomy":"post_tag","embeddable":true,"href":"https:\/\/www.letemsvetemapplem.eu\/bazar\/wp-json\/wp\/v2\/tags?post=271548"}],"curies":[{"name":"wp","href":"https:\/\/api.w.org\/{rel}","templated":true}]}}