{"id":269151,"date":"2022-12-14T14:04:39","date_gmt":"2022-12-14T13:04:39","guid":{"rendered":"https:\/\/www.letemsvetemapplem.eu\/bazar\/?p=269151"},"modified":"2023-02-03T20:48:33","modified_gmt":"2023-02-03T19:48:33","slug":"iphone-11-128-gb-red","status":"publish","type":"post","link":"https:\/\/www.letemsvetemapplem.eu\/bazar\/iphone-11-128-gb-red\/","title":{"rendered":"iPhone  11 128 GB red"},"content":{"rendered":"<p>Prod\u00e1m iPhone 11 128GB red ve v\u00fdborn\u00e9m stavu. Od za\u010d\u00e1tku jsem ho pou\u017e\u00edvala v obalu s nalepen\u00fdm ochrann\u00fdm skl\u00ed\u010dkem \u2013 d\u00edky tomu je telefon jak nov\u00fd, nikde \u017e\u00e1dn\u00fd \u0161kr\u00e1banec (pro focen\u00ed jsem skl\u00ed\u010dko sundal, ale m\u00e1m n\u00e1hradn\u00ed tak v\u00e1m ho p\u0159ibal\u00edm). Sou\u010d\u00e1st\u00ed je komplet origin\u00e1ln\u00ed a hlavn\u011b nepou\u017eit\u00e9 balen\u00ed, dnes ji\u017e nab\u00edje\u010dku ani sluch\u00e1tka k telefonu nenajdete \u2013 ide\u00e1ln\u00ed t\u0159eba jako d\u00e1rek. Osobn\u00ed odb\u011br je mo\u017en\u00fd v Praze kde si m\u016f\u017eete telefon vyzkou\u0161et, p\u0159\u00edpadn\u011b po zaplacen\u00ed po\u0161tovn\u00e9ho p\u0159edem po\u0161lu i k v\u00e1m. Prod\u00e1v\u00e1m proto\u017ee jsem dostala nov\u00fd, ale jinak bych nem\u011bla d\u016fvod m\u011bnit.<\/p>\n","protected":false},"excerpt":{"rendered":"<p>Prod\u00e1m iPhone 11 128GB red ve v\u00fdborn\u00e9m stavu. Od za\u010d\u00e1tku jsem ho pou\u017e\u00edvala v obalu s nalepen\u00fdm ochrann\u00fdm skl\u00ed\u010dkem \u2013 d\u00edky tomu je telefon jak nov\u00fd, nikde \u017e\u00e1dn\u00fd \u0161kr\u00e1banec (pro focen\u00ed jsem skl\u00ed\u010dko sundal, ale m\u00e1m n\u00e1hradn\u00ed tak v\u00e1m ho p\u0159ibal\u00edm). Sou\u010d\u00e1st\u00ed je komplet origin\u00e1ln\u00ed a hlavn\u011b nepou\u017eit\u00e9 balen\u00ed, dnes ji\u017e nab\u00edje\u010dku ani sluch\u00e1tka k&#8230;<\/p>\n","protected":false},"author":0,"featured_media":269152,"comment_status":"closed","ping_status":"closed","sticky":false,"template":"","format":"standard","meta":{"footnotes":""},"categories":[109],"tags":[],"class_list":["post-269151","post","type-post","status-publish","format-standard","has-post-thumbnail","hentry","category-iphone-11"],"yoast_head":"<!-- This site is optimized with the Yoast SEO plugin v27.2 - https:\/\/yoast.com\/product\/yoast-seo-wordpress\/ -->\n<title>iPhone 11 128 GB red - Apple bazar<\/title>\n<meta name=\"robots\" content=\"index, follow, max-snippet:-1, max-image-preview:large, max-video-preview:-1\" \/>\n<link rel=\"canonical\" href=\"https:\/\/www.letemsvetemapplem.eu\/bazar\/iphone-11-128-gb-red\/\" \/>\n<meta property=\"og:locale\" content=\"cs_CZ\" \/>\n<meta property=\"og:type\" content=\"article\" \/>\n<meta property=\"og:title\" content=\"iPhone 11 128 GB red - Apple bazar\" \/>\n<meta property=\"og:description\" content=\"Prod\u00e1m iPhone 11 128GB red ve v\u00fdborn\u00e9m stavu. Od za\u010d\u00e1tku jsem ho pou\u017e\u00edvala v obalu s nalepen\u00fdm ochrann\u00fdm skl\u00ed\u010dkem \u2013 d\u00edky tomu je telefon jak nov\u00fd, nikde \u017e\u00e1dn\u00fd \u0161kr\u00e1banec (pro focen\u00ed jsem skl\u00ed\u010dko sundal, ale m\u00e1m n\u00e1hradn\u00ed tak v\u00e1m ho p\u0159ibal\u00edm). Sou\u010d\u00e1st\u00ed je komplet origin\u00e1ln\u00ed a hlavn\u011b nepou\u017eit\u00e9 balen\u00ed, dnes ji\u017e nab\u00edje\u010dku ani sluch\u00e1tka k...\" \/>\n<meta property=\"og:url\" content=\"https:\/\/www.letemsvetemapplem.eu\/bazar\/iphone-11-128-gb-red\/\" \/>\n<meta property=\"og:site_name\" content=\"Apple bazar\" \/>\n<meta property=\"article:published_time\" content=\"2022-12-14T13:04:39+00:00\" \/>\n<meta property=\"article:modified_time\" content=\"2023-02-03T19:48:33+00:00\" \/>\n<meta property=\"og:image\" content=\"https:\/\/www.letemsvetemapplem.eu\/bazar\/wp-content\/uploads\/2022\/12\/IMG_7430.jpg\" \/>\n\t<meta property=\"og:image:width\" content=\"549\" \/>\n\t<meta property=\"og:image:height\" content=\"640\" \/>\n\t<meta property=\"og:image:type\" content=\"image\/jpeg\" \/>\n<meta name=\"twitter:card\" content=\"summary_large_image\" \/>\n<script type=\"application\/ld+json\" class=\"yoast-schema-graph\">{\"@context\":\"https:\/\/schema.org\",\"@graph\":[{\"@type\":\"Article\",\"@id\":\"https:\/\/www.letemsvetemapplem.eu\/bazar\/iphone-11-128-gb-red\/#article\",\"isPartOf\":{\"@id\":\"https:\/\/www.letemsvetemapplem.eu\/bazar\/iphone-11-128-gb-red\/\"},\"author\":{\"name\":\"\",\"@id\":\"\"},\"headline\":\"iPhone 11 128 GB red\",\"datePublished\":\"2022-12-14T13:04:39+00:00\",\"dateModified\":\"2023-02-03T19:48:33+00:00\",\"mainEntityOfPage\":{\"@id\":\"https:\/\/www.letemsvetemapplem.eu\/bazar\/iphone-11-128-gb-red\/\"},\"wordCount\":134,\"image\":{\"@id\":\"https:\/\/www.letemsvetemapplem.eu\/bazar\/iphone-11-128-gb-red\/#primaryimage\"},\"thumbnailUrl\":\"https:\/\/www.letemsvetemapplem.eu\/bazar\/wp-content\/uploads\/2022\/12\/IMG_7430.jpg\",\"articleSection\":[\"iPhone 11\"],\"inLanguage\":\"cs\"},{\"@type\":\"WebPage\",\"@id\":\"https:\/\/www.letemsvetemapplem.eu\/bazar\/iphone-11-128-gb-red\/\",\"url\":\"https:\/\/www.letemsvetemapplem.eu\/bazar\/iphone-11-128-gb-red\/\",\"name\":\"iPhone 11 128 GB red - Apple bazar\",\"isPartOf\":{\"@id\":\"https:\/\/www.letemsvetemapplem.eu\/bazar\/#website\"},\"primaryImageOfPage\":{\"@id\":\"https:\/\/www.letemsvetemapplem.eu\/bazar\/iphone-11-128-gb-red\/#primaryimage\"},\"image\":{\"@id\":\"https:\/\/www.letemsvetemapplem.eu\/bazar\/iphone-11-128-gb-red\/#primaryimage\"},\"thumbnailUrl\":\"https:\/\/www.letemsvetemapplem.eu\/bazar\/wp-content\/uploads\/2022\/12\/IMG_7430.jpg\",\"datePublished\":\"2022-12-14T13:04:39+00:00\",\"dateModified\":\"2023-02-03T19:48:33+00:00\",\"author\":{\"@id\":\"\"},\"breadcrumb\":{\"@id\":\"https:\/\/www.letemsvetemapplem.eu\/bazar\/iphone-11-128-gb-red\/#breadcrumb\"},\"inLanguage\":\"cs\",\"potentialAction\":[{\"@type\":\"ReadAction\",\"target\":[\"https:\/\/www.letemsvetemapplem.eu\/bazar\/iphone-11-128-gb-red\/\"]}]},{\"@type\":\"ImageObject\",\"inLanguage\":\"cs\",\"@id\":\"https:\/\/www.letemsvetemapplem.eu\/bazar\/iphone-11-128-gb-red\/#primaryimage\",\"url\":\"https:\/\/www.letemsvetemapplem.eu\/bazar\/wp-content\/uploads\/2022\/12\/IMG_7430.jpg\",\"contentUrl\":\"https:\/\/www.letemsvetemapplem.eu\/bazar\/wp-content\/uploads\/2022\/12\/IMG_7430.jpg\",\"width\":549,\"height\":640},{\"@type\":\"BreadcrumbList\",\"@id\":\"https:\/\/www.letemsvetemapplem.eu\/bazar\/iphone-11-128-gb-red\/#breadcrumb\",\"itemListElement\":[{\"@type\":\"ListItem\",\"position\":1,\"name\":\"Apple Bazar\",\"item\":\"https:\/\/www.letemsvetemapplem.eu\/bazar\/\"},{\"@type\":\"ListItem\",\"position\":2,\"name\":\"iPhone 11 128 GB red\"}]},{\"@type\":\"WebSite\",\"@id\":\"https:\/\/www.letemsvetemapplem.eu\/bazar\/#website\",\"url\":\"https:\/\/www.letemsvetemapplem.eu\/bazar\/\",\"name\":\"Apple bazar\",\"description\":\"Oou\u017eit\u00e9 Apple produkty za skv\u011bl\u00e9 ceny\",\"potentialAction\":[{\"@type\":\"SearchAction\",\"target\":{\"@type\":\"EntryPoint\",\"urlTemplate\":\"https:\/\/www.letemsvetemapplem.eu\/bazar\/?s={search_term_string}\"},\"query-input\":{\"@type\":\"PropertyValueSpecification\",\"valueRequired\":true,\"valueName\":\"search_term_string\"}}],\"inLanguage\":\"cs\"}]}<\/script>\n<!-- \/ Yoast SEO plugin. -->","yoast_head_json":{"title":"iPhone 11 128 GB red - Apple bazar","robots":{"index":"index","follow":"follow","max-snippet":"max-snippet:-1","max-image-preview":"max-image-preview:large","max-video-preview":"max-video-preview:-1"},"canonical":"https:\/\/www.letemsvetemapplem.eu\/bazar\/iphone-11-128-gb-red\/","og_locale":"cs_CZ","og_type":"article","og_title":"iPhone 11 128 GB red - Apple bazar","og_description":"Prod\u00e1m iPhone 11 128GB red ve v\u00fdborn\u00e9m stavu. Od za\u010d\u00e1tku jsem ho pou\u017e\u00edvala v obalu s nalepen\u00fdm ochrann\u00fdm skl\u00ed\u010dkem \u2013 d\u00edky tomu je telefon jak nov\u00fd, nikde \u017e\u00e1dn\u00fd \u0161kr\u00e1banec (pro focen\u00ed jsem skl\u00ed\u010dko sundal, ale m\u00e1m n\u00e1hradn\u00ed tak v\u00e1m ho p\u0159ibal\u00edm). Sou\u010d\u00e1st\u00ed je komplet origin\u00e1ln\u00ed a hlavn\u011b nepou\u017eit\u00e9 balen\u00ed, dnes ji\u017e nab\u00edje\u010dku ani sluch\u00e1tka k...","og_url":"https:\/\/www.letemsvetemapplem.eu\/bazar\/iphone-11-128-gb-red\/","og_site_name":"Apple bazar","article_published_time":"2022-12-14T13:04:39+00:00","article_modified_time":"2023-02-03T19:48:33+00:00","og_image":[{"width":549,"height":640,"url":"https:\/\/www.letemsvetemapplem.eu\/bazar\/wp-content\/uploads\/2022\/12\/IMG_7430.jpg","type":"image\/jpeg"}],"twitter_card":"summary_large_image","schema":{"@context":"https:\/\/schema.org","@graph":[{"@type":"Article","@id":"https:\/\/www.letemsvetemapplem.eu\/bazar\/iphone-11-128-gb-red\/#article","isPartOf":{"@id":"https:\/\/www.letemsvetemapplem.eu\/bazar\/iphone-11-128-gb-red\/"},"author":{"name":"","@id":""},"headline":"iPhone 11 128 GB red","datePublished":"2022-12-14T13:04:39+00:00","dateModified":"2023-02-03T19:48:33+00:00","mainEntityOfPage":{"@id":"https:\/\/www.letemsvetemapplem.eu\/bazar\/iphone-11-128-gb-red\/"},"wordCount":134,"image":{"@id":"https:\/\/www.letemsvetemapplem.eu\/bazar\/iphone-11-128-gb-red\/#primaryimage"},"thumbnailUrl":"https:\/\/www.letemsvetemapplem.eu\/bazar\/wp-content\/uploads\/2022\/12\/IMG_7430.jpg","articleSection":["iPhone 11"],"inLanguage":"cs"},{"@type":"WebPage","@id":"https:\/\/www.letemsvetemapplem.eu\/bazar\/iphone-11-128-gb-red\/","url":"https:\/\/www.letemsvetemapplem.eu\/bazar\/iphone-11-128-gb-red\/","name":"iPhone 11 128 GB red - Apple bazar","isPartOf":{"@id":"https:\/\/www.letemsvetemapplem.eu\/bazar\/#website"},"primaryImageOfPage":{"@id":"https:\/\/www.letemsvetemapplem.eu\/bazar\/iphone-11-128-gb-red\/#primaryimage"},"image":{"@id":"https:\/\/www.letemsvetemapplem.eu\/bazar\/iphone-11-128-gb-red\/#primaryimage"},"thumbnailUrl":"https:\/\/www.letemsvetemapplem.eu\/bazar\/wp-content\/uploads\/2022\/12\/IMG_7430.jpg","datePublished":"2022-12-14T13:04:39+00:00","dateModified":"2023-02-03T19:48:33+00:00","author":{"@id":""},"breadcrumb":{"@id":"https:\/\/www.letemsvetemapplem.eu\/bazar\/iphone-11-128-gb-red\/#breadcrumb"},"inLanguage":"cs","potentialAction":[{"@type":"ReadAction","target":["https:\/\/www.letemsvetemapplem.eu\/bazar\/iphone-11-128-gb-red\/"]}]},{"@type":"ImageObject","inLanguage":"cs","@id":"https:\/\/www.letemsvetemapplem.eu\/bazar\/iphone-11-128-gb-red\/#primaryimage","url":"https:\/\/www.letemsvetemapplem.eu\/bazar\/wp-content\/uploads\/2022\/12\/IMG_7430.jpg","contentUrl":"https:\/\/www.letemsvetemapplem.eu\/bazar\/wp-content\/uploads\/2022\/12\/IMG_7430.jpg","width":549,"height":640},{"@type":"BreadcrumbList","@id":"https:\/\/www.letemsvetemapplem.eu\/bazar\/iphone-11-128-gb-red\/#breadcrumb","itemListElement":[{"@type":"ListItem","position":1,"name":"Apple Bazar","item":"https:\/\/www.letemsvetemapplem.eu\/bazar\/"},{"@type":"ListItem","position":2,"name":"iPhone 11 128 GB red"}]},{"@type":"WebSite","@id":"https:\/\/www.letemsvetemapplem.eu\/bazar\/#website","url":"https:\/\/www.letemsvetemapplem.eu\/bazar\/","name":"Apple bazar","description":"Oou\u017eit\u00e9 Apple produkty za skv\u011bl\u00e9 ceny","potentialAction":[{"@type":"SearchAction","target":{"@type":"EntryPoint","urlTemplate":"https:\/\/www.letemsvetemapplem.eu\/bazar\/?s={search_term_string}"},"query-input":{"@type":"PropertyValueSpecification","valueRequired":true,"valueName":"search_term_string"}}],"inLanguage":"cs"}]}},"_links":{"self":[{"href":"https:\/\/www.letemsvetemapplem.eu\/bazar\/wp-json\/wp\/v2\/posts\/269151","targetHints":{"allow":["GET"]}}],"collection":[{"href":"https:\/\/www.letemsvetemapplem.eu\/bazar\/wp-json\/wp\/v2\/posts"}],"about":[{"href":"https:\/\/www.letemsvetemapplem.eu\/bazar\/wp-json\/wp\/v2\/types\/post"}],"replies":[{"embeddable":true,"href":"https:\/\/www.letemsvetemapplem.eu\/bazar\/wp-json\/wp\/v2\/comments?post=269151"}],"version-history":[{"count":1,"href":"https:\/\/www.letemsvetemapplem.eu\/bazar\/wp-json\/wp\/v2\/posts\/269151\/revisions"}],"predecessor-version":[{"id":269157,"href":"https:\/\/www.letemsvetemapplem.eu\/bazar\/wp-json\/wp\/v2\/posts\/269151\/revisions\/269157"}],"wp:featuredmedia":[{"embeddable":true,"href":"https:\/\/www.letemsvetemapplem.eu\/bazar\/wp-json\/wp\/v2\/media\/269152"}],"wp:attachment":[{"href":"https:\/\/www.letemsvetemapplem.eu\/bazar\/wp-json\/wp\/v2\/media?parent=269151"}],"wp:term":[{"taxonomy":"category","embeddable":true,"href":"https:\/\/www.letemsvetemapplem.eu\/bazar\/wp-json\/wp\/v2\/categories?post=269151"},{"taxonomy":"post_tag","embeddable":true,"href":"https:\/\/www.letemsvetemapplem.eu\/bazar\/wp-json\/wp\/v2\/tags?post=269151"}],"curies":[{"name":"wp","href":"https:\/\/api.w.org\/{rel}","templated":true}]}}