{"id":266347,"date":"2022-11-01T07:07:45","date_gmt":"2022-11-01T06:07:45","guid":{"rendered":"https:\/\/www.letemsvetemapplem.eu\/bazar\/?p=266347"},"modified":"2022-11-09T09:47:47","modified_gmt":"2022-11-09T08:47:47","slug":"imac-27-retina-5k-3t-fusion-drive","status":"publish","type":"post","link":"https:\/\/www.letemsvetemapplem.eu\/bazar\/imac-27-retina-5k-3t-fusion-drive\/","title":{"rendered":"iMac 27, Retina 5K, 3T Fusion Drive"},"content":{"rendered":"<p>Prod\u00e1m iMac Retina 5K, 27, 2014. 3,2 T Fusin Drive, Procesor i5, 4 j\u00e1dra, 3,5 GHz, 32 GB RAM, ADM Radeon R9 M295X 4 G.&lt;br \/&gt;<br \/>\nPerfektn\u00ed stav, udr\u017eovan\u00fd. Nechal jsme jej v iOpravn\u011b vy\u010distit a otestovat (protokol je sou\u010d\u00e1st\u00ed balen\u00ed). V\u0161e je OK. Jen je tam stopa prachu mezi kryc\u00edm sklem a display-em, kter\u00e1 vy\u010distit nelze. Je ale vid\u011bt jen p\u0159i \u00fapln\u011b jasn\u00e9m b\u00edlem podkladu \u2013 viz obr\u00e1zek. Nem\u00e1 to \u017e\u00e1dn\u00fd vliv na funk\u010dnost. Sou\u010d\u00e1st\u00ed je my\u0161, kl\u00e1vesnice, touch pad. K tomu speci\u00e1ln\u00ed prodlu\u017eova\u010d USB, kdy dostane vstup USB z \u010deln\u00ed strany. Prod\u00e1v\u00e1m jej jen kv\u016fli M1 \u2026 jinak by d\u00e1l d\u011blal radost a slou\u017eil.<\/p>\n","protected":false},"excerpt":{"rendered":"<p>Prod\u00e1m iMac Retina 5K, 27, 2014. 3,2 T Fusin Drive, Procesor i5, 4 j\u00e1dra, 3,5 GHz, 32 GB RAM, ADM Radeon R9 M295X 4 G.&lt;br \/&gt; Perfektn\u00ed stav, udr\u017eovan\u00fd. Nechal jsme jej v iOpravn\u011b vy\u010distit a otestovat (protokol je sou\u010d\u00e1st\u00ed balen\u00ed). V\u0161e je OK. Jen je tam stopa prachu mezi kryc\u00edm sklem a display-em, kter\u00e1&#8230;<\/p>\n","protected":false},"author":0,"featured_media":266348,"comment_status":"closed","ping_status":"closed","sticky":false,"template":"","format":"standard","meta":{"footnotes":""},"categories":[41],"tags":[],"class_list":["post-266347","post","type-post","status-publish","format-standard","has-post-thumbnail","hentry","category-imac"],"yoast_head":"<!-- This site is optimized with the Yoast SEO plugin v27.2 - https:\/\/yoast.com\/product\/yoast-seo-wordpress\/ -->\n<title>iMac 27, Retina 5K, 3T Fusion Drive - Apple bazar<\/title>\n<meta name=\"robots\" content=\"index, follow, max-snippet:-1, max-image-preview:large, max-video-preview:-1\" \/>\n<link rel=\"canonical\" href=\"https:\/\/www.letemsvetemapplem.eu\/bazar\/imac-27-retina-5k-3t-fusion-drive\/\" \/>\n<meta property=\"og:locale\" content=\"cs_CZ\" \/>\n<meta property=\"og:type\" content=\"article\" \/>\n<meta property=\"og:title\" content=\"iMac 27, Retina 5K, 3T Fusion Drive - Apple bazar\" \/>\n<meta property=\"og:description\" content=\"Prod\u00e1m iMac Retina 5K, 27, 2014. 3,2 T Fusin Drive, Procesor i5, 4 j\u00e1dra, 3,5 GHz, 32 GB RAM, ADM Radeon R9 M295X 4 G.&lt;br \/&gt; Perfektn\u00ed stav, udr\u017eovan\u00fd. Nechal jsme jej v iOpravn\u011b vy\u010distit a otestovat (protokol je sou\u010d\u00e1st\u00ed balen\u00ed). V\u0161e je OK. Jen je tam stopa prachu mezi kryc\u00edm sklem a display-em, kter\u00e1...\" \/>\n<meta property=\"og:url\" content=\"https:\/\/www.letemsvetemapplem.eu\/bazar\/imac-27-retina-5k-3t-fusion-drive\/\" \/>\n<meta property=\"og:site_name\" content=\"Apple bazar\" \/>\n<meta property=\"article:published_time\" content=\"2022-11-01T06:07:45+00:00\" \/>\n<meta property=\"article:modified_time\" content=\"2022-11-09T08:47:47+00:00\" \/>\n<meta property=\"og:image\" content=\"https:\/\/www.letemsvetemapplem.eu\/bazar\/wp-content\/uploads\/2022\/11\/IMG_0379-scaled.jpg\" \/>\n\t<meta property=\"og:image:width\" content=\"2560\" \/>\n\t<meta property=\"og:image:height\" content=\"1440\" \/>\n\t<meta property=\"og:image:type\" content=\"image\/jpeg\" \/>\n<meta name=\"twitter:card\" content=\"summary_large_image\" \/>\n<script type=\"application\/ld+json\" class=\"yoast-schema-graph\">{\"@context\":\"https:\/\/schema.org\",\"@graph\":[{\"@type\":\"Article\",\"@id\":\"https:\/\/www.letemsvetemapplem.eu\/bazar\/imac-27-retina-5k-3t-fusion-drive\/#article\",\"isPartOf\":{\"@id\":\"https:\/\/www.letemsvetemapplem.eu\/bazar\/imac-27-retina-5k-3t-fusion-drive\/\"},\"author\":{\"name\":\"\",\"@id\":\"\"},\"headline\":\"iMac 27, Retina 5K, 3T Fusion Drive\",\"datePublished\":\"2022-11-01T06:07:45+00:00\",\"dateModified\":\"2022-11-09T08:47:47+00:00\",\"mainEntityOfPage\":{\"@id\":\"https:\/\/www.letemsvetemapplem.eu\/bazar\/imac-27-retina-5k-3t-fusion-drive\/\"},\"wordCount\":130,\"image\":{\"@id\":\"https:\/\/www.letemsvetemapplem.eu\/bazar\/imac-27-retina-5k-3t-fusion-drive\/#primaryimage\"},\"thumbnailUrl\":\"https:\/\/www.letemsvetemapplem.eu\/bazar\/wp-content\/uploads\/2022\/11\/IMG_0379-scaled.jpg\",\"articleSection\":[\"iMac\"],\"inLanguage\":\"cs\"},{\"@type\":\"WebPage\",\"@id\":\"https:\/\/www.letemsvetemapplem.eu\/bazar\/imac-27-retina-5k-3t-fusion-drive\/\",\"url\":\"https:\/\/www.letemsvetemapplem.eu\/bazar\/imac-27-retina-5k-3t-fusion-drive\/\",\"name\":\"iMac 27, Retina 5K, 3T Fusion Drive - Apple bazar\",\"isPartOf\":{\"@id\":\"https:\/\/www.letemsvetemapplem.eu\/bazar\/#website\"},\"primaryImageOfPage\":{\"@id\":\"https:\/\/www.letemsvetemapplem.eu\/bazar\/imac-27-retina-5k-3t-fusion-drive\/#primaryimage\"},\"image\":{\"@id\":\"https:\/\/www.letemsvetemapplem.eu\/bazar\/imac-27-retina-5k-3t-fusion-drive\/#primaryimage\"},\"thumbnailUrl\":\"https:\/\/www.letemsvetemapplem.eu\/bazar\/wp-content\/uploads\/2022\/11\/IMG_0379-scaled.jpg\",\"datePublished\":\"2022-11-01T06:07:45+00:00\",\"dateModified\":\"2022-11-09T08:47:47+00:00\",\"author\":{\"@id\":\"\"},\"breadcrumb\":{\"@id\":\"https:\/\/www.letemsvetemapplem.eu\/bazar\/imac-27-retina-5k-3t-fusion-drive\/#breadcrumb\"},\"inLanguage\":\"cs\",\"potentialAction\":[{\"@type\":\"ReadAction\",\"target\":[\"https:\/\/www.letemsvetemapplem.eu\/bazar\/imac-27-retina-5k-3t-fusion-drive\/\"]}]},{\"@type\":\"ImageObject\",\"inLanguage\":\"cs\",\"@id\":\"https:\/\/www.letemsvetemapplem.eu\/bazar\/imac-27-retina-5k-3t-fusion-drive\/#primaryimage\",\"url\":\"https:\/\/www.letemsvetemapplem.eu\/bazar\/wp-content\/uploads\/2022\/11\/IMG_0379-scaled.jpg\",\"contentUrl\":\"https:\/\/www.letemsvetemapplem.eu\/bazar\/wp-content\/uploads\/2022\/11\/IMG_0379-scaled.jpg\",\"width\":2560,\"height\":1440},{\"@type\":\"BreadcrumbList\",\"@id\":\"https:\/\/www.letemsvetemapplem.eu\/bazar\/imac-27-retina-5k-3t-fusion-drive\/#breadcrumb\",\"itemListElement\":[{\"@type\":\"ListItem\",\"position\":1,\"name\":\"Apple Bazar\",\"item\":\"https:\/\/www.letemsvetemapplem.eu\/bazar\/\"},{\"@type\":\"ListItem\",\"position\":2,\"name\":\"iMac 27, Retina 5K, 3T Fusion Drive\"}]},{\"@type\":\"WebSite\",\"@id\":\"https:\/\/www.letemsvetemapplem.eu\/bazar\/#website\",\"url\":\"https:\/\/www.letemsvetemapplem.eu\/bazar\/\",\"name\":\"Apple bazar\",\"description\":\"Oou\u017eit\u00e9 Apple produkty za skv\u011bl\u00e9 ceny\",\"potentialAction\":[{\"@type\":\"SearchAction\",\"target\":{\"@type\":\"EntryPoint\",\"urlTemplate\":\"https:\/\/www.letemsvetemapplem.eu\/bazar\/?s={search_term_string}\"},\"query-input\":{\"@type\":\"PropertyValueSpecification\",\"valueRequired\":true,\"valueName\":\"search_term_string\"}}],\"inLanguage\":\"cs\"}]}<\/script>\n<!-- \/ Yoast SEO plugin. -->","yoast_head_json":{"title":"iMac 27, Retina 5K, 3T Fusion Drive - Apple bazar","robots":{"index":"index","follow":"follow","max-snippet":"max-snippet:-1","max-image-preview":"max-image-preview:large","max-video-preview":"max-video-preview:-1"},"canonical":"https:\/\/www.letemsvetemapplem.eu\/bazar\/imac-27-retina-5k-3t-fusion-drive\/","og_locale":"cs_CZ","og_type":"article","og_title":"iMac 27, Retina 5K, 3T Fusion Drive - Apple bazar","og_description":"Prod\u00e1m iMac Retina 5K, 27, 2014. 3,2 T Fusin Drive, Procesor i5, 4 j\u00e1dra, 3,5 GHz, 32 GB RAM, ADM Radeon R9 M295X 4 G.&lt;br \/&gt; Perfektn\u00ed stav, udr\u017eovan\u00fd. Nechal jsme jej v iOpravn\u011b vy\u010distit a otestovat (protokol je sou\u010d\u00e1st\u00ed balen\u00ed). V\u0161e je OK. Jen je tam stopa prachu mezi kryc\u00edm sklem a display-em, kter\u00e1...","og_url":"https:\/\/www.letemsvetemapplem.eu\/bazar\/imac-27-retina-5k-3t-fusion-drive\/","og_site_name":"Apple bazar","article_published_time":"2022-11-01T06:07:45+00:00","article_modified_time":"2022-11-09T08:47:47+00:00","og_image":[{"width":2560,"height":1440,"url":"https:\/\/www.letemsvetemapplem.eu\/bazar\/wp-content\/uploads\/2022\/11\/IMG_0379-scaled.jpg","type":"image\/jpeg"}],"twitter_card":"summary_large_image","schema":{"@context":"https:\/\/schema.org","@graph":[{"@type":"Article","@id":"https:\/\/www.letemsvetemapplem.eu\/bazar\/imac-27-retina-5k-3t-fusion-drive\/#article","isPartOf":{"@id":"https:\/\/www.letemsvetemapplem.eu\/bazar\/imac-27-retina-5k-3t-fusion-drive\/"},"author":{"name":"","@id":""},"headline":"iMac 27, Retina 5K, 3T Fusion Drive","datePublished":"2022-11-01T06:07:45+00:00","dateModified":"2022-11-09T08:47:47+00:00","mainEntityOfPage":{"@id":"https:\/\/www.letemsvetemapplem.eu\/bazar\/imac-27-retina-5k-3t-fusion-drive\/"},"wordCount":130,"image":{"@id":"https:\/\/www.letemsvetemapplem.eu\/bazar\/imac-27-retina-5k-3t-fusion-drive\/#primaryimage"},"thumbnailUrl":"https:\/\/www.letemsvetemapplem.eu\/bazar\/wp-content\/uploads\/2022\/11\/IMG_0379-scaled.jpg","articleSection":["iMac"],"inLanguage":"cs"},{"@type":"WebPage","@id":"https:\/\/www.letemsvetemapplem.eu\/bazar\/imac-27-retina-5k-3t-fusion-drive\/","url":"https:\/\/www.letemsvetemapplem.eu\/bazar\/imac-27-retina-5k-3t-fusion-drive\/","name":"iMac 27, Retina 5K, 3T Fusion Drive - Apple bazar","isPartOf":{"@id":"https:\/\/www.letemsvetemapplem.eu\/bazar\/#website"},"primaryImageOfPage":{"@id":"https:\/\/www.letemsvetemapplem.eu\/bazar\/imac-27-retina-5k-3t-fusion-drive\/#primaryimage"},"image":{"@id":"https:\/\/www.letemsvetemapplem.eu\/bazar\/imac-27-retina-5k-3t-fusion-drive\/#primaryimage"},"thumbnailUrl":"https:\/\/www.letemsvetemapplem.eu\/bazar\/wp-content\/uploads\/2022\/11\/IMG_0379-scaled.jpg","datePublished":"2022-11-01T06:07:45+00:00","dateModified":"2022-11-09T08:47:47+00:00","author":{"@id":""},"breadcrumb":{"@id":"https:\/\/www.letemsvetemapplem.eu\/bazar\/imac-27-retina-5k-3t-fusion-drive\/#breadcrumb"},"inLanguage":"cs","potentialAction":[{"@type":"ReadAction","target":["https:\/\/www.letemsvetemapplem.eu\/bazar\/imac-27-retina-5k-3t-fusion-drive\/"]}]},{"@type":"ImageObject","inLanguage":"cs","@id":"https:\/\/www.letemsvetemapplem.eu\/bazar\/imac-27-retina-5k-3t-fusion-drive\/#primaryimage","url":"https:\/\/www.letemsvetemapplem.eu\/bazar\/wp-content\/uploads\/2022\/11\/IMG_0379-scaled.jpg","contentUrl":"https:\/\/www.letemsvetemapplem.eu\/bazar\/wp-content\/uploads\/2022\/11\/IMG_0379-scaled.jpg","width":2560,"height":1440},{"@type":"BreadcrumbList","@id":"https:\/\/www.letemsvetemapplem.eu\/bazar\/imac-27-retina-5k-3t-fusion-drive\/#breadcrumb","itemListElement":[{"@type":"ListItem","position":1,"name":"Apple Bazar","item":"https:\/\/www.letemsvetemapplem.eu\/bazar\/"},{"@type":"ListItem","position":2,"name":"iMac 27, Retina 5K, 3T Fusion Drive"}]},{"@type":"WebSite","@id":"https:\/\/www.letemsvetemapplem.eu\/bazar\/#website","url":"https:\/\/www.letemsvetemapplem.eu\/bazar\/","name":"Apple bazar","description":"Oou\u017eit\u00e9 Apple produkty za skv\u011bl\u00e9 ceny","potentialAction":[{"@type":"SearchAction","target":{"@type":"EntryPoint","urlTemplate":"https:\/\/www.letemsvetemapplem.eu\/bazar\/?s={search_term_string}"},"query-input":{"@type":"PropertyValueSpecification","valueRequired":true,"valueName":"search_term_string"}}],"inLanguage":"cs"}]}},"_links":{"self":[{"href":"https:\/\/www.letemsvetemapplem.eu\/bazar\/wp-json\/wp\/v2\/posts\/266347","targetHints":{"allow":["GET"]}}],"collection":[{"href":"https:\/\/www.letemsvetemapplem.eu\/bazar\/wp-json\/wp\/v2\/posts"}],"about":[{"href":"https:\/\/www.letemsvetemapplem.eu\/bazar\/wp-json\/wp\/v2\/types\/post"}],"replies":[{"embeddable":true,"href":"https:\/\/www.letemsvetemapplem.eu\/bazar\/wp-json\/wp\/v2\/comments?post=266347"}],"version-history":[{"count":2,"href":"https:\/\/www.letemsvetemapplem.eu\/bazar\/wp-json\/wp\/v2\/posts\/266347\/revisions"}],"predecessor-version":[{"id":267022,"href":"https:\/\/www.letemsvetemapplem.eu\/bazar\/wp-json\/wp\/v2\/posts\/266347\/revisions\/267022"}],"wp:featuredmedia":[{"embeddable":true,"href":"https:\/\/www.letemsvetemapplem.eu\/bazar\/wp-json\/wp\/v2\/media\/266348"}],"wp:attachment":[{"href":"https:\/\/www.letemsvetemapplem.eu\/bazar\/wp-json\/wp\/v2\/media?parent=266347"}],"wp:term":[{"taxonomy":"category","embeddable":true,"href":"https:\/\/www.letemsvetemapplem.eu\/bazar\/wp-json\/wp\/v2\/categories?post=266347"},{"taxonomy":"post_tag","embeddable":true,"href":"https:\/\/www.letemsvetemapplem.eu\/bazar\/wp-json\/wp\/v2\/tags?post=266347"}],"curies":[{"name":"wp","href":"https:\/\/api.w.org\/{rel}","templated":true}]}}