{"id":266041,"date":"2022-10-26T09:19:02","date_gmt":"2022-10-26T08:19:02","guid":{"rendered":"https:\/\/www.letemsvetemapplem.eu\/bazar\/?p=266041"},"modified":"2022-10-26T09:20:25","modified_gmt":"2022-10-26T08:20:25","slug":"macmini-2018-32-ghz-512-gb-ssd","status":"publish","type":"post","link":"https:\/\/www.letemsvetemapplem.eu\/bazar\/macmini-2018-32-ghz-512-gb-ssd\/","title":{"rendered":"Macmini\u00a02018 &#8211; 3,2 GHz, 512 GB SSD"},"content":{"rendered":"<p>Prod\u00e1m Mac Mini 2018, Space Gray v perfektn\u00edm stavu. Preferuji osobn\u00ed odb\u011br a uk\u00e1zku, \u017ee je v\u0161e pln\u011b funk\u010dn\u00ed. V p\u0159\u00edpad\u011b z\u00e1jmu po\u0161lu v\u00edc fotek.&lt;br \/&gt;<br \/>\nApple Mac mini 2018&lt;br \/&gt;&lt;br \/&gt;<br \/>\n6 j\u00e1drov\u00fd Intel Core i7, 3.2 GHz, 8700B Coffee Lake s Turbo Boost a\u017e 4,6 GHz&lt;br \/&gt;&lt;br \/&gt;<br \/>\nRAM 32 GB \u2013 DDR4&lt;br \/&gt;&lt;br \/&gt;<br \/>\n512 GB SSD&lt;br \/&gt;&lt;br \/&gt;<br \/>\nIntel UHD Graphics 630&lt;br \/&gt;&lt;br \/&gt;<br \/>\nWi-Fi \u2013 802.11ac&lt;br \/&gt;&lt;br \/&gt;<br \/>\nHDMI, 6\u00d7 USB 3.2&lt;br \/&gt;&lt;br \/&gt;<br \/>\n1x RJ-45 &#8211; 1 Gbps<br \/>\ntyp sk\u0159\u00edn\u011b: mini ITX&lt;br \/&gt;&lt;br \/&gt;<br \/>\norigin\u00e1l krabice<\/p>\n","protected":false},"excerpt":{"rendered":"<p>Prod\u00e1m Mac Mini 2018, Space Gray v perfektn\u00edm stavu. Preferuji osobn\u00ed odb\u011br a uk\u00e1zku, \u017ee je v\u0161e pln\u011b funk\u010dn\u00ed. V p\u0159\u00edpad\u011b z\u00e1jmu po\u0161lu v\u00edc fotek.&lt;br \/&gt; Apple Mac mini 2018&lt;br \/&gt;&lt;br \/&gt; 6 j\u00e1drov\u00fd Intel Core i7, 3.2 GHz, 8700B Coffee Lake s Turbo Boost a\u017e 4,6 GHz&lt;br \/&gt;&lt;br \/&gt; RAM 32 GB \u2013 DDR4&lt;br&#8230;<\/p>\n","protected":false},"author":0,"featured_media":266042,"comment_status":"closed","ping_status":"closed","sticky":false,"template":"","format":"standard","meta":{"footnotes":""},"categories":[44],"tags":[],"class_list":["post-266041","post","type-post","status-publish","format-standard","has-post-thumbnail","hentry","category-mac-mini"],"yoast_head":"<!-- This site is optimized with the Yoast SEO plugin v27.2 - https:\/\/yoast.com\/product\/yoast-seo-wordpress\/ -->\n<title>Macmini\u00a02018 - 3,2 GHz, 512 GB SSD - Apple bazar<\/title>\n<meta name=\"robots\" content=\"index, follow, max-snippet:-1, max-image-preview:large, max-video-preview:-1\" \/>\n<link rel=\"canonical\" href=\"https:\/\/www.letemsvetemapplem.eu\/bazar\/macmini-2018-32-ghz-512-gb-ssd\/\" \/>\n<meta property=\"og:locale\" content=\"cs_CZ\" \/>\n<meta property=\"og:type\" content=\"article\" \/>\n<meta property=\"og:title\" content=\"Macmini\u00a02018 - 3,2 GHz, 512 GB SSD - Apple bazar\" \/>\n<meta property=\"og:description\" content=\"Prod\u00e1m Mac Mini 2018, Space Gray v perfektn\u00edm stavu. Preferuji osobn\u00ed odb\u011br a uk\u00e1zku, \u017ee je v\u0161e pln\u011b funk\u010dn\u00ed. V p\u0159\u00edpad\u011b z\u00e1jmu po\u0161lu v\u00edc fotek.&lt;br \/&gt; Apple Mac mini 2018&lt;br \/&gt;&lt;br \/&gt; 6 j\u00e1drov\u00fd Intel Core i7, 3.2 GHz, 8700B Coffee Lake s Turbo Boost a\u017e 4,6 GHz&lt;br \/&gt;&lt;br \/&gt; RAM 32 GB \u2013 DDR4&lt;br...\" \/>\n<meta property=\"og:url\" content=\"https:\/\/www.letemsvetemapplem.eu\/bazar\/macmini-2018-32-ghz-512-gb-ssd\/\" \/>\n<meta property=\"og:site_name\" content=\"Apple bazar\" \/>\n<meta property=\"article:published_time\" content=\"2022-10-26T08:19:02+00:00\" \/>\n<meta property=\"article:modified_time\" content=\"2022-10-26T08:20:25+00:00\" \/>\n<meta property=\"og:image\" content=\"https:\/\/www.letemsvetemapplem.eu\/bazar\/wp-content\/uploads\/2022\/10\/macmini-2.jpg\" \/>\n\t<meta property=\"og:image:width\" content=\"528\" \/>\n\t<meta property=\"og:image:height\" content=\"675\" \/>\n\t<meta property=\"og:image:type\" content=\"image\/jpeg\" \/>\n<meta name=\"twitter:card\" content=\"summary_large_image\" \/>\n<script type=\"application\/ld+json\" class=\"yoast-schema-graph\">{\"@context\":\"https:\/\/schema.org\",\"@graph\":[{\"@type\":\"Article\",\"@id\":\"https:\/\/www.letemsvetemapplem.eu\/bazar\/macmini-2018-32-ghz-512-gb-ssd\/#article\",\"isPartOf\":{\"@id\":\"https:\/\/www.letemsvetemapplem.eu\/bazar\/macmini-2018-32-ghz-512-gb-ssd\/\"},\"author\":{\"name\":\"\",\"@id\":\"\"},\"headline\":\"Macmini\u00a02018 &#8211; 3,2 GHz, 512 GB SSD\",\"datePublished\":\"2022-10-26T08:19:02+00:00\",\"dateModified\":\"2022-10-26T08:20:25+00:00\",\"mainEntityOfPage\":{\"@id\":\"https:\/\/www.letemsvetemapplem.eu\/bazar\/macmini-2018-32-ghz-512-gb-ssd\/\"},\"wordCount\":131,\"image\":{\"@id\":\"https:\/\/www.letemsvetemapplem.eu\/bazar\/macmini-2018-32-ghz-512-gb-ssd\/#primaryimage\"},\"thumbnailUrl\":\"https:\/\/www.letemsvetemapplem.eu\/bazar\/wp-content\/uploads\/2022\/10\/macmini-2.jpg\",\"articleSection\":[\"Mac mini\"],\"inLanguage\":\"cs\"},{\"@type\":\"WebPage\",\"@id\":\"https:\/\/www.letemsvetemapplem.eu\/bazar\/macmini-2018-32-ghz-512-gb-ssd\/\",\"url\":\"https:\/\/www.letemsvetemapplem.eu\/bazar\/macmini-2018-32-ghz-512-gb-ssd\/\",\"name\":\"Macmini\u00a02018 - 3,2 GHz, 512 GB SSD - Apple bazar\",\"isPartOf\":{\"@id\":\"https:\/\/www.letemsvetemapplem.eu\/bazar\/#website\"},\"primaryImageOfPage\":{\"@id\":\"https:\/\/www.letemsvetemapplem.eu\/bazar\/macmini-2018-32-ghz-512-gb-ssd\/#primaryimage\"},\"image\":{\"@id\":\"https:\/\/www.letemsvetemapplem.eu\/bazar\/macmini-2018-32-ghz-512-gb-ssd\/#primaryimage\"},\"thumbnailUrl\":\"https:\/\/www.letemsvetemapplem.eu\/bazar\/wp-content\/uploads\/2022\/10\/macmini-2.jpg\",\"datePublished\":\"2022-10-26T08:19:02+00:00\",\"dateModified\":\"2022-10-26T08:20:25+00:00\",\"author\":{\"@id\":\"\"},\"breadcrumb\":{\"@id\":\"https:\/\/www.letemsvetemapplem.eu\/bazar\/macmini-2018-32-ghz-512-gb-ssd\/#breadcrumb\"},\"inLanguage\":\"cs\",\"potentialAction\":[{\"@type\":\"ReadAction\",\"target\":[\"https:\/\/www.letemsvetemapplem.eu\/bazar\/macmini-2018-32-ghz-512-gb-ssd\/\"]}]},{\"@type\":\"ImageObject\",\"inLanguage\":\"cs\",\"@id\":\"https:\/\/www.letemsvetemapplem.eu\/bazar\/macmini-2018-32-ghz-512-gb-ssd\/#primaryimage\",\"url\":\"https:\/\/www.letemsvetemapplem.eu\/bazar\/wp-content\/uploads\/2022\/10\/macmini-2.jpg\",\"contentUrl\":\"https:\/\/www.letemsvetemapplem.eu\/bazar\/wp-content\/uploads\/2022\/10\/macmini-2.jpg\",\"width\":528,\"height\":675},{\"@type\":\"BreadcrumbList\",\"@id\":\"https:\/\/www.letemsvetemapplem.eu\/bazar\/macmini-2018-32-ghz-512-gb-ssd\/#breadcrumb\",\"itemListElement\":[{\"@type\":\"ListItem\",\"position\":1,\"name\":\"Apple Bazar\",\"item\":\"https:\/\/www.letemsvetemapplem.eu\/bazar\/\"},{\"@type\":\"ListItem\",\"position\":2,\"name\":\"Macmini\u00a02018 &#8211; 3,2 GHz, 512 GB SSD\"}]},{\"@type\":\"WebSite\",\"@id\":\"https:\/\/www.letemsvetemapplem.eu\/bazar\/#website\",\"url\":\"https:\/\/www.letemsvetemapplem.eu\/bazar\/\",\"name\":\"Apple bazar\",\"description\":\"Oou\u017eit\u00e9 Apple produkty za skv\u011bl\u00e9 ceny\",\"potentialAction\":[{\"@type\":\"SearchAction\",\"target\":{\"@type\":\"EntryPoint\",\"urlTemplate\":\"https:\/\/www.letemsvetemapplem.eu\/bazar\/?s={search_term_string}\"},\"query-input\":{\"@type\":\"PropertyValueSpecification\",\"valueRequired\":true,\"valueName\":\"search_term_string\"}}],\"inLanguage\":\"cs\"}]}<\/script>\n<!-- \/ Yoast SEO plugin. -->","yoast_head_json":{"title":"Macmini\u00a02018 - 3,2 GHz, 512 GB SSD - Apple bazar","robots":{"index":"index","follow":"follow","max-snippet":"max-snippet:-1","max-image-preview":"max-image-preview:large","max-video-preview":"max-video-preview:-1"},"canonical":"https:\/\/www.letemsvetemapplem.eu\/bazar\/macmini-2018-32-ghz-512-gb-ssd\/","og_locale":"cs_CZ","og_type":"article","og_title":"Macmini\u00a02018 - 3,2 GHz, 512 GB SSD - Apple bazar","og_description":"Prod\u00e1m Mac Mini 2018, Space Gray v perfektn\u00edm stavu. Preferuji osobn\u00ed odb\u011br a uk\u00e1zku, \u017ee je v\u0161e pln\u011b funk\u010dn\u00ed. V p\u0159\u00edpad\u011b z\u00e1jmu po\u0161lu v\u00edc fotek.&lt;br \/&gt; Apple Mac mini 2018&lt;br \/&gt;&lt;br \/&gt; 6 j\u00e1drov\u00fd Intel Core i7, 3.2 GHz, 8700B Coffee Lake s Turbo Boost a\u017e 4,6 GHz&lt;br \/&gt;&lt;br \/&gt; RAM 32 GB \u2013 DDR4&lt;br...","og_url":"https:\/\/www.letemsvetemapplem.eu\/bazar\/macmini-2018-32-ghz-512-gb-ssd\/","og_site_name":"Apple bazar","article_published_time":"2022-10-26T08:19:02+00:00","article_modified_time":"2022-10-26T08:20:25+00:00","og_image":[{"width":528,"height":675,"url":"https:\/\/www.letemsvetemapplem.eu\/bazar\/wp-content\/uploads\/2022\/10\/macmini-2.jpg","type":"image\/jpeg"}],"twitter_card":"summary_large_image","schema":{"@context":"https:\/\/schema.org","@graph":[{"@type":"Article","@id":"https:\/\/www.letemsvetemapplem.eu\/bazar\/macmini-2018-32-ghz-512-gb-ssd\/#article","isPartOf":{"@id":"https:\/\/www.letemsvetemapplem.eu\/bazar\/macmini-2018-32-ghz-512-gb-ssd\/"},"author":{"name":"","@id":""},"headline":"Macmini\u00a02018 &#8211; 3,2 GHz, 512 GB SSD","datePublished":"2022-10-26T08:19:02+00:00","dateModified":"2022-10-26T08:20:25+00:00","mainEntityOfPage":{"@id":"https:\/\/www.letemsvetemapplem.eu\/bazar\/macmini-2018-32-ghz-512-gb-ssd\/"},"wordCount":131,"image":{"@id":"https:\/\/www.letemsvetemapplem.eu\/bazar\/macmini-2018-32-ghz-512-gb-ssd\/#primaryimage"},"thumbnailUrl":"https:\/\/www.letemsvetemapplem.eu\/bazar\/wp-content\/uploads\/2022\/10\/macmini-2.jpg","articleSection":["Mac mini"],"inLanguage":"cs"},{"@type":"WebPage","@id":"https:\/\/www.letemsvetemapplem.eu\/bazar\/macmini-2018-32-ghz-512-gb-ssd\/","url":"https:\/\/www.letemsvetemapplem.eu\/bazar\/macmini-2018-32-ghz-512-gb-ssd\/","name":"Macmini\u00a02018 - 3,2 GHz, 512 GB SSD - Apple bazar","isPartOf":{"@id":"https:\/\/www.letemsvetemapplem.eu\/bazar\/#website"},"primaryImageOfPage":{"@id":"https:\/\/www.letemsvetemapplem.eu\/bazar\/macmini-2018-32-ghz-512-gb-ssd\/#primaryimage"},"image":{"@id":"https:\/\/www.letemsvetemapplem.eu\/bazar\/macmini-2018-32-ghz-512-gb-ssd\/#primaryimage"},"thumbnailUrl":"https:\/\/www.letemsvetemapplem.eu\/bazar\/wp-content\/uploads\/2022\/10\/macmini-2.jpg","datePublished":"2022-10-26T08:19:02+00:00","dateModified":"2022-10-26T08:20:25+00:00","author":{"@id":""},"breadcrumb":{"@id":"https:\/\/www.letemsvetemapplem.eu\/bazar\/macmini-2018-32-ghz-512-gb-ssd\/#breadcrumb"},"inLanguage":"cs","potentialAction":[{"@type":"ReadAction","target":["https:\/\/www.letemsvetemapplem.eu\/bazar\/macmini-2018-32-ghz-512-gb-ssd\/"]}]},{"@type":"ImageObject","inLanguage":"cs","@id":"https:\/\/www.letemsvetemapplem.eu\/bazar\/macmini-2018-32-ghz-512-gb-ssd\/#primaryimage","url":"https:\/\/www.letemsvetemapplem.eu\/bazar\/wp-content\/uploads\/2022\/10\/macmini-2.jpg","contentUrl":"https:\/\/www.letemsvetemapplem.eu\/bazar\/wp-content\/uploads\/2022\/10\/macmini-2.jpg","width":528,"height":675},{"@type":"BreadcrumbList","@id":"https:\/\/www.letemsvetemapplem.eu\/bazar\/macmini-2018-32-ghz-512-gb-ssd\/#breadcrumb","itemListElement":[{"@type":"ListItem","position":1,"name":"Apple Bazar","item":"https:\/\/www.letemsvetemapplem.eu\/bazar\/"},{"@type":"ListItem","position":2,"name":"Macmini\u00a02018 &#8211; 3,2 GHz, 512 GB SSD"}]},{"@type":"WebSite","@id":"https:\/\/www.letemsvetemapplem.eu\/bazar\/#website","url":"https:\/\/www.letemsvetemapplem.eu\/bazar\/","name":"Apple bazar","description":"Oou\u017eit\u00e9 Apple produkty za skv\u011bl\u00e9 ceny","potentialAction":[{"@type":"SearchAction","target":{"@type":"EntryPoint","urlTemplate":"https:\/\/www.letemsvetemapplem.eu\/bazar\/?s={search_term_string}"},"query-input":{"@type":"PropertyValueSpecification","valueRequired":true,"valueName":"search_term_string"}}],"inLanguage":"cs"}]}},"_links":{"self":[{"href":"https:\/\/www.letemsvetemapplem.eu\/bazar\/wp-json\/wp\/v2\/posts\/266041","targetHints":{"allow":["GET"]}}],"collection":[{"href":"https:\/\/www.letemsvetemapplem.eu\/bazar\/wp-json\/wp\/v2\/posts"}],"about":[{"href":"https:\/\/www.letemsvetemapplem.eu\/bazar\/wp-json\/wp\/v2\/types\/post"}],"replies":[{"embeddable":true,"href":"https:\/\/www.letemsvetemapplem.eu\/bazar\/wp-json\/wp\/v2\/comments?post=266041"}],"version-history":[{"count":3,"href":"https:\/\/www.letemsvetemapplem.eu\/bazar\/wp-json\/wp\/v2\/posts\/266041\/revisions"}],"predecessor-version":[{"id":266047,"href":"https:\/\/www.letemsvetemapplem.eu\/bazar\/wp-json\/wp\/v2\/posts\/266041\/revisions\/266047"}],"wp:featuredmedia":[{"embeddable":true,"href":"https:\/\/www.letemsvetemapplem.eu\/bazar\/wp-json\/wp\/v2\/media\/266042"}],"wp:attachment":[{"href":"https:\/\/www.letemsvetemapplem.eu\/bazar\/wp-json\/wp\/v2\/media?parent=266041"}],"wp:term":[{"taxonomy":"category","embeddable":true,"href":"https:\/\/www.letemsvetemapplem.eu\/bazar\/wp-json\/wp\/v2\/categories?post=266041"},{"taxonomy":"post_tag","embeddable":true,"href":"https:\/\/www.letemsvetemapplem.eu\/bazar\/wp-json\/wp\/v2\/tags?post=266041"}],"curies":[{"name":"wp","href":"https:\/\/api.w.org\/{rel}","templated":true}]}}