{"id":265711,"date":"2022-10-20T15:55:59","date_gmt":"2022-10-20T14:55:59","guid":{"rendered":"https:\/\/www.letemsvetemapplem.eu\/bazar\/?p=265711"},"modified":"2022-10-20T15:55:59","modified_gmt":"2022-10-20T14:55:59","slug":"imac-27-2020-8gb-512-gb-ssd-38-ghz","status":"publish","type":"post","link":"https:\/\/www.letemsvetemapplem.eu\/bazar\/imac-27-2020-8gb-512-gb-ssd-38-ghz\/","title":{"rendered":"iMac 27&quot; 2020\/8GB\/512 GB SSD\/3,8 GHz"},"content":{"rendered":"<p>Dobr\u00fd den, nab\u00edz\u00edm k prodeji iMac 27&quot; 2020, 3,8GHz 8j\u00e1drov\u00fd procesor, 512 GB SSD, 8 GB RAM (u tohoto modelu lze upgradovat RAM), grafika AMD Radeon Pro 5500 XT 8 GB. Vyu\u017e\u00edv\u00e1n doma, tud\u00ed\u017e jako nov\u00fd, s ve\u0161ker\u00fdm p\u0159\u00edslu\u0161enstv\u00edm, v\u010detn\u011b origin\u00e1ln\u00ed krabice. Ji\u017e bez z\u00e1ruky. Preferuji osobn\u00ed odb\u011br v Praze, po\u0161tou zas\u00edl\u00e1m pouze p\u0159i platb\u011b p\u0159edem na \u00fa\u010det.<\/p>\n","protected":false},"excerpt":{"rendered":"<p>Dobr\u00fd den, nab\u00edz\u00edm k prodeji iMac 27&quot; 2020, 3,8GHz 8j\u00e1drov\u00fd procesor, 512 GB SSD, 8 GB RAM (u tohoto modelu lze upgradovat RAM), grafika AMD Radeon Pro 5500 XT 8 GB. Vyu\u017e\u00edv\u00e1n doma, tud\u00ed\u017e jako nov\u00fd, s ve\u0161ker\u00fdm p\u0159\u00edslu\u0161enstv\u00edm, v\u010detn\u011b origin\u00e1ln\u00ed krabice. Ji\u017e bez z\u00e1ruky. Preferuji osobn\u00ed odb\u011br v Praze, po\u0161tou zas\u00edl\u00e1m pouze p\u0159i platb\u011b&#8230;<\/p>\n","protected":false},"author":0,"featured_media":265712,"comment_status":"closed","ping_status":"closed","sticky":false,"template":"","format":"standard","meta":{"footnotes":""},"categories":[41],"tags":[],"class_list":["post-265711","post","type-post","status-publish","format-standard","has-post-thumbnail","hentry","category-imac"],"yoast_head":"<!-- This site is optimized with the Yoast SEO plugin v27.2 - https:\/\/yoast.com\/product\/yoast-seo-wordpress\/ -->\n<title>iMac 27&quot; 2020\/8GB\/512 GB SSD\/3,8 GHz - Apple bazar<\/title>\n<meta name=\"robots\" content=\"index, follow, max-snippet:-1, max-image-preview:large, max-video-preview:-1\" \/>\n<link rel=\"canonical\" href=\"https:\/\/www.letemsvetemapplem.eu\/bazar\/imac-27-2020-8gb-512-gb-ssd-38-ghz\/\" \/>\n<meta property=\"og:locale\" content=\"cs_CZ\" \/>\n<meta property=\"og:type\" content=\"article\" \/>\n<meta property=\"og:title\" content=\"iMac 27&quot; 2020\/8GB\/512 GB SSD\/3,8 GHz - Apple bazar\" \/>\n<meta property=\"og:description\" content=\"Dobr\u00fd den, nab\u00edz\u00edm k prodeji iMac 27&quot; 2020, 3,8GHz 8j\u00e1drov\u00fd procesor, 512 GB SSD, 8 GB RAM (u tohoto modelu lze upgradovat RAM), grafika AMD Radeon Pro 5500 XT 8 GB. Vyu\u017e\u00edv\u00e1n doma, tud\u00ed\u017e jako nov\u00fd, s ve\u0161ker\u00fdm p\u0159\u00edslu\u0161enstv\u00edm, v\u010detn\u011b origin\u00e1ln\u00ed krabice. Ji\u017e bez z\u00e1ruky. Preferuji osobn\u00ed odb\u011br v Praze, po\u0161tou zas\u00edl\u00e1m pouze p\u0159i platb\u011b...\" \/>\n<meta property=\"og:url\" content=\"https:\/\/www.letemsvetemapplem.eu\/bazar\/imac-27-2020-8gb-512-gb-ssd-38-ghz\/\" \/>\n<meta property=\"og:site_name\" content=\"Apple bazar\" \/>\n<meta property=\"article:published_time\" content=\"2022-10-20T14:55:59+00:00\" \/>\n<meta property=\"og:image\" content=\"https:\/\/www.letemsvetemapplem.eu\/bazar\/wp-content\/uploads\/2022\/10\/Screenshot-2022-10-20-at-16.53.14.jpg\" \/>\n\t<meta property=\"og:image:width\" content=\"1098\" \/>\n\t<meta property=\"og:image:height\" content=\"1254\" \/>\n\t<meta property=\"og:image:type\" content=\"image\/jpeg\" \/>\n<meta name=\"twitter:card\" content=\"summary_large_image\" \/>\n<script type=\"application\/ld+json\" class=\"yoast-schema-graph\">{\"@context\":\"https:\/\/schema.org\",\"@graph\":[{\"@type\":\"Article\",\"@id\":\"https:\/\/www.letemsvetemapplem.eu\/bazar\/imac-27-2020-8gb-512-gb-ssd-38-ghz\/#article\",\"isPartOf\":{\"@id\":\"https:\/\/www.letemsvetemapplem.eu\/bazar\/imac-27-2020-8gb-512-gb-ssd-38-ghz\/\"},\"author\":{\"name\":\"\",\"@id\":\"\"},\"headline\":\"iMac 27&quot; 2020\/8GB\/512 GB SSD\/3,8 GHz\",\"datePublished\":\"2022-10-20T14:55:59+00:00\",\"mainEntityOfPage\":{\"@id\":\"https:\/\/www.letemsvetemapplem.eu\/bazar\/imac-27-2020-8gb-512-gb-ssd-38-ghz\/\"},\"wordCount\":78,\"image\":{\"@id\":\"https:\/\/www.letemsvetemapplem.eu\/bazar\/imac-27-2020-8gb-512-gb-ssd-38-ghz\/#primaryimage\"},\"thumbnailUrl\":\"https:\/\/www.letemsvetemapplem.eu\/bazar\/wp-content\/uploads\/2022\/10\/Screenshot-2022-10-20-at-16.53.14.jpg\",\"articleSection\":[\"iMac\"],\"inLanguage\":\"cs\"},{\"@type\":\"WebPage\",\"@id\":\"https:\/\/www.letemsvetemapplem.eu\/bazar\/imac-27-2020-8gb-512-gb-ssd-38-ghz\/\",\"url\":\"https:\/\/www.letemsvetemapplem.eu\/bazar\/imac-27-2020-8gb-512-gb-ssd-38-ghz\/\",\"name\":\"iMac 27&quot; 2020\/8GB\/512 GB SSD\/3,8 GHz - Apple bazar\",\"isPartOf\":{\"@id\":\"https:\/\/www.letemsvetemapplem.eu\/bazar\/#website\"},\"primaryImageOfPage\":{\"@id\":\"https:\/\/www.letemsvetemapplem.eu\/bazar\/imac-27-2020-8gb-512-gb-ssd-38-ghz\/#primaryimage\"},\"image\":{\"@id\":\"https:\/\/www.letemsvetemapplem.eu\/bazar\/imac-27-2020-8gb-512-gb-ssd-38-ghz\/#primaryimage\"},\"thumbnailUrl\":\"https:\/\/www.letemsvetemapplem.eu\/bazar\/wp-content\/uploads\/2022\/10\/Screenshot-2022-10-20-at-16.53.14.jpg\",\"datePublished\":\"2022-10-20T14:55:59+00:00\",\"author\":{\"@id\":\"\"},\"breadcrumb\":{\"@id\":\"https:\/\/www.letemsvetemapplem.eu\/bazar\/imac-27-2020-8gb-512-gb-ssd-38-ghz\/#breadcrumb\"},\"inLanguage\":\"cs\",\"potentialAction\":[{\"@type\":\"ReadAction\",\"target\":[\"https:\/\/www.letemsvetemapplem.eu\/bazar\/imac-27-2020-8gb-512-gb-ssd-38-ghz\/\"]}]},{\"@type\":\"ImageObject\",\"inLanguage\":\"cs\",\"@id\":\"https:\/\/www.letemsvetemapplem.eu\/bazar\/imac-27-2020-8gb-512-gb-ssd-38-ghz\/#primaryimage\",\"url\":\"https:\/\/www.letemsvetemapplem.eu\/bazar\/wp-content\/uploads\/2022\/10\/Screenshot-2022-10-20-at-16.53.14.jpg\",\"contentUrl\":\"https:\/\/www.letemsvetemapplem.eu\/bazar\/wp-content\/uploads\/2022\/10\/Screenshot-2022-10-20-at-16.53.14.jpg\",\"width\":1098,\"height\":1254},{\"@type\":\"BreadcrumbList\",\"@id\":\"https:\/\/www.letemsvetemapplem.eu\/bazar\/imac-27-2020-8gb-512-gb-ssd-38-ghz\/#breadcrumb\",\"itemListElement\":[{\"@type\":\"ListItem\",\"position\":1,\"name\":\"Apple Bazar\",\"item\":\"https:\/\/www.letemsvetemapplem.eu\/bazar\/\"},{\"@type\":\"ListItem\",\"position\":2,\"name\":\"iMac 27&quot; 2020\/8GB\/512 GB SSD\/3,8 GHz\"}]},{\"@type\":\"WebSite\",\"@id\":\"https:\/\/www.letemsvetemapplem.eu\/bazar\/#website\",\"url\":\"https:\/\/www.letemsvetemapplem.eu\/bazar\/\",\"name\":\"Apple bazar\",\"description\":\"Oou\u017eit\u00e9 Apple produkty za skv\u011bl\u00e9 ceny\",\"potentialAction\":[{\"@type\":\"SearchAction\",\"target\":{\"@type\":\"EntryPoint\",\"urlTemplate\":\"https:\/\/www.letemsvetemapplem.eu\/bazar\/?s={search_term_string}\"},\"query-input\":{\"@type\":\"PropertyValueSpecification\",\"valueRequired\":true,\"valueName\":\"search_term_string\"}}],\"inLanguage\":\"cs\"}]}<\/script>\n<!-- \/ Yoast SEO plugin. -->","yoast_head_json":{"title":"iMac 27&quot; 2020\/8GB\/512 GB SSD\/3,8 GHz - Apple bazar","robots":{"index":"index","follow":"follow","max-snippet":"max-snippet:-1","max-image-preview":"max-image-preview:large","max-video-preview":"max-video-preview:-1"},"canonical":"https:\/\/www.letemsvetemapplem.eu\/bazar\/imac-27-2020-8gb-512-gb-ssd-38-ghz\/","og_locale":"cs_CZ","og_type":"article","og_title":"iMac 27&quot; 2020\/8GB\/512 GB SSD\/3,8 GHz - Apple bazar","og_description":"Dobr\u00fd den, nab\u00edz\u00edm k prodeji iMac 27&quot; 2020, 3,8GHz 8j\u00e1drov\u00fd procesor, 512 GB SSD, 8 GB RAM (u tohoto modelu lze upgradovat RAM), grafika AMD Radeon Pro 5500 XT 8 GB. Vyu\u017e\u00edv\u00e1n doma, tud\u00ed\u017e jako nov\u00fd, s ve\u0161ker\u00fdm p\u0159\u00edslu\u0161enstv\u00edm, v\u010detn\u011b origin\u00e1ln\u00ed krabice. Ji\u017e bez z\u00e1ruky. Preferuji osobn\u00ed odb\u011br v Praze, po\u0161tou zas\u00edl\u00e1m pouze p\u0159i platb\u011b...","og_url":"https:\/\/www.letemsvetemapplem.eu\/bazar\/imac-27-2020-8gb-512-gb-ssd-38-ghz\/","og_site_name":"Apple bazar","article_published_time":"2022-10-20T14:55:59+00:00","og_image":[{"width":1098,"height":1254,"url":"https:\/\/www.letemsvetemapplem.eu\/bazar\/wp-content\/uploads\/2022\/10\/Screenshot-2022-10-20-at-16.53.14.jpg","type":"image\/jpeg"}],"twitter_card":"summary_large_image","schema":{"@context":"https:\/\/schema.org","@graph":[{"@type":"Article","@id":"https:\/\/www.letemsvetemapplem.eu\/bazar\/imac-27-2020-8gb-512-gb-ssd-38-ghz\/#article","isPartOf":{"@id":"https:\/\/www.letemsvetemapplem.eu\/bazar\/imac-27-2020-8gb-512-gb-ssd-38-ghz\/"},"author":{"name":"","@id":""},"headline":"iMac 27&quot; 2020\/8GB\/512 GB SSD\/3,8 GHz","datePublished":"2022-10-20T14:55:59+00:00","mainEntityOfPage":{"@id":"https:\/\/www.letemsvetemapplem.eu\/bazar\/imac-27-2020-8gb-512-gb-ssd-38-ghz\/"},"wordCount":78,"image":{"@id":"https:\/\/www.letemsvetemapplem.eu\/bazar\/imac-27-2020-8gb-512-gb-ssd-38-ghz\/#primaryimage"},"thumbnailUrl":"https:\/\/www.letemsvetemapplem.eu\/bazar\/wp-content\/uploads\/2022\/10\/Screenshot-2022-10-20-at-16.53.14.jpg","articleSection":["iMac"],"inLanguage":"cs"},{"@type":"WebPage","@id":"https:\/\/www.letemsvetemapplem.eu\/bazar\/imac-27-2020-8gb-512-gb-ssd-38-ghz\/","url":"https:\/\/www.letemsvetemapplem.eu\/bazar\/imac-27-2020-8gb-512-gb-ssd-38-ghz\/","name":"iMac 27&quot; 2020\/8GB\/512 GB SSD\/3,8 GHz - Apple bazar","isPartOf":{"@id":"https:\/\/www.letemsvetemapplem.eu\/bazar\/#website"},"primaryImageOfPage":{"@id":"https:\/\/www.letemsvetemapplem.eu\/bazar\/imac-27-2020-8gb-512-gb-ssd-38-ghz\/#primaryimage"},"image":{"@id":"https:\/\/www.letemsvetemapplem.eu\/bazar\/imac-27-2020-8gb-512-gb-ssd-38-ghz\/#primaryimage"},"thumbnailUrl":"https:\/\/www.letemsvetemapplem.eu\/bazar\/wp-content\/uploads\/2022\/10\/Screenshot-2022-10-20-at-16.53.14.jpg","datePublished":"2022-10-20T14:55:59+00:00","author":{"@id":""},"breadcrumb":{"@id":"https:\/\/www.letemsvetemapplem.eu\/bazar\/imac-27-2020-8gb-512-gb-ssd-38-ghz\/#breadcrumb"},"inLanguage":"cs","potentialAction":[{"@type":"ReadAction","target":["https:\/\/www.letemsvetemapplem.eu\/bazar\/imac-27-2020-8gb-512-gb-ssd-38-ghz\/"]}]},{"@type":"ImageObject","inLanguage":"cs","@id":"https:\/\/www.letemsvetemapplem.eu\/bazar\/imac-27-2020-8gb-512-gb-ssd-38-ghz\/#primaryimage","url":"https:\/\/www.letemsvetemapplem.eu\/bazar\/wp-content\/uploads\/2022\/10\/Screenshot-2022-10-20-at-16.53.14.jpg","contentUrl":"https:\/\/www.letemsvetemapplem.eu\/bazar\/wp-content\/uploads\/2022\/10\/Screenshot-2022-10-20-at-16.53.14.jpg","width":1098,"height":1254},{"@type":"BreadcrumbList","@id":"https:\/\/www.letemsvetemapplem.eu\/bazar\/imac-27-2020-8gb-512-gb-ssd-38-ghz\/#breadcrumb","itemListElement":[{"@type":"ListItem","position":1,"name":"Apple Bazar","item":"https:\/\/www.letemsvetemapplem.eu\/bazar\/"},{"@type":"ListItem","position":2,"name":"iMac 27&quot; 2020\/8GB\/512 GB SSD\/3,8 GHz"}]},{"@type":"WebSite","@id":"https:\/\/www.letemsvetemapplem.eu\/bazar\/#website","url":"https:\/\/www.letemsvetemapplem.eu\/bazar\/","name":"Apple bazar","description":"Oou\u017eit\u00e9 Apple produkty za skv\u011bl\u00e9 ceny","potentialAction":[{"@type":"SearchAction","target":{"@type":"EntryPoint","urlTemplate":"https:\/\/www.letemsvetemapplem.eu\/bazar\/?s={search_term_string}"},"query-input":{"@type":"PropertyValueSpecification","valueRequired":true,"valueName":"search_term_string"}}],"inLanguage":"cs"}]}},"_links":{"self":[{"href":"https:\/\/www.letemsvetemapplem.eu\/bazar\/wp-json\/wp\/v2\/posts\/265711","targetHints":{"allow":["GET"]}}],"collection":[{"href":"https:\/\/www.letemsvetemapplem.eu\/bazar\/wp-json\/wp\/v2\/posts"}],"about":[{"href":"https:\/\/www.letemsvetemapplem.eu\/bazar\/wp-json\/wp\/v2\/types\/post"}],"replies":[{"embeddable":true,"href":"https:\/\/www.letemsvetemapplem.eu\/bazar\/wp-json\/wp\/v2\/comments?post=265711"}],"version-history":[{"count":1,"href":"https:\/\/www.letemsvetemapplem.eu\/bazar\/wp-json\/wp\/v2\/posts\/265711\/revisions"}],"predecessor-version":[{"id":265715,"href":"https:\/\/www.letemsvetemapplem.eu\/bazar\/wp-json\/wp\/v2\/posts\/265711\/revisions\/265715"}],"wp:featuredmedia":[{"embeddable":true,"href":"https:\/\/www.letemsvetemapplem.eu\/bazar\/wp-json\/wp\/v2\/media\/265712"}],"wp:attachment":[{"href":"https:\/\/www.letemsvetemapplem.eu\/bazar\/wp-json\/wp\/v2\/media?parent=265711"}],"wp:term":[{"taxonomy":"category","embeddable":true,"href":"https:\/\/www.letemsvetemapplem.eu\/bazar\/wp-json\/wp\/v2\/categories?post=265711"},{"taxonomy":"post_tag","embeddable":true,"href":"https:\/\/www.letemsvetemapplem.eu\/bazar\/wp-json\/wp\/v2\/tags?post=265711"}],"curies":[{"name":"wp","href":"https:\/\/api.w.org\/{rel}","templated":true}]}}