{"id":265611,"date":"2022-10-18T15:04:03","date_gmt":"2022-10-18T14:04:03","guid":{"rendered":"https:\/\/www.letemsvetemapplem.eu\/bazar\/?p=265611"},"modified":"2022-10-18T15:04:03","modified_gmt":"2022-10-18T14:04:03","slug":"imac-retina-5k-27-inch-prodam","status":"publish","type":"post","link":"https:\/\/www.letemsvetemapplem.eu\/bazar\/imac-retina-5k-27-inch-prodam\/","title":{"rendered":"iMac Retina 5K 27 inch prod\u00e1m"},"content":{"rendered":"<p>Prod\u00e1m iMac Retina 5K 27 inch. 2017 , proces 3,4 GHz, pam\u011b\u0165 8GB. M\u00e1lo pou\u017e\u00edvan\u00fd, ve v\u00fdborn\u00e9m stavu, <\/p>\n","protected":false},"excerpt":{"rendered":"<p>Prod\u00e1m iMac Retina 5K 27 inch. 2017 , proces 3,4 GHz, pam\u011b\u0165 8GB. M\u00e1lo pou\u017e\u00edvan\u00fd, ve v\u00fdborn\u00e9m stavu,<\/p>\n","protected":false},"author":0,"featured_media":265612,"comment_status":"closed","ping_status":"closed","sticky":false,"template":"","format":"standard","meta":{"footnotes":""},"categories":[41],"tags":[],"class_list":["post-265611","post","type-post","status-publish","format-standard","has-post-thumbnail","hentry","category-imac"],"yoast_head":"<!-- This site is optimized with the Yoast SEO plugin v27.2 - https:\/\/yoast.com\/product\/yoast-seo-wordpress\/ -->\n<title>iMac Retina 5K 27 inch prod\u00e1m - Apple bazar<\/title>\n<meta name=\"robots\" content=\"index, follow, max-snippet:-1, max-image-preview:large, max-video-preview:-1\" \/>\n<link rel=\"canonical\" href=\"https:\/\/www.letemsvetemapplem.eu\/bazar\/imac-retina-5k-27-inch-prodam\/\" \/>\n<meta property=\"og:locale\" content=\"cs_CZ\" \/>\n<meta property=\"og:type\" content=\"article\" \/>\n<meta property=\"og:title\" content=\"iMac Retina 5K 27 inch prod\u00e1m - Apple bazar\" \/>\n<meta property=\"og:description\" content=\"Prod\u00e1m iMac Retina 5K 27 inch. 2017 , proces 3,4 GHz, pam\u011b\u0165 8GB. M\u00e1lo pou\u017e\u00edvan\u00fd, ve v\u00fdborn\u00e9m stavu,\" \/>\n<meta property=\"og:url\" content=\"https:\/\/www.letemsvetemapplem.eu\/bazar\/imac-retina-5k-27-inch-prodam\/\" \/>\n<meta property=\"og:site_name\" content=\"Apple bazar\" \/>\n<meta property=\"article:published_time\" content=\"2022-10-18T14:04:03+00:00\" \/>\n<meta property=\"og:image\" content=\"https:\/\/www.letemsvetemapplem.eu\/bazar\/wp-content\/uploads\/2022\/10\/IMG_5096-kopie-scaled.jpg\" \/>\n\t<meta property=\"og:image:width\" content=\"2560\" \/>\n\t<meta property=\"og:image:height\" content=\"2163\" \/>\n\t<meta property=\"og:image:type\" content=\"image\/jpeg\" \/>\n<meta name=\"twitter:card\" content=\"summary_large_image\" \/>\n<script type=\"application\/ld+json\" class=\"yoast-schema-graph\">{\"@context\":\"https:\/\/schema.org\",\"@graph\":[{\"@type\":\"Article\",\"@id\":\"https:\/\/www.letemsvetemapplem.eu\/bazar\/imac-retina-5k-27-inch-prodam\/#article\",\"isPartOf\":{\"@id\":\"https:\/\/www.letemsvetemapplem.eu\/bazar\/imac-retina-5k-27-inch-prodam\/\"},\"author\":{\"name\":\"\",\"@id\":\"\"},\"headline\":\"iMac Retina 5K 27 inch prod\u00e1m\",\"datePublished\":\"2022-10-18T14:04:03+00:00\",\"mainEntityOfPage\":{\"@id\":\"https:\/\/www.letemsvetemapplem.eu\/bazar\/imac-retina-5k-27-inch-prodam\/\"},\"wordCount\":25,\"image\":{\"@id\":\"https:\/\/www.letemsvetemapplem.eu\/bazar\/imac-retina-5k-27-inch-prodam\/#primaryimage\"},\"thumbnailUrl\":\"https:\/\/www.letemsvetemapplem.eu\/bazar\/wp-content\/uploads\/2022\/10\/IMG_5096-kopie-scaled.jpg\",\"articleSection\":[\"iMac\"],\"inLanguage\":\"cs\"},{\"@type\":\"WebPage\",\"@id\":\"https:\/\/www.letemsvetemapplem.eu\/bazar\/imac-retina-5k-27-inch-prodam\/\",\"url\":\"https:\/\/www.letemsvetemapplem.eu\/bazar\/imac-retina-5k-27-inch-prodam\/\",\"name\":\"iMac Retina 5K 27 inch prod\u00e1m - Apple bazar\",\"isPartOf\":{\"@id\":\"https:\/\/www.letemsvetemapplem.eu\/bazar\/#website\"},\"primaryImageOfPage\":{\"@id\":\"https:\/\/www.letemsvetemapplem.eu\/bazar\/imac-retina-5k-27-inch-prodam\/#primaryimage\"},\"image\":{\"@id\":\"https:\/\/www.letemsvetemapplem.eu\/bazar\/imac-retina-5k-27-inch-prodam\/#primaryimage\"},\"thumbnailUrl\":\"https:\/\/www.letemsvetemapplem.eu\/bazar\/wp-content\/uploads\/2022\/10\/IMG_5096-kopie-scaled.jpg\",\"datePublished\":\"2022-10-18T14:04:03+00:00\",\"author\":{\"@id\":\"\"},\"breadcrumb\":{\"@id\":\"https:\/\/www.letemsvetemapplem.eu\/bazar\/imac-retina-5k-27-inch-prodam\/#breadcrumb\"},\"inLanguage\":\"cs\",\"potentialAction\":[{\"@type\":\"ReadAction\",\"target\":[\"https:\/\/www.letemsvetemapplem.eu\/bazar\/imac-retina-5k-27-inch-prodam\/\"]}]},{\"@type\":\"ImageObject\",\"inLanguage\":\"cs\",\"@id\":\"https:\/\/www.letemsvetemapplem.eu\/bazar\/imac-retina-5k-27-inch-prodam\/#primaryimage\",\"url\":\"https:\/\/www.letemsvetemapplem.eu\/bazar\/wp-content\/uploads\/2022\/10\/IMG_5096-kopie-scaled.jpg\",\"contentUrl\":\"https:\/\/www.letemsvetemapplem.eu\/bazar\/wp-content\/uploads\/2022\/10\/IMG_5096-kopie-scaled.jpg\",\"width\":2560,\"height\":2163},{\"@type\":\"BreadcrumbList\",\"@id\":\"https:\/\/www.letemsvetemapplem.eu\/bazar\/imac-retina-5k-27-inch-prodam\/#breadcrumb\",\"itemListElement\":[{\"@type\":\"ListItem\",\"position\":1,\"name\":\"Apple Bazar\",\"item\":\"https:\/\/www.letemsvetemapplem.eu\/bazar\/\"},{\"@type\":\"ListItem\",\"position\":2,\"name\":\"iMac Retina 5K 27 inch prod\u00e1m\"}]},{\"@type\":\"WebSite\",\"@id\":\"https:\/\/www.letemsvetemapplem.eu\/bazar\/#website\",\"url\":\"https:\/\/www.letemsvetemapplem.eu\/bazar\/\",\"name\":\"Apple bazar\",\"description\":\"Oou\u017eit\u00e9 Apple produkty za skv\u011bl\u00e9 ceny\",\"potentialAction\":[{\"@type\":\"SearchAction\",\"target\":{\"@type\":\"EntryPoint\",\"urlTemplate\":\"https:\/\/www.letemsvetemapplem.eu\/bazar\/?s={search_term_string}\"},\"query-input\":{\"@type\":\"PropertyValueSpecification\",\"valueRequired\":true,\"valueName\":\"search_term_string\"}}],\"inLanguage\":\"cs\"}]}<\/script>\n<!-- \/ Yoast SEO plugin. -->","yoast_head_json":{"title":"iMac Retina 5K 27 inch prod\u00e1m - Apple bazar","robots":{"index":"index","follow":"follow","max-snippet":"max-snippet:-1","max-image-preview":"max-image-preview:large","max-video-preview":"max-video-preview:-1"},"canonical":"https:\/\/www.letemsvetemapplem.eu\/bazar\/imac-retina-5k-27-inch-prodam\/","og_locale":"cs_CZ","og_type":"article","og_title":"iMac Retina 5K 27 inch prod\u00e1m - Apple bazar","og_description":"Prod\u00e1m iMac Retina 5K 27 inch. 2017 , proces 3,4 GHz, pam\u011b\u0165 8GB. M\u00e1lo pou\u017e\u00edvan\u00fd, ve v\u00fdborn\u00e9m stavu,","og_url":"https:\/\/www.letemsvetemapplem.eu\/bazar\/imac-retina-5k-27-inch-prodam\/","og_site_name":"Apple bazar","article_published_time":"2022-10-18T14:04:03+00:00","og_image":[{"width":2560,"height":2163,"url":"https:\/\/www.letemsvetemapplem.eu\/bazar\/wp-content\/uploads\/2022\/10\/IMG_5096-kopie-scaled.jpg","type":"image\/jpeg"}],"twitter_card":"summary_large_image","schema":{"@context":"https:\/\/schema.org","@graph":[{"@type":"Article","@id":"https:\/\/www.letemsvetemapplem.eu\/bazar\/imac-retina-5k-27-inch-prodam\/#article","isPartOf":{"@id":"https:\/\/www.letemsvetemapplem.eu\/bazar\/imac-retina-5k-27-inch-prodam\/"},"author":{"name":"","@id":""},"headline":"iMac Retina 5K 27 inch prod\u00e1m","datePublished":"2022-10-18T14:04:03+00:00","mainEntityOfPage":{"@id":"https:\/\/www.letemsvetemapplem.eu\/bazar\/imac-retina-5k-27-inch-prodam\/"},"wordCount":25,"image":{"@id":"https:\/\/www.letemsvetemapplem.eu\/bazar\/imac-retina-5k-27-inch-prodam\/#primaryimage"},"thumbnailUrl":"https:\/\/www.letemsvetemapplem.eu\/bazar\/wp-content\/uploads\/2022\/10\/IMG_5096-kopie-scaled.jpg","articleSection":["iMac"],"inLanguage":"cs"},{"@type":"WebPage","@id":"https:\/\/www.letemsvetemapplem.eu\/bazar\/imac-retina-5k-27-inch-prodam\/","url":"https:\/\/www.letemsvetemapplem.eu\/bazar\/imac-retina-5k-27-inch-prodam\/","name":"iMac Retina 5K 27 inch prod\u00e1m - Apple bazar","isPartOf":{"@id":"https:\/\/www.letemsvetemapplem.eu\/bazar\/#website"},"primaryImageOfPage":{"@id":"https:\/\/www.letemsvetemapplem.eu\/bazar\/imac-retina-5k-27-inch-prodam\/#primaryimage"},"image":{"@id":"https:\/\/www.letemsvetemapplem.eu\/bazar\/imac-retina-5k-27-inch-prodam\/#primaryimage"},"thumbnailUrl":"https:\/\/www.letemsvetemapplem.eu\/bazar\/wp-content\/uploads\/2022\/10\/IMG_5096-kopie-scaled.jpg","datePublished":"2022-10-18T14:04:03+00:00","author":{"@id":""},"breadcrumb":{"@id":"https:\/\/www.letemsvetemapplem.eu\/bazar\/imac-retina-5k-27-inch-prodam\/#breadcrumb"},"inLanguage":"cs","potentialAction":[{"@type":"ReadAction","target":["https:\/\/www.letemsvetemapplem.eu\/bazar\/imac-retina-5k-27-inch-prodam\/"]}]},{"@type":"ImageObject","inLanguage":"cs","@id":"https:\/\/www.letemsvetemapplem.eu\/bazar\/imac-retina-5k-27-inch-prodam\/#primaryimage","url":"https:\/\/www.letemsvetemapplem.eu\/bazar\/wp-content\/uploads\/2022\/10\/IMG_5096-kopie-scaled.jpg","contentUrl":"https:\/\/www.letemsvetemapplem.eu\/bazar\/wp-content\/uploads\/2022\/10\/IMG_5096-kopie-scaled.jpg","width":2560,"height":2163},{"@type":"BreadcrumbList","@id":"https:\/\/www.letemsvetemapplem.eu\/bazar\/imac-retina-5k-27-inch-prodam\/#breadcrumb","itemListElement":[{"@type":"ListItem","position":1,"name":"Apple Bazar","item":"https:\/\/www.letemsvetemapplem.eu\/bazar\/"},{"@type":"ListItem","position":2,"name":"iMac Retina 5K 27 inch prod\u00e1m"}]},{"@type":"WebSite","@id":"https:\/\/www.letemsvetemapplem.eu\/bazar\/#website","url":"https:\/\/www.letemsvetemapplem.eu\/bazar\/","name":"Apple bazar","description":"Oou\u017eit\u00e9 Apple produkty za skv\u011bl\u00e9 ceny","potentialAction":[{"@type":"SearchAction","target":{"@type":"EntryPoint","urlTemplate":"https:\/\/www.letemsvetemapplem.eu\/bazar\/?s={search_term_string}"},"query-input":{"@type":"PropertyValueSpecification","valueRequired":true,"valueName":"search_term_string"}}],"inLanguage":"cs"}]}},"_links":{"self":[{"href":"https:\/\/www.letemsvetemapplem.eu\/bazar\/wp-json\/wp\/v2\/posts\/265611","targetHints":{"allow":["GET"]}}],"collection":[{"href":"https:\/\/www.letemsvetemapplem.eu\/bazar\/wp-json\/wp\/v2\/posts"}],"about":[{"href":"https:\/\/www.letemsvetemapplem.eu\/bazar\/wp-json\/wp\/v2\/types\/post"}],"replies":[{"embeddable":true,"href":"https:\/\/www.letemsvetemapplem.eu\/bazar\/wp-json\/wp\/v2\/comments?post=265611"}],"version-history":[{"count":1,"href":"https:\/\/www.letemsvetemapplem.eu\/bazar\/wp-json\/wp\/v2\/posts\/265611\/revisions"}],"predecessor-version":[{"id":265615,"href":"https:\/\/www.letemsvetemapplem.eu\/bazar\/wp-json\/wp\/v2\/posts\/265611\/revisions\/265615"}],"wp:featuredmedia":[{"embeddable":true,"href":"https:\/\/www.letemsvetemapplem.eu\/bazar\/wp-json\/wp\/v2\/media\/265612"}],"wp:attachment":[{"href":"https:\/\/www.letemsvetemapplem.eu\/bazar\/wp-json\/wp\/v2\/media?parent=265611"}],"wp:term":[{"taxonomy":"category","embeddable":true,"href":"https:\/\/www.letemsvetemapplem.eu\/bazar\/wp-json\/wp\/v2\/categories?post=265611"},{"taxonomy":"post_tag","embeddable":true,"href":"https:\/\/www.letemsvetemapplem.eu\/bazar\/wp-json\/wp\/v2\/tags?post=265611"}],"curies":[{"name":"wp","href":"https:\/\/api.w.org\/{rel}","templated":true}]}}