{"id":263668,"date":"2022-09-21T13:08:51","date_gmt":"2022-09-21T12:08:51","guid":{"rendered":"https:\/\/www.letemsvetemapplem.eu\/bazar\/?p=263668"},"modified":"2022-09-21T13:08:51","modified_gmt":"2022-09-21T12:08:51","slug":"vymenim-notebook-s-win11-za-macbook-pro","status":"publish","type":"post","link":"https:\/\/www.letemsvetemapplem.eu\/bazar\/vymenim-notebook-s-win11-za-macbook-pro\/","title":{"rendered":"Vym\u011bn\u00edm notebook s Win11 za MacBook Pro"},"content":{"rendered":"<p>Vym\u011bn\u00edm notebook MSI P75 Creator 9SE-492CZ (64GB RAM, 1.5 TB SSD) za MacBook Pro. Kdyby cht\u011bl n\u011bkdo z n\u011bjak\u00e9ho d\u016fvodu p\u0159ej\u00edt k Windows, tak nab\u00edz\u00edm v\u00fdm\u011bnu.<\/p>\n<p>Kompletn\u00ed origin\u00e1ln\u00ed balen\u00ed, v\u0161e v bezvadn\u00e9m stavu. Notebook byl v \u010dist\u00e9m kancel\u00e1\u0159sk\u00e9m prost\u0159ed\u00ed, m\u00e1 roz\u0161\u00ed\u0159enou pam\u011b\u0165 RAM na 64 GB a \u00falo\u017ei\u0161t\u011b SSD na 1,5 TB. Celkov\u00fd bezprobl\u00e9mov\u00fd chod, v\u010detn\u011b n\u00e1ro\u010dn\u011bj\u0161\u00edch grafick\u00fdch operac\u00ed i nov\u011bj\u0161\u00edch her.<br \/>\nK notebooku je nav\u00edc profesion\u00e1ln\u00ed my\u0161 Logitech MX Anywhere 3 for Business + cestovn\u00ed bra\u0161na DICOTA.<br \/>\nP\u016fvodn\u00ed prodejn\u00ed doklad samoz\u0159ejmost\u00ed (po\u0159\u00edzeno 05\/2020 v CZC celkem za 50 tis.).<\/p>\n<p>Seri\u00f3zn\u00ed z\u00e1jemce pros\u00edm o kontakt na e-mailovou adresu: tomasb@fastmail.com<br \/>\nUp\u0159ednost\u0148uji osobn\u00ed p\u0159ed\u00e1n\u00ed v r\u00e1mci Moravskoslezsk\u00e9ho kraje.<\/p>\n<p>Opera\u010dn\u00ed syst\u00e9m:<br \/>\nWindows 11 Pro<\/p>\n<p>Procesor:<br \/>\n6-j\u00e1drov\u00fd Intel Core i7\u20139750H<\/p>\n<p>Displej:<br \/>\n17,3&quot; Full HD, IPS-level, 1920&#215;1080<\/p>\n<p>Pam\u011b\u0165:<br \/>\n64 GB DDR4<\/p>\n<p>\u00dalo\u017ei\u0161t\u011b:<br \/>\n512 GB SSD + 1000 GB SSD (celkem 1,5 TB)<\/p>\n<p>Grafick\u00e1 karta:<br \/>\nNVIDIA GeForce RTX 2060<\/p>\n<p>Zvuk:<br \/>\nStereo reproduktory &#8211; Nahimic 3<\/p>\n<p>Kl\u00e1vesnice:<br \/>\n\u010cesk\u00e1 podsv\u00edcen\u00e1<\/p>\n<p>Webov\u00e1 kamera:<br \/>\nHD rozli\u0161en\u00ed (720p)<\/p>\n<p>S\u00ed\u0165ov\u00e1 komunikace:<br \/>\nEthernet GLAN + WiFi AC<\/p>\n<p>Nap\u00e1jen\u00ed:<br \/>\n4\u010dl\u00e1nkov\u00e1 baterie, 82 Wh<\/p>\n<p>Rozm\u011bry a hmotnost:<br \/>\n396 \u00d7 260 \u00d7 19 mm, 2.25 kg<\/p>\n","protected":false},"excerpt":{"rendered":"<p>Vym\u011bn\u00edm notebook MSI P75 Creator 9SE-492CZ (64GB RAM, 1.5 TB SSD) za MacBook Pro. Kdyby cht\u011bl n\u011bkdo z n\u011bjak\u00e9ho d\u016fvodu p\u0159ej\u00edt k Windows, tak nab\u00edz\u00edm v\u00fdm\u011bnu. Kompletn\u00ed origin\u00e1ln\u00ed balen\u00ed, v\u0161e v bezvadn\u00e9m stavu. Notebook byl v \u010dist\u00e9m kancel\u00e1\u0159sk\u00e9m prost\u0159ed\u00ed, m\u00e1 roz\u0161\u00ed\u0159enou pam\u011b\u0165 RAM na 64 GB a \u00falo\u017ei\u0161t\u011b SSD na 1,5 TB. Celkov\u00fd bezprobl\u00e9mov\u00fd chod,&#8230;<\/p>\n","protected":false},"author":0,"featured_media":263669,"comment_status":"closed","ping_status":"closed","sticky":false,"template":"","format":"standard","meta":{"footnotes":""},"categories":[48],"tags":[],"class_list":["post-263668","post","type-post","status-publish","format-standard","has-post-thumbnail","hentry","category-macbook-pro"],"yoast_head":"<!-- This site is optimized with the Yoast SEO plugin v27.5 - https:\/\/yoast.com\/product\/yoast-seo-wordpress\/ -->\n<title>Vym\u011bn\u00edm notebook s Win11 za MacBook Pro - Apple bazar<\/title>\n<meta name=\"robots\" content=\"index, follow, max-snippet:-1, max-image-preview:large, max-video-preview:-1\" \/>\n<link rel=\"canonical\" href=\"https:\/\/www.letemsvetemapplem.eu\/bazar\/vymenim-notebook-s-win11-za-macbook-pro\/\" \/>\n<meta property=\"og:locale\" content=\"cs_CZ\" \/>\n<meta property=\"og:type\" content=\"article\" \/>\n<meta property=\"og:title\" content=\"Vym\u011bn\u00edm notebook s Win11 za MacBook Pro - Apple bazar\" \/>\n<meta property=\"og:description\" content=\"Vym\u011bn\u00edm notebook MSI P75 Creator 9SE-492CZ (64GB RAM, 1.5 TB SSD) za MacBook Pro. Kdyby cht\u011bl n\u011bkdo z n\u011bjak\u00e9ho d\u016fvodu p\u0159ej\u00edt k Windows, tak nab\u00edz\u00edm v\u00fdm\u011bnu. Kompletn\u00ed origin\u00e1ln\u00ed balen\u00ed, v\u0161e v bezvadn\u00e9m stavu. Notebook byl v \u010dist\u00e9m kancel\u00e1\u0159sk\u00e9m prost\u0159ed\u00ed, m\u00e1 roz\u0161\u00ed\u0159enou pam\u011b\u0165 RAM na 64 GB a \u00falo\u017ei\u0161t\u011b SSD na 1,5 TB. Celkov\u00fd bezprobl\u00e9mov\u00fd chod,...\" \/>\n<meta property=\"og:url\" content=\"https:\/\/www.letemsvetemapplem.eu\/bazar\/vymenim-notebook-s-win11-za-macbook-pro\/\" \/>\n<meta property=\"og:site_name\" content=\"Apple bazar\" \/>\n<meta property=\"article:published_time\" content=\"2022-09-21T12:08:51+00:00\" \/>\n<meta property=\"og:image\" content=\"https:\/\/www.letemsvetemapplem.eu\/bazar\/wp-content\/uploads\/2022\/09\/P752.jpg\" \/>\n\t<meta property=\"og:image:width\" content=\"955\" \/>\n\t<meta property=\"og:image:height\" content=\"762\" \/>\n\t<meta property=\"og:image:type\" content=\"image\/jpeg\" \/>\n<meta name=\"twitter:card\" content=\"summary_large_image\" \/>\n<script type=\"application\/ld+json\" class=\"yoast-schema-graph\">{\"@context\":\"https:\\\/\\\/schema.org\",\"@graph\":[{\"@type\":\"Article\",\"@id\":\"https:\\\/\\\/www.letemsvetemapplem.eu\\\/bazar\\\/vymenim-notebook-s-win11-za-macbook-pro\\\/#article\",\"isPartOf\":{\"@id\":\"https:\\\/\\\/www.letemsvetemapplem.eu\\\/bazar\\\/vymenim-notebook-s-win11-za-macbook-pro\\\/\"},\"author\":{\"name\":\"\",\"@id\":\"\"},\"headline\":\"Vym\u011bn\u00edm notebook s Win11 za MacBook Pro\",\"datePublished\":\"2022-09-21T12:08:51+00:00\",\"mainEntityOfPage\":{\"@id\":\"https:\\\/\\\/www.letemsvetemapplem.eu\\\/bazar\\\/vymenim-notebook-s-win11-za-macbook-pro\\\/\"},\"wordCount\":229,\"image\":{\"@id\":\"https:\\\/\\\/www.letemsvetemapplem.eu\\\/bazar\\\/vymenim-notebook-s-win11-za-macbook-pro\\\/#primaryimage\"},\"thumbnailUrl\":\"https:\\\/\\\/www.letemsvetemapplem.eu\\\/bazar\\\/wp-content\\\/uploads\\\/2022\\\/09\\\/P752.jpg\",\"articleSection\":[\"MacBook Pro\"],\"inLanguage\":\"cs\"},{\"@type\":\"WebPage\",\"@id\":\"https:\\\/\\\/www.letemsvetemapplem.eu\\\/bazar\\\/vymenim-notebook-s-win11-za-macbook-pro\\\/\",\"url\":\"https:\\\/\\\/www.letemsvetemapplem.eu\\\/bazar\\\/vymenim-notebook-s-win11-za-macbook-pro\\\/\",\"name\":\"Vym\u011bn\u00edm notebook s Win11 za MacBook Pro - Apple bazar\",\"isPartOf\":{\"@id\":\"https:\\\/\\\/www.letemsvetemapplem.eu\\\/bazar\\\/#website\"},\"primaryImageOfPage\":{\"@id\":\"https:\\\/\\\/www.letemsvetemapplem.eu\\\/bazar\\\/vymenim-notebook-s-win11-za-macbook-pro\\\/#primaryimage\"},\"image\":{\"@id\":\"https:\\\/\\\/www.letemsvetemapplem.eu\\\/bazar\\\/vymenim-notebook-s-win11-za-macbook-pro\\\/#primaryimage\"},\"thumbnailUrl\":\"https:\\\/\\\/www.letemsvetemapplem.eu\\\/bazar\\\/wp-content\\\/uploads\\\/2022\\\/09\\\/P752.jpg\",\"datePublished\":\"2022-09-21T12:08:51+00:00\",\"author\":{\"@id\":\"\"},\"breadcrumb\":{\"@id\":\"https:\\\/\\\/www.letemsvetemapplem.eu\\\/bazar\\\/vymenim-notebook-s-win11-za-macbook-pro\\\/#breadcrumb\"},\"inLanguage\":\"cs\",\"potentialAction\":[{\"@type\":\"ReadAction\",\"target\":[\"https:\\\/\\\/www.letemsvetemapplem.eu\\\/bazar\\\/vymenim-notebook-s-win11-za-macbook-pro\\\/\"]}]},{\"@type\":\"ImageObject\",\"inLanguage\":\"cs\",\"@id\":\"https:\\\/\\\/www.letemsvetemapplem.eu\\\/bazar\\\/vymenim-notebook-s-win11-za-macbook-pro\\\/#primaryimage\",\"url\":\"https:\\\/\\\/www.letemsvetemapplem.eu\\\/bazar\\\/wp-content\\\/uploads\\\/2022\\\/09\\\/P752.jpg\",\"contentUrl\":\"https:\\\/\\\/www.letemsvetemapplem.eu\\\/bazar\\\/wp-content\\\/uploads\\\/2022\\\/09\\\/P752.jpg\",\"width\":955,\"height\":762},{\"@type\":\"BreadcrumbList\",\"@id\":\"https:\\\/\\\/www.letemsvetemapplem.eu\\\/bazar\\\/vymenim-notebook-s-win11-za-macbook-pro\\\/#breadcrumb\",\"itemListElement\":[{\"@type\":\"ListItem\",\"position\":1,\"name\":\"Apple Bazar\",\"item\":\"https:\\\/\\\/www.letemsvetemapplem.eu\\\/bazar\\\/\"},{\"@type\":\"ListItem\",\"position\":2,\"name\":\"Vym\u011bn\u00edm notebook s Win11 za MacBook Pro\"}]},{\"@type\":\"WebSite\",\"@id\":\"https:\\\/\\\/www.letemsvetemapplem.eu\\\/bazar\\\/#website\",\"url\":\"https:\\\/\\\/www.letemsvetemapplem.eu\\\/bazar\\\/\",\"name\":\"Apple bazar\",\"description\":\"Oou\u017eit\u00e9 Apple produkty za skv\u011bl\u00e9 ceny\",\"potentialAction\":[{\"@type\":\"SearchAction\",\"target\":{\"@type\":\"EntryPoint\",\"urlTemplate\":\"https:\\\/\\\/www.letemsvetemapplem.eu\\\/bazar\\\/?s={search_term_string}\"},\"query-input\":{\"@type\":\"PropertyValueSpecification\",\"valueRequired\":true,\"valueName\":\"search_term_string\"}}],\"inLanguage\":\"cs\"}]}<\/script>\n<!-- \/ Yoast SEO plugin. -->","yoast_head_json":{"title":"Vym\u011bn\u00edm notebook s Win11 za MacBook Pro - Apple bazar","robots":{"index":"index","follow":"follow","max-snippet":"max-snippet:-1","max-image-preview":"max-image-preview:large","max-video-preview":"max-video-preview:-1"},"canonical":"https:\/\/www.letemsvetemapplem.eu\/bazar\/vymenim-notebook-s-win11-za-macbook-pro\/","og_locale":"cs_CZ","og_type":"article","og_title":"Vym\u011bn\u00edm notebook s Win11 za MacBook Pro - Apple bazar","og_description":"Vym\u011bn\u00edm notebook MSI P75 Creator 9SE-492CZ (64GB RAM, 1.5 TB SSD) za MacBook Pro. Kdyby cht\u011bl n\u011bkdo z n\u011bjak\u00e9ho d\u016fvodu p\u0159ej\u00edt k Windows, tak nab\u00edz\u00edm v\u00fdm\u011bnu. Kompletn\u00ed origin\u00e1ln\u00ed balen\u00ed, v\u0161e v bezvadn\u00e9m stavu. Notebook byl v \u010dist\u00e9m kancel\u00e1\u0159sk\u00e9m prost\u0159ed\u00ed, m\u00e1 roz\u0161\u00ed\u0159enou pam\u011b\u0165 RAM na 64 GB a \u00falo\u017ei\u0161t\u011b SSD na 1,5 TB. Celkov\u00fd bezprobl\u00e9mov\u00fd chod,...","og_url":"https:\/\/www.letemsvetemapplem.eu\/bazar\/vymenim-notebook-s-win11-za-macbook-pro\/","og_site_name":"Apple bazar","article_published_time":"2022-09-21T12:08:51+00:00","og_image":[{"width":955,"height":762,"url":"https:\/\/www.letemsvetemapplem.eu\/bazar\/wp-content\/uploads\/2022\/09\/P752.jpg","type":"image\/jpeg"}],"twitter_card":"summary_large_image","schema":{"@context":"https:\/\/schema.org","@graph":[{"@type":"Article","@id":"https:\/\/www.letemsvetemapplem.eu\/bazar\/vymenim-notebook-s-win11-za-macbook-pro\/#article","isPartOf":{"@id":"https:\/\/www.letemsvetemapplem.eu\/bazar\/vymenim-notebook-s-win11-za-macbook-pro\/"},"author":{"name":"","@id":""},"headline":"Vym\u011bn\u00edm notebook s Win11 za MacBook Pro","datePublished":"2022-09-21T12:08:51+00:00","mainEntityOfPage":{"@id":"https:\/\/www.letemsvetemapplem.eu\/bazar\/vymenim-notebook-s-win11-za-macbook-pro\/"},"wordCount":229,"image":{"@id":"https:\/\/www.letemsvetemapplem.eu\/bazar\/vymenim-notebook-s-win11-za-macbook-pro\/#primaryimage"},"thumbnailUrl":"https:\/\/www.letemsvetemapplem.eu\/bazar\/wp-content\/uploads\/2022\/09\/P752.jpg","articleSection":["MacBook Pro"],"inLanguage":"cs"},{"@type":"WebPage","@id":"https:\/\/www.letemsvetemapplem.eu\/bazar\/vymenim-notebook-s-win11-za-macbook-pro\/","url":"https:\/\/www.letemsvetemapplem.eu\/bazar\/vymenim-notebook-s-win11-za-macbook-pro\/","name":"Vym\u011bn\u00edm notebook s Win11 za MacBook Pro - Apple bazar","isPartOf":{"@id":"https:\/\/www.letemsvetemapplem.eu\/bazar\/#website"},"primaryImageOfPage":{"@id":"https:\/\/www.letemsvetemapplem.eu\/bazar\/vymenim-notebook-s-win11-za-macbook-pro\/#primaryimage"},"image":{"@id":"https:\/\/www.letemsvetemapplem.eu\/bazar\/vymenim-notebook-s-win11-za-macbook-pro\/#primaryimage"},"thumbnailUrl":"https:\/\/www.letemsvetemapplem.eu\/bazar\/wp-content\/uploads\/2022\/09\/P752.jpg","datePublished":"2022-09-21T12:08:51+00:00","author":{"@id":""},"breadcrumb":{"@id":"https:\/\/www.letemsvetemapplem.eu\/bazar\/vymenim-notebook-s-win11-za-macbook-pro\/#breadcrumb"},"inLanguage":"cs","potentialAction":[{"@type":"ReadAction","target":["https:\/\/www.letemsvetemapplem.eu\/bazar\/vymenim-notebook-s-win11-za-macbook-pro\/"]}]},{"@type":"ImageObject","inLanguage":"cs","@id":"https:\/\/www.letemsvetemapplem.eu\/bazar\/vymenim-notebook-s-win11-za-macbook-pro\/#primaryimage","url":"https:\/\/www.letemsvetemapplem.eu\/bazar\/wp-content\/uploads\/2022\/09\/P752.jpg","contentUrl":"https:\/\/www.letemsvetemapplem.eu\/bazar\/wp-content\/uploads\/2022\/09\/P752.jpg","width":955,"height":762},{"@type":"BreadcrumbList","@id":"https:\/\/www.letemsvetemapplem.eu\/bazar\/vymenim-notebook-s-win11-za-macbook-pro\/#breadcrumb","itemListElement":[{"@type":"ListItem","position":1,"name":"Apple Bazar","item":"https:\/\/www.letemsvetemapplem.eu\/bazar\/"},{"@type":"ListItem","position":2,"name":"Vym\u011bn\u00edm notebook s Win11 za MacBook Pro"}]},{"@type":"WebSite","@id":"https:\/\/www.letemsvetemapplem.eu\/bazar\/#website","url":"https:\/\/www.letemsvetemapplem.eu\/bazar\/","name":"Apple bazar","description":"Oou\u017eit\u00e9 Apple produkty za skv\u011bl\u00e9 ceny","potentialAction":[{"@type":"SearchAction","target":{"@type":"EntryPoint","urlTemplate":"https:\/\/www.letemsvetemapplem.eu\/bazar\/?s={search_term_string}"},"query-input":{"@type":"PropertyValueSpecification","valueRequired":true,"valueName":"search_term_string"}}],"inLanguage":"cs"}]}},"_links":{"self":[{"href":"https:\/\/www.letemsvetemapplem.eu\/bazar\/wp-json\/wp\/v2\/posts\/263668","targetHints":{"allow":["GET"]}}],"collection":[{"href":"https:\/\/www.letemsvetemapplem.eu\/bazar\/wp-json\/wp\/v2\/posts"}],"about":[{"href":"https:\/\/www.letemsvetemapplem.eu\/bazar\/wp-json\/wp\/v2\/types\/post"}],"replies":[{"embeddable":true,"href":"https:\/\/www.letemsvetemapplem.eu\/bazar\/wp-json\/wp\/v2\/comments?post=263668"}],"version-history":[{"count":1,"href":"https:\/\/www.letemsvetemapplem.eu\/bazar\/wp-json\/wp\/v2\/posts\/263668\/revisions"}],"predecessor-version":[{"id":263670,"href":"https:\/\/www.letemsvetemapplem.eu\/bazar\/wp-json\/wp\/v2\/posts\/263668\/revisions\/263670"}],"wp:featuredmedia":[{"embeddable":true,"href":"https:\/\/www.letemsvetemapplem.eu\/bazar\/wp-json\/wp\/v2\/media\/263669"}],"wp:attachment":[{"href":"https:\/\/www.letemsvetemapplem.eu\/bazar\/wp-json\/wp\/v2\/media?parent=263668"}],"wp:term":[{"taxonomy":"category","embeddable":true,"href":"https:\/\/www.letemsvetemapplem.eu\/bazar\/wp-json\/wp\/v2\/categories?post=263668"},{"taxonomy":"post_tag","embeddable":true,"href":"https:\/\/www.letemsvetemapplem.eu\/bazar\/wp-json\/wp\/v2\/tags?post=263668"}],"curies":[{"name":"wp","href":"https:\/\/api.w.org\/{rel}","templated":true}]}}