{"id":263245,"date":"2022-09-17T15:19:17","date_gmt":"2022-09-17T14:19:17","guid":{"rendered":"https:\/\/www.letemsvetemapplem.eu\/bazar\/?p=263245"},"modified":"2022-09-17T15:19:17","modified_gmt":"2022-09-17T14:19:17","slug":"imac-27-late-2013-top-specifikace","status":"publish","type":"post","link":"https:\/\/www.letemsvetemapplem.eu\/bazar\/imac-27-late-2013-top-specifikace\/","title":{"rendered":"iMac 27 Late 2013, Top specifikace"},"content":{"rendered":"<p>Dobr\u00fd den, prod\u00e1m iMac 27 late 2013 v nejvy\u0161\u0161\u00ed konfiguraci. iMac je ve velmi p\u011bkn\u00e9m stavu, na spodn\u00edch roz\u00edch je p\u00e1r men\u0161\u00edch od\u011brek, ale nen\u00ed to nic hrozn\u00e9ho. Displej je bez \u0161kr\u00e1banc\u016f. Jedinou nev\u00fdhodou je n\u011bmeck\u00e1 kl\u00e1vesnice, kter\u00e1 je v\u0161ak nastaven\u00e1 na \u010de\u0161tinu. V p\u0159\u00edpad\u011b z\u00e1jmu ho m\u016f\u017eu prodat i za ni\u017e\u0161\u00ed cenu bez kl\u00e1vesnice.<\/p>\n<p>Specifikace:<br \/>\nProcesor: 3,5 GHz Intel Core i7<br \/>\nRAM: 32 GB 1600 MHz<br \/>\n\u00dalo\u017ei\u0161t\u011b: 1TB Fusion Drive<br \/>\nGrafika: NVIDIA GeForce GTX 780M 4GB<\/p>\n<p>Preferuji osobn\u00ed odb\u011br, ale m\u016f\u017eu ho poslat i na dob\u00edrku<\/p>\n","protected":false},"excerpt":{"rendered":"<p>Dobr\u00fd den, prod\u00e1m iMac 27 late 2013 v nejvy\u0161\u0161\u00ed konfiguraci. iMac je ve velmi p\u011bkn\u00e9m stavu, na spodn\u00edch roz\u00edch je p\u00e1r men\u0161\u00edch od\u011brek, ale nen\u00ed to nic hrozn\u00e9ho. Displej je bez \u0161kr\u00e1banc\u016f. Jedinou nev\u00fdhodou je n\u011bmeck\u00e1 kl\u00e1vesnice, kter\u00e1 je v\u0161ak nastaven\u00e1 na \u010de\u0161tinu. V p\u0159\u00edpad\u011b z\u00e1jmu ho m\u016f\u017eu prodat i za ni\u017e\u0161\u00ed cenu bez kl\u00e1vesnice&#8230;.<\/p>\n","protected":false},"author":0,"featured_media":263246,"comment_status":"closed","ping_status":"closed","sticky":false,"template":"","format":"standard","meta":{"footnotes":""},"categories":[41],"tags":[],"class_list":["post-263245","post","type-post","status-publish","format-standard","has-post-thumbnail","hentry","category-imac"],"yoast_head":"<!-- This site is optimized with the Yoast SEO plugin v27.2 - https:\/\/yoast.com\/product\/yoast-seo-wordpress\/ -->\n<title>iMac 27 Late 2013, Top specifikace - Apple bazar<\/title>\n<meta name=\"robots\" content=\"index, follow, max-snippet:-1, max-image-preview:large, max-video-preview:-1\" \/>\n<link rel=\"canonical\" href=\"https:\/\/www.letemsvetemapplem.eu\/bazar\/imac-27-late-2013-top-specifikace\/\" \/>\n<meta property=\"og:locale\" content=\"cs_CZ\" \/>\n<meta property=\"og:type\" content=\"article\" \/>\n<meta property=\"og:title\" content=\"iMac 27 Late 2013, Top specifikace - Apple bazar\" \/>\n<meta property=\"og:description\" content=\"Dobr\u00fd den, prod\u00e1m iMac 27 late 2013 v nejvy\u0161\u0161\u00ed konfiguraci. iMac je ve velmi p\u011bkn\u00e9m stavu, na spodn\u00edch roz\u00edch je p\u00e1r men\u0161\u00edch od\u011brek, ale nen\u00ed to nic hrozn\u00e9ho. Displej je bez \u0161kr\u00e1banc\u016f. Jedinou nev\u00fdhodou je n\u011bmeck\u00e1 kl\u00e1vesnice, kter\u00e1 je v\u0161ak nastaven\u00e1 na \u010de\u0161tinu. V p\u0159\u00edpad\u011b z\u00e1jmu ho m\u016f\u017eu prodat i za ni\u017e\u0161\u00ed cenu bez kl\u00e1vesnice....\" \/>\n<meta property=\"og:url\" content=\"https:\/\/www.letemsvetemapplem.eu\/bazar\/imac-27-late-2013-top-specifikace\/\" \/>\n<meta property=\"og:site_name\" content=\"Apple bazar\" \/>\n<meta property=\"article:published_time\" content=\"2022-09-17T14:19:17+00:00\" \/>\n<meta property=\"og:image\" content=\"https:\/\/www.letemsvetemapplem.eu\/bazar\/wp-content\/uploads\/2022\/09\/IMG_20220901_160420-scaled.jpg\" \/>\n\t<meta property=\"og:image:width\" content=\"2560\" \/>\n\t<meta property=\"og:image:height\" content=\"1920\" \/>\n\t<meta property=\"og:image:type\" content=\"image\/jpeg\" \/>\n<meta name=\"twitter:card\" content=\"summary_large_image\" \/>\n<script type=\"application\/ld+json\" class=\"yoast-schema-graph\">{\"@context\":\"https:\/\/schema.org\",\"@graph\":[{\"@type\":\"Article\",\"@id\":\"https:\/\/www.letemsvetemapplem.eu\/bazar\/imac-27-late-2013-top-specifikace\/#article\",\"isPartOf\":{\"@id\":\"https:\/\/www.letemsvetemapplem.eu\/bazar\/imac-27-late-2013-top-specifikace\/\"},\"author\":{\"name\":\"\",\"@id\":\"\"},\"headline\":\"iMac 27 Late 2013, Top specifikace\",\"datePublished\":\"2022-09-17T14:19:17+00:00\",\"mainEntityOfPage\":{\"@id\":\"https:\/\/www.letemsvetemapplem.eu\/bazar\/imac-27-late-2013-top-specifikace\/\"},\"wordCount\":110,\"image\":{\"@id\":\"https:\/\/www.letemsvetemapplem.eu\/bazar\/imac-27-late-2013-top-specifikace\/#primaryimage\"},\"thumbnailUrl\":\"https:\/\/www.letemsvetemapplem.eu\/bazar\/wp-content\/uploads\/2022\/09\/IMG_20220901_160420-scaled.jpg\",\"articleSection\":[\"iMac\"],\"inLanguage\":\"cs\"},{\"@type\":\"WebPage\",\"@id\":\"https:\/\/www.letemsvetemapplem.eu\/bazar\/imac-27-late-2013-top-specifikace\/\",\"url\":\"https:\/\/www.letemsvetemapplem.eu\/bazar\/imac-27-late-2013-top-specifikace\/\",\"name\":\"iMac 27 Late 2013, Top specifikace - Apple bazar\",\"isPartOf\":{\"@id\":\"https:\/\/www.letemsvetemapplem.eu\/bazar\/#website\"},\"primaryImageOfPage\":{\"@id\":\"https:\/\/www.letemsvetemapplem.eu\/bazar\/imac-27-late-2013-top-specifikace\/#primaryimage\"},\"image\":{\"@id\":\"https:\/\/www.letemsvetemapplem.eu\/bazar\/imac-27-late-2013-top-specifikace\/#primaryimage\"},\"thumbnailUrl\":\"https:\/\/www.letemsvetemapplem.eu\/bazar\/wp-content\/uploads\/2022\/09\/IMG_20220901_160420-scaled.jpg\",\"datePublished\":\"2022-09-17T14:19:17+00:00\",\"author\":{\"@id\":\"\"},\"breadcrumb\":{\"@id\":\"https:\/\/www.letemsvetemapplem.eu\/bazar\/imac-27-late-2013-top-specifikace\/#breadcrumb\"},\"inLanguage\":\"cs\",\"potentialAction\":[{\"@type\":\"ReadAction\",\"target\":[\"https:\/\/www.letemsvetemapplem.eu\/bazar\/imac-27-late-2013-top-specifikace\/\"]}]},{\"@type\":\"ImageObject\",\"inLanguage\":\"cs\",\"@id\":\"https:\/\/www.letemsvetemapplem.eu\/bazar\/imac-27-late-2013-top-specifikace\/#primaryimage\",\"url\":\"https:\/\/www.letemsvetemapplem.eu\/bazar\/wp-content\/uploads\/2022\/09\/IMG_20220901_160420-scaled.jpg\",\"contentUrl\":\"https:\/\/www.letemsvetemapplem.eu\/bazar\/wp-content\/uploads\/2022\/09\/IMG_20220901_160420-scaled.jpg\",\"width\":2560,\"height\":1920},{\"@type\":\"BreadcrumbList\",\"@id\":\"https:\/\/www.letemsvetemapplem.eu\/bazar\/imac-27-late-2013-top-specifikace\/#breadcrumb\",\"itemListElement\":[{\"@type\":\"ListItem\",\"position\":1,\"name\":\"Apple Bazar\",\"item\":\"https:\/\/www.letemsvetemapplem.eu\/bazar\/\"},{\"@type\":\"ListItem\",\"position\":2,\"name\":\"iMac 27 Late 2013, Top specifikace\"}]},{\"@type\":\"WebSite\",\"@id\":\"https:\/\/www.letemsvetemapplem.eu\/bazar\/#website\",\"url\":\"https:\/\/www.letemsvetemapplem.eu\/bazar\/\",\"name\":\"Apple bazar\",\"description\":\"Oou\u017eit\u00e9 Apple produkty za skv\u011bl\u00e9 ceny\",\"potentialAction\":[{\"@type\":\"SearchAction\",\"target\":{\"@type\":\"EntryPoint\",\"urlTemplate\":\"https:\/\/www.letemsvetemapplem.eu\/bazar\/?s={search_term_string}\"},\"query-input\":{\"@type\":\"PropertyValueSpecification\",\"valueRequired\":true,\"valueName\":\"search_term_string\"}}],\"inLanguage\":\"cs\"}]}<\/script>\n<!-- \/ Yoast SEO plugin. -->","yoast_head_json":{"title":"iMac 27 Late 2013, Top specifikace - Apple bazar","robots":{"index":"index","follow":"follow","max-snippet":"max-snippet:-1","max-image-preview":"max-image-preview:large","max-video-preview":"max-video-preview:-1"},"canonical":"https:\/\/www.letemsvetemapplem.eu\/bazar\/imac-27-late-2013-top-specifikace\/","og_locale":"cs_CZ","og_type":"article","og_title":"iMac 27 Late 2013, Top specifikace - Apple bazar","og_description":"Dobr\u00fd den, prod\u00e1m iMac 27 late 2013 v nejvy\u0161\u0161\u00ed konfiguraci. iMac je ve velmi p\u011bkn\u00e9m stavu, na spodn\u00edch roz\u00edch je p\u00e1r men\u0161\u00edch od\u011brek, ale nen\u00ed to nic hrozn\u00e9ho. Displej je bez \u0161kr\u00e1banc\u016f. Jedinou nev\u00fdhodou je n\u011bmeck\u00e1 kl\u00e1vesnice, kter\u00e1 je v\u0161ak nastaven\u00e1 na \u010de\u0161tinu. V p\u0159\u00edpad\u011b z\u00e1jmu ho m\u016f\u017eu prodat i za ni\u017e\u0161\u00ed cenu bez kl\u00e1vesnice....","og_url":"https:\/\/www.letemsvetemapplem.eu\/bazar\/imac-27-late-2013-top-specifikace\/","og_site_name":"Apple bazar","article_published_time":"2022-09-17T14:19:17+00:00","og_image":[{"width":2560,"height":1920,"url":"https:\/\/www.letemsvetemapplem.eu\/bazar\/wp-content\/uploads\/2022\/09\/IMG_20220901_160420-scaled.jpg","type":"image\/jpeg"}],"twitter_card":"summary_large_image","schema":{"@context":"https:\/\/schema.org","@graph":[{"@type":"Article","@id":"https:\/\/www.letemsvetemapplem.eu\/bazar\/imac-27-late-2013-top-specifikace\/#article","isPartOf":{"@id":"https:\/\/www.letemsvetemapplem.eu\/bazar\/imac-27-late-2013-top-specifikace\/"},"author":{"name":"","@id":""},"headline":"iMac 27 Late 2013, Top specifikace","datePublished":"2022-09-17T14:19:17+00:00","mainEntityOfPage":{"@id":"https:\/\/www.letemsvetemapplem.eu\/bazar\/imac-27-late-2013-top-specifikace\/"},"wordCount":110,"image":{"@id":"https:\/\/www.letemsvetemapplem.eu\/bazar\/imac-27-late-2013-top-specifikace\/#primaryimage"},"thumbnailUrl":"https:\/\/www.letemsvetemapplem.eu\/bazar\/wp-content\/uploads\/2022\/09\/IMG_20220901_160420-scaled.jpg","articleSection":["iMac"],"inLanguage":"cs"},{"@type":"WebPage","@id":"https:\/\/www.letemsvetemapplem.eu\/bazar\/imac-27-late-2013-top-specifikace\/","url":"https:\/\/www.letemsvetemapplem.eu\/bazar\/imac-27-late-2013-top-specifikace\/","name":"iMac 27 Late 2013, Top specifikace - Apple bazar","isPartOf":{"@id":"https:\/\/www.letemsvetemapplem.eu\/bazar\/#website"},"primaryImageOfPage":{"@id":"https:\/\/www.letemsvetemapplem.eu\/bazar\/imac-27-late-2013-top-specifikace\/#primaryimage"},"image":{"@id":"https:\/\/www.letemsvetemapplem.eu\/bazar\/imac-27-late-2013-top-specifikace\/#primaryimage"},"thumbnailUrl":"https:\/\/www.letemsvetemapplem.eu\/bazar\/wp-content\/uploads\/2022\/09\/IMG_20220901_160420-scaled.jpg","datePublished":"2022-09-17T14:19:17+00:00","author":{"@id":""},"breadcrumb":{"@id":"https:\/\/www.letemsvetemapplem.eu\/bazar\/imac-27-late-2013-top-specifikace\/#breadcrumb"},"inLanguage":"cs","potentialAction":[{"@type":"ReadAction","target":["https:\/\/www.letemsvetemapplem.eu\/bazar\/imac-27-late-2013-top-specifikace\/"]}]},{"@type":"ImageObject","inLanguage":"cs","@id":"https:\/\/www.letemsvetemapplem.eu\/bazar\/imac-27-late-2013-top-specifikace\/#primaryimage","url":"https:\/\/www.letemsvetemapplem.eu\/bazar\/wp-content\/uploads\/2022\/09\/IMG_20220901_160420-scaled.jpg","contentUrl":"https:\/\/www.letemsvetemapplem.eu\/bazar\/wp-content\/uploads\/2022\/09\/IMG_20220901_160420-scaled.jpg","width":2560,"height":1920},{"@type":"BreadcrumbList","@id":"https:\/\/www.letemsvetemapplem.eu\/bazar\/imac-27-late-2013-top-specifikace\/#breadcrumb","itemListElement":[{"@type":"ListItem","position":1,"name":"Apple Bazar","item":"https:\/\/www.letemsvetemapplem.eu\/bazar\/"},{"@type":"ListItem","position":2,"name":"iMac 27 Late 2013, Top specifikace"}]},{"@type":"WebSite","@id":"https:\/\/www.letemsvetemapplem.eu\/bazar\/#website","url":"https:\/\/www.letemsvetemapplem.eu\/bazar\/","name":"Apple bazar","description":"Oou\u017eit\u00e9 Apple produkty za skv\u011bl\u00e9 ceny","potentialAction":[{"@type":"SearchAction","target":{"@type":"EntryPoint","urlTemplate":"https:\/\/www.letemsvetemapplem.eu\/bazar\/?s={search_term_string}"},"query-input":{"@type":"PropertyValueSpecification","valueRequired":true,"valueName":"search_term_string"}}],"inLanguage":"cs"}]}},"_links":{"self":[{"href":"https:\/\/www.letemsvetemapplem.eu\/bazar\/wp-json\/wp\/v2\/posts\/263245","targetHints":{"allow":["GET"]}}],"collection":[{"href":"https:\/\/www.letemsvetemapplem.eu\/bazar\/wp-json\/wp\/v2\/posts"}],"about":[{"href":"https:\/\/www.letemsvetemapplem.eu\/bazar\/wp-json\/wp\/v2\/types\/post"}],"replies":[{"embeddable":true,"href":"https:\/\/www.letemsvetemapplem.eu\/bazar\/wp-json\/wp\/v2\/comments?post=263245"}],"version-history":[{"count":1,"href":"https:\/\/www.letemsvetemapplem.eu\/bazar\/wp-json\/wp\/v2\/posts\/263245\/revisions"}],"predecessor-version":[{"id":263252,"href":"https:\/\/www.letemsvetemapplem.eu\/bazar\/wp-json\/wp\/v2\/posts\/263245\/revisions\/263252"}],"wp:featuredmedia":[{"embeddable":true,"href":"https:\/\/www.letemsvetemapplem.eu\/bazar\/wp-json\/wp\/v2\/media\/263246"}],"wp:attachment":[{"href":"https:\/\/www.letemsvetemapplem.eu\/bazar\/wp-json\/wp\/v2\/media?parent=263245"}],"wp:term":[{"taxonomy":"category","embeddable":true,"href":"https:\/\/www.letemsvetemapplem.eu\/bazar\/wp-json\/wp\/v2\/categories?post=263245"},{"taxonomy":"post_tag","embeddable":true,"href":"https:\/\/www.letemsvetemapplem.eu\/bazar\/wp-json\/wp\/v2\/tags?post=263245"}],"curies":[{"name":"wp","href":"https:\/\/api.w.org\/{rel}","templated":true}]}}