{"id":262274,"date":"2022-09-04T14:21:12","date_gmt":"2022-09-04T13:21:12","guid":{"rendered":"https:\/\/www.letemsvetemapplem.eu\/bazar\/?p=262274"},"modified":"2022-09-04T14:21:12","modified_gmt":"2022-09-04T13:21:12","slug":"apple-macbook-pro-13-retina-i5-2-3ghz-1","status":"publish","type":"post","link":"https:\/\/www.letemsvetemapplem.eu\/bazar\/apple-macbook-pro-13-retina-i5-2-3ghz-1\/","title":{"rendered":"Apple MacBook Pro 13&quot; Retina i5-2.3GHz 1"},"content":{"rendered":"<p>Prod\u00e1m Apple MacBook Pro 13&quot; s Retina displejem zakoupen\u00fd 2019.<\/p>\n<p>Procesor: Intel i5-2.3GHz<br \/>\nRAM: 8 GB<br \/>\nSSD: 128 GB<\/p>\n<p>Notebook jsme vyu\u017e\u00edval pro studijn\u00ed \u00fa\u010dely, posledn\u00ed 1,5 rok v\u0161ak u\u017e jen velmi sporadicky (z d\u016fvodu pracovn\u00edho notebooku). A tak\u00e9 z d\u016fvodu nevyu\u017eit\u00ed jsem se nakonec rozhodl MacBook prodat. <\/p>\n<p>Baterii jsem od doby zakoupen\u00ed nem\u011bnil, je\u0161t\u011b p\u00e1r hodin vydr\u017e\u00ed, ale jako nov\u00e1 u\u017e nen\u00ed. Spole\u010dn\u011b s MacBookem a nab\u00edje\u010dkou dod\u00e1m hub pro jedno HDMI, dva USB 3 porty a dva USB C. P\u0159id\u00e1m zdarma i kryt. <\/p>\n<p>MacBook m\u00e1 od\u0159en\u00ed na zadn\u00ed hran\u011b (viz fotky).<\/p>\n<p>Cena: 14 000 K\u010d.<\/p>\n<p>MacBook je reinstalov\u00e1n a p\u0159ipraven v origin\u00e1ln\u00edm balen\u00ed.<\/p>\n","protected":false},"excerpt":{"rendered":"<p>Prod\u00e1m Apple MacBook Pro 13&quot; s Retina displejem zakoupen\u00fd 2019. Procesor: Intel i5-2.3GHz RAM: 8 GB SSD: 128 GB Notebook jsme vyu\u017e\u00edval pro studijn\u00ed \u00fa\u010dely, posledn\u00ed 1,5 rok v\u0161ak u\u017e jen velmi sporadicky (z d\u016fvodu pracovn\u00edho notebooku). A tak\u00e9 z d\u016fvodu nevyu\u017eit\u00ed jsem se nakonec rozhodl MacBook prodat. Baterii jsem od doby zakoupen\u00ed nem\u011bnil, je\u0161t\u011b&#8230;<\/p>\n","protected":false},"author":0,"featured_media":262275,"comment_status":"closed","ping_status":"closed","sticky":false,"template":"","format":"standard","meta":{"footnotes":""},"categories":[48],"tags":[],"class_list":["post-262274","post","type-post","status-publish","format-standard","has-post-thumbnail","hentry","category-macbook-pro"],"yoast_head":"<!-- This site is optimized with the Yoast SEO plugin v27.5 - https:\/\/yoast.com\/product\/yoast-seo-wordpress\/ -->\n<title>Apple MacBook Pro 13&quot; Retina i5-2.3GHz 1 - Apple bazar<\/title>\n<meta name=\"robots\" content=\"index, follow, max-snippet:-1, max-image-preview:large, max-video-preview:-1\" \/>\n<link rel=\"canonical\" href=\"https:\/\/www.letemsvetemapplem.eu\/bazar\/apple-macbook-pro-13-retina-i5-2-3ghz-1\/\" \/>\n<meta property=\"og:locale\" content=\"cs_CZ\" \/>\n<meta property=\"og:type\" content=\"article\" \/>\n<meta property=\"og:title\" content=\"Apple MacBook Pro 13&quot; Retina i5-2.3GHz 1 - Apple bazar\" \/>\n<meta property=\"og:description\" content=\"Prod\u00e1m Apple MacBook Pro 13&quot; s Retina displejem zakoupen\u00fd 2019. Procesor: Intel i5-2.3GHz RAM: 8 GB SSD: 128 GB Notebook jsme vyu\u017e\u00edval pro studijn\u00ed \u00fa\u010dely, posledn\u00ed 1,5 rok v\u0161ak u\u017e jen velmi sporadicky (z d\u016fvodu pracovn\u00edho notebooku). A tak\u00e9 z d\u016fvodu nevyu\u017eit\u00ed jsem se nakonec rozhodl MacBook prodat. Baterii jsem od doby zakoupen\u00ed nem\u011bnil, je\u0161t\u011b...\" \/>\n<meta property=\"og:url\" content=\"https:\/\/www.letemsvetemapplem.eu\/bazar\/apple-macbook-pro-13-retina-i5-2-3ghz-1\/\" \/>\n<meta property=\"og:site_name\" content=\"Apple bazar\" \/>\n<meta property=\"article:published_time\" content=\"2022-09-04T13:21:12+00:00\" \/>\n<meta property=\"og:image\" content=\"https:\/\/www.letemsvetemapplem.eu\/bazar\/wp-content\/uploads\/2022\/09\/IMG-0019-scaled.jpg\" \/>\n\t<meta property=\"og:image:width\" content=\"2560\" \/>\n\t<meta property=\"og:image:height\" content=\"1920\" \/>\n\t<meta property=\"og:image:type\" content=\"image\/jpeg\" \/>\n<meta name=\"twitter:card\" content=\"summary_large_image\" \/>\n<script type=\"application\/ld+json\" class=\"yoast-schema-graph\">{\"@context\":\"https:\\\/\\\/schema.org\",\"@graph\":[{\"@type\":\"Article\",\"@id\":\"https:\\\/\\\/www.letemsvetemapplem.eu\\\/bazar\\\/apple-macbook-pro-13-retina-i5-2-3ghz-1\\\/#article\",\"isPartOf\":{\"@id\":\"https:\\\/\\\/www.letemsvetemapplem.eu\\\/bazar\\\/apple-macbook-pro-13-retina-i5-2-3ghz-1\\\/\"},\"author\":{\"name\":\"\",\"@id\":\"\"},\"headline\":\"Apple MacBook Pro 13&quot; Retina i5-2.3GHz 1\",\"datePublished\":\"2022-09-04T13:21:12+00:00\",\"mainEntityOfPage\":{\"@id\":\"https:\\\/\\\/www.letemsvetemapplem.eu\\\/bazar\\\/apple-macbook-pro-13-retina-i5-2-3ghz-1\\\/\"},\"wordCount\":129,\"image\":{\"@id\":\"https:\\\/\\\/www.letemsvetemapplem.eu\\\/bazar\\\/apple-macbook-pro-13-retina-i5-2-3ghz-1\\\/#primaryimage\"},\"thumbnailUrl\":\"https:\\\/\\\/www.letemsvetemapplem.eu\\\/bazar\\\/wp-content\\\/uploads\\\/2022\\\/09\\\/IMG-0019-scaled.jpg\",\"articleSection\":[\"MacBook Pro\"],\"inLanguage\":\"cs\"},{\"@type\":\"WebPage\",\"@id\":\"https:\\\/\\\/www.letemsvetemapplem.eu\\\/bazar\\\/apple-macbook-pro-13-retina-i5-2-3ghz-1\\\/\",\"url\":\"https:\\\/\\\/www.letemsvetemapplem.eu\\\/bazar\\\/apple-macbook-pro-13-retina-i5-2-3ghz-1\\\/\",\"name\":\"Apple MacBook Pro 13&quot; Retina i5-2.3GHz 1 - Apple bazar\",\"isPartOf\":{\"@id\":\"https:\\\/\\\/www.letemsvetemapplem.eu\\\/bazar\\\/#website\"},\"primaryImageOfPage\":{\"@id\":\"https:\\\/\\\/www.letemsvetemapplem.eu\\\/bazar\\\/apple-macbook-pro-13-retina-i5-2-3ghz-1\\\/#primaryimage\"},\"image\":{\"@id\":\"https:\\\/\\\/www.letemsvetemapplem.eu\\\/bazar\\\/apple-macbook-pro-13-retina-i5-2-3ghz-1\\\/#primaryimage\"},\"thumbnailUrl\":\"https:\\\/\\\/www.letemsvetemapplem.eu\\\/bazar\\\/wp-content\\\/uploads\\\/2022\\\/09\\\/IMG-0019-scaled.jpg\",\"datePublished\":\"2022-09-04T13:21:12+00:00\",\"author\":{\"@id\":\"\"},\"breadcrumb\":{\"@id\":\"https:\\\/\\\/www.letemsvetemapplem.eu\\\/bazar\\\/apple-macbook-pro-13-retina-i5-2-3ghz-1\\\/#breadcrumb\"},\"inLanguage\":\"cs\",\"potentialAction\":[{\"@type\":\"ReadAction\",\"target\":[\"https:\\\/\\\/www.letemsvetemapplem.eu\\\/bazar\\\/apple-macbook-pro-13-retina-i5-2-3ghz-1\\\/\"]}]},{\"@type\":\"ImageObject\",\"inLanguage\":\"cs\",\"@id\":\"https:\\\/\\\/www.letemsvetemapplem.eu\\\/bazar\\\/apple-macbook-pro-13-retina-i5-2-3ghz-1\\\/#primaryimage\",\"url\":\"https:\\\/\\\/www.letemsvetemapplem.eu\\\/bazar\\\/wp-content\\\/uploads\\\/2022\\\/09\\\/IMG-0019-scaled.jpg\",\"contentUrl\":\"https:\\\/\\\/www.letemsvetemapplem.eu\\\/bazar\\\/wp-content\\\/uploads\\\/2022\\\/09\\\/IMG-0019-scaled.jpg\",\"width\":2560,\"height\":1920},{\"@type\":\"BreadcrumbList\",\"@id\":\"https:\\\/\\\/www.letemsvetemapplem.eu\\\/bazar\\\/apple-macbook-pro-13-retina-i5-2-3ghz-1\\\/#breadcrumb\",\"itemListElement\":[{\"@type\":\"ListItem\",\"position\":1,\"name\":\"Apple Bazar\",\"item\":\"https:\\\/\\\/www.letemsvetemapplem.eu\\\/bazar\\\/\"},{\"@type\":\"ListItem\",\"position\":2,\"name\":\"Apple MacBook Pro 13&quot; Retina i5-2.3GHz 1\"}]},{\"@type\":\"WebSite\",\"@id\":\"https:\\\/\\\/www.letemsvetemapplem.eu\\\/bazar\\\/#website\",\"url\":\"https:\\\/\\\/www.letemsvetemapplem.eu\\\/bazar\\\/\",\"name\":\"Apple bazar\",\"description\":\"Oou\u017eit\u00e9 Apple produkty za skv\u011bl\u00e9 ceny\",\"potentialAction\":[{\"@type\":\"SearchAction\",\"target\":{\"@type\":\"EntryPoint\",\"urlTemplate\":\"https:\\\/\\\/www.letemsvetemapplem.eu\\\/bazar\\\/?s={search_term_string}\"},\"query-input\":{\"@type\":\"PropertyValueSpecification\",\"valueRequired\":true,\"valueName\":\"search_term_string\"}}],\"inLanguage\":\"cs\"}]}<\/script>\n<!-- \/ Yoast SEO plugin. -->","yoast_head_json":{"title":"Apple MacBook Pro 13&quot; Retina i5-2.3GHz 1 - Apple bazar","robots":{"index":"index","follow":"follow","max-snippet":"max-snippet:-1","max-image-preview":"max-image-preview:large","max-video-preview":"max-video-preview:-1"},"canonical":"https:\/\/www.letemsvetemapplem.eu\/bazar\/apple-macbook-pro-13-retina-i5-2-3ghz-1\/","og_locale":"cs_CZ","og_type":"article","og_title":"Apple MacBook Pro 13&quot; Retina i5-2.3GHz 1 - Apple bazar","og_description":"Prod\u00e1m Apple MacBook Pro 13&quot; s Retina displejem zakoupen\u00fd 2019. Procesor: Intel i5-2.3GHz RAM: 8 GB SSD: 128 GB Notebook jsme vyu\u017e\u00edval pro studijn\u00ed \u00fa\u010dely, posledn\u00ed 1,5 rok v\u0161ak u\u017e jen velmi sporadicky (z d\u016fvodu pracovn\u00edho notebooku). A tak\u00e9 z d\u016fvodu nevyu\u017eit\u00ed jsem se nakonec rozhodl MacBook prodat. Baterii jsem od doby zakoupen\u00ed nem\u011bnil, je\u0161t\u011b...","og_url":"https:\/\/www.letemsvetemapplem.eu\/bazar\/apple-macbook-pro-13-retina-i5-2-3ghz-1\/","og_site_name":"Apple bazar","article_published_time":"2022-09-04T13:21:12+00:00","og_image":[{"width":2560,"height":1920,"url":"https:\/\/www.letemsvetemapplem.eu\/bazar\/wp-content\/uploads\/2022\/09\/IMG-0019-scaled.jpg","type":"image\/jpeg"}],"twitter_card":"summary_large_image","schema":{"@context":"https:\/\/schema.org","@graph":[{"@type":"Article","@id":"https:\/\/www.letemsvetemapplem.eu\/bazar\/apple-macbook-pro-13-retina-i5-2-3ghz-1\/#article","isPartOf":{"@id":"https:\/\/www.letemsvetemapplem.eu\/bazar\/apple-macbook-pro-13-retina-i5-2-3ghz-1\/"},"author":{"name":"","@id":""},"headline":"Apple MacBook Pro 13&quot; Retina i5-2.3GHz 1","datePublished":"2022-09-04T13:21:12+00:00","mainEntityOfPage":{"@id":"https:\/\/www.letemsvetemapplem.eu\/bazar\/apple-macbook-pro-13-retina-i5-2-3ghz-1\/"},"wordCount":129,"image":{"@id":"https:\/\/www.letemsvetemapplem.eu\/bazar\/apple-macbook-pro-13-retina-i5-2-3ghz-1\/#primaryimage"},"thumbnailUrl":"https:\/\/www.letemsvetemapplem.eu\/bazar\/wp-content\/uploads\/2022\/09\/IMG-0019-scaled.jpg","articleSection":["MacBook Pro"],"inLanguage":"cs"},{"@type":"WebPage","@id":"https:\/\/www.letemsvetemapplem.eu\/bazar\/apple-macbook-pro-13-retina-i5-2-3ghz-1\/","url":"https:\/\/www.letemsvetemapplem.eu\/bazar\/apple-macbook-pro-13-retina-i5-2-3ghz-1\/","name":"Apple MacBook Pro 13&quot; Retina i5-2.3GHz 1 - Apple bazar","isPartOf":{"@id":"https:\/\/www.letemsvetemapplem.eu\/bazar\/#website"},"primaryImageOfPage":{"@id":"https:\/\/www.letemsvetemapplem.eu\/bazar\/apple-macbook-pro-13-retina-i5-2-3ghz-1\/#primaryimage"},"image":{"@id":"https:\/\/www.letemsvetemapplem.eu\/bazar\/apple-macbook-pro-13-retina-i5-2-3ghz-1\/#primaryimage"},"thumbnailUrl":"https:\/\/www.letemsvetemapplem.eu\/bazar\/wp-content\/uploads\/2022\/09\/IMG-0019-scaled.jpg","datePublished":"2022-09-04T13:21:12+00:00","author":{"@id":""},"breadcrumb":{"@id":"https:\/\/www.letemsvetemapplem.eu\/bazar\/apple-macbook-pro-13-retina-i5-2-3ghz-1\/#breadcrumb"},"inLanguage":"cs","potentialAction":[{"@type":"ReadAction","target":["https:\/\/www.letemsvetemapplem.eu\/bazar\/apple-macbook-pro-13-retina-i5-2-3ghz-1\/"]}]},{"@type":"ImageObject","inLanguage":"cs","@id":"https:\/\/www.letemsvetemapplem.eu\/bazar\/apple-macbook-pro-13-retina-i5-2-3ghz-1\/#primaryimage","url":"https:\/\/www.letemsvetemapplem.eu\/bazar\/wp-content\/uploads\/2022\/09\/IMG-0019-scaled.jpg","contentUrl":"https:\/\/www.letemsvetemapplem.eu\/bazar\/wp-content\/uploads\/2022\/09\/IMG-0019-scaled.jpg","width":2560,"height":1920},{"@type":"BreadcrumbList","@id":"https:\/\/www.letemsvetemapplem.eu\/bazar\/apple-macbook-pro-13-retina-i5-2-3ghz-1\/#breadcrumb","itemListElement":[{"@type":"ListItem","position":1,"name":"Apple Bazar","item":"https:\/\/www.letemsvetemapplem.eu\/bazar\/"},{"@type":"ListItem","position":2,"name":"Apple MacBook Pro 13&quot; Retina i5-2.3GHz 1"}]},{"@type":"WebSite","@id":"https:\/\/www.letemsvetemapplem.eu\/bazar\/#website","url":"https:\/\/www.letemsvetemapplem.eu\/bazar\/","name":"Apple bazar","description":"Oou\u017eit\u00e9 Apple produkty za skv\u011bl\u00e9 ceny","potentialAction":[{"@type":"SearchAction","target":{"@type":"EntryPoint","urlTemplate":"https:\/\/www.letemsvetemapplem.eu\/bazar\/?s={search_term_string}"},"query-input":{"@type":"PropertyValueSpecification","valueRequired":true,"valueName":"search_term_string"}}],"inLanguage":"cs"}]}},"_links":{"self":[{"href":"https:\/\/www.letemsvetemapplem.eu\/bazar\/wp-json\/wp\/v2\/posts\/262274","targetHints":{"allow":["GET"]}}],"collection":[{"href":"https:\/\/www.letemsvetemapplem.eu\/bazar\/wp-json\/wp\/v2\/posts"}],"about":[{"href":"https:\/\/www.letemsvetemapplem.eu\/bazar\/wp-json\/wp\/v2\/types\/post"}],"replies":[{"embeddable":true,"href":"https:\/\/www.letemsvetemapplem.eu\/bazar\/wp-json\/wp\/v2\/comments?post=262274"}],"version-history":[{"count":1,"href":"https:\/\/www.letemsvetemapplem.eu\/bazar\/wp-json\/wp\/v2\/posts\/262274\/revisions"}],"predecessor-version":[{"id":262282,"href":"https:\/\/www.letemsvetemapplem.eu\/bazar\/wp-json\/wp\/v2\/posts\/262274\/revisions\/262282"}],"wp:featuredmedia":[{"embeddable":true,"href":"https:\/\/www.letemsvetemapplem.eu\/bazar\/wp-json\/wp\/v2\/media\/262275"}],"wp:attachment":[{"href":"https:\/\/www.letemsvetemapplem.eu\/bazar\/wp-json\/wp\/v2\/media?parent=262274"}],"wp:term":[{"taxonomy":"category","embeddable":true,"href":"https:\/\/www.letemsvetemapplem.eu\/bazar\/wp-json\/wp\/v2\/categories?post=262274"},{"taxonomy":"post_tag","embeddable":true,"href":"https:\/\/www.letemsvetemapplem.eu\/bazar\/wp-json\/wp\/v2\/tags?post=262274"}],"curies":[{"name":"wp","href":"https:\/\/api.w.org\/{rel}","templated":true}]}}