{"id":261121,"date":"2022-08-06T05:43:00","date_gmt":"2022-08-06T04:43:00","guid":{"rendered":"https:\/\/www.letemsvetemapplem.eu\/bazar\/?p=261121"},"modified":"2022-08-06T05:43:00","modified_gmt":"2022-08-06T04:43:00","slug":"macbook-pro-13-2017-s-touch-barem","status":"publish","type":"post","link":"https:\/\/www.letemsvetemapplem.eu\/bazar\/macbook-pro-13-2017-s-touch-barem\/","title":{"rendered":"MacBook Pro 13&quot; 2017 s Touch Barem"},"content":{"rendered":"<p>Prod\u00e1m MacBook Pro 13 palc\u016f, z roku 2017 s Touch Barem. Koupeno a v provozu od 2018. 4x Thunderbolt ports. \u00dalo\u017ei\u0161t\u011b 256 GB, pam\u011b\u0165 8 GB. Procesor 3,1 Ghz Dvouj\u00e1drov\u00fd Intel Core i5. MacBook funguje v\u00fdborn\u011b, baterie m\u00e1 st\u00e1le skv\u011blou v\u00fddr\u017e. Spolehliv\u00fd pracovn\u00ed n\u00e1stroj. Drobn\u00e9 po\u0161kozen\u00ed, viz foto (nad kamerou cca 0,3mmx1cm) neviditeln\u00e9 &#8211; mus\u00edte se hodn\u011b soust\u0159edit. Nap\u00e1jec\u00ed adapt\u00e9r je sou\u010d\u00e1st\u00ed balen\u00ed. D\u016fvod prodeje je p\u0159echod na M1. Up\u0159ednost\u0148uji osobn\u00ed p\u0159ed\u00e1n\u00ed (Olomouc, Ostrava, Brno). Ur\u010dit\u011b nepi\u0161te na WhatsApp. Rychl\u00e9 jedn\u00e1n\u00ed sleva.<br \/>\nD\u011bkuji<br \/>\nRychl\u00e9 jedn\u00e1n\u00ed sleva<\/p>\n","protected":false},"excerpt":{"rendered":"<p>Prod\u00e1m MacBook Pro 13 palc\u016f, z roku 2017 s Touch Barem. Koupeno a v provozu od 2018. 4x Thunderbolt ports. \u00dalo\u017ei\u0161t\u011b 256 GB, pam\u011b\u0165 8 GB. Procesor 3,1 Ghz Dvouj\u00e1drov\u00fd Intel Core i5. MacBook funguje v\u00fdborn\u011b, baterie m\u00e1 st\u00e1le skv\u011blou v\u00fddr\u017e. Spolehliv\u00fd pracovn\u00ed n\u00e1stroj. Drobn\u00e9 po\u0161kozen\u00ed, viz foto (nad kamerou cca 0,3mmx1cm) neviditeln\u00e9 &#8211; mus\u00edte&#8230;<\/p>\n","protected":false},"author":0,"featured_media":261122,"comment_status":"closed","ping_status":"closed","sticky":false,"template":"","format":"standard","meta":{"footnotes":""},"categories":[48],"tags":[],"class_list":["post-261121","post","type-post","status-publish","format-standard","has-post-thumbnail","hentry","category-macbook-pro"],"yoast_head":"<!-- This site is optimized with the Yoast SEO plugin v27.5 - https:\/\/yoast.com\/product\/yoast-seo-wordpress\/ -->\n<title>MacBook Pro 13&quot; 2017 s Touch Barem - Apple bazar<\/title>\n<meta name=\"robots\" content=\"index, follow, max-snippet:-1, max-image-preview:large, max-video-preview:-1\" \/>\n<link rel=\"canonical\" href=\"https:\/\/www.letemsvetemapplem.eu\/bazar\/macbook-pro-13-2017-s-touch-barem\/\" \/>\n<meta property=\"og:locale\" content=\"cs_CZ\" \/>\n<meta property=\"og:type\" content=\"article\" \/>\n<meta property=\"og:title\" content=\"MacBook Pro 13&quot; 2017 s Touch Barem - Apple bazar\" \/>\n<meta property=\"og:description\" content=\"Prod\u00e1m MacBook Pro 13 palc\u016f, z roku 2017 s Touch Barem. Koupeno a v provozu od 2018. 4x Thunderbolt ports. \u00dalo\u017ei\u0161t\u011b 256 GB, pam\u011b\u0165 8 GB. Procesor 3,1 Ghz Dvouj\u00e1drov\u00fd Intel Core i5. MacBook funguje v\u00fdborn\u011b, baterie m\u00e1 st\u00e1le skv\u011blou v\u00fddr\u017e. Spolehliv\u00fd pracovn\u00ed n\u00e1stroj. Drobn\u00e9 po\u0161kozen\u00ed, viz foto (nad kamerou cca 0,3mmx1cm) neviditeln\u00e9 &#8211; mus\u00edte...\" \/>\n<meta property=\"og:url\" content=\"https:\/\/www.letemsvetemapplem.eu\/bazar\/macbook-pro-13-2017-s-touch-barem\/\" \/>\n<meta property=\"og:site_name\" content=\"Apple bazar\" \/>\n<meta property=\"article:published_time\" content=\"2022-08-06T04:43:00+00:00\" \/>\n<meta property=\"og:image\" content=\"https:\/\/www.letemsvetemapplem.eu\/bazar\/wp-content\/uploads\/2022\/08\/5G8Kgf.jpeg\" \/>\n\t<meta property=\"og:image:width\" content=\"576\" \/>\n\t<meta property=\"og:image:height\" content=\"768\" \/>\n\t<meta property=\"og:image:type\" content=\"image\/jpeg\" \/>\n<meta name=\"twitter:card\" content=\"summary_large_image\" \/>\n<script type=\"application\/ld+json\" class=\"yoast-schema-graph\">{\"@context\":\"https:\\\/\\\/schema.org\",\"@graph\":[{\"@type\":\"Article\",\"@id\":\"https:\\\/\\\/www.letemsvetemapplem.eu\\\/bazar\\\/macbook-pro-13-2017-s-touch-barem\\\/#article\",\"isPartOf\":{\"@id\":\"https:\\\/\\\/www.letemsvetemapplem.eu\\\/bazar\\\/macbook-pro-13-2017-s-touch-barem\\\/\"},\"author\":{\"name\":\"\",\"@id\":\"\"},\"headline\":\"MacBook Pro 13&quot; 2017 s Touch Barem\",\"datePublished\":\"2022-08-06T04:43:00+00:00\",\"mainEntityOfPage\":{\"@id\":\"https:\\\/\\\/www.letemsvetemapplem.eu\\\/bazar\\\/macbook-pro-13-2017-s-touch-barem\\\/\"},\"wordCount\":113,\"image\":{\"@id\":\"https:\\\/\\\/www.letemsvetemapplem.eu\\\/bazar\\\/macbook-pro-13-2017-s-touch-barem\\\/#primaryimage\"},\"thumbnailUrl\":\"https:\\\/\\\/www.letemsvetemapplem.eu\\\/bazar\\\/wp-content\\\/uploads\\\/2022\\\/08\\\/5G8Kgf.jpeg\",\"articleSection\":[\"MacBook Pro\"],\"inLanguage\":\"cs\"},{\"@type\":\"WebPage\",\"@id\":\"https:\\\/\\\/www.letemsvetemapplem.eu\\\/bazar\\\/macbook-pro-13-2017-s-touch-barem\\\/\",\"url\":\"https:\\\/\\\/www.letemsvetemapplem.eu\\\/bazar\\\/macbook-pro-13-2017-s-touch-barem\\\/\",\"name\":\"MacBook Pro 13&quot; 2017 s Touch Barem - Apple bazar\",\"isPartOf\":{\"@id\":\"https:\\\/\\\/www.letemsvetemapplem.eu\\\/bazar\\\/#website\"},\"primaryImageOfPage\":{\"@id\":\"https:\\\/\\\/www.letemsvetemapplem.eu\\\/bazar\\\/macbook-pro-13-2017-s-touch-barem\\\/#primaryimage\"},\"image\":{\"@id\":\"https:\\\/\\\/www.letemsvetemapplem.eu\\\/bazar\\\/macbook-pro-13-2017-s-touch-barem\\\/#primaryimage\"},\"thumbnailUrl\":\"https:\\\/\\\/www.letemsvetemapplem.eu\\\/bazar\\\/wp-content\\\/uploads\\\/2022\\\/08\\\/5G8Kgf.jpeg\",\"datePublished\":\"2022-08-06T04:43:00+00:00\",\"author\":{\"@id\":\"\"},\"breadcrumb\":{\"@id\":\"https:\\\/\\\/www.letemsvetemapplem.eu\\\/bazar\\\/macbook-pro-13-2017-s-touch-barem\\\/#breadcrumb\"},\"inLanguage\":\"cs\",\"potentialAction\":[{\"@type\":\"ReadAction\",\"target\":[\"https:\\\/\\\/www.letemsvetemapplem.eu\\\/bazar\\\/macbook-pro-13-2017-s-touch-barem\\\/\"]}]},{\"@type\":\"ImageObject\",\"inLanguage\":\"cs\",\"@id\":\"https:\\\/\\\/www.letemsvetemapplem.eu\\\/bazar\\\/macbook-pro-13-2017-s-touch-barem\\\/#primaryimage\",\"url\":\"https:\\\/\\\/www.letemsvetemapplem.eu\\\/bazar\\\/wp-content\\\/uploads\\\/2022\\\/08\\\/5G8Kgf.jpeg\",\"contentUrl\":\"https:\\\/\\\/www.letemsvetemapplem.eu\\\/bazar\\\/wp-content\\\/uploads\\\/2022\\\/08\\\/5G8Kgf.jpeg\",\"width\":576,\"height\":768},{\"@type\":\"BreadcrumbList\",\"@id\":\"https:\\\/\\\/www.letemsvetemapplem.eu\\\/bazar\\\/macbook-pro-13-2017-s-touch-barem\\\/#breadcrumb\",\"itemListElement\":[{\"@type\":\"ListItem\",\"position\":1,\"name\":\"Apple Bazar\",\"item\":\"https:\\\/\\\/www.letemsvetemapplem.eu\\\/bazar\\\/\"},{\"@type\":\"ListItem\",\"position\":2,\"name\":\"MacBook Pro 13&quot; 2017 s Touch Barem\"}]},{\"@type\":\"WebSite\",\"@id\":\"https:\\\/\\\/www.letemsvetemapplem.eu\\\/bazar\\\/#website\",\"url\":\"https:\\\/\\\/www.letemsvetemapplem.eu\\\/bazar\\\/\",\"name\":\"Apple bazar\",\"description\":\"Oou\u017eit\u00e9 Apple produkty za skv\u011bl\u00e9 ceny\",\"potentialAction\":[{\"@type\":\"SearchAction\",\"target\":{\"@type\":\"EntryPoint\",\"urlTemplate\":\"https:\\\/\\\/www.letemsvetemapplem.eu\\\/bazar\\\/?s={search_term_string}\"},\"query-input\":{\"@type\":\"PropertyValueSpecification\",\"valueRequired\":true,\"valueName\":\"search_term_string\"}}],\"inLanguage\":\"cs\"}]}<\/script>\n<!-- \/ Yoast SEO plugin. -->","yoast_head_json":{"title":"MacBook Pro 13&quot; 2017 s Touch Barem - Apple bazar","robots":{"index":"index","follow":"follow","max-snippet":"max-snippet:-1","max-image-preview":"max-image-preview:large","max-video-preview":"max-video-preview:-1"},"canonical":"https:\/\/www.letemsvetemapplem.eu\/bazar\/macbook-pro-13-2017-s-touch-barem\/","og_locale":"cs_CZ","og_type":"article","og_title":"MacBook Pro 13&quot; 2017 s Touch Barem - Apple bazar","og_description":"Prod\u00e1m MacBook Pro 13 palc\u016f, z roku 2017 s Touch Barem. Koupeno a v provozu od 2018. 4x Thunderbolt ports. \u00dalo\u017ei\u0161t\u011b 256 GB, pam\u011b\u0165 8 GB. Procesor 3,1 Ghz Dvouj\u00e1drov\u00fd Intel Core i5. MacBook funguje v\u00fdborn\u011b, baterie m\u00e1 st\u00e1le skv\u011blou v\u00fddr\u017e. Spolehliv\u00fd pracovn\u00ed n\u00e1stroj. Drobn\u00e9 po\u0161kozen\u00ed, viz foto (nad kamerou cca 0,3mmx1cm) neviditeln\u00e9 &#8211; mus\u00edte...","og_url":"https:\/\/www.letemsvetemapplem.eu\/bazar\/macbook-pro-13-2017-s-touch-barem\/","og_site_name":"Apple bazar","article_published_time":"2022-08-06T04:43:00+00:00","og_image":[{"width":576,"height":768,"url":"https:\/\/www.letemsvetemapplem.eu\/bazar\/wp-content\/uploads\/2022\/08\/5G8Kgf.jpeg","type":"image\/jpeg"}],"twitter_card":"summary_large_image","schema":{"@context":"https:\/\/schema.org","@graph":[{"@type":"Article","@id":"https:\/\/www.letemsvetemapplem.eu\/bazar\/macbook-pro-13-2017-s-touch-barem\/#article","isPartOf":{"@id":"https:\/\/www.letemsvetemapplem.eu\/bazar\/macbook-pro-13-2017-s-touch-barem\/"},"author":{"name":"","@id":""},"headline":"MacBook Pro 13&quot; 2017 s Touch Barem","datePublished":"2022-08-06T04:43:00+00:00","mainEntityOfPage":{"@id":"https:\/\/www.letemsvetemapplem.eu\/bazar\/macbook-pro-13-2017-s-touch-barem\/"},"wordCount":113,"image":{"@id":"https:\/\/www.letemsvetemapplem.eu\/bazar\/macbook-pro-13-2017-s-touch-barem\/#primaryimage"},"thumbnailUrl":"https:\/\/www.letemsvetemapplem.eu\/bazar\/wp-content\/uploads\/2022\/08\/5G8Kgf.jpeg","articleSection":["MacBook Pro"],"inLanguage":"cs"},{"@type":"WebPage","@id":"https:\/\/www.letemsvetemapplem.eu\/bazar\/macbook-pro-13-2017-s-touch-barem\/","url":"https:\/\/www.letemsvetemapplem.eu\/bazar\/macbook-pro-13-2017-s-touch-barem\/","name":"MacBook Pro 13&quot; 2017 s Touch Barem - Apple bazar","isPartOf":{"@id":"https:\/\/www.letemsvetemapplem.eu\/bazar\/#website"},"primaryImageOfPage":{"@id":"https:\/\/www.letemsvetemapplem.eu\/bazar\/macbook-pro-13-2017-s-touch-barem\/#primaryimage"},"image":{"@id":"https:\/\/www.letemsvetemapplem.eu\/bazar\/macbook-pro-13-2017-s-touch-barem\/#primaryimage"},"thumbnailUrl":"https:\/\/www.letemsvetemapplem.eu\/bazar\/wp-content\/uploads\/2022\/08\/5G8Kgf.jpeg","datePublished":"2022-08-06T04:43:00+00:00","author":{"@id":""},"breadcrumb":{"@id":"https:\/\/www.letemsvetemapplem.eu\/bazar\/macbook-pro-13-2017-s-touch-barem\/#breadcrumb"},"inLanguage":"cs","potentialAction":[{"@type":"ReadAction","target":["https:\/\/www.letemsvetemapplem.eu\/bazar\/macbook-pro-13-2017-s-touch-barem\/"]}]},{"@type":"ImageObject","inLanguage":"cs","@id":"https:\/\/www.letemsvetemapplem.eu\/bazar\/macbook-pro-13-2017-s-touch-barem\/#primaryimage","url":"https:\/\/www.letemsvetemapplem.eu\/bazar\/wp-content\/uploads\/2022\/08\/5G8Kgf.jpeg","contentUrl":"https:\/\/www.letemsvetemapplem.eu\/bazar\/wp-content\/uploads\/2022\/08\/5G8Kgf.jpeg","width":576,"height":768},{"@type":"BreadcrumbList","@id":"https:\/\/www.letemsvetemapplem.eu\/bazar\/macbook-pro-13-2017-s-touch-barem\/#breadcrumb","itemListElement":[{"@type":"ListItem","position":1,"name":"Apple Bazar","item":"https:\/\/www.letemsvetemapplem.eu\/bazar\/"},{"@type":"ListItem","position":2,"name":"MacBook Pro 13&quot; 2017 s Touch Barem"}]},{"@type":"WebSite","@id":"https:\/\/www.letemsvetemapplem.eu\/bazar\/#website","url":"https:\/\/www.letemsvetemapplem.eu\/bazar\/","name":"Apple bazar","description":"Oou\u017eit\u00e9 Apple produkty za skv\u011bl\u00e9 ceny","potentialAction":[{"@type":"SearchAction","target":{"@type":"EntryPoint","urlTemplate":"https:\/\/www.letemsvetemapplem.eu\/bazar\/?s={search_term_string}"},"query-input":{"@type":"PropertyValueSpecification","valueRequired":true,"valueName":"search_term_string"}}],"inLanguage":"cs"}]}},"_links":{"self":[{"href":"https:\/\/www.letemsvetemapplem.eu\/bazar\/wp-json\/wp\/v2\/posts\/261121","targetHints":{"allow":["GET"]}}],"collection":[{"href":"https:\/\/www.letemsvetemapplem.eu\/bazar\/wp-json\/wp\/v2\/posts"}],"about":[{"href":"https:\/\/www.letemsvetemapplem.eu\/bazar\/wp-json\/wp\/v2\/types\/post"}],"replies":[{"embeddable":true,"href":"https:\/\/www.letemsvetemapplem.eu\/bazar\/wp-json\/wp\/v2\/comments?post=261121"}],"version-history":[{"count":1,"href":"https:\/\/www.letemsvetemapplem.eu\/bazar\/wp-json\/wp\/v2\/posts\/261121\/revisions"}],"predecessor-version":[{"id":261127,"href":"https:\/\/www.letemsvetemapplem.eu\/bazar\/wp-json\/wp\/v2\/posts\/261121\/revisions\/261127"}],"wp:featuredmedia":[{"embeddable":true,"href":"https:\/\/www.letemsvetemapplem.eu\/bazar\/wp-json\/wp\/v2\/media\/261122"}],"wp:attachment":[{"href":"https:\/\/www.letemsvetemapplem.eu\/bazar\/wp-json\/wp\/v2\/media?parent=261121"}],"wp:term":[{"taxonomy":"category","embeddable":true,"href":"https:\/\/www.letemsvetemapplem.eu\/bazar\/wp-json\/wp\/v2\/categories?post=261121"},{"taxonomy":"post_tag","embeddable":true,"href":"https:\/\/www.letemsvetemapplem.eu\/bazar\/wp-json\/wp\/v2\/tags?post=261121"}],"curies":[{"name":"wp","href":"https:\/\/api.w.org\/{rel}","templated":true}]}}