{"id":259231,"date":"2022-06-28T15:27:13","date_gmt":"2022-06-28T14:27:13","guid":{"rendered":"https:\/\/www.letemsvetemapplem.eu\/bazar\/?p=259231"},"modified":"2022-06-28T15:52:16","modified_gmt":"2022-06-28T14:52:16","slug":"prodavam-macbook-pro-13-retina-cz-2016-4","status":"publish","type":"post","link":"https:\/\/www.letemsvetemapplem.eu\/bazar\/prodavam-macbook-pro-13-retina-cz-2016-4\/","title":{"rendered":"Prod\u00e1v\u00e1m MacBook Pro 13&quot; Retina CZ 2016"},"content":{"rendered":"<p>Prod\u00e1m MacBook Pro 13&quot; Retina CZ 2016 ,&lt;br \/&gt;<br \/>\nProcesor : Intel Core i5&lt;br \/&gt;<br \/>\nGrafick\u00e1 karta : Integrovan\u00e1, Intel Iris Graphics 540&lt;br \/&gt;<br \/>\nVelikost opera\u010dn\u00ed pam\u011bti RAM : 8 GB&lt;br \/&gt;<br \/>\nSSD Kapacita : 256 GB (0,26 TB) Baterie : maxim\u00e1ln\u00ed vydr\u017e baterie : 10 h.&lt;br \/&gt;<br \/>\nV barv\u011b Space Gray.&lt;br \/&gt;<br \/>\nMacBook jsem koupila p\u0159ed p\u016fl roky, skoro v\u016fbec jsem ho nepou\u017e\u00edvala, tak\u017ee je skoro v ide\u00e1ln\u00edm stavu. Za\u0159\u00edzen\u00ed bylo zakoupeno v listopadu 2022 u Alzy. K za\u0159\u00edzen\u00ed p\u0159id\u00e1m nab\u00edje\u010dku. Cena je 20 000 korun. <\/p>\n","protected":false},"excerpt":{"rendered":"<p>Prod\u00e1m MacBook Pro 13&quot; Retina CZ 2016 ,&lt;br \/&gt; Procesor : Intel Core i5&lt;br \/&gt; Grafick\u00e1 karta : Integrovan\u00e1, Intel Iris Graphics 540&lt;br \/&gt; Velikost opera\u010dn\u00ed pam\u011bti RAM : 8 GB&lt;br \/&gt; SSD Kapacita : 256 GB (0,26 TB) Baterie : maxim\u00e1ln\u00ed vydr\u017e baterie : 10 h.&lt;br \/&gt; V barv\u011b Space Gray.&lt;br \/&gt; MacBook jsem&#8230;<\/p>\n","protected":false},"author":0,"featured_media":259232,"comment_status":"closed","ping_status":"closed","sticky":false,"template":"","format":"standard","meta":{"footnotes":""},"categories":[48],"tags":[],"class_list":["post-259231","post","type-post","status-publish","format-standard","has-post-thumbnail","hentry","category-macbook-pro"],"yoast_head":"<!-- This site is optimized with the Yoast SEO plugin v27.5 - https:\/\/yoast.com\/product\/yoast-seo-wordpress\/ -->\n<title>Prod\u00e1v\u00e1m MacBook Pro 13&quot; Retina CZ 2016 - Apple bazar<\/title>\n<meta name=\"robots\" content=\"index, follow, max-snippet:-1, max-image-preview:large, max-video-preview:-1\" \/>\n<link rel=\"canonical\" href=\"https:\/\/www.letemsvetemapplem.eu\/bazar\/prodavam-macbook-pro-13-retina-cz-2016-4\/\" \/>\n<meta property=\"og:locale\" content=\"cs_CZ\" \/>\n<meta property=\"og:type\" content=\"article\" \/>\n<meta property=\"og:title\" content=\"Prod\u00e1v\u00e1m MacBook Pro 13&quot; Retina CZ 2016 - Apple bazar\" \/>\n<meta property=\"og:description\" content=\"Prod\u00e1m MacBook Pro 13&quot; Retina CZ 2016 ,&lt;br \/&gt; Procesor : Intel Core i5&lt;br \/&gt; Grafick\u00e1 karta : Integrovan\u00e1, Intel Iris Graphics 540&lt;br \/&gt; Velikost opera\u010dn\u00ed pam\u011bti RAM : 8 GB&lt;br \/&gt; SSD Kapacita : 256 GB (0,26 TB) Baterie : maxim\u00e1ln\u00ed vydr\u017e baterie : 10 h.&lt;br \/&gt; V barv\u011b Space Gray.&lt;br \/&gt; MacBook jsem...\" \/>\n<meta property=\"og:url\" content=\"https:\/\/www.letemsvetemapplem.eu\/bazar\/prodavam-macbook-pro-13-retina-cz-2016-4\/\" \/>\n<meta property=\"og:site_name\" content=\"Apple bazar\" \/>\n<meta property=\"article:published_time\" content=\"2022-06-28T14:27:13+00:00\" \/>\n<meta property=\"article:modified_time\" content=\"2022-06-28T14:52:16+00:00\" \/>\n<meta property=\"og:image\" content=\"https:\/\/www.letemsvetemapplem.eu\/bazar\/wp-content\/uploads\/2022\/06\/9A474C86-00EB-4AF3-ACAA-1C0EA82D0E9D-3-scaled.jpeg\" \/>\n\t<meta property=\"og:image:width\" content=\"1920\" \/>\n\t<meta property=\"og:image:height\" content=\"2560\" \/>\n\t<meta property=\"og:image:type\" content=\"image\/jpeg\" \/>\n<meta name=\"twitter:card\" content=\"summary_large_image\" \/>\n<script type=\"application\/ld+json\" class=\"yoast-schema-graph\">{\"@context\":\"https:\\\/\\\/schema.org\",\"@graph\":[{\"@type\":\"Article\",\"@id\":\"https:\\\/\\\/www.letemsvetemapplem.eu\\\/bazar\\\/prodavam-macbook-pro-13-retina-cz-2016-4\\\/#article\",\"isPartOf\":{\"@id\":\"https:\\\/\\\/www.letemsvetemapplem.eu\\\/bazar\\\/prodavam-macbook-pro-13-retina-cz-2016-4\\\/\"},\"author\":{\"name\":\"\",\"@id\":\"\"},\"headline\":\"Prod\u00e1v\u00e1m MacBook Pro 13&quot; Retina CZ 2016\",\"datePublished\":\"2022-06-28T14:27:13+00:00\",\"dateModified\":\"2022-06-28T14:52:16+00:00\",\"mainEntityOfPage\":{\"@id\":\"https:\\\/\\\/www.letemsvetemapplem.eu\\\/bazar\\\/prodavam-macbook-pro-13-retina-cz-2016-4\\\/\"},\"wordCount\":108,\"image\":{\"@id\":\"https:\\\/\\\/www.letemsvetemapplem.eu\\\/bazar\\\/prodavam-macbook-pro-13-retina-cz-2016-4\\\/#primaryimage\"},\"thumbnailUrl\":\"https:\\\/\\\/www.letemsvetemapplem.eu\\\/bazar\\\/wp-content\\\/uploads\\\/2022\\\/06\\\/9A474C86-00EB-4AF3-ACAA-1C0EA82D0E9D-3-scaled.jpeg\",\"articleSection\":[\"MacBook Pro\"],\"inLanguage\":\"cs\"},{\"@type\":\"WebPage\",\"@id\":\"https:\\\/\\\/www.letemsvetemapplem.eu\\\/bazar\\\/prodavam-macbook-pro-13-retina-cz-2016-4\\\/\",\"url\":\"https:\\\/\\\/www.letemsvetemapplem.eu\\\/bazar\\\/prodavam-macbook-pro-13-retina-cz-2016-4\\\/\",\"name\":\"Prod\u00e1v\u00e1m MacBook Pro 13&quot; Retina CZ 2016 - Apple bazar\",\"isPartOf\":{\"@id\":\"https:\\\/\\\/www.letemsvetemapplem.eu\\\/bazar\\\/#website\"},\"primaryImageOfPage\":{\"@id\":\"https:\\\/\\\/www.letemsvetemapplem.eu\\\/bazar\\\/prodavam-macbook-pro-13-retina-cz-2016-4\\\/#primaryimage\"},\"image\":{\"@id\":\"https:\\\/\\\/www.letemsvetemapplem.eu\\\/bazar\\\/prodavam-macbook-pro-13-retina-cz-2016-4\\\/#primaryimage\"},\"thumbnailUrl\":\"https:\\\/\\\/www.letemsvetemapplem.eu\\\/bazar\\\/wp-content\\\/uploads\\\/2022\\\/06\\\/9A474C86-00EB-4AF3-ACAA-1C0EA82D0E9D-3-scaled.jpeg\",\"datePublished\":\"2022-06-28T14:27:13+00:00\",\"dateModified\":\"2022-06-28T14:52:16+00:00\",\"author\":{\"@id\":\"\"},\"breadcrumb\":{\"@id\":\"https:\\\/\\\/www.letemsvetemapplem.eu\\\/bazar\\\/prodavam-macbook-pro-13-retina-cz-2016-4\\\/#breadcrumb\"},\"inLanguage\":\"cs\",\"potentialAction\":[{\"@type\":\"ReadAction\",\"target\":[\"https:\\\/\\\/www.letemsvetemapplem.eu\\\/bazar\\\/prodavam-macbook-pro-13-retina-cz-2016-4\\\/\"]}]},{\"@type\":\"ImageObject\",\"inLanguage\":\"cs\",\"@id\":\"https:\\\/\\\/www.letemsvetemapplem.eu\\\/bazar\\\/prodavam-macbook-pro-13-retina-cz-2016-4\\\/#primaryimage\",\"url\":\"https:\\\/\\\/www.letemsvetemapplem.eu\\\/bazar\\\/wp-content\\\/uploads\\\/2022\\\/06\\\/9A474C86-00EB-4AF3-ACAA-1C0EA82D0E9D-3-scaled.jpeg\",\"contentUrl\":\"https:\\\/\\\/www.letemsvetemapplem.eu\\\/bazar\\\/wp-content\\\/uploads\\\/2022\\\/06\\\/9A474C86-00EB-4AF3-ACAA-1C0EA82D0E9D-3-scaled.jpeg\",\"width\":1920,\"height\":2560},{\"@type\":\"BreadcrumbList\",\"@id\":\"https:\\\/\\\/www.letemsvetemapplem.eu\\\/bazar\\\/prodavam-macbook-pro-13-retina-cz-2016-4\\\/#breadcrumb\",\"itemListElement\":[{\"@type\":\"ListItem\",\"position\":1,\"name\":\"Apple Bazar\",\"item\":\"https:\\\/\\\/www.letemsvetemapplem.eu\\\/bazar\\\/\"},{\"@type\":\"ListItem\",\"position\":2,\"name\":\"Prod\u00e1v\u00e1m MacBook Pro 13&quot; Retina CZ 2016\"}]},{\"@type\":\"WebSite\",\"@id\":\"https:\\\/\\\/www.letemsvetemapplem.eu\\\/bazar\\\/#website\",\"url\":\"https:\\\/\\\/www.letemsvetemapplem.eu\\\/bazar\\\/\",\"name\":\"Apple bazar\",\"description\":\"Oou\u017eit\u00e9 Apple produkty za skv\u011bl\u00e9 ceny\",\"potentialAction\":[{\"@type\":\"SearchAction\",\"target\":{\"@type\":\"EntryPoint\",\"urlTemplate\":\"https:\\\/\\\/www.letemsvetemapplem.eu\\\/bazar\\\/?s={search_term_string}\"},\"query-input\":{\"@type\":\"PropertyValueSpecification\",\"valueRequired\":true,\"valueName\":\"search_term_string\"}}],\"inLanguage\":\"cs\"}]}<\/script>\n<!-- \/ Yoast SEO plugin. -->","yoast_head_json":{"title":"Prod\u00e1v\u00e1m MacBook Pro 13&quot; Retina CZ 2016 - Apple bazar","robots":{"index":"index","follow":"follow","max-snippet":"max-snippet:-1","max-image-preview":"max-image-preview:large","max-video-preview":"max-video-preview:-1"},"canonical":"https:\/\/www.letemsvetemapplem.eu\/bazar\/prodavam-macbook-pro-13-retina-cz-2016-4\/","og_locale":"cs_CZ","og_type":"article","og_title":"Prod\u00e1v\u00e1m MacBook Pro 13&quot; Retina CZ 2016 - Apple bazar","og_description":"Prod\u00e1m MacBook Pro 13&quot; Retina CZ 2016 ,&lt;br \/&gt; Procesor : Intel Core i5&lt;br \/&gt; Grafick\u00e1 karta : Integrovan\u00e1, Intel Iris Graphics 540&lt;br \/&gt; Velikost opera\u010dn\u00ed pam\u011bti RAM : 8 GB&lt;br \/&gt; SSD Kapacita : 256 GB (0,26 TB) Baterie : maxim\u00e1ln\u00ed vydr\u017e baterie : 10 h.&lt;br \/&gt; V barv\u011b Space Gray.&lt;br \/&gt; MacBook jsem...","og_url":"https:\/\/www.letemsvetemapplem.eu\/bazar\/prodavam-macbook-pro-13-retina-cz-2016-4\/","og_site_name":"Apple bazar","article_published_time":"2022-06-28T14:27:13+00:00","article_modified_time":"2022-06-28T14:52:16+00:00","og_image":[{"width":1920,"height":2560,"url":"https:\/\/www.letemsvetemapplem.eu\/bazar\/wp-content\/uploads\/2022\/06\/9A474C86-00EB-4AF3-ACAA-1C0EA82D0E9D-3-scaled.jpeg","type":"image\/jpeg"}],"twitter_card":"summary_large_image","schema":{"@context":"https:\/\/schema.org","@graph":[{"@type":"Article","@id":"https:\/\/www.letemsvetemapplem.eu\/bazar\/prodavam-macbook-pro-13-retina-cz-2016-4\/#article","isPartOf":{"@id":"https:\/\/www.letemsvetemapplem.eu\/bazar\/prodavam-macbook-pro-13-retina-cz-2016-4\/"},"author":{"name":"","@id":""},"headline":"Prod\u00e1v\u00e1m MacBook Pro 13&quot; Retina CZ 2016","datePublished":"2022-06-28T14:27:13+00:00","dateModified":"2022-06-28T14:52:16+00:00","mainEntityOfPage":{"@id":"https:\/\/www.letemsvetemapplem.eu\/bazar\/prodavam-macbook-pro-13-retina-cz-2016-4\/"},"wordCount":108,"image":{"@id":"https:\/\/www.letemsvetemapplem.eu\/bazar\/prodavam-macbook-pro-13-retina-cz-2016-4\/#primaryimage"},"thumbnailUrl":"https:\/\/www.letemsvetemapplem.eu\/bazar\/wp-content\/uploads\/2022\/06\/9A474C86-00EB-4AF3-ACAA-1C0EA82D0E9D-3-scaled.jpeg","articleSection":["MacBook Pro"],"inLanguage":"cs"},{"@type":"WebPage","@id":"https:\/\/www.letemsvetemapplem.eu\/bazar\/prodavam-macbook-pro-13-retina-cz-2016-4\/","url":"https:\/\/www.letemsvetemapplem.eu\/bazar\/prodavam-macbook-pro-13-retina-cz-2016-4\/","name":"Prod\u00e1v\u00e1m MacBook Pro 13&quot; Retina CZ 2016 - Apple bazar","isPartOf":{"@id":"https:\/\/www.letemsvetemapplem.eu\/bazar\/#website"},"primaryImageOfPage":{"@id":"https:\/\/www.letemsvetemapplem.eu\/bazar\/prodavam-macbook-pro-13-retina-cz-2016-4\/#primaryimage"},"image":{"@id":"https:\/\/www.letemsvetemapplem.eu\/bazar\/prodavam-macbook-pro-13-retina-cz-2016-4\/#primaryimage"},"thumbnailUrl":"https:\/\/www.letemsvetemapplem.eu\/bazar\/wp-content\/uploads\/2022\/06\/9A474C86-00EB-4AF3-ACAA-1C0EA82D0E9D-3-scaled.jpeg","datePublished":"2022-06-28T14:27:13+00:00","dateModified":"2022-06-28T14:52:16+00:00","author":{"@id":""},"breadcrumb":{"@id":"https:\/\/www.letemsvetemapplem.eu\/bazar\/prodavam-macbook-pro-13-retina-cz-2016-4\/#breadcrumb"},"inLanguage":"cs","potentialAction":[{"@type":"ReadAction","target":["https:\/\/www.letemsvetemapplem.eu\/bazar\/prodavam-macbook-pro-13-retina-cz-2016-4\/"]}]},{"@type":"ImageObject","inLanguage":"cs","@id":"https:\/\/www.letemsvetemapplem.eu\/bazar\/prodavam-macbook-pro-13-retina-cz-2016-4\/#primaryimage","url":"https:\/\/www.letemsvetemapplem.eu\/bazar\/wp-content\/uploads\/2022\/06\/9A474C86-00EB-4AF3-ACAA-1C0EA82D0E9D-3-scaled.jpeg","contentUrl":"https:\/\/www.letemsvetemapplem.eu\/bazar\/wp-content\/uploads\/2022\/06\/9A474C86-00EB-4AF3-ACAA-1C0EA82D0E9D-3-scaled.jpeg","width":1920,"height":2560},{"@type":"BreadcrumbList","@id":"https:\/\/www.letemsvetemapplem.eu\/bazar\/prodavam-macbook-pro-13-retina-cz-2016-4\/#breadcrumb","itemListElement":[{"@type":"ListItem","position":1,"name":"Apple Bazar","item":"https:\/\/www.letemsvetemapplem.eu\/bazar\/"},{"@type":"ListItem","position":2,"name":"Prod\u00e1v\u00e1m MacBook Pro 13&quot; Retina CZ 2016"}]},{"@type":"WebSite","@id":"https:\/\/www.letemsvetemapplem.eu\/bazar\/#website","url":"https:\/\/www.letemsvetemapplem.eu\/bazar\/","name":"Apple bazar","description":"Oou\u017eit\u00e9 Apple produkty za skv\u011bl\u00e9 ceny","potentialAction":[{"@type":"SearchAction","target":{"@type":"EntryPoint","urlTemplate":"https:\/\/www.letemsvetemapplem.eu\/bazar\/?s={search_term_string}"},"query-input":{"@type":"PropertyValueSpecification","valueRequired":true,"valueName":"search_term_string"}}],"inLanguage":"cs"}]}},"_links":{"self":[{"href":"https:\/\/www.letemsvetemapplem.eu\/bazar\/wp-json\/wp\/v2\/posts\/259231","targetHints":{"allow":["GET"]}}],"collection":[{"href":"https:\/\/www.letemsvetemapplem.eu\/bazar\/wp-json\/wp\/v2\/posts"}],"about":[{"href":"https:\/\/www.letemsvetemapplem.eu\/bazar\/wp-json\/wp\/v2\/types\/post"}],"replies":[{"embeddable":true,"href":"https:\/\/www.letemsvetemapplem.eu\/bazar\/wp-json\/wp\/v2\/comments?post=259231"}],"version-history":[{"count":2,"href":"https:\/\/www.letemsvetemapplem.eu\/bazar\/wp-json\/wp\/v2\/posts\/259231\/revisions"}],"predecessor-version":[{"id":259246,"href":"https:\/\/www.letemsvetemapplem.eu\/bazar\/wp-json\/wp\/v2\/posts\/259231\/revisions\/259246"}],"wp:featuredmedia":[{"embeddable":true,"href":"https:\/\/www.letemsvetemapplem.eu\/bazar\/wp-json\/wp\/v2\/media\/259232"}],"wp:attachment":[{"href":"https:\/\/www.letemsvetemapplem.eu\/bazar\/wp-json\/wp\/v2\/media?parent=259231"}],"wp:term":[{"taxonomy":"category","embeddable":true,"href":"https:\/\/www.letemsvetemapplem.eu\/bazar\/wp-json\/wp\/v2\/categories?post=259231"},{"taxonomy":"post_tag","embeddable":true,"href":"https:\/\/www.letemsvetemapplem.eu\/bazar\/wp-json\/wp\/v2\/tags?post=259231"}],"curies":[{"name":"wp","href":"https:\/\/api.w.org\/{rel}","templated":true}]}}