{"id":257743,"date":"2022-06-04T15:33:25","date_gmt":"2022-06-04T14:33:25","guid":{"rendered":"https:\/\/www.letemsvetemapplem.eu\/bazar\/?p=257743"},"modified":"2022-06-04T15:33:25","modified_gmt":"2022-06-04T14:33:25","slug":"imac-21-5-cz-retina-4k-rok-2017-lepsi-2","status":"publish","type":"post","link":"https:\/\/www.letemsvetemapplem.eu\/bazar\/imac-21-5-cz-retina-4k-rok-2017-lepsi-2\/","title":{"rendered":"iMac 21.5&quot; CZ Retina 4K rok 2017 (Lep\u0161\u00ed"},"content":{"rendered":"<p> Dobr\u00fd den, <\/p>\n<p>prod\u00e1v\u00e1m Apple iMac z d\u016fvodu p\u0159echodu na nov\u011bj\u0161\u00ed model.<\/p>\n<p>SPECIFIKACE:<br \/>\n&#8211; iMac (Retina 4K, 21.5-inch, 2017)<br \/>\n&#8211; Procesor 3,4 GHz \u010cty\u0159j\u00e1drov\u00fd Intel Core i5<br \/>\n&#8211; Pam\u011b\u0165 8 GB 2400 MHz DDR4<br \/>\n&#8211; Grafika Radeon Pro 560 4 GB<br \/>\n&#8211; S\u00e9riov\u00e9 \u010d\u00edslo C02TG1K1J1G6<br \/>\n&#8211; Vestav\u011bn\u00fd Retina displej 21,5 palc\u016f (4096 \u00d7 2304)<br \/>\n&#8211; \u00dalo\u017ei\u0161t\u011b 1,03 TB Fusion Drive<\/p>\n<p>V\u0161e je na 100 % funk\u010dn\u00ed a nejsou \u017e\u00e1dn\u00e9 zn\u00e1mky pou\u017e\u00edv\u00e1n\u00ed. Sou\u010d\u00e1st\u00ed je origin\u00e1ln\u00ed krabice Magic mouse 2 a kl\u00e1vesnice 2 generace. <\/p>\n<p>Mohu zaslat v\u00edce fotek na po\u017e\u00e1d\u00e1n\u00ed.<br \/>\niMac je aktualizovan\u00fd a p\u0159ipraven\u00fd pro nov\u00e9ho u\u017eivatele.<\/p>\n<p>Preferuji osobn\u00ed p\u0159ed\u00e1n\u00ed (je mo\u017en\u00e9 si v\u0161e odzkou\u0161et) a nebo po domluv\u011b mohu poslat p\u0159es z\u00e1silkovnu nebo po\u0161tou.<\/p>\n","protected":false},"excerpt":{"rendered":"<p>Dobr\u00fd den, prod\u00e1v\u00e1m Apple iMac z d\u016fvodu p\u0159echodu na nov\u011bj\u0161\u00ed model. SPECIFIKACE: &#8211; iMac (Retina 4K, 21.5-inch, 2017) &#8211; Procesor 3,4 GHz \u010cty\u0159j\u00e1drov\u00fd Intel Core i5 &#8211; Pam\u011b\u0165 8 GB 2400 MHz DDR4 &#8211; Grafika Radeon Pro 560 4 GB &#8211; S\u00e9riov\u00e9 \u010d\u00edslo C02TG1K1J1G6 &#8211; Vestav\u011bn\u00fd Retina displej 21,5 palc\u016f (4096 \u00d7 2304) &#8211; \u00dalo\u017ei\u0161t\u011b&#8230;<\/p>\n","protected":false},"author":0,"featured_media":257744,"comment_status":"closed","ping_status":"closed","sticky":false,"template":"","format":"standard","meta":{"footnotes":""},"categories":[41],"tags":[],"class_list":["post-257743","post","type-post","status-publish","format-standard","has-post-thumbnail","hentry","category-imac"],"yoast_head":"<!-- This site is optimized with the Yoast SEO plugin v27.2 - https:\/\/yoast.com\/product\/yoast-seo-wordpress\/ -->\n<title>iMac 21.5&quot; CZ Retina 4K rok 2017 (Lep\u0161\u00ed - Apple bazar<\/title>\n<meta name=\"robots\" content=\"index, follow, max-snippet:-1, max-image-preview:large, max-video-preview:-1\" \/>\n<link rel=\"canonical\" href=\"https:\/\/www.letemsvetemapplem.eu\/bazar\/imac-21-5-cz-retina-4k-rok-2017-lepsi-2\/\" \/>\n<meta property=\"og:locale\" content=\"cs_CZ\" \/>\n<meta property=\"og:type\" content=\"article\" \/>\n<meta property=\"og:title\" content=\"iMac 21.5&quot; CZ Retina 4K rok 2017 (Lep\u0161\u00ed - Apple bazar\" \/>\n<meta property=\"og:description\" content=\"Dobr\u00fd den, prod\u00e1v\u00e1m Apple iMac z d\u016fvodu p\u0159echodu na nov\u011bj\u0161\u00ed model. SPECIFIKACE: &#8211; iMac (Retina 4K, 21.5-inch, 2017) &#8211; Procesor 3,4 GHz \u010cty\u0159j\u00e1drov\u00fd Intel Core i5 &#8211; Pam\u011b\u0165 8 GB 2400 MHz DDR4 &#8211; Grafika Radeon Pro 560 4 GB &#8211; S\u00e9riov\u00e9 \u010d\u00edslo C02TG1K1J1G6 &#8211; Vestav\u011bn\u00fd Retina displej 21,5 palc\u016f (4096 \u00d7 2304) &#8211; \u00dalo\u017ei\u0161t\u011b...\" \/>\n<meta property=\"og:url\" content=\"https:\/\/www.letemsvetemapplem.eu\/bazar\/imac-21-5-cz-retina-4k-rok-2017-lepsi-2\/\" \/>\n<meta property=\"og:site_name\" content=\"Apple bazar\" \/>\n<meta property=\"article:published_time\" content=\"2022-06-04T14:33:25+00:00\" \/>\n<meta property=\"og:image\" content=\"https:\/\/www.letemsvetemapplem.eu\/bazar\/wp-content\/uploads\/2022\/06\/280290678_10216789539690121_3702785478975880383_n.jpeg\" \/>\n\t<meta property=\"og:image:width\" content=\"720\" \/>\n\t<meta property=\"og:image:height\" content=\"960\" \/>\n\t<meta property=\"og:image:type\" content=\"image\/jpeg\" \/>\n<meta name=\"twitter:card\" content=\"summary_large_image\" \/>\n<script type=\"application\/ld+json\" class=\"yoast-schema-graph\">{\"@context\":\"https:\/\/schema.org\",\"@graph\":[{\"@type\":\"Article\",\"@id\":\"https:\/\/www.letemsvetemapplem.eu\/bazar\/imac-21-5-cz-retina-4k-rok-2017-lepsi-2\/#article\",\"isPartOf\":{\"@id\":\"https:\/\/www.letemsvetemapplem.eu\/bazar\/imac-21-5-cz-retina-4k-rok-2017-lepsi-2\/\"},\"author\":{\"name\":\"\",\"@id\":\"\"},\"headline\":\"iMac 21.5&quot; CZ Retina 4K rok 2017 (Lep\u0161\u00ed\",\"datePublished\":\"2022-06-04T14:33:25+00:00\",\"mainEntityOfPage\":{\"@id\":\"https:\/\/www.letemsvetemapplem.eu\/bazar\/imac-21-5-cz-retina-4k-rok-2017-lepsi-2\/\"},\"wordCount\":142,\"image\":{\"@id\":\"https:\/\/www.letemsvetemapplem.eu\/bazar\/imac-21-5-cz-retina-4k-rok-2017-lepsi-2\/#primaryimage\"},\"thumbnailUrl\":\"https:\/\/www.letemsvetemapplem.eu\/bazar\/wp-content\/uploads\/2022\/06\/280290678_10216789539690121_3702785478975880383_n.jpeg\",\"articleSection\":[\"iMac\"],\"inLanguage\":\"cs\"},{\"@type\":\"WebPage\",\"@id\":\"https:\/\/www.letemsvetemapplem.eu\/bazar\/imac-21-5-cz-retina-4k-rok-2017-lepsi-2\/\",\"url\":\"https:\/\/www.letemsvetemapplem.eu\/bazar\/imac-21-5-cz-retina-4k-rok-2017-lepsi-2\/\",\"name\":\"iMac 21.5&quot; CZ Retina 4K rok 2017 (Lep\u0161\u00ed - Apple bazar\",\"isPartOf\":{\"@id\":\"https:\/\/www.letemsvetemapplem.eu\/bazar\/#website\"},\"primaryImageOfPage\":{\"@id\":\"https:\/\/www.letemsvetemapplem.eu\/bazar\/imac-21-5-cz-retina-4k-rok-2017-lepsi-2\/#primaryimage\"},\"image\":{\"@id\":\"https:\/\/www.letemsvetemapplem.eu\/bazar\/imac-21-5-cz-retina-4k-rok-2017-lepsi-2\/#primaryimage\"},\"thumbnailUrl\":\"https:\/\/www.letemsvetemapplem.eu\/bazar\/wp-content\/uploads\/2022\/06\/280290678_10216789539690121_3702785478975880383_n.jpeg\",\"datePublished\":\"2022-06-04T14:33:25+00:00\",\"author\":{\"@id\":\"\"},\"breadcrumb\":{\"@id\":\"https:\/\/www.letemsvetemapplem.eu\/bazar\/imac-21-5-cz-retina-4k-rok-2017-lepsi-2\/#breadcrumb\"},\"inLanguage\":\"cs\",\"potentialAction\":[{\"@type\":\"ReadAction\",\"target\":[\"https:\/\/www.letemsvetemapplem.eu\/bazar\/imac-21-5-cz-retina-4k-rok-2017-lepsi-2\/\"]}]},{\"@type\":\"ImageObject\",\"inLanguage\":\"cs\",\"@id\":\"https:\/\/www.letemsvetemapplem.eu\/bazar\/imac-21-5-cz-retina-4k-rok-2017-lepsi-2\/#primaryimage\",\"url\":\"https:\/\/www.letemsvetemapplem.eu\/bazar\/wp-content\/uploads\/2022\/06\/280290678_10216789539690121_3702785478975880383_n.jpeg\",\"contentUrl\":\"https:\/\/www.letemsvetemapplem.eu\/bazar\/wp-content\/uploads\/2022\/06\/280290678_10216789539690121_3702785478975880383_n.jpeg\",\"width\":720,\"height\":960},{\"@type\":\"BreadcrumbList\",\"@id\":\"https:\/\/www.letemsvetemapplem.eu\/bazar\/imac-21-5-cz-retina-4k-rok-2017-lepsi-2\/#breadcrumb\",\"itemListElement\":[{\"@type\":\"ListItem\",\"position\":1,\"name\":\"Apple Bazar\",\"item\":\"https:\/\/www.letemsvetemapplem.eu\/bazar\/\"},{\"@type\":\"ListItem\",\"position\":2,\"name\":\"iMac 21.5&quot; CZ Retina 4K rok 2017 (Lep\u0161\u00ed\"}]},{\"@type\":\"WebSite\",\"@id\":\"https:\/\/www.letemsvetemapplem.eu\/bazar\/#website\",\"url\":\"https:\/\/www.letemsvetemapplem.eu\/bazar\/\",\"name\":\"Apple bazar\",\"description\":\"Oou\u017eit\u00e9 Apple produkty za skv\u011bl\u00e9 ceny\",\"potentialAction\":[{\"@type\":\"SearchAction\",\"target\":{\"@type\":\"EntryPoint\",\"urlTemplate\":\"https:\/\/www.letemsvetemapplem.eu\/bazar\/?s={search_term_string}\"},\"query-input\":{\"@type\":\"PropertyValueSpecification\",\"valueRequired\":true,\"valueName\":\"search_term_string\"}}],\"inLanguage\":\"cs\"}]}<\/script>\n<!-- \/ Yoast SEO plugin. -->","yoast_head_json":{"title":"iMac 21.5&quot; CZ Retina 4K rok 2017 (Lep\u0161\u00ed - Apple bazar","robots":{"index":"index","follow":"follow","max-snippet":"max-snippet:-1","max-image-preview":"max-image-preview:large","max-video-preview":"max-video-preview:-1"},"canonical":"https:\/\/www.letemsvetemapplem.eu\/bazar\/imac-21-5-cz-retina-4k-rok-2017-lepsi-2\/","og_locale":"cs_CZ","og_type":"article","og_title":"iMac 21.5&quot; CZ Retina 4K rok 2017 (Lep\u0161\u00ed - Apple bazar","og_description":"Dobr\u00fd den, prod\u00e1v\u00e1m Apple iMac z d\u016fvodu p\u0159echodu na nov\u011bj\u0161\u00ed model. SPECIFIKACE: &#8211; iMac (Retina 4K, 21.5-inch, 2017) &#8211; Procesor 3,4 GHz \u010cty\u0159j\u00e1drov\u00fd Intel Core i5 &#8211; Pam\u011b\u0165 8 GB 2400 MHz DDR4 &#8211; Grafika Radeon Pro 560 4 GB &#8211; S\u00e9riov\u00e9 \u010d\u00edslo C02TG1K1J1G6 &#8211; Vestav\u011bn\u00fd Retina displej 21,5 palc\u016f (4096 \u00d7 2304) &#8211; \u00dalo\u017ei\u0161t\u011b...","og_url":"https:\/\/www.letemsvetemapplem.eu\/bazar\/imac-21-5-cz-retina-4k-rok-2017-lepsi-2\/","og_site_name":"Apple bazar","article_published_time":"2022-06-04T14:33:25+00:00","og_image":[{"width":720,"height":960,"url":"https:\/\/www.letemsvetemapplem.eu\/bazar\/wp-content\/uploads\/2022\/06\/280290678_10216789539690121_3702785478975880383_n.jpeg","type":"image\/jpeg"}],"twitter_card":"summary_large_image","schema":{"@context":"https:\/\/schema.org","@graph":[{"@type":"Article","@id":"https:\/\/www.letemsvetemapplem.eu\/bazar\/imac-21-5-cz-retina-4k-rok-2017-lepsi-2\/#article","isPartOf":{"@id":"https:\/\/www.letemsvetemapplem.eu\/bazar\/imac-21-5-cz-retina-4k-rok-2017-lepsi-2\/"},"author":{"name":"","@id":""},"headline":"iMac 21.5&quot; CZ Retina 4K rok 2017 (Lep\u0161\u00ed","datePublished":"2022-06-04T14:33:25+00:00","mainEntityOfPage":{"@id":"https:\/\/www.letemsvetemapplem.eu\/bazar\/imac-21-5-cz-retina-4k-rok-2017-lepsi-2\/"},"wordCount":142,"image":{"@id":"https:\/\/www.letemsvetemapplem.eu\/bazar\/imac-21-5-cz-retina-4k-rok-2017-lepsi-2\/#primaryimage"},"thumbnailUrl":"https:\/\/www.letemsvetemapplem.eu\/bazar\/wp-content\/uploads\/2022\/06\/280290678_10216789539690121_3702785478975880383_n.jpeg","articleSection":["iMac"],"inLanguage":"cs"},{"@type":"WebPage","@id":"https:\/\/www.letemsvetemapplem.eu\/bazar\/imac-21-5-cz-retina-4k-rok-2017-lepsi-2\/","url":"https:\/\/www.letemsvetemapplem.eu\/bazar\/imac-21-5-cz-retina-4k-rok-2017-lepsi-2\/","name":"iMac 21.5&quot; CZ Retina 4K rok 2017 (Lep\u0161\u00ed - Apple bazar","isPartOf":{"@id":"https:\/\/www.letemsvetemapplem.eu\/bazar\/#website"},"primaryImageOfPage":{"@id":"https:\/\/www.letemsvetemapplem.eu\/bazar\/imac-21-5-cz-retina-4k-rok-2017-lepsi-2\/#primaryimage"},"image":{"@id":"https:\/\/www.letemsvetemapplem.eu\/bazar\/imac-21-5-cz-retina-4k-rok-2017-lepsi-2\/#primaryimage"},"thumbnailUrl":"https:\/\/www.letemsvetemapplem.eu\/bazar\/wp-content\/uploads\/2022\/06\/280290678_10216789539690121_3702785478975880383_n.jpeg","datePublished":"2022-06-04T14:33:25+00:00","author":{"@id":""},"breadcrumb":{"@id":"https:\/\/www.letemsvetemapplem.eu\/bazar\/imac-21-5-cz-retina-4k-rok-2017-lepsi-2\/#breadcrumb"},"inLanguage":"cs","potentialAction":[{"@type":"ReadAction","target":["https:\/\/www.letemsvetemapplem.eu\/bazar\/imac-21-5-cz-retina-4k-rok-2017-lepsi-2\/"]}]},{"@type":"ImageObject","inLanguage":"cs","@id":"https:\/\/www.letemsvetemapplem.eu\/bazar\/imac-21-5-cz-retina-4k-rok-2017-lepsi-2\/#primaryimage","url":"https:\/\/www.letemsvetemapplem.eu\/bazar\/wp-content\/uploads\/2022\/06\/280290678_10216789539690121_3702785478975880383_n.jpeg","contentUrl":"https:\/\/www.letemsvetemapplem.eu\/bazar\/wp-content\/uploads\/2022\/06\/280290678_10216789539690121_3702785478975880383_n.jpeg","width":720,"height":960},{"@type":"BreadcrumbList","@id":"https:\/\/www.letemsvetemapplem.eu\/bazar\/imac-21-5-cz-retina-4k-rok-2017-lepsi-2\/#breadcrumb","itemListElement":[{"@type":"ListItem","position":1,"name":"Apple Bazar","item":"https:\/\/www.letemsvetemapplem.eu\/bazar\/"},{"@type":"ListItem","position":2,"name":"iMac 21.5&quot; CZ Retina 4K rok 2017 (Lep\u0161\u00ed"}]},{"@type":"WebSite","@id":"https:\/\/www.letemsvetemapplem.eu\/bazar\/#website","url":"https:\/\/www.letemsvetemapplem.eu\/bazar\/","name":"Apple bazar","description":"Oou\u017eit\u00e9 Apple produkty za skv\u011bl\u00e9 ceny","potentialAction":[{"@type":"SearchAction","target":{"@type":"EntryPoint","urlTemplate":"https:\/\/www.letemsvetemapplem.eu\/bazar\/?s={search_term_string}"},"query-input":{"@type":"PropertyValueSpecification","valueRequired":true,"valueName":"search_term_string"}}],"inLanguage":"cs"}]}},"_links":{"self":[{"href":"https:\/\/www.letemsvetemapplem.eu\/bazar\/wp-json\/wp\/v2\/posts\/257743","targetHints":{"allow":["GET"]}}],"collection":[{"href":"https:\/\/www.letemsvetemapplem.eu\/bazar\/wp-json\/wp\/v2\/posts"}],"about":[{"href":"https:\/\/www.letemsvetemapplem.eu\/bazar\/wp-json\/wp\/v2\/types\/post"}],"replies":[{"embeddable":true,"href":"https:\/\/www.letemsvetemapplem.eu\/bazar\/wp-json\/wp\/v2\/comments?post=257743"}],"version-history":[{"count":1,"href":"https:\/\/www.letemsvetemapplem.eu\/bazar\/wp-json\/wp\/v2\/posts\/257743\/revisions"}],"predecessor-version":[{"id":257751,"href":"https:\/\/www.letemsvetemapplem.eu\/bazar\/wp-json\/wp\/v2\/posts\/257743\/revisions\/257751"}],"wp:featuredmedia":[{"embeddable":true,"href":"https:\/\/www.letemsvetemapplem.eu\/bazar\/wp-json\/wp\/v2\/media\/257744"}],"wp:attachment":[{"href":"https:\/\/www.letemsvetemapplem.eu\/bazar\/wp-json\/wp\/v2\/media?parent=257743"}],"wp:term":[{"taxonomy":"category","embeddable":true,"href":"https:\/\/www.letemsvetemapplem.eu\/bazar\/wp-json\/wp\/v2\/categories?post=257743"},{"taxonomy":"post_tag","embeddable":true,"href":"https:\/\/www.letemsvetemapplem.eu\/bazar\/wp-json\/wp\/v2\/tags?post=257743"}],"curies":[{"name":"wp","href":"https:\/\/api.w.org\/{rel}","templated":true}]}}