{"id":257013,"date":"2022-05-24T11:38:02","date_gmt":"2022-05-24T10:38:02","guid":{"rendered":"https:\/\/www.letemsvetemapplem.eu\/bazar\/?p=257013"},"modified":"2022-05-24T11:41:26","modified_gmt":"2022-05-24T10:41:26","slug":"257013-2","status":"publish","type":"post","link":"https:\/\/www.letemsvetemapplem.eu\/bazar\/257013-2\/","title":{"rendered":"MacBook Pro 13\u201c Retina Touch Bar"},"content":{"rendered":"<p>Prod\u00e1m MacBook Pro 13&#8220; Retina Touch Bar, Space Gray, i5, rok 2016, 16GB RAM, 512GB SSD se z\u00e1rukou a mo\u017enosti osobn\u00edho odb\u011bru v Praze, nebo po domluv\u011b odesl\u00e1n\u00ed na dob\u00edrku. Odes\u00edl\u00e1me ZDARMA do 24h s PPL<\/p>\n<p>Procesor: Intel Core i5 2,9GHz<br \/>\nGrafick\u00e1 karta: Intel Iris Graphics 550 1536 MB<br \/>\nRok:2016<br \/>\nRAM: 16GB<br \/>\nKapacita: SSD 512GB<br \/>\nBaterie: 390 cykl\u016f<br \/>\nP\u0159\u00edslu\u0161enstv\u00ed: Nab\u00edje\u010dka<br \/>\nZ\u00e1ruka: 12 m\u011bs\u00edc\u016f<\/p>\n<p>Mo\u017enost n\u00e1kupu na proti\u00fa\u010det nebo na spl\u00e1tky<\/p>\n","protected":false},"excerpt":{"rendered":"<p>Prod\u00e1m MacBook Pro 13&#8220; Retina Touch Bar, Space Gray, i5, rok 2016, 16GB RAM, 512GB SSD se z\u00e1rukou a mo\u017enosti osobn\u00edho odb\u011bru v Praze, nebo po domluv\u011b odesl\u00e1n\u00ed na dob\u00edrku. Odes\u00edl\u00e1me ZDARMA do 24h s PPL Procesor: Intel Core i5 2,9GHz Grafick\u00e1 karta: Intel Iris Graphics 550 1536 MB Rok:2016 RAM: 16GB Kapacita: SSD 512GB&#8230;<\/p>\n","protected":false},"author":1,"featured_media":257014,"comment_status":"closed","ping_status":"closed","sticky":false,"template":"","format":"standard","meta":{"footnotes":""},"categories":[48],"tags":[],"class_list":["post-257013","post","type-post","status-publish","format-standard","has-post-thumbnail","hentry","category-macbook-pro"],"yoast_head":"<!-- This site is optimized with the Yoast SEO plugin v27.2 - https:\/\/yoast.com\/product\/yoast-seo-wordpress\/ -->\n<title>MacBook Pro 13\u201c Retina Touch Bar - Apple bazar<\/title>\n<meta name=\"robots\" content=\"index, follow, max-snippet:-1, max-image-preview:large, max-video-preview:-1\" \/>\n<link rel=\"canonical\" href=\"https:\/\/www.letemsvetemapplem.eu\/bazar\/257013-2\/\" \/>\n<meta property=\"og:locale\" content=\"cs_CZ\" \/>\n<meta property=\"og:type\" content=\"article\" \/>\n<meta property=\"og:title\" content=\"MacBook Pro 13\u201c Retina Touch Bar - Apple bazar\" \/>\n<meta property=\"og:description\" content=\"Prod\u00e1m MacBook Pro 13&#8220; Retina Touch Bar, Space Gray, i5, rok 2016, 16GB RAM, 512GB SSD se z\u00e1rukou a mo\u017enosti osobn\u00edho odb\u011bru v Praze, nebo po domluv\u011b odesl\u00e1n\u00ed na dob\u00edrku. Odes\u00edl\u00e1me ZDARMA do 24h s PPL Procesor: Intel Core i5 2,9GHz Grafick\u00e1 karta: Intel Iris Graphics 550 1536 MB Rok:2016 RAM: 16GB Kapacita: SSD 512GB...\" \/>\n<meta property=\"og:url\" content=\"https:\/\/www.letemsvetemapplem.eu\/bazar\/257013-2\/\" \/>\n<meta property=\"og:site_name\" content=\"Apple bazar\" \/>\n<meta property=\"article:published_time\" content=\"2022-05-24T10:38:02+00:00\" \/>\n<meta property=\"article:modified_time\" content=\"2022-05-24T10:41:26+00:00\" \/>\n<meta property=\"og:image\" content=\"https:\/\/www.letemsvetemapplem.eu\/bazar\/wp-content\/uploads\/2022\/05\/IMG_6163-scaled.jpg\" \/>\n\t<meta property=\"og:image:width\" content=\"2511\" \/>\n\t<meta property=\"og:image:height\" content=\"2560\" \/>\n\t<meta property=\"og:image:type\" content=\"image\/jpeg\" \/>\n<meta name=\"author\" content=\"admin\" \/>\n<meta name=\"twitter:card\" content=\"summary_large_image\" \/>\n<script type=\"application\/ld+json\" class=\"yoast-schema-graph\">{\"@context\":\"https:\/\/schema.org\",\"@graph\":[{\"@type\":\"Article\",\"@id\":\"https:\/\/www.letemsvetemapplem.eu\/bazar\/257013-2\/#article\",\"isPartOf\":{\"@id\":\"https:\/\/www.letemsvetemapplem.eu\/bazar\/257013-2\/\"},\"author\":{\"name\":\"admin\",\"@id\":\"https:\/\/www.letemsvetemapplem.eu\/bazar\/#\/schema\/person\/473fd8554a31ad3176ad414dac37305d\"},\"headline\":\"MacBook Pro 13\u201c Retina Touch Bar\",\"datePublished\":\"2022-05-24T10:38:02+00:00\",\"dateModified\":\"2022-05-24T10:41:26+00:00\",\"mainEntityOfPage\":{\"@id\":\"https:\/\/www.letemsvetemapplem.eu\/bazar\/257013-2\/\"},\"wordCount\":89,\"image\":{\"@id\":\"https:\/\/www.letemsvetemapplem.eu\/bazar\/257013-2\/#primaryimage\"},\"thumbnailUrl\":\"https:\/\/www.letemsvetemapplem.eu\/bazar\/wp-content\/uploads\/2022\/05\/IMG_6163-scaled.jpg\",\"articleSection\":[\"MacBook Pro\"],\"inLanguage\":\"cs\"},{\"@type\":\"WebPage\",\"@id\":\"https:\/\/www.letemsvetemapplem.eu\/bazar\/257013-2\/\",\"url\":\"https:\/\/www.letemsvetemapplem.eu\/bazar\/257013-2\/\",\"name\":\"MacBook Pro 13\u201c Retina Touch Bar - Apple bazar\",\"isPartOf\":{\"@id\":\"https:\/\/www.letemsvetemapplem.eu\/bazar\/#website\"},\"primaryImageOfPage\":{\"@id\":\"https:\/\/www.letemsvetemapplem.eu\/bazar\/257013-2\/#primaryimage\"},\"image\":{\"@id\":\"https:\/\/www.letemsvetemapplem.eu\/bazar\/257013-2\/#primaryimage\"},\"thumbnailUrl\":\"https:\/\/www.letemsvetemapplem.eu\/bazar\/wp-content\/uploads\/2022\/05\/IMG_6163-scaled.jpg\",\"datePublished\":\"2022-05-24T10:38:02+00:00\",\"dateModified\":\"2022-05-24T10:41:26+00:00\",\"author\":{\"@id\":\"https:\/\/www.letemsvetemapplem.eu\/bazar\/#\/schema\/person\/473fd8554a31ad3176ad414dac37305d\"},\"breadcrumb\":{\"@id\":\"https:\/\/www.letemsvetemapplem.eu\/bazar\/257013-2\/#breadcrumb\"},\"inLanguage\":\"cs\",\"potentialAction\":[{\"@type\":\"ReadAction\",\"target\":[\"https:\/\/www.letemsvetemapplem.eu\/bazar\/257013-2\/\"]}]},{\"@type\":\"ImageObject\",\"inLanguage\":\"cs\",\"@id\":\"https:\/\/www.letemsvetemapplem.eu\/bazar\/257013-2\/#primaryimage\",\"url\":\"https:\/\/www.letemsvetemapplem.eu\/bazar\/wp-content\/uploads\/2022\/05\/IMG_6163-scaled.jpg\",\"contentUrl\":\"https:\/\/www.letemsvetemapplem.eu\/bazar\/wp-content\/uploads\/2022\/05\/IMG_6163-scaled.jpg\",\"width\":2511,\"height\":2560},{\"@type\":\"BreadcrumbList\",\"@id\":\"https:\/\/www.letemsvetemapplem.eu\/bazar\/257013-2\/#breadcrumb\",\"itemListElement\":[{\"@type\":\"ListItem\",\"position\":1,\"name\":\"Apple Bazar\",\"item\":\"https:\/\/www.letemsvetemapplem.eu\/bazar\/\"},{\"@type\":\"ListItem\",\"position\":2,\"name\":\"MacBook Pro 13\u201c Retina Touch Bar\"}]},{\"@type\":\"WebSite\",\"@id\":\"https:\/\/www.letemsvetemapplem.eu\/bazar\/#website\",\"url\":\"https:\/\/www.letemsvetemapplem.eu\/bazar\/\",\"name\":\"Apple bazar\",\"description\":\"Oou\u017eit\u00e9 Apple produkty za skv\u011bl\u00e9 ceny\",\"potentialAction\":[{\"@type\":\"SearchAction\",\"target\":{\"@type\":\"EntryPoint\",\"urlTemplate\":\"https:\/\/www.letemsvetemapplem.eu\/bazar\/?s={search_term_string}\"},\"query-input\":{\"@type\":\"PropertyValueSpecification\",\"valueRequired\":true,\"valueName\":\"search_term_string\"}}],\"inLanguage\":\"cs\"},{\"@type\":\"Person\",\"@id\":\"https:\/\/www.letemsvetemapplem.eu\/bazar\/#\/schema\/person\/473fd8554a31ad3176ad414dac37305d\",\"name\":\"admin\",\"url\":\"https:\/\/www.letemsvetemapplem.eu\/bazar\/author\/admin\/\"}]}<\/script>\n<!-- \/ Yoast SEO plugin. -->","yoast_head_json":{"title":"MacBook Pro 13\u201c Retina Touch Bar - Apple bazar","robots":{"index":"index","follow":"follow","max-snippet":"max-snippet:-1","max-image-preview":"max-image-preview:large","max-video-preview":"max-video-preview:-1"},"canonical":"https:\/\/www.letemsvetemapplem.eu\/bazar\/257013-2\/","og_locale":"cs_CZ","og_type":"article","og_title":"MacBook Pro 13\u201c Retina Touch Bar - Apple bazar","og_description":"Prod\u00e1m MacBook Pro 13&#8220; Retina Touch Bar, Space Gray, i5, rok 2016, 16GB RAM, 512GB SSD se z\u00e1rukou a mo\u017enosti osobn\u00edho odb\u011bru v Praze, nebo po domluv\u011b odesl\u00e1n\u00ed na dob\u00edrku. Odes\u00edl\u00e1me ZDARMA do 24h s PPL Procesor: Intel Core i5 2,9GHz Grafick\u00e1 karta: Intel Iris Graphics 550 1536 MB Rok:2016 RAM: 16GB Kapacita: SSD 512GB...","og_url":"https:\/\/www.letemsvetemapplem.eu\/bazar\/257013-2\/","og_site_name":"Apple bazar","article_published_time":"2022-05-24T10:38:02+00:00","article_modified_time":"2022-05-24T10:41:26+00:00","og_image":[{"width":2511,"height":2560,"url":"https:\/\/www.letemsvetemapplem.eu\/bazar\/wp-content\/uploads\/2022\/05\/IMG_6163-scaled.jpg","type":"image\/jpeg"}],"author":"admin","twitter_card":"summary_large_image","schema":{"@context":"https:\/\/schema.org","@graph":[{"@type":"Article","@id":"https:\/\/www.letemsvetemapplem.eu\/bazar\/257013-2\/#article","isPartOf":{"@id":"https:\/\/www.letemsvetemapplem.eu\/bazar\/257013-2\/"},"author":{"name":"admin","@id":"https:\/\/www.letemsvetemapplem.eu\/bazar\/#\/schema\/person\/473fd8554a31ad3176ad414dac37305d"},"headline":"MacBook Pro 13\u201c Retina Touch Bar","datePublished":"2022-05-24T10:38:02+00:00","dateModified":"2022-05-24T10:41:26+00:00","mainEntityOfPage":{"@id":"https:\/\/www.letemsvetemapplem.eu\/bazar\/257013-2\/"},"wordCount":89,"image":{"@id":"https:\/\/www.letemsvetemapplem.eu\/bazar\/257013-2\/#primaryimage"},"thumbnailUrl":"https:\/\/www.letemsvetemapplem.eu\/bazar\/wp-content\/uploads\/2022\/05\/IMG_6163-scaled.jpg","articleSection":["MacBook Pro"],"inLanguage":"cs"},{"@type":"WebPage","@id":"https:\/\/www.letemsvetemapplem.eu\/bazar\/257013-2\/","url":"https:\/\/www.letemsvetemapplem.eu\/bazar\/257013-2\/","name":"MacBook Pro 13\u201c Retina Touch Bar - Apple bazar","isPartOf":{"@id":"https:\/\/www.letemsvetemapplem.eu\/bazar\/#website"},"primaryImageOfPage":{"@id":"https:\/\/www.letemsvetemapplem.eu\/bazar\/257013-2\/#primaryimage"},"image":{"@id":"https:\/\/www.letemsvetemapplem.eu\/bazar\/257013-2\/#primaryimage"},"thumbnailUrl":"https:\/\/www.letemsvetemapplem.eu\/bazar\/wp-content\/uploads\/2022\/05\/IMG_6163-scaled.jpg","datePublished":"2022-05-24T10:38:02+00:00","dateModified":"2022-05-24T10:41:26+00:00","author":{"@id":"https:\/\/www.letemsvetemapplem.eu\/bazar\/#\/schema\/person\/473fd8554a31ad3176ad414dac37305d"},"breadcrumb":{"@id":"https:\/\/www.letemsvetemapplem.eu\/bazar\/257013-2\/#breadcrumb"},"inLanguage":"cs","potentialAction":[{"@type":"ReadAction","target":["https:\/\/www.letemsvetemapplem.eu\/bazar\/257013-2\/"]}]},{"@type":"ImageObject","inLanguage":"cs","@id":"https:\/\/www.letemsvetemapplem.eu\/bazar\/257013-2\/#primaryimage","url":"https:\/\/www.letemsvetemapplem.eu\/bazar\/wp-content\/uploads\/2022\/05\/IMG_6163-scaled.jpg","contentUrl":"https:\/\/www.letemsvetemapplem.eu\/bazar\/wp-content\/uploads\/2022\/05\/IMG_6163-scaled.jpg","width":2511,"height":2560},{"@type":"BreadcrumbList","@id":"https:\/\/www.letemsvetemapplem.eu\/bazar\/257013-2\/#breadcrumb","itemListElement":[{"@type":"ListItem","position":1,"name":"Apple Bazar","item":"https:\/\/www.letemsvetemapplem.eu\/bazar\/"},{"@type":"ListItem","position":2,"name":"MacBook Pro 13\u201c Retina Touch Bar"}]},{"@type":"WebSite","@id":"https:\/\/www.letemsvetemapplem.eu\/bazar\/#website","url":"https:\/\/www.letemsvetemapplem.eu\/bazar\/","name":"Apple bazar","description":"Oou\u017eit\u00e9 Apple produkty za skv\u011bl\u00e9 ceny","potentialAction":[{"@type":"SearchAction","target":{"@type":"EntryPoint","urlTemplate":"https:\/\/www.letemsvetemapplem.eu\/bazar\/?s={search_term_string}"},"query-input":{"@type":"PropertyValueSpecification","valueRequired":true,"valueName":"search_term_string"}}],"inLanguage":"cs"},{"@type":"Person","@id":"https:\/\/www.letemsvetemapplem.eu\/bazar\/#\/schema\/person\/473fd8554a31ad3176ad414dac37305d","name":"admin","url":"https:\/\/www.letemsvetemapplem.eu\/bazar\/author\/admin\/"}]}},"_links":{"self":[{"href":"https:\/\/www.letemsvetemapplem.eu\/bazar\/wp-json\/wp\/v2\/posts\/257013","targetHints":{"allow":["GET"]}}],"collection":[{"href":"https:\/\/www.letemsvetemapplem.eu\/bazar\/wp-json\/wp\/v2\/posts"}],"about":[{"href":"https:\/\/www.letemsvetemapplem.eu\/bazar\/wp-json\/wp\/v2\/types\/post"}],"author":[{"embeddable":true,"href":"https:\/\/www.letemsvetemapplem.eu\/bazar\/wp-json\/wp\/v2\/users\/1"}],"replies":[{"embeddable":true,"href":"https:\/\/www.letemsvetemapplem.eu\/bazar\/wp-json\/wp\/v2\/comments?post=257013"}],"version-history":[{"count":2,"href":"https:\/\/www.letemsvetemapplem.eu\/bazar\/wp-json\/wp\/v2\/posts\/257013\/revisions"}],"predecessor-version":[{"id":257031,"href":"https:\/\/www.letemsvetemapplem.eu\/bazar\/wp-json\/wp\/v2\/posts\/257013\/revisions\/257031"}],"wp:featuredmedia":[{"embeddable":true,"href":"https:\/\/www.letemsvetemapplem.eu\/bazar\/wp-json\/wp\/v2\/media\/257014"}],"wp:attachment":[{"href":"https:\/\/www.letemsvetemapplem.eu\/bazar\/wp-json\/wp\/v2\/media?parent=257013"}],"wp:term":[{"taxonomy":"category","embeddable":true,"href":"https:\/\/www.letemsvetemapplem.eu\/bazar\/wp-json\/wp\/v2\/categories?post=257013"},{"taxonomy":"post_tag","embeddable":true,"href":"https:\/\/www.letemsvetemapplem.eu\/bazar\/wp-json\/wp\/v2\/tags?post=257013"}],"curies":[{"name":"wp","href":"https:\/\/api.w.org\/{rel}","templated":true}]}}