{"id":254419,"date":"2022-04-10T15:49:45","date_gmt":"2022-04-10T14:49:45","guid":{"rendered":"https:\/\/www.letemsvetemapplem.eu\/bazar\/?p=254419"},"modified":"2022-04-10T15:49:45","modified_gmt":"2022-04-10T14:49:45","slug":"imac-21-5-v-zaruce-retina-odpocet-dph","status":"publish","type":"post","link":"https:\/\/www.letemsvetemapplem.eu\/bazar\/imac-21-5-v-zaruce-retina-odpocet-dph\/","title":{"rendered":"iMac 21.5 v z\u00e1ruce, Retina, odpo\u010det DPH"},"content":{"rendered":"<p>Prod\u00e1m iMac 21.5, model 2019.  V z\u00e1ruce, kupovan\u00fd v iStyle 4. 10. 2021.  Po\u010d\u00edta\u010d je m\u00e1lo pou\u017e\u00edvan\u00fd a v perfektn\u00edm stavu.  V\u010detn\u011b my\u0161i, kl\u00e1vesnice a origin\u00e1ln\u00ed krabice.<br \/>\nJsem pl\u00e1tce, tedy s odpo\u010dtem DPH!<\/p>\n<p>Procesor: 3 GHz 6j\u00e1drov\u00fd Intel Core i5<br \/>\nPam\u011b\u0165: 8\u00a0GB 2667 MHz DDR4<br \/>\nGrafika: Radeon Pro 560X 4 GB<br \/>\nSSD disk 256 GB.<\/p>\n","protected":false},"excerpt":{"rendered":"<p>Prod\u00e1m iMac 21.5, model 2019. V z\u00e1ruce, kupovan\u00fd v iStyle 4. 10. 2021. Po\u010d\u00edta\u010d je m\u00e1lo pou\u017e\u00edvan\u00fd a v perfektn\u00edm stavu. V\u010detn\u011b my\u0161i, kl\u00e1vesnice a origin\u00e1ln\u00ed krabice. Jsem pl\u00e1tce, tedy s odpo\u010dtem DPH! Procesor: 3 GHz 6j\u00e1drov\u00fd Intel Core i5 Pam\u011b\u0165: 8\u00a0GB 2667 MHz DDR4 Grafika: Radeon Pro 560X 4 GB SSD disk 256 GB.<\/p>\n","protected":false},"author":0,"featured_media":254420,"comment_status":"closed","ping_status":"closed","sticky":false,"template":"","format":"standard","meta":{"footnotes":""},"categories":[41],"tags":[],"class_list":["post-254419","post","type-post","status-publish","format-standard","has-post-thumbnail","hentry","category-imac"],"yoast_head":"<!-- This site is optimized with the Yoast SEO plugin v27.2 - https:\/\/yoast.com\/product\/yoast-seo-wordpress\/ -->\n<title>iMac 21.5 v z\u00e1ruce, Retina, odpo\u010det DPH - Apple bazar<\/title>\n<meta name=\"robots\" content=\"index, follow, max-snippet:-1, max-image-preview:large, max-video-preview:-1\" \/>\n<link rel=\"canonical\" href=\"https:\/\/www.letemsvetemapplem.eu\/bazar\/imac-21-5-v-zaruce-retina-odpocet-dph\/\" \/>\n<meta property=\"og:locale\" content=\"cs_CZ\" \/>\n<meta property=\"og:type\" content=\"article\" \/>\n<meta property=\"og:title\" content=\"iMac 21.5 v z\u00e1ruce, Retina, odpo\u010det DPH - Apple bazar\" \/>\n<meta property=\"og:description\" content=\"Prod\u00e1m iMac 21.5, model 2019. V z\u00e1ruce, kupovan\u00fd v iStyle 4. 10. 2021. Po\u010d\u00edta\u010d je m\u00e1lo pou\u017e\u00edvan\u00fd a v perfektn\u00edm stavu. V\u010detn\u011b my\u0161i, kl\u00e1vesnice a origin\u00e1ln\u00ed krabice. Jsem pl\u00e1tce, tedy s odpo\u010dtem DPH! Procesor: 3 GHz 6j\u00e1drov\u00fd Intel Core i5 Pam\u011b\u0165: 8\u00a0GB 2667 MHz DDR4 Grafika: Radeon Pro 560X 4 GB SSD disk 256 GB.\" \/>\n<meta property=\"og:url\" content=\"https:\/\/www.letemsvetemapplem.eu\/bazar\/imac-21-5-v-zaruce-retina-odpocet-dph\/\" \/>\n<meta property=\"og:site_name\" content=\"Apple bazar\" \/>\n<meta property=\"article:published_time\" content=\"2022-04-10T14:49:45+00:00\" \/>\n<meta property=\"og:image\" content=\"https:\/\/www.letemsvetemapplem.eu\/bazar\/wp-content\/uploads\/2022\/04\/IMG_2747a.jpg\" \/>\n\t<meta property=\"og:image:width\" content=\"2000\" \/>\n\t<meta property=\"og:image:height\" content=\"1500\" \/>\n\t<meta property=\"og:image:type\" content=\"image\/jpeg\" \/>\n<meta name=\"twitter:card\" content=\"summary_large_image\" \/>\n<script type=\"application\/ld+json\" class=\"yoast-schema-graph\">{\"@context\":\"https:\/\/schema.org\",\"@graph\":[{\"@type\":\"Article\",\"@id\":\"https:\/\/www.letemsvetemapplem.eu\/bazar\/imac-21-5-v-zaruce-retina-odpocet-dph\/#article\",\"isPartOf\":{\"@id\":\"https:\/\/www.letemsvetemapplem.eu\/bazar\/imac-21-5-v-zaruce-retina-odpocet-dph\/\"},\"author\":{\"name\":\"\",\"@id\":\"\"},\"headline\":\"iMac 21.5 v z\u00e1ruce, Retina, odpo\u010det DPH\",\"datePublished\":\"2022-04-10T14:49:45+00:00\",\"mainEntityOfPage\":{\"@id\":\"https:\/\/www.letemsvetemapplem.eu\/bazar\/imac-21-5-v-zaruce-retina-odpocet-dph\/\"},\"wordCount\":67,\"image\":{\"@id\":\"https:\/\/www.letemsvetemapplem.eu\/bazar\/imac-21-5-v-zaruce-retina-odpocet-dph\/#primaryimage\"},\"thumbnailUrl\":\"https:\/\/www.letemsvetemapplem.eu\/bazar\/wp-content\/uploads\/2022\/04\/IMG_2747a.jpg\",\"articleSection\":[\"iMac\"],\"inLanguage\":\"cs\"},{\"@type\":\"WebPage\",\"@id\":\"https:\/\/www.letemsvetemapplem.eu\/bazar\/imac-21-5-v-zaruce-retina-odpocet-dph\/\",\"url\":\"https:\/\/www.letemsvetemapplem.eu\/bazar\/imac-21-5-v-zaruce-retina-odpocet-dph\/\",\"name\":\"iMac 21.5 v z\u00e1ruce, Retina, odpo\u010det DPH - Apple bazar\",\"isPartOf\":{\"@id\":\"https:\/\/www.letemsvetemapplem.eu\/bazar\/#website\"},\"primaryImageOfPage\":{\"@id\":\"https:\/\/www.letemsvetemapplem.eu\/bazar\/imac-21-5-v-zaruce-retina-odpocet-dph\/#primaryimage\"},\"image\":{\"@id\":\"https:\/\/www.letemsvetemapplem.eu\/bazar\/imac-21-5-v-zaruce-retina-odpocet-dph\/#primaryimage\"},\"thumbnailUrl\":\"https:\/\/www.letemsvetemapplem.eu\/bazar\/wp-content\/uploads\/2022\/04\/IMG_2747a.jpg\",\"datePublished\":\"2022-04-10T14:49:45+00:00\",\"author\":{\"@id\":\"\"},\"breadcrumb\":{\"@id\":\"https:\/\/www.letemsvetemapplem.eu\/bazar\/imac-21-5-v-zaruce-retina-odpocet-dph\/#breadcrumb\"},\"inLanguage\":\"cs\",\"potentialAction\":[{\"@type\":\"ReadAction\",\"target\":[\"https:\/\/www.letemsvetemapplem.eu\/bazar\/imac-21-5-v-zaruce-retina-odpocet-dph\/\"]}]},{\"@type\":\"ImageObject\",\"inLanguage\":\"cs\",\"@id\":\"https:\/\/www.letemsvetemapplem.eu\/bazar\/imac-21-5-v-zaruce-retina-odpocet-dph\/#primaryimage\",\"url\":\"https:\/\/www.letemsvetemapplem.eu\/bazar\/wp-content\/uploads\/2022\/04\/IMG_2747a.jpg\",\"contentUrl\":\"https:\/\/www.letemsvetemapplem.eu\/bazar\/wp-content\/uploads\/2022\/04\/IMG_2747a.jpg\",\"width\":2000,\"height\":1500},{\"@type\":\"BreadcrumbList\",\"@id\":\"https:\/\/www.letemsvetemapplem.eu\/bazar\/imac-21-5-v-zaruce-retina-odpocet-dph\/#breadcrumb\",\"itemListElement\":[{\"@type\":\"ListItem\",\"position\":1,\"name\":\"Apple Bazar\",\"item\":\"https:\/\/www.letemsvetemapplem.eu\/bazar\/\"},{\"@type\":\"ListItem\",\"position\":2,\"name\":\"iMac 21.5 v z\u00e1ruce, Retina, odpo\u010det DPH\"}]},{\"@type\":\"WebSite\",\"@id\":\"https:\/\/www.letemsvetemapplem.eu\/bazar\/#website\",\"url\":\"https:\/\/www.letemsvetemapplem.eu\/bazar\/\",\"name\":\"Apple bazar\",\"description\":\"Oou\u017eit\u00e9 Apple produkty za skv\u011bl\u00e9 ceny\",\"potentialAction\":[{\"@type\":\"SearchAction\",\"target\":{\"@type\":\"EntryPoint\",\"urlTemplate\":\"https:\/\/www.letemsvetemapplem.eu\/bazar\/?s={search_term_string}\"},\"query-input\":{\"@type\":\"PropertyValueSpecification\",\"valueRequired\":true,\"valueName\":\"search_term_string\"}}],\"inLanguage\":\"cs\"}]}<\/script>\n<!-- \/ Yoast SEO plugin. -->","yoast_head_json":{"title":"iMac 21.5 v z\u00e1ruce, Retina, odpo\u010det DPH - Apple bazar","robots":{"index":"index","follow":"follow","max-snippet":"max-snippet:-1","max-image-preview":"max-image-preview:large","max-video-preview":"max-video-preview:-1"},"canonical":"https:\/\/www.letemsvetemapplem.eu\/bazar\/imac-21-5-v-zaruce-retina-odpocet-dph\/","og_locale":"cs_CZ","og_type":"article","og_title":"iMac 21.5 v z\u00e1ruce, Retina, odpo\u010det DPH - Apple bazar","og_description":"Prod\u00e1m iMac 21.5, model 2019. V z\u00e1ruce, kupovan\u00fd v iStyle 4. 10. 2021. Po\u010d\u00edta\u010d je m\u00e1lo pou\u017e\u00edvan\u00fd a v perfektn\u00edm stavu. V\u010detn\u011b my\u0161i, kl\u00e1vesnice a origin\u00e1ln\u00ed krabice. Jsem pl\u00e1tce, tedy s odpo\u010dtem DPH! Procesor: 3 GHz 6j\u00e1drov\u00fd Intel Core i5 Pam\u011b\u0165: 8\u00a0GB 2667 MHz DDR4 Grafika: Radeon Pro 560X 4 GB SSD disk 256 GB.","og_url":"https:\/\/www.letemsvetemapplem.eu\/bazar\/imac-21-5-v-zaruce-retina-odpocet-dph\/","og_site_name":"Apple bazar","article_published_time":"2022-04-10T14:49:45+00:00","og_image":[{"width":2000,"height":1500,"url":"https:\/\/www.letemsvetemapplem.eu\/bazar\/wp-content\/uploads\/2022\/04\/IMG_2747a.jpg","type":"image\/jpeg"}],"twitter_card":"summary_large_image","schema":{"@context":"https:\/\/schema.org","@graph":[{"@type":"Article","@id":"https:\/\/www.letemsvetemapplem.eu\/bazar\/imac-21-5-v-zaruce-retina-odpocet-dph\/#article","isPartOf":{"@id":"https:\/\/www.letemsvetemapplem.eu\/bazar\/imac-21-5-v-zaruce-retina-odpocet-dph\/"},"author":{"name":"","@id":""},"headline":"iMac 21.5 v z\u00e1ruce, Retina, odpo\u010det DPH","datePublished":"2022-04-10T14:49:45+00:00","mainEntityOfPage":{"@id":"https:\/\/www.letemsvetemapplem.eu\/bazar\/imac-21-5-v-zaruce-retina-odpocet-dph\/"},"wordCount":67,"image":{"@id":"https:\/\/www.letemsvetemapplem.eu\/bazar\/imac-21-5-v-zaruce-retina-odpocet-dph\/#primaryimage"},"thumbnailUrl":"https:\/\/www.letemsvetemapplem.eu\/bazar\/wp-content\/uploads\/2022\/04\/IMG_2747a.jpg","articleSection":["iMac"],"inLanguage":"cs"},{"@type":"WebPage","@id":"https:\/\/www.letemsvetemapplem.eu\/bazar\/imac-21-5-v-zaruce-retina-odpocet-dph\/","url":"https:\/\/www.letemsvetemapplem.eu\/bazar\/imac-21-5-v-zaruce-retina-odpocet-dph\/","name":"iMac 21.5 v z\u00e1ruce, Retina, odpo\u010det DPH - Apple bazar","isPartOf":{"@id":"https:\/\/www.letemsvetemapplem.eu\/bazar\/#website"},"primaryImageOfPage":{"@id":"https:\/\/www.letemsvetemapplem.eu\/bazar\/imac-21-5-v-zaruce-retina-odpocet-dph\/#primaryimage"},"image":{"@id":"https:\/\/www.letemsvetemapplem.eu\/bazar\/imac-21-5-v-zaruce-retina-odpocet-dph\/#primaryimage"},"thumbnailUrl":"https:\/\/www.letemsvetemapplem.eu\/bazar\/wp-content\/uploads\/2022\/04\/IMG_2747a.jpg","datePublished":"2022-04-10T14:49:45+00:00","author":{"@id":""},"breadcrumb":{"@id":"https:\/\/www.letemsvetemapplem.eu\/bazar\/imac-21-5-v-zaruce-retina-odpocet-dph\/#breadcrumb"},"inLanguage":"cs","potentialAction":[{"@type":"ReadAction","target":["https:\/\/www.letemsvetemapplem.eu\/bazar\/imac-21-5-v-zaruce-retina-odpocet-dph\/"]}]},{"@type":"ImageObject","inLanguage":"cs","@id":"https:\/\/www.letemsvetemapplem.eu\/bazar\/imac-21-5-v-zaruce-retina-odpocet-dph\/#primaryimage","url":"https:\/\/www.letemsvetemapplem.eu\/bazar\/wp-content\/uploads\/2022\/04\/IMG_2747a.jpg","contentUrl":"https:\/\/www.letemsvetemapplem.eu\/bazar\/wp-content\/uploads\/2022\/04\/IMG_2747a.jpg","width":2000,"height":1500},{"@type":"BreadcrumbList","@id":"https:\/\/www.letemsvetemapplem.eu\/bazar\/imac-21-5-v-zaruce-retina-odpocet-dph\/#breadcrumb","itemListElement":[{"@type":"ListItem","position":1,"name":"Apple Bazar","item":"https:\/\/www.letemsvetemapplem.eu\/bazar\/"},{"@type":"ListItem","position":2,"name":"iMac 21.5 v z\u00e1ruce, Retina, odpo\u010det DPH"}]},{"@type":"WebSite","@id":"https:\/\/www.letemsvetemapplem.eu\/bazar\/#website","url":"https:\/\/www.letemsvetemapplem.eu\/bazar\/","name":"Apple bazar","description":"Oou\u017eit\u00e9 Apple produkty za skv\u011bl\u00e9 ceny","potentialAction":[{"@type":"SearchAction","target":{"@type":"EntryPoint","urlTemplate":"https:\/\/www.letemsvetemapplem.eu\/bazar\/?s={search_term_string}"},"query-input":{"@type":"PropertyValueSpecification","valueRequired":true,"valueName":"search_term_string"}}],"inLanguage":"cs"}]}},"_links":{"self":[{"href":"https:\/\/www.letemsvetemapplem.eu\/bazar\/wp-json\/wp\/v2\/posts\/254419","targetHints":{"allow":["GET"]}}],"collection":[{"href":"https:\/\/www.letemsvetemapplem.eu\/bazar\/wp-json\/wp\/v2\/posts"}],"about":[{"href":"https:\/\/www.letemsvetemapplem.eu\/bazar\/wp-json\/wp\/v2\/types\/post"}],"replies":[{"embeddable":true,"href":"https:\/\/www.letemsvetemapplem.eu\/bazar\/wp-json\/wp\/v2\/comments?post=254419"}],"version-history":[{"count":1,"href":"https:\/\/www.letemsvetemapplem.eu\/bazar\/wp-json\/wp\/v2\/posts\/254419\/revisions"}],"predecessor-version":[{"id":254423,"href":"https:\/\/www.letemsvetemapplem.eu\/bazar\/wp-json\/wp\/v2\/posts\/254419\/revisions\/254423"}],"wp:featuredmedia":[{"embeddable":true,"href":"https:\/\/www.letemsvetemapplem.eu\/bazar\/wp-json\/wp\/v2\/media\/254420"}],"wp:attachment":[{"href":"https:\/\/www.letemsvetemapplem.eu\/bazar\/wp-json\/wp\/v2\/media?parent=254419"}],"wp:term":[{"taxonomy":"category","embeddable":true,"href":"https:\/\/www.letemsvetemapplem.eu\/bazar\/wp-json\/wp\/v2\/categories?post=254419"},{"taxonomy":"post_tag","embeddable":true,"href":"https:\/\/www.letemsvetemapplem.eu\/bazar\/wp-json\/wp\/v2\/tags?post=254419"}],"curies":[{"name":"wp","href":"https:\/\/api.w.org\/{rel}","templated":true}]}}