{"id":253858,"date":"2022-04-02T22:43:38","date_gmt":"2022-04-02T21:43:38","guid":{"rendered":"https:\/\/www.letemsvetemapplem.eu\/bazar\/?p=253858"},"modified":"2022-04-02T22:43:38","modified_gmt":"2022-04-02T21:43:38","slug":"imac-21-4k-late-17-32gb-ram-i7-512ssd","status":"publish","type":"post","link":"https:\/\/www.letemsvetemapplem.eu\/bazar\/imac-21-4k-late-17-32gb-ram-i7-512ssd\/","title":{"rendered":"iMac 21&quot; 4K Late 17 32GB Ram, i7, 512SSD"},"content":{"rendered":"<p>Prod\u00e1m iMac 21&quot; 4K, modelov\u00fd rok 2017 zakoupen v 30.12.2019.<br \/>\nStroj je v dobr\u00e9m technick\u00e9m i kosmetick\u00e9m stavu, v listopadu 2021 v z\u00e1ruce vym\u011bn\u011bn displej v autorizovan\u00e9m servisu Apple. Provozov\u00e1n v neku\u0159\u00e1ck\u00e9m prost\u0159ed\u00ed.<\/p>\n<p>Konfigurace<br \/>\nProcesor: Intel i7 3,6Ghz 4 j\u00e1dro<br \/>\nPam\u011b\u0165: 32GB Ram<br \/>\nUlo\u017ei\u0161t\u011b: 512GB SSD<br \/>\nGrafika: Radeon PRO 560 4GB<br \/>\nMac OS Montenery.<br \/>\nV balen\u00ed Magic Mouse a bezdr\u00e1tov\u00e1 kl\u00e1vesnice Apple (ta je EN verze, p\u016fvodn\u00ed  cz m\u011b ode\u0161la p\u0159ed m\u011bs\u00edcem do k\u0159em\u00edkov\u00e9ho nebe)<\/p>\n<p>Preferuji osobn\u00ed p\u0159ed\u00e1n\u00ed.<br \/>\nPraha, P\u00edsek, T\u00e1bor klidn\u011b po domluv\u011b i jinde. <\/p>\n","protected":false},"excerpt":{"rendered":"<p>Prod\u00e1m iMac 21&quot; 4K, modelov\u00fd rok 2017 zakoupen v 30.12.2019. Stroj je v dobr\u00e9m technick\u00e9m i kosmetick\u00e9m stavu, v listopadu 2021 v z\u00e1ruce vym\u011bn\u011bn displej v autorizovan\u00e9m servisu Apple. Provozov\u00e1n v neku\u0159\u00e1ck\u00e9m prost\u0159ed\u00ed. Konfigurace Procesor: Intel i7 3,6Ghz 4 j\u00e1dro Pam\u011b\u0165: 32GB Ram Ulo\u017ei\u0161t\u011b: 512GB SSD Grafika: Radeon PRO 560 4GB Mac OS Montenery. V&#8230;<\/p>\n","protected":false},"author":0,"featured_media":253859,"comment_status":"closed","ping_status":"closed","sticky":false,"template":"","format":"standard","meta":{"footnotes":""},"categories":[41],"tags":[],"class_list":["post-253858","post","type-post","status-publish","format-standard","has-post-thumbnail","hentry","category-imac"],"yoast_head":"<!-- This site is optimized with the Yoast SEO plugin v27.2 - https:\/\/yoast.com\/product\/yoast-seo-wordpress\/ -->\n<title>iMac 21&quot; 4K Late 17 32GB Ram, i7, 512SSD - Apple bazar<\/title>\n<meta name=\"robots\" content=\"index, follow, max-snippet:-1, max-image-preview:large, max-video-preview:-1\" \/>\n<link rel=\"canonical\" href=\"https:\/\/www.letemsvetemapplem.eu\/bazar\/imac-21-4k-late-17-32gb-ram-i7-512ssd\/\" \/>\n<meta property=\"og:locale\" content=\"cs_CZ\" \/>\n<meta property=\"og:type\" content=\"article\" \/>\n<meta property=\"og:title\" content=\"iMac 21&quot; 4K Late 17 32GB Ram, i7, 512SSD - Apple bazar\" \/>\n<meta property=\"og:description\" content=\"Prod\u00e1m iMac 21&quot; 4K, modelov\u00fd rok 2017 zakoupen v 30.12.2019. Stroj je v dobr\u00e9m technick\u00e9m i kosmetick\u00e9m stavu, v listopadu 2021 v z\u00e1ruce vym\u011bn\u011bn displej v autorizovan\u00e9m servisu Apple. Provozov\u00e1n v neku\u0159\u00e1ck\u00e9m prost\u0159ed\u00ed. Konfigurace Procesor: Intel i7 3,6Ghz 4 j\u00e1dro Pam\u011b\u0165: 32GB Ram Ulo\u017ei\u0161t\u011b: 512GB SSD Grafika: Radeon PRO 560 4GB Mac OS Montenery. V...\" \/>\n<meta property=\"og:url\" content=\"https:\/\/www.letemsvetemapplem.eu\/bazar\/imac-21-4k-late-17-32gb-ram-i7-512ssd\/\" \/>\n<meta property=\"og:site_name\" content=\"Apple bazar\" \/>\n<meta property=\"article:published_time\" content=\"2022-04-02T21:43:38+00:00\" \/>\n<meta property=\"og:image\" content=\"https:\/\/www.letemsvetemapplem.eu\/bazar\/wp-content\/uploads\/2022\/04\/IMG_0393-scaled.jpg\" \/>\n\t<meta property=\"og:image:width\" content=\"2091\" \/>\n\t<meta property=\"og:image:height\" content=\"2560\" \/>\n\t<meta property=\"og:image:type\" content=\"image\/jpeg\" \/>\n<meta name=\"twitter:card\" content=\"summary_large_image\" \/>\n<script type=\"application\/ld+json\" class=\"yoast-schema-graph\">{\"@context\":\"https:\/\/schema.org\",\"@graph\":[{\"@type\":\"Article\",\"@id\":\"https:\/\/www.letemsvetemapplem.eu\/bazar\/imac-21-4k-late-17-32gb-ram-i7-512ssd\/#article\",\"isPartOf\":{\"@id\":\"https:\/\/www.letemsvetemapplem.eu\/bazar\/imac-21-4k-late-17-32gb-ram-i7-512ssd\/\"},\"author\":{\"name\":\"\",\"@id\":\"\"},\"headline\":\"iMac 21&quot; 4K Late 17 32GB Ram, i7, 512SSD\",\"datePublished\":\"2022-04-02T21:43:38+00:00\",\"mainEntityOfPage\":{\"@id\":\"https:\/\/www.letemsvetemapplem.eu\/bazar\/imac-21-4k-late-17-32gb-ram-i7-512ssd\/\"},\"wordCount\":118,\"image\":{\"@id\":\"https:\/\/www.letemsvetemapplem.eu\/bazar\/imac-21-4k-late-17-32gb-ram-i7-512ssd\/#primaryimage\"},\"thumbnailUrl\":\"https:\/\/www.letemsvetemapplem.eu\/bazar\/wp-content\/uploads\/2022\/04\/IMG_0393-scaled.jpg\",\"articleSection\":[\"iMac\"],\"inLanguage\":\"cs\"},{\"@type\":\"WebPage\",\"@id\":\"https:\/\/www.letemsvetemapplem.eu\/bazar\/imac-21-4k-late-17-32gb-ram-i7-512ssd\/\",\"url\":\"https:\/\/www.letemsvetemapplem.eu\/bazar\/imac-21-4k-late-17-32gb-ram-i7-512ssd\/\",\"name\":\"iMac 21&quot; 4K Late 17 32GB Ram, i7, 512SSD - Apple bazar\",\"isPartOf\":{\"@id\":\"https:\/\/www.letemsvetemapplem.eu\/bazar\/#website\"},\"primaryImageOfPage\":{\"@id\":\"https:\/\/www.letemsvetemapplem.eu\/bazar\/imac-21-4k-late-17-32gb-ram-i7-512ssd\/#primaryimage\"},\"image\":{\"@id\":\"https:\/\/www.letemsvetemapplem.eu\/bazar\/imac-21-4k-late-17-32gb-ram-i7-512ssd\/#primaryimage\"},\"thumbnailUrl\":\"https:\/\/www.letemsvetemapplem.eu\/bazar\/wp-content\/uploads\/2022\/04\/IMG_0393-scaled.jpg\",\"datePublished\":\"2022-04-02T21:43:38+00:00\",\"author\":{\"@id\":\"\"},\"breadcrumb\":{\"@id\":\"https:\/\/www.letemsvetemapplem.eu\/bazar\/imac-21-4k-late-17-32gb-ram-i7-512ssd\/#breadcrumb\"},\"inLanguage\":\"cs\",\"potentialAction\":[{\"@type\":\"ReadAction\",\"target\":[\"https:\/\/www.letemsvetemapplem.eu\/bazar\/imac-21-4k-late-17-32gb-ram-i7-512ssd\/\"]}]},{\"@type\":\"ImageObject\",\"inLanguage\":\"cs\",\"@id\":\"https:\/\/www.letemsvetemapplem.eu\/bazar\/imac-21-4k-late-17-32gb-ram-i7-512ssd\/#primaryimage\",\"url\":\"https:\/\/www.letemsvetemapplem.eu\/bazar\/wp-content\/uploads\/2022\/04\/IMG_0393-scaled.jpg\",\"contentUrl\":\"https:\/\/www.letemsvetemapplem.eu\/bazar\/wp-content\/uploads\/2022\/04\/IMG_0393-scaled.jpg\",\"width\":2091,\"height\":2560},{\"@type\":\"BreadcrumbList\",\"@id\":\"https:\/\/www.letemsvetemapplem.eu\/bazar\/imac-21-4k-late-17-32gb-ram-i7-512ssd\/#breadcrumb\",\"itemListElement\":[{\"@type\":\"ListItem\",\"position\":1,\"name\":\"Apple Bazar\",\"item\":\"https:\/\/www.letemsvetemapplem.eu\/bazar\/\"},{\"@type\":\"ListItem\",\"position\":2,\"name\":\"iMac 21&quot; 4K Late 17 32GB Ram, i7, 512SSD\"}]},{\"@type\":\"WebSite\",\"@id\":\"https:\/\/www.letemsvetemapplem.eu\/bazar\/#website\",\"url\":\"https:\/\/www.letemsvetemapplem.eu\/bazar\/\",\"name\":\"Apple bazar\",\"description\":\"Oou\u017eit\u00e9 Apple produkty za skv\u011bl\u00e9 ceny\",\"potentialAction\":[{\"@type\":\"SearchAction\",\"target\":{\"@type\":\"EntryPoint\",\"urlTemplate\":\"https:\/\/www.letemsvetemapplem.eu\/bazar\/?s={search_term_string}\"},\"query-input\":{\"@type\":\"PropertyValueSpecification\",\"valueRequired\":true,\"valueName\":\"search_term_string\"}}],\"inLanguage\":\"cs\"}]}<\/script>\n<!-- \/ Yoast SEO plugin. -->","yoast_head_json":{"title":"iMac 21&quot; 4K Late 17 32GB Ram, i7, 512SSD - Apple bazar","robots":{"index":"index","follow":"follow","max-snippet":"max-snippet:-1","max-image-preview":"max-image-preview:large","max-video-preview":"max-video-preview:-1"},"canonical":"https:\/\/www.letemsvetemapplem.eu\/bazar\/imac-21-4k-late-17-32gb-ram-i7-512ssd\/","og_locale":"cs_CZ","og_type":"article","og_title":"iMac 21&quot; 4K Late 17 32GB Ram, i7, 512SSD - Apple bazar","og_description":"Prod\u00e1m iMac 21&quot; 4K, modelov\u00fd rok 2017 zakoupen v 30.12.2019. Stroj je v dobr\u00e9m technick\u00e9m i kosmetick\u00e9m stavu, v listopadu 2021 v z\u00e1ruce vym\u011bn\u011bn displej v autorizovan\u00e9m servisu Apple. Provozov\u00e1n v neku\u0159\u00e1ck\u00e9m prost\u0159ed\u00ed. Konfigurace Procesor: Intel i7 3,6Ghz 4 j\u00e1dro Pam\u011b\u0165: 32GB Ram Ulo\u017ei\u0161t\u011b: 512GB SSD Grafika: Radeon PRO 560 4GB Mac OS Montenery. V...","og_url":"https:\/\/www.letemsvetemapplem.eu\/bazar\/imac-21-4k-late-17-32gb-ram-i7-512ssd\/","og_site_name":"Apple bazar","article_published_time":"2022-04-02T21:43:38+00:00","og_image":[{"width":2091,"height":2560,"url":"https:\/\/www.letemsvetemapplem.eu\/bazar\/wp-content\/uploads\/2022\/04\/IMG_0393-scaled.jpg","type":"image\/jpeg"}],"twitter_card":"summary_large_image","schema":{"@context":"https:\/\/schema.org","@graph":[{"@type":"Article","@id":"https:\/\/www.letemsvetemapplem.eu\/bazar\/imac-21-4k-late-17-32gb-ram-i7-512ssd\/#article","isPartOf":{"@id":"https:\/\/www.letemsvetemapplem.eu\/bazar\/imac-21-4k-late-17-32gb-ram-i7-512ssd\/"},"author":{"name":"","@id":""},"headline":"iMac 21&quot; 4K Late 17 32GB Ram, i7, 512SSD","datePublished":"2022-04-02T21:43:38+00:00","mainEntityOfPage":{"@id":"https:\/\/www.letemsvetemapplem.eu\/bazar\/imac-21-4k-late-17-32gb-ram-i7-512ssd\/"},"wordCount":118,"image":{"@id":"https:\/\/www.letemsvetemapplem.eu\/bazar\/imac-21-4k-late-17-32gb-ram-i7-512ssd\/#primaryimage"},"thumbnailUrl":"https:\/\/www.letemsvetemapplem.eu\/bazar\/wp-content\/uploads\/2022\/04\/IMG_0393-scaled.jpg","articleSection":["iMac"],"inLanguage":"cs"},{"@type":"WebPage","@id":"https:\/\/www.letemsvetemapplem.eu\/bazar\/imac-21-4k-late-17-32gb-ram-i7-512ssd\/","url":"https:\/\/www.letemsvetemapplem.eu\/bazar\/imac-21-4k-late-17-32gb-ram-i7-512ssd\/","name":"iMac 21&quot; 4K Late 17 32GB Ram, i7, 512SSD - Apple bazar","isPartOf":{"@id":"https:\/\/www.letemsvetemapplem.eu\/bazar\/#website"},"primaryImageOfPage":{"@id":"https:\/\/www.letemsvetemapplem.eu\/bazar\/imac-21-4k-late-17-32gb-ram-i7-512ssd\/#primaryimage"},"image":{"@id":"https:\/\/www.letemsvetemapplem.eu\/bazar\/imac-21-4k-late-17-32gb-ram-i7-512ssd\/#primaryimage"},"thumbnailUrl":"https:\/\/www.letemsvetemapplem.eu\/bazar\/wp-content\/uploads\/2022\/04\/IMG_0393-scaled.jpg","datePublished":"2022-04-02T21:43:38+00:00","author":{"@id":""},"breadcrumb":{"@id":"https:\/\/www.letemsvetemapplem.eu\/bazar\/imac-21-4k-late-17-32gb-ram-i7-512ssd\/#breadcrumb"},"inLanguage":"cs","potentialAction":[{"@type":"ReadAction","target":["https:\/\/www.letemsvetemapplem.eu\/bazar\/imac-21-4k-late-17-32gb-ram-i7-512ssd\/"]}]},{"@type":"ImageObject","inLanguage":"cs","@id":"https:\/\/www.letemsvetemapplem.eu\/bazar\/imac-21-4k-late-17-32gb-ram-i7-512ssd\/#primaryimage","url":"https:\/\/www.letemsvetemapplem.eu\/bazar\/wp-content\/uploads\/2022\/04\/IMG_0393-scaled.jpg","contentUrl":"https:\/\/www.letemsvetemapplem.eu\/bazar\/wp-content\/uploads\/2022\/04\/IMG_0393-scaled.jpg","width":2091,"height":2560},{"@type":"BreadcrumbList","@id":"https:\/\/www.letemsvetemapplem.eu\/bazar\/imac-21-4k-late-17-32gb-ram-i7-512ssd\/#breadcrumb","itemListElement":[{"@type":"ListItem","position":1,"name":"Apple Bazar","item":"https:\/\/www.letemsvetemapplem.eu\/bazar\/"},{"@type":"ListItem","position":2,"name":"iMac 21&quot; 4K Late 17 32GB Ram, i7, 512SSD"}]},{"@type":"WebSite","@id":"https:\/\/www.letemsvetemapplem.eu\/bazar\/#website","url":"https:\/\/www.letemsvetemapplem.eu\/bazar\/","name":"Apple bazar","description":"Oou\u017eit\u00e9 Apple produkty za skv\u011bl\u00e9 ceny","potentialAction":[{"@type":"SearchAction","target":{"@type":"EntryPoint","urlTemplate":"https:\/\/www.letemsvetemapplem.eu\/bazar\/?s={search_term_string}"},"query-input":{"@type":"PropertyValueSpecification","valueRequired":true,"valueName":"search_term_string"}}],"inLanguage":"cs"}]}},"_links":{"self":[{"href":"https:\/\/www.letemsvetemapplem.eu\/bazar\/wp-json\/wp\/v2\/posts\/253858","targetHints":{"allow":["GET"]}}],"collection":[{"href":"https:\/\/www.letemsvetemapplem.eu\/bazar\/wp-json\/wp\/v2\/posts"}],"about":[{"href":"https:\/\/www.letemsvetemapplem.eu\/bazar\/wp-json\/wp\/v2\/types\/post"}],"replies":[{"embeddable":true,"href":"https:\/\/www.letemsvetemapplem.eu\/bazar\/wp-json\/wp\/v2\/comments?post=253858"}],"version-history":[{"count":1,"href":"https:\/\/www.letemsvetemapplem.eu\/bazar\/wp-json\/wp\/v2\/posts\/253858\/revisions"}],"predecessor-version":[{"id":253862,"href":"https:\/\/www.letemsvetemapplem.eu\/bazar\/wp-json\/wp\/v2\/posts\/253858\/revisions\/253862"}],"wp:featuredmedia":[{"embeddable":true,"href":"https:\/\/www.letemsvetemapplem.eu\/bazar\/wp-json\/wp\/v2\/media\/253859"}],"wp:attachment":[{"href":"https:\/\/www.letemsvetemapplem.eu\/bazar\/wp-json\/wp\/v2\/media?parent=253858"}],"wp:term":[{"taxonomy":"category","embeddable":true,"href":"https:\/\/www.letemsvetemapplem.eu\/bazar\/wp-json\/wp\/v2\/categories?post=253858"},{"taxonomy":"post_tag","embeddable":true,"href":"https:\/\/www.letemsvetemapplem.eu\/bazar\/wp-json\/wp\/v2\/tags?post=253858"}],"curies":[{"name":"wp","href":"https:\/\/api.w.org\/{rel}","templated":true}]}}